{"id":1789907,"date":"2026-02-23T12:38:43","date_gmt":"2026-02-23T09:38:43","guid":{"rendered":"https:\/\/analyse.optim.biz\/?p=1789907"},"modified":"2026-02-23T12:38:43","modified_gmt":"2026-02-23T09:38:43","slug":"criza-demografica","status":"publish","type":"post","link":"https:\/\/analyse.optim.biz\/?p=1789907","title":{"rendered":"Criza demografic\u0103"},"content":{"rendered":"<p>[analyse_image type=&#8221;featured&#8221; src=&#8221;https:\/\/www.curierul.ro\/wp-content\/uploads\/2022\/08\/MARIUS-CARBUNESCU.jpghttps:\/\/i0.wp.com\/www.curierul.ro\/wp-content\/uploads\/2022\/08\/MARIUS-CARBUNESCU.jpg?fit=530%2C213&amp;ssl=1&#8243;]<\/p>\n<article id=\"196413\" class=\"post-196413 post type-post status-publish format-standard has-post-thumbnail hentry category-actualitate category-fraze tag-criza tag-demografica tag-marius-carbunescu-2\">\n<header class=\"post-header\">\n<ul class=\"breadcrumbs\">\n<li><a href=\"https:\/\/www.curierul.ro\">Home<\/a><\/li>\n<li class=\"breadcrumbs-active .category-actualitate\"><a href=\"https:\/\/www.curierul.ro\/index.php?cat=1615\">Actualitate<\/a><\/li>\n<li class=\"breadcrumbs-active .category-actualitate\">Criza demografic\u0103<\/li>\n<\/ul>\n<div class=\"featured-photo\"><img loading=\"lazy\" decoding=\"async\" width=\"530\" height=\"213\" src=\"https:\/\/i0.wp.com\/www.curierul.ro\/wp-content\/uploads\/2022\/08\/MARIUS-CARBUNESCU.jpg?fit=300%2C121&amp;ssl=1\" class=\"attachment-single size-single wp-post-image\" alt><\/div>\n<h1 class=\"headline\">Criza demografic\u0103<\/h1>\n<p class=\"byline\">\n\t\tScris de<a href=\"https:\/\/www.curierul.ro\/author\/marius-carbunescu\/\">Carbunescu Marius<\/a>, \t\t23 februarie 2026\t\t\t\t<\/p>\n<hr>\n<\/header>\n<p>Abia mai suntem 19 milioane \u00eentr-o \u021bar\u0103 \u00een care apogeul de 23 de milioane de locuitori a fost atins \u00een 1990. Ceau\u0219escu a f\u0103cut dou\u0103 lucruri pentru cre\u0219terea popula\u021biei, de fapt mai multe, dar dou\u0103 au fost esen\u021biale. A \u00eenchis grani\u021bele \u0219i a interzis avorturile, transform\u00e2nd trupul femeii \u00eentr-o juc\u0103rie \u00een m\u00e2na partidului. Mamele eroine, cu 8-10 copii erau mediatizate, date de exemplu. B\u0103rba\u021bii celibatari erau penaliza\u021bi la salariu. Familiile f\u0103r\u0103 copii, la fel. N-aveai cum s\u0103 scapi. \u00cen paralel a s\u0103r\u0103cit popula\u021bia \u0219i a v\u0103duvit-o de cele mai elementare no\u021biuni de planificare familial\u0103, \u0219tiindu-se c\u0103 cei s\u0103raci \u0219i incul\u021bi toarn\u0103 copii la gr\u0103mad\u0103. Anticoncep\u021bionalele circulau doar pe sub m\u00e2n\u0103, erau aduse din occident clandestin. La \u021bar\u0103 nici pomeneal\u0103 de a\u0219a ceva.<\/p>\n<p>Dup\u0103 programul de natalitate for\u021bat\u0103 din epoca ceau\u0219ist\u0103, sporul natural s-a dus \u00een cap, \u00eentorc\u00e2ndu-se cu mai bine de 60 de ani \u00een urm\u0103, adic\u0103 \u00een 1964. Atunci a mai fost atins\u0103 borna de 19 milioane, pe trend cresc\u0103tor. Paradoxal, cre\u0219terea nivelului de trai al popula\u021biei a avut ca efect \u0219i diminuarea natalit\u0103\u021bii. Familiile care pun pe prim plan cariera \u0219i bun\u0103starea nu se complic\u0103 s\u0103 creasc\u0103 mai mult de unul, hai doi copii, apoi s\u0103 le asigure o educa\u021bie, acces la \u0219coli \u00eenalte. Complicat. Mai degrab\u0103 se \u00eenvrednice\u0219te cel care n-are nici dup\u0103 ce bea ap\u0103 \u0219i tr\u0103ie\u0219te din\u00a0 aloca\u021bia copiilor. Cu c\u00e2t sunt mai mul\u021bi e \u0219i aloca\u021bia mai mare, face un calcul simplu. Dar \u0219i ace\u0219tia dup\u0103 ce cresc, s\u0103tui se s\u0103r\u0103cia de-acas\u0103, iau drumul Occidentului \u00een c\u0103utarea unui trai mai bun.<\/p>\n<p>La nivelul anului 2025, conform datelor Institutului Na\u021bional de Statistic\u0103, diferen\u021ba \u00eentre na\u0219teri \u0219i decese este de peste 100.000 de persoane, \u00een favoarea celor din urm\u0103. Pe l\u00e2ng\u0103 sc\u0103derea num\u0103rului, o alt\u0103 consecin\u021b\u0103 negativ\u0103 este \u00eemb\u0103tr\u00e2nirea popula\u021biei. Ce este totu\u0219i \u00eembucur\u0103tor, c\u0103 fenomenul depopul\u0103rii ca urmare a emigra\u021biei s-a mai temperat. Asta nu \u00eenseamn\u0103 c\u0103 muncitorii rom\u00e2ni revin \u00een \u021bar\u0103 sau pleac\u0103 mai pu\u021bini la munc\u0103 prin alte p\u0103r\u021bi. Nu, pleac\u0103 la fel de mul\u021bi, numai c\u0103 for\u021ba de munc\u0103 absorbit\u0103 din Asia sau Africa reu\u0219e\u0219te s\u0103 compenseze cumva plec\u0103rile. \u00cendr\u0103znesc totu\u0219i s\u0103 afirm c\u0103 statisticile nu reflect\u0103 fidel realitatea la acest capitol. Mul\u021bi dintre cei care p\u0103r\u0103sesc \u021bara nu-\u0219i actualizeaz\u0103 datele de domiciliu \u00een str\u0103in\u0103tate, de aceea s-ar putea ca num\u0103rul plec\u0103rilor s\u0103 fie chiar mai mare dec\u00e2t stipuleaz\u0103 datele oficiale.<\/p>\n<p>Ce e de f\u0103cut? Problema nu e specific\u0103 Rom\u00e2niei. \u0218i \u00een Germania, Cehia, Ungaria, \u021b\u0103rile nordice, zone mult mai dezvoltate economic dec\u00e2t noi, se constat\u0103 aceea\u0219i tendin\u021b\u0103 de \u00eemb\u0103tr\u00e2nire a popula\u021biei autohtone. La Viena, \u00eemi povestea un amic, peste 80% din elevii de gimnaziu nu st\u0103p\u00e2nesc bine limba german\u0103, fiind copii de emigran\u021bi. Programele sociale s-au dovedit ineficiente. \u0218i pe urm\u0103, chiar dac\u0103 statul contribuie financiar la sprijinirea familiilor cu copii, c\u00e2te din aceste sume se \u00eentorc. C\u00e2\u021bi din ace\u0219ti copii aleg s\u0103 r\u0103m\u00e2n\u0103 \u00een \u021bar\u0103? Prea pu\u021bini. Majoritatea pleac\u0103 la munc\u0103, cei mai dota\u021bi la studii, ba mai sunt \u0219i c\u00e2te unii care aleg s\u0103 fac\u0103 facultatea \u00een Rom\u00e2nia, medicina \u00een spe\u021b\u0103, \u0219i apoi \u00ee\u0219i iau catrafusele.<br \/>De aceea viitorul nu este al grani\u021belor. Nici al statelor. Viitorul este al oamenilor liberi.<\/p>\n<div class=\"sharedaddy sd-sharing-enabled\">\n<div class=\"robots-nocontent sd-block sd-social sd-social-official sd-sharing\">\n<h3 class=\"sd-title\">Distribuie pe:<\/h3>\n<div class=\"sd-content\">\n<ul>\n<li class=\"share-facebook\">\n<li class=\"share-twitter\"><a href=\"https:\/\/twitter.com\/share\" class=\"twitter-share-button\" data-url=\"https:\/\/www.curierul.ro\/criza-demografica\/\" data-text=\"Criza demografic\u0103\" data-via=\"curierulvl\">Tweet<\/a><\/li>\n<li class=\"share-jetpack-whatsapp\"><a rel=\"nofollow noopener noreferrer\" data-shared=\"sharing-whatsapp-196413\" class=\"share-jetpack-whatsapp sd-button\" href=\"https:\/\/www.curierul.ro\/criza-demografica\/?share=jetpack-whatsapp\" target=\"_blank\" aria-labelledby=\"sharing-whatsapp-196413\"><span id=\"sharing-whatsapp-196413\" hidden>D\u0103 clic pentru partajare pe WhatsApp(Se deschide \u00eentr-o fereastr\u0103 nou\u0103)<\/span><span>WhatsApp<\/span><\/a><\/li>\n<li><a href=\"https:\/\/www.curierul.ro\/criza-demografica\/\" class=\"sharing-anchor sd-button share-more\"><span>Mai mult<\/span><\/a><\/li>\n<li class=\"share-end\"><\/ul>\n<div class=\"sharing-hidden\">\n<div class=\"inner\">\n<ul>\n<li class=\"share-email\"><a rel=\"nofollow noopener noreferrer\" data-shared=\"sharing-email-196413\" class=\"share-email sd-button\" href=\"mailto:?subject=%5BArticol%20partajat%5D%20Criza%20demografic%C4%83&amp;body=https%3A%2F%2Fwww.curierul.ro%2Fcriza-demografica%2F&amp;share=email\" target=\"_blank\" aria-labelledby=\"sharing-email-196413\" data-email-share-error-title=\"\u021ai-ai configurat emailul?\" data-email-share-error-text=\"Dac\u0103 ai probleme la partajarea prin email, probabil nu ai configurat emailul pentru navigator. Poate trebuie s\u0103 creezi singur un email nou.\" data-email-share-nonce=\"17c2d5ae6d\" data-email-share-track-url=\"https:\/\/www.curierul.ro\/criza-demografica\/?share=email\"><span id=\"sharing-email-196413\" hidden>D\u0103 clic pentru a trimite o leg\u0103tur\u0103 prin email unui prieten(Se deschide \u00eentr-o fereastr\u0103 nou\u0103)<\/span><span>Email<\/span><\/a><\/li>\n<li class=\"share-print\"><a rel=\"nofollow noopener noreferrer\" data-shared=\"sharing-print-196413\" class=\"share-print sd-button\" href=\"https:\/\/www.curierul.ro\/criza-demografica\/#print?share=print\" target=\"_blank\" aria-labelledby=\"sharing-print-196413\"><span id=\"sharing-print-196413\" hidden>D\u0103 clic pentru a imprima(Se deschide \u00eentr-o fereastr\u0103 nou\u0103)<\/span><span>Imprimare<\/span><\/a><\/li>\n<li class=\"share-end\"><\/ul>\n<\/div>\n<\/div>\n<\/div>\n<\/div>\n<\/div>\n<div id=\"jp-relatedposts\" class=\"jp-relatedposts\">\n<h3 class=\"jp-relatedposts-headline\"><em>Similare<\/em><\/h3>\n<\/div>\n<footer class=\"post-footer\">\n<p class=\"tags\"><strong>Tags: <\/strong><a href=\"https:\/\/www.curierul.ro\/tag\/criza\/\" rel=\"tag\">CRIZA<\/a>, <a href=\"https:\/\/www.curierul.ro\/tag\/demografica\/\" rel=\"tag\">demografica<\/a>, <a href=\"https:\/\/www.curierul.ro\/tag\/marius-carbunescu-2\/\" rel=\"tag\">Marius Carbunescu<\/a><\/p>\n<div class=\"post-navigation clearfix\">\n<div class=\"previous-post\">\n<div class=\"featured-photo\"><img loading=\"lazy\" decoding=\"async\" width=\"833\" height=\"693\" src=\"https:\/\/i0.wp.com\/www.curierul.ro\/wp-content\/uploads\/2019\/03\/APAVIL-SIGLA-2019.jpg?fit=300%2C250&amp;ssl=1\" class=\"attachment-post-thumbnail size-post-thumbnail wp-post-image\" alt><\/div>\n<p class=\"paginate-title\">\u00ab\u00ab <a href=\"https:\/\/www.curierul.ro\/apavil-sa-anunt-privind-scoaterea-la-concurs-a-unui-post-de-economist-in-cadrul-sectorului-govora\/\" rel=\"prev\">APAVIL SA \u2013 anun\u021b privind scoaterea la concurs a unui post de economist \u00een cadrul sectorului Govora<\/a><\/p>\n<\/div>\n<div class=\"next-post\">\n<p class=\"paginate-title\"><a href=\"https:\/\/www.curierul.ro\/comunicat-de-presa-finalizarea-proiectului-digitalizare-in-cadrul-info-group-srl\/\" rel=\"next\">Comunicat de pres\u0103 \u2013 Finalizarea proiectului \u201eDigitalizare \u00een cadrul INFO GROUP SRL\u201d<\/a> \u00bb\u00bb<\/p>\n<\/div>\n<\/div>\n<div id=\"comments\" class=\"comments-area\">\n<div id=\"respond\" class=\"comment-respond\">\n<h3 id=\"reply-title\" class=\"comment-reply-title\">Po\u021bi comenta aici<small><a rel=\"nofollow\" id=\"cancel-comment-reply-link\" href=\"https:\/\/www.curierul.ro\/criza-demografica\/#respond\">Anuleaz\u0103 r\u0103spunsul<\/a><\/small><\/h3>\n<\/div>\n<p class=\"akismet_comment_form_privacy_notice\">Acest site folose\u0219te Akismet pentru a reduce spamul. <a href=\"https:\/\/akismet.com\/privacy\/\" target=\"_blank\" rel=\"nofollow noopener\">Afl\u0103 cum sunt procesate datele comentariilor tale<\/a>.<\/p>\n<\/div>\n<section class=\"related-stories\">\n<h2>Related Stories<\/h2>\n<div class=\"stories-container\">\n<article id=\"latest-128128\" class=\"story post-128128 post type-post status-publish format-standard has-post-thumbnail hentry category-economie category-impact category-social tag-contracte tag-criza tag-itm-valcea-2\">\n<div class=\"photo\"><img decoding=\"async\" width=\"370\" height=\"278\" src=\"https:\/\/i0.wp.com\/www.curierul.ro\/wp-content\/uploads\/2018\/06\/ITM.jpg?fit=300%2C225&amp;ssl=1\" class=\"attachment-giornalismo-single size-giornalismo-single wp-post-image\" alt loading=\"lazy\"><\/div>\n<p class=\"headline\"><a href=\"https:\/\/www.curierul.ro\/12-mai-varful-contractelor-de-munca-suspendate\/\">12 mai, v\u00e2rful contractelor de munc\u0103 suspendate<\/a><\/p>\n<\/article>\n<article id=\"latest-52175\" class=\"story post-52175 post type-post status-publish format-standard has-post-thumbnail hentry category-pensionari tag-carp tag-criza tag-pensionari-2\">\n<div class=\"photo\"><img decoding=\"async\" width=\"735\" height=\"440\" src=\"https:\/\/i0.wp.com\/www.curierul.ro\/wp-content\/uploads\/2014\/12\/PENSIONARI.jpg?fit=300%2C225&amp;ssl=1\" class=\"attachment-giornalismo-single size-giornalismo-single wp-post-image\" alt loading=\"lazy\"><\/div>\n<p class=\"headline\"><a href=\"https:\/\/www.curierul.ro\/criza-economica-se-resimte-din-plin-la-pensionari\/\">Criza economic\u0103 se resimte din plin la pensionari<\/a><\/p>\n<\/article>\n<\/div>\n<\/section>\n<section class=\"latest-category clearfix\">\n<h2 class=\"title\">More Stories From Actualitate<\/h2>\n<div class=\"stories-container\">\n<article id=\"related-196404\" class=\"story post-196404 post type-post status-publish format-standard has-post-thumbnail hentry category-actualitate category-economie tag-dezvoltare tag-filiala-sibiu-valcea tag-judetul-valcea tag-ordinul-arhitectilor tag-turism tag-zona-montana\">\n<div class=\"photo\"><img decoding=\"async\" width=\"735\" height=\"440\" src=\"https:\/\/i0.wp.com\/www.curierul.ro\/wp-content\/uploads\/2026\/02\/Agora.jpg?fit=300%2C157&amp;ssl=1\" class=\"attachment-giornalismo-single size-giornalismo-single wp-post-image\" alt loading=\"lazy\"><\/div>\n<p class=\"headline\"><a href=\"https:\/\/www.curierul.ro\/ordinul-arhitectilor-din-romania-filiala-sibiu-valcea-despre-dezvoltarea-turismului-in-zona-montana-a-judetului-valcea\/\">Ordinul Arhitec\u021bilor din Rom\u00e2nia Filiala Sibiu V\u00e2lcea, despre \u201eDezvoltarea turismului \u00een zona montan\u0103 a jude\u021bului V\u00e2lcea\u201d<\/a><\/p>\n<\/article>\n<article id=\"related-196398\" class=\"story post-196398 post type-post status-publish format-standard has-post-thumbnail hentry category-actualitate category-economie category-politica tag-decshide tag-martisor tag-targ tag-weekend\">\n<div class=\"photo\"><img decoding=\"async\" width=\"735\" height=\"440\" src=\"https:\/\/i0.wp.com\/www.curierul.ro\/wp-content\/uploads\/2026\/02\/Martisor2026.jpg?fit=300%2C200&amp;ssl=1\" class=\"attachment-giornalismo-single size-giornalismo-single wp-post-image\" alt loading=\"lazy\"><\/div>\n<p class=\"headline\"><a href=\"https:\/\/www.curierul.ro\/targul-martisor-2026-se-deschide-din-acest-week-end\/\">T\u00e2rgul M\u0103r\u021bi\u0219or 2026 se deschide din acest week-end<\/a><\/p>\n<\/article>\n<article id=\"related-196385\" class=\"story post-196385 post type-post status-publish format-standard has-post-thumbnail hentry category-actualitate category-impact category-it tag-ctf tag-cybersecurity tag-projecthackerville tag-ramnicuvalcea tag-unbreakable\">\n<div class=\"photo\"><img decoding=\"async\" width=\"735\" height=\"440\" src=\"https:\/\/i0.wp.com\/www.curierul.ro\/wp-content\/uploads\/2026\/02\/CTF.jpeg?fit=300%2C300&amp;ssl=1\" class=\"attachment-giornalismo-single size-giornalismo-single wp-post-image\" alt loading=\"lazy\"><\/div>\n<p class=\"headline\"><a href=\"https:\/\/www.curierul.ro\/%f0%9f%94%90-unbreakable-valcea-2026-primul-ctf-pentru-liceenii-din-judetul-valcea\/\">\ud83d\udd10 UNbreakable V\u00e2lcea 2026 \u2013 primul CTF pentru liceenii din jude\u021bul V\u00e2lcea<\/a><\/p>\n<\/article>\n<\/div>\n<\/section>\n<section class=\"author-bio clearfix\">\n<div class=\"mug-shot\"><img decoding=\"async\" alt src=\"https:\/\/secure.gravatar.com\/avatar\/ba482057c6d1bda67708f17163429f2327c04ac56e0ade26a8da99f105efef18?s=96&amp;d=mm&amp;r=g\" class=\"avatar avatar-96 photo\" height=\"96\" width=\"96\" loading=\"lazy\"><\/div>\n<div class=\"author-info\">\n<p class=\"title\">About Carbunescu Marius, <\/p>\n<div class=\"author-social-area\"><a href=\"mailto:marius.carbunescu@gmail.com\"><span class=\"fal fa-envelope\"><span class=\"screen-reader-text\">Email the Author<\/span><\/span><\/a><\/div>\n<\/div>\n<\/section>\n<\/footer>\n<\/article>\n<article id=\"196413\" class=\"post-196413 post type-post status-publish format-standard has-post-thumbnail hentry category-actualitate category-fraze tag-criza tag-demografica tag-marius-carbunescu-2\">\n<header class=\"post-header\">\n<ul class=\"breadcrumbs\">\n<li><a href=\"https:\/\/www.curierul.ro\">Home<\/a><\/li>\n<li class=\"breadcrumbs-active .category-actualitate\"><a href=\"https:\/\/www.curierul.ro\/index.php?cat=1615\">Actualitate<\/a><\/li>\n<li class=\"breadcrumbs-active .category-actualitate\">Criza demografic\u0103<\/li>\n<\/ul>\n<div class=\"featured-photo\"><img loading=\"lazy\" decoding=\"async\" width=\"530\" height=\"213\" src=\"https:\/\/i0.wp.com\/www.curierul.ro\/wp-content\/uploads\/2022\/08\/MARIUS-CARBUNESCU.jpg?fit=300%2C121&amp;ssl=1\" class=\"attachment-single size-single wp-post-image\" alt><\/div>\n<h1 class=\"headline\">Criza demografic\u0103<\/h1>\n<p class=\"byline\">\n\t\tScris de<a href=\"https:\/\/www.curierul.ro\/author\/marius-carbunescu\/\">Carbunescu Marius<\/a>, \t\t23 februarie 2026\t\t\t\t<\/p>\n<hr>\n<\/header>\n<p>Abia mai suntem 19 milioane \u00eentr-o \u021bar\u0103 \u00een care apogeul de 23 de milioane de locuitori a fost atins \u00een 1990. Ceau\u0219escu a f\u0103cut dou\u0103 lucruri pentru cre\u0219terea popula\u021biei, de fapt mai multe, dar dou\u0103 au fost esen\u021biale. A \u00eenchis grani\u021bele \u0219i a interzis avorturile, transform\u00e2nd trupul femeii \u00eentr-o juc\u0103rie \u00een m\u00e2na partidului. Mamele eroine, cu 8-10 copii erau mediatizate, date de exemplu. B\u0103rba\u021bii celibatari erau penaliza\u021bi la salariu. Familiile f\u0103r\u0103 copii, la fel. N-aveai cum s\u0103 scapi. \u00cen paralel a s\u0103r\u0103cit popula\u021bia \u0219i a v\u0103duvit-o de cele mai elementare no\u021biuni de planificare familial\u0103, \u0219tiindu-se c\u0103 cei s\u0103raci \u0219i incul\u021bi toarn\u0103 copii la gr\u0103mad\u0103. Anticoncep\u021bionalele circulau doar pe sub m\u00e2n\u0103, erau aduse din occident clandestin. La \u021bar\u0103 nici pomeneal\u0103 de a\u0219a ceva.<\/p>\n<p>Dup\u0103 programul de natalitate for\u021bat\u0103 din epoca ceau\u0219ist\u0103, sporul natural s-a dus \u00een cap, \u00eentorc\u00e2ndu-se cu mai bine de 60 de ani \u00een urm\u0103, adic\u0103 \u00een 1964. Atunci a mai fost atins\u0103 borna de 19 milioane, pe trend cresc\u0103tor. Paradoxal, cre\u0219terea nivelului de trai al popula\u021biei a avut ca efect \u0219i diminuarea natalit\u0103\u021bii. Familiile care pun pe prim plan cariera \u0219i bun\u0103starea nu se complic\u0103 s\u0103 creasc\u0103 mai mult de unul, hai doi copii, apoi s\u0103 le asigure o educa\u021bie, acces la \u0219coli \u00eenalte. Complicat. Mai degrab\u0103 se \u00eenvrednice\u0219te cel care n-are nici dup\u0103 ce bea ap\u0103 \u0219i tr\u0103ie\u0219te din\u00a0 aloca\u021bia copiilor. Cu c\u00e2t sunt mai mul\u021bi e \u0219i aloca\u021bia mai mare, face un calcul simplu. Dar \u0219i ace\u0219tia dup\u0103 ce cresc, s\u0103tui se s\u0103r\u0103cia de-acas\u0103, iau drumul Occidentului \u00een c\u0103utarea unui trai mai bun.<\/p>\n<p>La nivelul anului 2025, conform datelor Institutului Na\u021bional de Statistic\u0103, diferen\u021ba \u00eentre na\u0219teri \u0219i decese este de peste 100.000 de persoane, \u00een favoarea celor din urm\u0103. Pe l\u00e2ng\u0103 sc\u0103derea num\u0103rului, o alt\u0103 consecin\u021b\u0103 negativ\u0103 este \u00eemb\u0103tr\u00e2nirea popula\u021biei. Ce este totu\u0219i \u00eembucur\u0103tor, c\u0103 fenomenul depopul\u0103rii ca urmare a emigra\u021biei s-a mai temperat. Asta nu \u00eenseamn\u0103 c\u0103 muncitorii rom\u00e2ni revin \u00een \u021bar\u0103 sau pleac\u0103 mai pu\u021bini la munc\u0103 prin alte p\u0103r\u021bi. Nu, pleac\u0103 la fel de mul\u021bi, numai c\u0103 for\u021ba de munc\u0103 absorbit\u0103 din Asia sau Africa reu\u0219e\u0219te s\u0103 compenseze cumva plec\u0103rile. \u00cendr\u0103znesc totu\u0219i s\u0103 afirm c\u0103 statisticile nu reflect\u0103 fidel realitatea la acest capitol. Mul\u021bi dintre cei care p\u0103r\u0103sesc \u021bara nu-\u0219i actualizeaz\u0103 datele de domiciliu \u00een str\u0103in\u0103tate, de aceea s-ar putea ca num\u0103rul plec\u0103rilor s\u0103 fie chiar mai mare dec\u00e2t stipuleaz\u0103 datele oficiale.<\/p>\n<p>Ce e de f\u0103cut? Problema nu e specific\u0103 Rom\u00e2niei. \u0218i \u00een Germania, Cehia, Ungaria, \u021b\u0103rile nordice, zone mult mai dezvoltate economic dec\u00e2t noi, se constat\u0103 aceea\u0219i tendin\u021b\u0103 de \u00eemb\u0103tr\u00e2nire a popula\u021biei autohtone. La Viena, \u00eemi povestea un amic, peste 80% din elevii de gimnaziu nu st\u0103p\u00e2nesc bine limba german\u0103, fiind copii de emigran\u021bi. Programele sociale s-au dovedit ineficiente. \u0218i pe urm\u0103, chiar dac\u0103 statul contribuie financiar la sprijinirea familiilor cu copii, c\u00e2te din aceste sume se \u00eentorc. C\u00e2\u021bi din ace\u0219ti copii aleg s\u0103 r\u0103m\u00e2n\u0103 \u00een \u021bar\u0103? Prea pu\u021bini. Majoritatea pleac\u0103 la munc\u0103, cei mai dota\u021bi la studii, ba mai sunt \u0219i c\u00e2te unii care aleg s\u0103 fac\u0103 facultatea \u00een Rom\u00e2nia, medicina \u00een spe\u021b\u0103, \u0219i apoi \u00ee\u0219i iau catrafusele.<br \/>De aceea viitorul nu este al grani\u021belor. Nici al statelor. Viitorul este al oamenilor liberi.<\/p>\n<div class=\"sharedaddy sd-sharing-enabled\">\n<div class=\"robots-nocontent sd-block sd-social sd-social-official sd-sharing\">\n<h3 class=\"sd-title\">Distribuie pe:<\/h3>\n<div class=\"sd-content\">\n<ul>\n<li class=\"share-facebook\">\n<li class=\"share-twitter\"><a href=\"https:\/\/twitter.com\/share\" class=\"twitter-share-button\" data-url=\"https:\/\/www.curierul.ro\/criza-demografica\/\" data-text=\"Criza demografic\u0103\" data-via=\"curierulvl\">Tweet<\/a><\/li>\n<li class=\"share-jetpack-whatsapp\"><a rel=\"nofollow noopener noreferrer\" data-shared=\"sharing-whatsapp-196413\" class=\"share-jetpack-whatsapp sd-button\" href=\"https:\/\/www.curierul.ro\/criza-demografica\/?share=jetpack-whatsapp\" target=\"_blank\" aria-labelledby=\"sharing-whatsapp-196413\"><span id=\"sharing-whatsapp-196413\" hidden>D\u0103 clic pentru partajare pe WhatsApp(Se deschide \u00eentr-o fereastr\u0103 nou\u0103)<\/span><span>WhatsApp<\/span><\/a><\/li>\n<li><a href=\"https:\/\/www.curierul.ro\/criza-demografica\/\" class=\"sharing-anchor sd-button share-more\"><span>Mai mult<\/span><\/a><\/li>\n<li class=\"share-end\"><\/ul>\n<div class=\"sharing-hidden\">\n<div class=\"inner\">\n<ul>\n<li class=\"share-email\"><a rel=\"nofollow noopener noreferrer\" data-shared=\"sharing-email-196413\" class=\"share-email sd-button\" href=\"mailto:?subject=%5BArticol%20partajat%5D%20Criza%20demografic%C4%83&amp;body=https%3A%2F%2Fwww.curierul.ro%2Fcriza-demografica%2F&amp;share=email\" target=\"_blank\" aria-labelledby=\"sharing-email-196413\" data-email-share-error-title=\"\u021ai-ai configurat emailul?\" data-email-share-error-text=\"Dac\u0103 ai probleme la partajarea prin email, probabil nu ai configurat emailul pentru navigator. Poate trebuie s\u0103 creezi singur un email nou.\" data-email-share-nonce=\"17c2d5ae6d\" data-email-share-track-url=\"https:\/\/www.curierul.ro\/criza-demografica\/?share=email\"><span id=\"sharing-email-196413\" hidden>D\u0103 clic pentru a trimite o leg\u0103tur\u0103 prin email unui prieten(Se deschide \u00eentr-o fereastr\u0103 nou\u0103)<\/span><span>Email<\/span><\/a><\/li>\n<li class=\"share-print\"><a rel=\"nofollow noopener noreferrer\" data-shared=\"sharing-print-196413\" class=\"share-print sd-button\" href=\"https:\/\/www.curierul.ro\/criza-demografica\/#print?share=print\" target=\"_blank\" aria-labelledby=\"sharing-print-196413\"><span id=\"sharing-print-196413\" hidden>D\u0103 clic pentru a imprima(Se deschide \u00eentr-o fereastr\u0103 nou\u0103)<\/span><span>Imprimare<\/span><\/a><\/li>\n<li class=\"share-end\"><\/ul>\n<\/div>\n<\/div>\n<\/div>\n<\/div>\n<\/div>\n<div id=\"jp-relatedposts\" class=\"jp-relatedposts\">\n<h3 class=\"jp-relatedposts-headline\"><em>Similare<\/em><\/h3>\n<\/div>\n<footer class=\"post-footer\">\n<p class=\"tags\"><strong>Tags: <\/strong><a href=\"https:\/\/www.curierul.ro\/tag\/criza\/\" rel=\"tag\">CRIZA<\/a>, <a href=\"https:\/\/www.curierul.ro\/tag\/demografica\/\" rel=\"tag\">demografica<\/a>, <a href=\"https:\/\/www.curierul.ro\/tag\/marius-carbunescu-2\/\" rel=\"tag\">Marius Carbunescu<\/a><\/p>\n<div class=\"post-navigation clearfix\">\n<div class=\"previous-post\">\n<div class=\"featured-photo\"><img loading=\"lazy\" decoding=\"async\" width=\"833\" height=\"693\" src=\"https:\/\/i0.wp.com\/www.curierul.ro\/wp-content\/uploads\/2019\/03\/APAVIL-SIGLA-2019.jpg?fit=300%2C250&amp;ssl=1\" class=\"attachment-post-thumbnail size-post-thumbnail wp-post-image\" alt><\/div>\n<p class=\"paginate-title\">\u00ab\u00ab <a href=\"https:\/\/www.curierul.ro\/apavil-sa-anunt-privind-scoaterea-la-concurs-a-unui-post-de-economist-in-cadrul-sectorului-govora\/\" rel=\"prev\">APAVIL SA \u2013 anun\u021b privind scoaterea la concurs a unui post de economist \u00een cadrul sectorului Govora<\/a><\/p>\n<\/div>\n<div class=\"next-post\">\n<p class=\"paginate-title\"><a href=\"https:\/\/www.curierul.ro\/comunicat-de-presa-finalizarea-proiectului-digitalizare-in-cadrul-info-group-srl\/\" rel=\"next\">Comunicat de pres\u0103 \u2013 Finalizarea proiectului \u201eDigitalizare \u00een cadrul INFO GROUP SRL\u201d<\/a> \u00bb\u00bb<\/p>\n<\/div>\n<\/div>\n<div id=\"comments\" class=\"comments-area\">\n<div id=\"respond\" class=\"comment-respond\">\n<h3 id=\"reply-title\" class=\"comment-reply-title\">Po\u021bi comenta aici<small><a rel=\"nofollow\" id=\"cancel-comment-reply-link\" href=\"https:\/\/www.curierul.ro\/criza-demografica\/#respond\">Anuleaz\u0103 r\u0103spunsul<\/a><\/small><\/h3>\n<\/div>\n<p class=\"akismet_comment_form_privacy_notice\">Acest site folose\u0219te Akismet pentru a reduce spamul. <a href=\"https:\/\/akismet.com\/privacy\/\" target=\"_blank\" rel=\"nofollow noopener\">Afl\u0103 cum sunt procesate datele comentariilor tale<\/a>.<\/p>\n<\/div>\n<section class=\"related-stories\">\n<h2>Related Stories<\/h2>\n<div class=\"stories-container\">\n<article id=\"latest-128128\" class=\"story post-128128 post type-post status-publish format-standard has-post-thumbnail hentry category-economie category-impact category-social tag-contracte tag-criza tag-itm-valcea-2\">\n<div class=\"photo\"><img decoding=\"async\" width=\"370\" height=\"278\" src=\"https:\/\/i0.wp.com\/www.curierul.ro\/wp-content\/uploads\/2018\/06\/ITM.jpg?fit=300%2C225&amp;ssl=1\" class=\"attachment-giornalismo-single size-giornalismo-single wp-post-image\" alt loading=\"lazy\"><\/div>\n<p class=\"headline\"><a href=\"https:\/\/www.curierul.ro\/12-mai-varful-contractelor-de-munca-suspendate\/\">12 mai, v\u00e2rful contractelor de munc\u0103 suspendate<\/a><\/p>\n<\/article>\n<article id=\"latest-52175\" class=\"story post-52175 post type-post status-publish format-standard has-post-thumbnail hentry category-pensionari tag-carp tag-criza tag-pensionari-2\">\n<div class=\"photo\"><img decoding=\"async\" width=\"735\" height=\"440\" src=\"https:\/\/i0.wp.com\/www.curierul.ro\/wp-content\/uploads\/2014\/12\/PENSIONARI.jpg?fit=300%2C225&amp;ssl=1\" class=\"attachment-giornalismo-single size-giornalismo-single wp-post-image\" alt loading=\"lazy\"><\/div>\n<p class=\"headline\"><a href=\"https:\/\/www.curierul.ro\/criza-economica-se-resimte-din-plin-la-pensionari\/\">Criza economic\u0103 se resimte din plin la pensionari<\/a><\/p>\n<\/article>\n<\/div>\n<\/section>\n<section class=\"latest-category clearfix\">\n<h2 class=\"title\">More Stories From Actualitate<\/h2>\n<div class=\"stories-container\">\n<article id=\"related-196404\" class=\"story post-196404 post type-post status-publish format-standard has-post-thumbnail hentry category-actualitate category-economie tag-dezvoltare tag-filiala-sibiu-valcea tag-judetul-valcea tag-ordinul-arhitectilor tag-turism tag-zona-montana\">\n<div class=\"photo\"><img decoding=\"async\" width=\"735\" height=\"440\" src=\"https:\/\/i0.wp.com\/www.curierul.ro\/wp-content\/uploads\/2026\/02\/Agora.jpg?fit=300%2C157&amp;ssl=1\" class=\"attachment-giornalismo-single size-giornalismo-single wp-post-image\" alt loading=\"lazy\"><\/div>\n<p class=\"headline\"><a href=\"https:\/\/www.curierul.ro\/ordinul-arhitectilor-din-romania-filiala-sibiu-valcea-despre-dezvoltarea-turismului-in-zona-montana-a-judetului-valcea\/\">Ordinul Arhitec\u021bilor din Rom\u00e2nia Filiala Sibiu V\u00e2lcea, despre \u201eDezvoltarea turismului \u00een zona montan\u0103 a jude\u021bului V\u00e2lcea\u201d<\/a><\/p>\n<\/article>\n<article id=\"related-196398\" class=\"story post-196398 post type-post status-publish format-standard has-post-thumbnail hentry category-actualitate category-economie category-politica tag-decshide tag-martisor tag-targ tag-weekend\">\n<div class=\"photo\"><img decoding=\"async\" width=\"735\" height=\"440\" src=\"https:\/\/i0.wp.com\/www.curierul.ro\/wp-content\/uploads\/2026\/02\/Martisor2026.jpg?fit=300%2C200&amp;ssl=1\" class=\"attachment-giornalismo-single size-giornalismo-single wp-post-image\" alt loading=\"lazy\"><\/div>\n<p class=\"headline\"><a href=\"https:\/\/www.curierul.ro\/targul-martisor-2026-se-deschide-din-acest-week-end\/\">T\u00e2rgul M\u0103r\u021bi\u0219or 2026 se deschide din acest week-end<\/a><\/p>\n<\/article>\n<article id=\"related-196385\" class=\"story post-196385 post type-post status-publish format-standard has-post-thumbnail hentry category-actualitate category-impact category-it tag-ctf tag-cybersecurity tag-projecthackerville tag-ramnicuvalcea tag-unbreakable\">\n<div class=\"photo\"><img decoding=\"async\" width=\"735\" height=\"440\" src=\"https:\/\/i0.wp.com\/www.curierul.ro\/wp-content\/uploads\/2026\/02\/CTF.jpeg?fit=300%2C300&amp;ssl=1\" class=\"attachment-giornalismo-single size-giornalismo-single wp-post-image\" alt loading=\"lazy\"><\/div>\n<p class=\"headline\"><a href=\"https:\/\/www.curierul.ro\/%f0%9f%94%90-unbreakable-valcea-2026-primul-ctf-pentru-liceenii-din-judetul-valcea\/\">\ud83d\udd10 UNbreakable V\u00e2lcea 2026 \u2013 primul CTF pentru liceenii din jude\u021bul V\u00e2lcea<\/a><\/p>\n<\/article>\n<\/div>\n<\/section>\n<section class=\"author-bio clearfix\">\n<div class=\"mug-shot\"><img decoding=\"async\" alt src=\"https:\/\/secure.gravatar.com\/avatar\/ba482057c6d1bda67708f17163429f2327c04ac56e0ade26a8da99f105efef18?s=96&amp;d=mm&amp;r=g\" class=\"avatar avatar-96 photo\" height=\"96\" width=\"96\" loading=\"lazy\"><\/div>\n<div class=\"author-info\">\n<p class=\"title\">About Carbunescu Marius, <\/p>\n<div class=\"author-social-area\"><a href=\"mailto:marius.carbunescu@gmail.com\"><span class=\"fal fa-envelope\"><span class=\"screen-reader-text\">Email the Author<\/span><\/span><\/a><\/div>\n<\/div>\n<\/section>\n<\/footer>\n<\/article>\n<article id=\"latest-128128\" class=\"story post-128128 post type-post status-publish format-standard has-post-thumbnail hentry category-economie category-impact category-social tag-contracte tag-criza tag-itm-valcea-2\">\n<div class=\"photo\"><img decoding=\"async\" width=\"370\" height=\"278\" src=\"https:\/\/i0.wp.com\/www.curierul.ro\/wp-content\/uploads\/2018\/06\/ITM.jpg?fit=300%2C225&amp;ssl=1\" class=\"attachment-giornalismo-single size-giornalismo-single wp-post-image\" alt loading=\"lazy\"><\/div>\n<p class=\"headline\"><a href=\"https:\/\/www.curierul.ro\/12-mai-varful-contractelor-de-munca-suspendate\/\">12 mai, v\u00e2rful contractelor de munc\u0103 suspendate<\/a><\/p>\n<\/article>\n<article id=\"latest-52175\" class=\"story post-52175 post type-post status-publish format-standard has-post-thumbnail hentry category-pensionari tag-carp tag-criza tag-pensionari-2\">\n<div class=\"photo\"><img decoding=\"async\" width=\"735\" height=\"440\" src=\"https:\/\/i0.wp.com\/www.curierul.ro\/wp-content\/uploads\/2014\/12\/PENSIONARI.jpg?fit=300%2C225&amp;ssl=1\" class=\"attachment-giornalismo-single size-giornalismo-single wp-post-image\" alt loading=\"lazy\"><\/div>\n<p class=\"headline\"><a href=\"https:\/\/www.curierul.ro\/criza-economica-se-resimte-din-plin-la-pensionari\/\">Criza economic\u0103 se resimte din plin la pensionari<\/a><\/p>\n<\/article>\n<article id=\"related-196404\" class=\"story post-196404 post type-post status-publish format-standard has-post-thumbnail hentry category-actualitate category-economie tag-dezvoltare tag-filiala-sibiu-valcea tag-judetul-valcea tag-ordinul-arhitectilor tag-turism tag-zona-montana\">\n<div class=\"photo\"><img decoding=\"async\" width=\"735\" height=\"440\" src=\"https:\/\/i0.wp.com\/www.curierul.ro\/wp-content\/uploads\/2026\/02\/Agora.jpg?fit=300%2C157&amp;ssl=1\" class=\"attachment-giornalismo-single size-giornalismo-single wp-post-image\" alt loading=\"lazy\"><\/div>\n<p class=\"headline\"><a href=\"https:\/\/www.curierul.ro\/ordinul-arhitectilor-din-romania-filiala-sibiu-valcea-despre-dezvoltarea-turismului-in-zona-montana-a-judetului-valcea\/\">Ordinul Arhitec\u021bilor din Rom\u00e2nia Filiala Sibiu V\u00e2lcea, despre \u201eDezvoltarea turismului \u00een zona montan\u0103 a jude\u021bului V\u00e2lcea\u201d<\/a><\/p>\n<\/article>\n<article id=\"related-196398\" class=\"story post-196398 post type-post status-publish format-standard has-post-thumbnail hentry category-actualitate category-economie category-politica tag-decshide tag-martisor tag-targ tag-weekend\">\n<div class=\"photo\"><img decoding=\"async\" width=\"735\" height=\"440\" src=\"https:\/\/i0.wp.com\/www.curierul.ro\/wp-content\/uploads\/2026\/02\/Martisor2026.jpg?fit=300%2C200&amp;ssl=1\" class=\"attachment-giornalismo-single size-giornalismo-single wp-post-image\" alt loading=\"lazy\"><\/div>\n<p class=\"headline\"><a href=\"https:\/\/www.curierul.ro\/targul-martisor-2026-se-deschide-din-acest-week-end\/\">T\u00e2rgul M\u0103r\u021bi\u0219or 2026 se deschide din acest week-end<\/a><\/p>\n<\/article>\n<article id=\"related-196385\" class=\"story post-196385 post type-post status-publish format-standard has-post-thumbnail hentry category-actualitate category-impact category-it tag-ctf tag-cybersecurity tag-projecthackerville tag-ramnicuvalcea tag-unbreakable\">\n<div class=\"photo\"><img decoding=\"async\" width=\"735\" height=\"440\" src=\"https:\/\/i0.wp.com\/www.curierul.ro\/wp-content\/uploads\/2026\/02\/CTF.jpeg?fit=300%2C300&amp;ssl=1\" class=\"attachment-giornalismo-single size-giornalismo-single wp-post-image\" alt loading=\"lazy\"><\/div>\n<p class=\"headline\"><a href=\"https:\/\/www.curierul.ro\/%f0%9f%94%90-unbreakable-valcea-2026-primul-ctf-pentru-liceenii-din-judetul-valcea\/\">\ud83d\udd10 UNbreakable V\u00e2lcea 2026 \u2013 primul CTF pentru liceenii din jude\u021bul V\u00e2lcea<\/a><\/p>\n<\/article>\n<p>[analyse_source url=&#8221;https:\/\/www.curierul.ro\/criza-demografica\/&#8221;]<\/p>\n","protected":false},"excerpt":{"rendered":"<p>[analyse_image type=&#8221;featured&#8221; src=&#8221;https:\/\/www.curierul.ro\/wp-content\/uploads\/2022\/08\/MARIUS-CARBUNESCU.jpghttps:\/\/i0.wp.com\/www.curierul.ro\/wp-content\/uploads\/2022\/08\/MARIUS-CARBUNESCU.jpg?fit=530%2C213&amp;ssl=1&#8243;] Home Actualitate Criza demografic\u0103 Criza demografic\u0103 Scris deCarbunescu Marius, 23 februarie 2026 Abia mai suntem 19 milioane \u00eentr-o \u021bar\u0103 \u00een care apogeul de 23 de milioane de locuitori a fost atins \u00een 1990. Ceau\u0219escu a f\u0103cut dou\u0103 lucruri pentru cre\u0219terea popula\u021biei, de fapt mai multe, dar dou\u0103 au fost esen\u021biale. A \u00eenchis [&hellip;]<\/p>\n","protected":false},"author":1,"featured_media":0,"comment_status":"open","ping_status":"","sticky":false,"template":"","format":"standard","meta":{"footnotes":""},"categories":[89],"tags":[226,213],"class_list":["post-1789907","post","type-post","status-publish","format-standard","hentry","category-romania","tag-crawlmanager","tag-curierul-ro"],"_links":{"self":[{"href":"https:\/\/analyse.optim.biz\/index.php?rest_route=\/wp\/v2\/posts\/1789907","targetHints":{"allow":["GET"]}}],"collection":[{"href":"https:\/\/analyse.optim.biz\/index.php?rest_route=\/wp\/v2\/posts"}],"about":[{"href":"https:\/\/analyse.optim.biz\/index.php?rest_route=\/wp\/v2\/types\/post"}],"author":[{"embeddable":true,"href":"https:\/\/analyse.optim.biz\/index.php?rest_route=\/wp\/v2\/users\/1"}],"replies":[{"embeddable":true,"href":"https:\/\/analyse.optim.biz\/index.php?rest_route=%2Fwp%2Fv2%2Fcomments&post=1789907"}],"version-history":[{"count":0,"href":"https:\/\/analyse.optim.biz\/index.php?rest_route=\/wp\/v2\/posts\/1789907\/revisions"}],"wp:attachment":[{"href":"https:\/\/analyse.optim.biz\/index.php?rest_route=%2Fwp%2Fv2%2Fmedia&parent=1789907"}],"wp:term":[{"taxonomy":"category","embeddable":true,"href":"https:\/\/analyse.optim.biz\/index.php?rest_route=%2Fwp%2Fv2%2Fcategories&post=1789907"},{"taxonomy":"post_tag","embeddable":true,"href":"https:\/\/analyse.optim.biz\/index.php?rest_route=%2Fwp%2Fv2%2Ftags&post=1789907"}],"curies":[{"name":"wp","href":"https:\/\/api.w.org\/{rel}","templated":true}]}}