{"id":1789900,"date":"2026-02-18T08:38:52","date_gmt":"2026-02-18T05:38:52","guid":{"rendered":"https:\/\/analyse.optim.biz\/?p=1789900"},"modified":"2026-02-18T08:38:52","modified_gmt":"2026-02-18T05:38:52","slug":"panvil-paine-proaspata-gust-autentic-si-respect-pentru-traditie","status":"publish","type":"post","link":"https:\/\/analyse.optim.biz\/?p=1789900","title":{"rendered":"Panvil \u2013 p\u00e2ine proasp\u0103t\u0103, gust autentic \u0219i respect pentru tradi\u021bie"},"content":{"rendered":"<p>[analyse_image type=&#8221;featured&#8221; src=&#8221;https:\/\/www.curierul.ro\/wp-content\/uploads\/2026\/02\/panvil.jpghttps:\/\/www.curierul.ro\/wp-content\/uploads\/2026\/02\/panvil.jpg&#8221;]<\/p>\n<article id=\"196378\" class=\"post-196378 post type-post status-publish format-standard hentry category-actualitate category-economie tag-paine-2 tag-panvil tag-prospetime tag-valcea-2\">\n<header class=\"post-header\">\n<ul class=\"breadcrumbs\">\n<li><a href=\"https:\/\/www.curierul.ro\">Home<\/a><\/li>\n<li class=\"breadcrumbs-active .category-actualitate\"><a href=\"https:\/\/www.curierul.ro\/index.php?cat=1615\">Actualitate<\/a><\/li>\n<li class=\"breadcrumbs-active .category-actualitate\">Panvil \u2013 p\u00e2ine proasp\u0103t\u0103, gust autentic \u0219i respect pentru tradi\u021bie<\/li>\n<\/ul>\n<h1 class=\"headline\">Panvil \u2013 p\u00e2ine proasp\u0103t\u0103, gust autentic \u0219i respect pentru tradi\u021bie<\/h1>\n<p class=\"byline\">\n\t\tScris de<a href=\"https:\/\/www.curierul.ro\/author\/curierul\/\">Curierul de Valcea<\/a>, \t\t18 februarie 2026\t\t\t\t<\/p>\n<hr>\n<\/header>\n<p><img loading=\"lazy\" decoding=\"async\" class=\"aligncenter wp-image-196379 size-full\" src=\"https:\/\/i0.wp.com\/www.curierul.ro\/wp-content\/uploads\/2026\/02\/panvil.jpg?fit=300%2C204&amp;ssl=1\" alt width=\"2030\" height=\"1382\"><\/p>\n<div class=\"sharedaddy sd-sharing-enabled\">\n<div class=\"robots-nocontent sd-block sd-social sd-social-official sd-sharing\">\n<h3 class=\"sd-title\">Distribuie pe:<\/h3>\n<div class=\"sd-content\">\n<ul>\n<li class=\"share-facebook\">\n<li class=\"share-twitter\"><a href=\"https:\/\/twitter.com\/share\" class=\"twitter-share-button\" data-url=\"https:\/\/www.curierul.ro\/panvil-prospetime-in-fiecare-zi\/\" data-text=\"Panvil - p\u00e2ine proasp\u0103t\u0103, gust autentic \u0219i respect pentru tradi\u021bie\" data-via=\"curierulvl\">Tweet<\/a><\/li>\n<li class=\"share-jetpack-whatsapp\"><a rel=\"nofollow noopener noreferrer\" data-shared=\"sharing-whatsapp-196378\" class=\"share-jetpack-whatsapp sd-button\" href=\"https:\/\/www.curierul.ro\/panvil-prospetime-in-fiecare-zi\/?share=jetpack-whatsapp\" target=\"_blank\" aria-labelledby=\"sharing-whatsapp-196378\"><span id=\"sharing-whatsapp-196378\" hidden>D\u0103 clic pentru partajare pe WhatsApp(Se deschide \u00eentr-o fereastr\u0103 nou\u0103)<\/span><span>WhatsApp<\/span><\/a><\/li>\n<li><a href=\"https:\/\/www.curierul.ro\/panvil-prospetime-in-fiecare-zi\/\" class=\"sharing-anchor sd-button share-more\"><span>Mai mult<\/span><\/a><\/li>\n<li class=\"share-end\"><\/ul>\n<div class=\"sharing-hidden\">\n<div class=\"inner\">\n<ul>\n<li class=\"share-email\"><a rel=\"nofollow noopener noreferrer\" data-shared=\"sharing-email-196378\" class=\"share-email sd-button\" href=\"mailto:?subject=%5BArticol%20partajat%5D%20Panvil%20-%20p%C3%A2ine%20proasp%C4%83t%C4%83%2C%20gust%20autentic%20%C8%99i%20respect%20pentru%20tradi%C8%9Bie&amp;body=https%3A%2F%2Fwww.curierul.ro%2Fpanvil-prospetime-in-fiecare-zi%2F&amp;share=email\" target=\"_blank\" aria-labelledby=\"sharing-email-196378\" data-email-share-error-title=\"\u021ai-ai configurat emailul?\" data-email-share-error-text=\"Dac\u0103 ai probleme la partajarea prin email, probabil nu ai configurat emailul pentru navigator. Poate trebuie s\u0103 creezi singur un email nou.\" data-email-share-nonce=\"a5230635b0\" data-email-share-track-url=\"https:\/\/www.curierul.ro\/panvil-prospetime-in-fiecare-zi\/?share=email\"><span id=\"sharing-email-196378\" hidden>D\u0103 clic pentru a trimite o leg\u0103tur\u0103 prin email unui prieten(Se deschide \u00eentr-o fereastr\u0103 nou\u0103)<\/span><span>Email<\/span><\/a><\/li>\n<li class=\"share-print\"><a rel=\"nofollow noopener noreferrer\" data-shared=\"sharing-print-196378\" class=\"share-print sd-button\" href=\"https:\/\/www.curierul.ro\/panvil-prospetime-in-fiecare-zi\/#print?share=print\" target=\"_blank\" aria-labelledby=\"sharing-print-196378\"><span id=\"sharing-print-196378\" hidden>D\u0103 clic pentru a imprima(Se deschide \u00eentr-o fereastr\u0103 nou\u0103)<\/span><span>Imprimare<\/span><\/a><\/li>\n<li class=\"share-end\"><\/ul>\n<\/div>\n<\/div>\n<\/div>\n<\/div>\n<\/div>\n<div id=\"jp-relatedposts\" class=\"jp-relatedposts\">\n<h3 class=\"jp-relatedposts-headline\"><em>Similare<\/em><\/h3>\n<\/div>\n<footer class=\"post-footer\">\n<p class=\"tags\"><strong>Tags: <\/strong><a href=\"https:\/\/www.curierul.ro\/tag\/paine-2\/\" rel=\"tag\">p\u00e2ine<\/a>, <a href=\"https:\/\/www.curierul.ro\/tag\/panvil\/\" rel=\"tag\">Panvil<\/a>, <a href=\"https:\/\/www.curierul.ro\/tag\/prospetime\/\" rel=\"tag\">prospe\u021bime<\/a>, <a href=\"https:\/\/www.curierul.ro\/tag\/valcea-2\/\" rel=\"tag\">V\u00e2lcea<\/a><\/p>\n<div class=\"post-navigation clearfix\">\n<div class=\"previous-post\">\n<div class=\"featured-photo\"><img loading=\"lazy\" decoding=\"async\" width=\"1179\" height=\"945\" src=\"https:\/\/i0.wp.com\/www.curierul.ro\/wp-content\/uploads\/2026\/02\/neata_autostrada.jpg?fit=300%2C240&amp;ssl=1\" class=\"attachment-post-thumbnail size-post-thumbnail wp-post-image\" alt><\/div>\n<p class=\"paginate-title\">\u00ab\u00ab <a href=\"https:\/\/www.curierul.ro\/deputat-eugen-neata-ramnicu-valcea-risca-sa-ramana-singurul-municipiu-resedinta-de-judet-fara-legatura-rapida-cu-o-autostrada\/\" rel=\"prev\">Deputat Eugen Nea\u021b\u0103: \u201eR\u00e2mnicu V\u00e2lcea risc\u0103 s\u0103 r\u0103m\u00e2n\u0103 singurul municipiu re\u0219edin\u021b\u0103 de jude\u021b f\u0103r\u0103 leg\u0103tur\u0103 rapid\u0103 cu o autostrad\u0103\u201d<\/a><\/p>\n<\/div>\n<div class=\"next-post\">\n<div class=\"featured-photo\"><img decoding=\"async\" width=\"1219\" height=\"1228\" src=\"https:\/\/i0.wp.com\/www.curierul.ro\/wp-content\/uploads\/2026\/02\/IMG-20260218-WA0009.jpg?fit=298%2C300&amp;ssl=1\" class=\"attachment-post-thumbnail size-post-thumbnail wp-post-image\" alt loading=\"lazy\"><\/div>\n<p class=\"paginate-title\"><a href=\"https:\/\/www.curierul.ro\/scm-ramnicu-valcea-este-in-sferturile-cupei-romaniei-la-handbal-feminin-39-2415-15-cu-stiinta-bucuresti\/\" rel=\"next\">SCM R\u00c2MNICU V\u00c2LCEA ESTE \u00ceN SFERTURILE CUPEI ROMANIEI LA HANDBAL FEMININ. 39-24(15-15) CU \u0218TIIN\u021aA BUCURE\u0218TI<\/a> \u00bb\u00bb<\/p>\n<\/div>\n<\/div>\n<div id=\"comments\" class=\"comments-area\">\n<div id=\"respond\" class=\"comment-respond\">\n<h3 id=\"reply-title\" class=\"comment-reply-title\">Po\u021bi comenta aici<small><a rel=\"nofollow\" id=\"cancel-comment-reply-link\" href=\"https:\/\/www.curierul.ro\/panvil-prospetime-in-fiecare-zi\/#respond\">Anuleaz\u0103 r\u0103spunsul<\/a><\/small><\/h3>\n<\/div>\n<p class=\"akismet_comment_form_privacy_notice\">Acest site folose\u0219te Akismet pentru a reduce spamul. <a href=\"https:\/\/akismet.com\/privacy\/\" target=\"_blank\" rel=\"nofollow noopener\">Afl\u0103 cum sunt procesate datele comentariilor tale<\/a>.<\/p>\n<\/div>\n<section class=\"related-stories\">\n<h2>Related Stories<\/h2>\n<div class=\"stories-container\">\n<article id=\"latest-179997\" class=\"story post-179997 post type-post status-publish format-standard has-post-thumbnail hentry category-actualitate category-economie tag-bimbo tag-paine-2 tag-panificatie-2 tag-vanzare tag-vel-pitar\">\n<div class=\"photo\"><img decoding=\"async\" width=\"580\" height=\"324\" src=\"https:\/\/i0.wp.com\/www.curierul.ro\/wp-content\/uploads\/2016\/08\/PAINE-e1673939829845.jpg?fit=300%2C168&amp;ssl=1\" class=\"attachment-giornalismo-single size-giornalismo-single wp-post-image\" alt loading=\"lazy\"><\/div>\n<p class=\"headline\"><a href=\"https:\/\/www.curierul.ro\/s-a-vandut-vel-pitar-vom-manca-paine-cu-gust-de-mexic\/\"><strong>S-A V\u00c2NDUT VEL PITAR. Vom m\u00e2nca p\u00e2ine cu gust de Mexic?<\/strong><\/a><\/p>\n<\/article>\n<\/div>\n<\/section>\n<section class=\"latest-category clearfix\">\n<h2 class=\"title\">More Stories From Actualitate<\/h2>\n<div class=\"stories-container\">\n<article id=\"related-196413\" class=\"story post-196413 post type-post status-publish format-standard has-post-thumbnail hentry category-actualitate category-fraze tag-criza tag-demografica tag-marius-carbunescu-2\">\n<div class=\"photo\"><img decoding=\"async\" width=\"530\" height=\"213\" src=\"https:\/\/i0.wp.com\/www.curierul.ro\/wp-content\/uploads\/2022\/08\/MARIUS-CARBUNESCU.jpg?fit=300%2C121&amp;ssl=1\" class=\"attachment-giornalismo-single size-giornalismo-single wp-post-image\" alt loading=\"lazy\"><\/div>\n<p class=\"headline\"><a href=\"https:\/\/www.curierul.ro\/criza-demografica\/\">Criza demografic\u0103<\/a><\/p>\n<\/article>\n<article id=\"related-196404\" class=\"story post-196404 post type-post status-publish format-standard has-post-thumbnail hentry category-actualitate category-economie tag-dezvoltare tag-filiala-sibiu-valcea tag-judetul-valcea tag-ordinul-arhitectilor tag-turism tag-zona-montana\">\n<div class=\"photo\"><img decoding=\"async\" width=\"735\" height=\"440\" src=\"https:\/\/i0.wp.com\/www.curierul.ro\/wp-content\/uploads\/2026\/02\/Agora.jpg?fit=300%2C157&amp;ssl=1\" class=\"attachment-giornalismo-single size-giornalismo-single wp-post-image\" alt loading=\"lazy\"><\/div>\n<p class=\"headline\"><a href=\"https:\/\/www.curierul.ro\/ordinul-arhitectilor-din-romania-filiala-sibiu-valcea-despre-dezvoltarea-turismului-in-zona-montana-a-judetului-valcea\/\">Ordinul Arhitec\u021bilor din Rom\u00e2nia Filiala Sibiu V\u00e2lcea, despre \u201eDezvoltarea turismului \u00een zona montan\u0103 a jude\u021bului V\u00e2lcea\u201d<\/a><\/p>\n<\/article>\n<article id=\"related-196398\" class=\"story post-196398 post type-post status-publish format-standard has-post-thumbnail hentry category-actualitate category-economie category-politica tag-decshide tag-martisor tag-targ tag-weekend\">\n<div class=\"photo\"><img decoding=\"async\" width=\"735\" height=\"440\" src=\"https:\/\/i0.wp.com\/www.curierul.ro\/wp-content\/uploads\/2026\/02\/Martisor2026.jpg?fit=300%2C200&amp;ssl=1\" class=\"attachment-giornalismo-single size-giornalismo-single wp-post-image\" alt loading=\"lazy\"><\/div>\n<p class=\"headline\"><a href=\"https:\/\/www.curierul.ro\/targul-martisor-2026-se-deschide-din-acest-week-end\/\">T\u00e2rgul M\u0103r\u021bi\u0219or 2026 se deschide din acest week-end<\/a><\/p>\n<\/article>\n<\/div>\n<\/section>\n<section class=\"author-bio clearfix\">\n<div class=\"mug-shot\"><img decoding=\"async\" alt src=\"https:\/\/secure.gravatar.com\/avatar\/2a58d181c1d85262357d59db6fc29158130ca794fc45057783762a4c0eb9167f?s=96&amp;d=mm&amp;r=g\" class=\"avatar avatar-96 photo\" height=\"96\" width=\"96\" loading=\"lazy\"><\/div>\n<div class=\"author-info\">\n<p class=\"title\">About Curierul de Valcea, <\/p>\n<div class=\"author-social-area\"><a href=\"mailto:curierul@curierul.ro\"><span class=\"fal fa-envelope\"><span class=\"screen-reader-text\">Email the Author<\/span><\/span><\/a><\/div>\n<\/div>\n<\/section>\n<\/footer>\n<\/article>\n<article id=\"196378\" class=\"post-196378 post type-post status-publish format-standard hentry category-actualitate category-economie tag-paine-2 tag-panvil tag-prospetime tag-valcea-2\">\n<header class=\"post-header\">\n<ul class=\"breadcrumbs\">\n<li><a href=\"https:\/\/www.curierul.ro\">Home<\/a><\/li>\n<li class=\"breadcrumbs-active .category-actualitate\"><a href=\"https:\/\/www.curierul.ro\/index.php?cat=1615\">Actualitate<\/a><\/li>\n<li class=\"breadcrumbs-active .category-actualitate\">Panvil \u2013 p\u00e2ine proasp\u0103t\u0103, gust autentic \u0219i respect pentru tradi\u021bie<\/li>\n<\/ul>\n<h1 class=\"headline\">Panvil \u2013 p\u00e2ine proasp\u0103t\u0103, gust autentic \u0219i respect pentru tradi\u021bie<\/h1>\n<p class=\"byline\">\n\t\tScris de<a href=\"https:\/\/www.curierul.ro\/author\/curierul\/\">Curierul de Valcea<\/a>, \t\t18 februarie 2026\t\t\t\t<\/p>\n<hr>\n<\/header>\n<p><img loading=\"lazy\" decoding=\"async\" class=\"aligncenter wp-image-196379 size-full\" src=\"https:\/\/i0.wp.com\/www.curierul.ro\/wp-content\/uploads\/2026\/02\/panvil.jpg?fit=300%2C204&amp;ssl=1\" alt width=\"2030\" height=\"1382\"><\/p>\n<div class=\"sharedaddy sd-sharing-enabled\">\n<div class=\"robots-nocontent sd-block sd-social sd-social-official sd-sharing\">\n<h3 class=\"sd-title\">Distribuie pe:<\/h3>\n<div class=\"sd-content\">\n<ul>\n<li class=\"share-facebook\">\n<li class=\"share-twitter\"><a href=\"https:\/\/twitter.com\/share\" class=\"twitter-share-button\" data-url=\"https:\/\/www.curierul.ro\/panvil-prospetime-in-fiecare-zi\/\" data-text=\"Panvil - p\u00e2ine proasp\u0103t\u0103, gust autentic \u0219i respect pentru tradi\u021bie\" data-via=\"curierulvl\">Tweet<\/a><\/li>\n<li class=\"share-jetpack-whatsapp\"><a rel=\"nofollow noopener noreferrer\" data-shared=\"sharing-whatsapp-196378\" class=\"share-jetpack-whatsapp sd-button\" href=\"https:\/\/www.curierul.ro\/panvil-prospetime-in-fiecare-zi\/?share=jetpack-whatsapp\" target=\"_blank\" aria-labelledby=\"sharing-whatsapp-196378\"><span id=\"sharing-whatsapp-196378\" hidden>D\u0103 clic pentru partajare pe WhatsApp(Se deschide \u00eentr-o fereastr\u0103 nou\u0103)<\/span><span>WhatsApp<\/span><\/a><\/li>\n<li><a href=\"https:\/\/www.curierul.ro\/panvil-prospetime-in-fiecare-zi\/\" class=\"sharing-anchor sd-button share-more\"><span>Mai mult<\/span><\/a><\/li>\n<li class=\"share-end\"><\/ul>\n<div class=\"sharing-hidden\">\n<div class=\"inner\">\n<ul>\n<li class=\"share-email\"><a rel=\"nofollow noopener noreferrer\" data-shared=\"sharing-email-196378\" class=\"share-email sd-button\" href=\"mailto:?subject=%5BArticol%20partajat%5D%20Panvil%20-%20p%C3%A2ine%20proasp%C4%83t%C4%83%2C%20gust%20autentic%20%C8%99i%20respect%20pentru%20tradi%C8%9Bie&amp;body=https%3A%2F%2Fwww.curierul.ro%2Fpanvil-prospetime-in-fiecare-zi%2F&amp;share=email\" target=\"_blank\" aria-labelledby=\"sharing-email-196378\" data-email-share-error-title=\"\u021ai-ai configurat emailul?\" data-email-share-error-text=\"Dac\u0103 ai probleme la partajarea prin email, probabil nu ai configurat emailul pentru navigator. Poate trebuie s\u0103 creezi singur un email nou.\" data-email-share-nonce=\"a5230635b0\" data-email-share-track-url=\"https:\/\/www.curierul.ro\/panvil-prospetime-in-fiecare-zi\/?share=email\"><span id=\"sharing-email-196378\" hidden>D\u0103 clic pentru a trimite o leg\u0103tur\u0103 prin email unui prieten(Se deschide \u00eentr-o fereastr\u0103 nou\u0103)<\/span><span>Email<\/span><\/a><\/li>\n<li class=\"share-print\"><a rel=\"nofollow noopener noreferrer\" data-shared=\"sharing-print-196378\" class=\"share-print sd-button\" href=\"https:\/\/www.curierul.ro\/panvil-prospetime-in-fiecare-zi\/#print?share=print\" target=\"_blank\" aria-labelledby=\"sharing-print-196378\"><span id=\"sharing-print-196378\" hidden>D\u0103 clic pentru a imprima(Se deschide \u00eentr-o fereastr\u0103 nou\u0103)<\/span><span>Imprimare<\/span><\/a><\/li>\n<li class=\"share-end\"><\/ul>\n<\/div>\n<\/div>\n<\/div>\n<\/div>\n<\/div>\n<div id=\"jp-relatedposts\" class=\"jp-relatedposts\">\n<h3 class=\"jp-relatedposts-headline\"><em>Similare<\/em><\/h3>\n<\/div>\n<footer class=\"post-footer\">\n<p class=\"tags\"><strong>Tags: <\/strong><a href=\"https:\/\/www.curierul.ro\/tag\/paine-2\/\" rel=\"tag\">p\u00e2ine<\/a>, <a href=\"https:\/\/www.curierul.ro\/tag\/panvil\/\" rel=\"tag\">Panvil<\/a>, <a href=\"https:\/\/www.curierul.ro\/tag\/prospetime\/\" rel=\"tag\">prospe\u021bime<\/a>, <a href=\"https:\/\/www.curierul.ro\/tag\/valcea-2\/\" rel=\"tag\">V\u00e2lcea<\/a><\/p>\n<div class=\"post-navigation clearfix\">\n<div class=\"previous-post\">\n<div class=\"featured-photo\"><img loading=\"lazy\" decoding=\"async\" width=\"1179\" height=\"945\" src=\"https:\/\/i0.wp.com\/www.curierul.ro\/wp-content\/uploads\/2026\/02\/neata_autostrada.jpg?fit=300%2C240&amp;ssl=1\" class=\"attachment-post-thumbnail size-post-thumbnail wp-post-image\" alt><\/div>\n<p class=\"paginate-title\">\u00ab\u00ab <a href=\"https:\/\/www.curierul.ro\/deputat-eugen-neata-ramnicu-valcea-risca-sa-ramana-singurul-municipiu-resedinta-de-judet-fara-legatura-rapida-cu-o-autostrada\/\" rel=\"prev\">Deputat Eugen Nea\u021b\u0103: \u201eR\u00e2mnicu V\u00e2lcea risc\u0103 s\u0103 r\u0103m\u00e2n\u0103 singurul municipiu re\u0219edin\u021b\u0103 de jude\u021b f\u0103r\u0103 leg\u0103tur\u0103 rapid\u0103 cu o autostrad\u0103\u201d<\/a><\/p>\n<\/div>\n<div class=\"next-post\">\n<div class=\"featured-photo\"><img decoding=\"async\" width=\"1219\" height=\"1228\" src=\"https:\/\/i0.wp.com\/www.curierul.ro\/wp-content\/uploads\/2026\/02\/IMG-20260218-WA0009.jpg?fit=298%2C300&amp;ssl=1\" class=\"attachment-post-thumbnail size-post-thumbnail wp-post-image\" alt loading=\"lazy\"><\/div>\n<p class=\"paginate-title\"><a href=\"https:\/\/www.curierul.ro\/scm-ramnicu-valcea-este-in-sferturile-cupei-romaniei-la-handbal-feminin-39-2415-15-cu-stiinta-bucuresti\/\" rel=\"next\">SCM R\u00c2MNICU V\u00c2LCEA ESTE \u00ceN SFERTURILE CUPEI ROMANIEI LA HANDBAL FEMININ. 39-24(15-15) CU \u0218TIIN\u021aA BUCURE\u0218TI<\/a> \u00bb\u00bb<\/p>\n<\/div>\n<\/div>\n<div id=\"comments\" class=\"comments-area\">\n<div id=\"respond\" class=\"comment-respond\">\n<h3 id=\"reply-title\" class=\"comment-reply-title\">Po\u021bi comenta aici<small><a rel=\"nofollow\" id=\"cancel-comment-reply-link\" href=\"https:\/\/www.curierul.ro\/panvil-prospetime-in-fiecare-zi\/#respond\">Anuleaz\u0103 r\u0103spunsul<\/a><\/small><\/h3>\n<\/div>\n<p class=\"akismet_comment_form_privacy_notice\">Acest site folose\u0219te Akismet pentru a reduce spamul. <a href=\"https:\/\/akismet.com\/privacy\/\" target=\"_blank\" rel=\"nofollow noopener\">Afl\u0103 cum sunt procesate datele comentariilor tale<\/a>.<\/p>\n<\/div>\n<section class=\"related-stories\">\n<h2>Related Stories<\/h2>\n<div class=\"stories-container\">\n<article id=\"latest-179997\" class=\"story post-179997 post type-post status-publish format-standard has-post-thumbnail hentry category-actualitate category-economie tag-bimbo tag-paine-2 tag-panificatie-2 tag-vanzare tag-vel-pitar\">\n<div class=\"photo\"><img decoding=\"async\" width=\"580\" height=\"324\" src=\"https:\/\/i0.wp.com\/www.curierul.ro\/wp-content\/uploads\/2016\/08\/PAINE-e1673939829845.jpg?fit=300%2C168&amp;ssl=1\" class=\"attachment-giornalismo-single size-giornalismo-single wp-post-image\" alt loading=\"lazy\"><\/div>\n<p class=\"headline\"><a href=\"https:\/\/www.curierul.ro\/s-a-vandut-vel-pitar-vom-manca-paine-cu-gust-de-mexic\/\"><strong>S-A V\u00c2NDUT VEL PITAR. Vom m\u00e2nca p\u00e2ine cu gust de Mexic?<\/strong><\/a><\/p>\n<\/article>\n<\/div>\n<\/section>\n<section class=\"latest-category clearfix\">\n<h2 class=\"title\">More Stories From Actualitate<\/h2>\n<div class=\"stories-container\">\n<article id=\"related-196413\" class=\"story post-196413 post type-post status-publish format-standard has-post-thumbnail hentry category-actualitate category-fraze tag-criza tag-demografica tag-marius-carbunescu-2\">\n<div class=\"photo\"><img decoding=\"async\" width=\"530\" height=\"213\" src=\"https:\/\/i0.wp.com\/www.curierul.ro\/wp-content\/uploads\/2022\/08\/MARIUS-CARBUNESCU.jpg?fit=300%2C121&amp;ssl=1\" class=\"attachment-giornalismo-single size-giornalismo-single wp-post-image\" alt loading=\"lazy\"><\/div>\n<p class=\"headline\"><a href=\"https:\/\/www.curierul.ro\/criza-demografica\/\">Criza demografic\u0103<\/a><\/p>\n<\/article>\n<article id=\"related-196404\" class=\"story post-196404 post type-post status-publish format-standard has-post-thumbnail hentry category-actualitate category-economie tag-dezvoltare tag-filiala-sibiu-valcea tag-judetul-valcea tag-ordinul-arhitectilor tag-turism tag-zona-montana\">\n<div class=\"photo\"><img decoding=\"async\" width=\"735\" height=\"440\" src=\"https:\/\/i0.wp.com\/www.curierul.ro\/wp-content\/uploads\/2026\/02\/Agora.jpg?fit=300%2C157&amp;ssl=1\" class=\"attachment-giornalismo-single size-giornalismo-single wp-post-image\" alt loading=\"lazy\"><\/div>\n<p class=\"headline\"><a href=\"https:\/\/www.curierul.ro\/ordinul-arhitectilor-din-romania-filiala-sibiu-valcea-despre-dezvoltarea-turismului-in-zona-montana-a-judetului-valcea\/\">Ordinul Arhitec\u021bilor din Rom\u00e2nia Filiala Sibiu V\u00e2lcea, despre \u201eDezvoltarea turismului \u00een zona montan\u0103 a jude\u021bului V\u00e2lcea\u201d<\/a><\/p>\n<\/article>\n<article id=\"related-196398\" class=\"story post-196398 post type-post status-publish format-standard has-post-thumbnail hentry category-actualitate category-economie category-politica tag-decshide tag-martisor tag-targ tag-weekend\">\n<div class=\"photo\"><img decoding=\"async\" width=\"735\" height=\"440\" src=\"https:\/\/i0.wp.com\/www.curierul.ro\/wp-content\/uploads\/2026\/02\/Martisor2026.jpg?fit=300%2C200&amp;ssl=1\" class=\"attachment-giornalismo-single size-giornalismo-single wp-post-image\" alt loading=\"lazy\"><\/div>\n<p class=\"headline\"><a href=\"https:\/\/www.curierul.ro\/targul-martisor-2026-se-deschide-din-acest-week-end\/\">T\u00e2rgul M\u0103r\u021bi\u0219or 2026 se deschide din acest week-end<\/a><\/p>\n<\/article>\n<\/div>\n<\/section>\n<section class=\"author-bio clearfix\">\n<div class=\"mug-shot\"><img decoding=\"async\" alt src=\"https:\/\/secure.gravatar.com\/avatar\/2a58d181c1d85262357d59db6fc29158130ca794fc45057783762a4c0eb9167f?s=96&amp;d=mm&amp;r=g\" class=\"avatar avatar-96 photo\" height=\"96\" width=\"96\" loading=\"lazy\"><\/div>\n<div class=\"author-info\">\n<p class=\"title\">About Curierul de Valcea, <\/p>\n<div class=\"author-social-area\"><a href=\"mailto:curierul@curierul.ro\"><span class=\"fal fa-envelope\"><span class=\"screen-reader-text\">Email the Author<\/span><\/span><\/a><\/div>\n<\/div>\n<\/section>\n<\/footer>\n<\/article>\n<article id=\"latest-179997\" class=\"story post-179997 post type-post status-publish format-standard has-post-thumbnail hentry category-actualitate category-economie tag-bimbo tag-paine-2 tag-panificatie-2 tag-vanzare tag-vel-pitar\">\n<div class=\"photo\"><img decoding=\"async\" width=\"580\" height=\"324\" src=\"https:\/\/i0.wp.com\/www.curierul.ro\/wp-content\/uploads\/2016\/08\/PAINE-e1673939829845.jpg?fit=300%2C168&amp;ssl=1\" class=\"attachment-giornalismo-single size-giornalismo-single wp-post-image\" alt loading=\"lazy\"><\/div>\n<p class=\"headline\"><a href=\"https:\/\/www.curierul.ro\/s-a-vandut-vel-pitar-vom-manca-paine-cu-gust-de-mexic\/\"><strong>S-A V\u00c2NDUT VEL PITAR. Vom m\u00e2nca p\u00e2ine cu gust de Mexic?<\/strong><\/a><\/p>\n<\/article>\n<article id=\"related-196413\" class=\"story post-196413 post type-post status-publish format-standard has-post-thumbnail hentry category-actualitate category-fraze tag-criza tag-demografica tag-marius-carbunescu-2\">\n<div class=\"photo\"><img decoding=\"async\" width=\"530\" height=\"213\" src=\"https:\/\/i0.wp.com\/www.curierul.ro\/wp-content\/uploads\/2022\/08\/MARIUS-CARBUNESCU.jpg?fit=300%2C121&amp;ssl=1\" class=\"attachment-giornalismo-single size-giornalismo-single wp-post-image\" alt loading=\"lazy\"><\/div>\n<p class=\"headline\"><a href=\"https:\/\/www.curierul.ro\/criza-demografica\/\">Criza demografic\u0103<\/a><\/p>\n<\/article>\n<article id=\"related-196404\" class=\"story post-196404 post type-post status-publish format-standard has-post-thumbnail hentry category-actualitate category-economie tag-dezvoltare tag-filiala-sibiu-valcea tag-judetul-valcea tag-ordinul-arhitectilor tag-turism tag-zona-montana\">\n<div class=\"photo\"><img decoding=\"async\" width=\"735\" height=\"440\" src=\"https:\/\/i0.wp.com\/www.curierul.ro\/wp-content\/uploads\/2026\/02\/Agora.jpg?fit=300%2C157&amp;ssl=1\" class=\"attachment-giornalismo-single size-giornalismo-single wp-post-image\" alt loading=\"lazy\"><\/div>\n<p class=\"headline\"><a href=\"https:\/\/www.curierul.ro\/ordinul-arhitectilor-din-romania-filiala-sibiu-valcea-despre-dezvoltarea-turismului-in-zona-montana-a-judetului-valcea\/\">Ordinul Arhitec\u021bilor din Rom\u00e2nia Filiala Sibiu V\u00e2lcea, despre \u201eDezvoltarea turismului \u00een zona montan\u0103 a jude\u021bului V\u00e2lcea\u201d<\/a><\/p>\n<\/article>\n<article id=\"related-196398\" class=\"story post-196398 post type-post status-publish format-standard has-post-thumbnail hentry category-actualitate category-economie category-politica tag-decshide tag-martisor tag-targ tag-weekend\">\n<div class=\"photo\"><img decoding=\"async\" width=\"735\" height=\"440\" src=\"https:\/\/i0.wp.com\/www.curierul.ro\/wp-content\/uploads\/2026\/02\/Martisor2026.jpg?fit=300%2C200&amp;ssl=1\" class=\"attachment-giornalismo-single size-giornalismo-single wp-post-image\" alt loading=\"lazy\"><\/div>\n<p class=\"headline\"><a href=\"https:\/\/www.curierul.ro\/targul-martisor-2026-se-deschide-din-acest-week-end\/\">T\u00e2rgul M\u0103r\u021bi\u0219or 2026 se deschide din acest week-end<\/a><\/p>\n<\/article>\n<p>[analyse_source url=&#8221;https:\/\/www.curierul.ro\/panvil-prospetime-in-fiecare-zi\/&#8221;]<\/p>\n","protected":false},"excerpt":{"rendered":"<p>[analyse_image type=&#8221;featured&#8221; src=&#8221;https:\/\/www.curierul.ro\/wp-content\/uploads\/2026\/02\/panvil.jpghttps:\/\/www.curierul.ro\/wp-content\/uploads\/2026\/02\/panvil.jpg&#8221;] Home Actualitate Panvil \u2013 p\u00e2ine proasp\u0103t\u0103, gust autentic \u0219i respect pentru tradi\u021bie Panvil \u2013 p\u00e2ine proasp\u0103t\u0103, gust autentic \u0219i respect pentru tradi\u021bie Scris deCurierul de Valcea, 18 februarie 2026 Distribuie pe: Tweet D\u0103 clic pentru partajare pe WhatsApp(Se deschide \u00eentr-o fereastr\u0103 nou\u0103)WhatsApp Mai mult D\u0103 clic pentru a trimite o leg\u0103tur\u0103 prin [&hellip;]<\/p>\n","protected":false},"author":1,"featured_media":0,"comment_status":"open","ping_status":"","sticky":false,"template":"","format":"standard","meta":{"footnotes":""},"categories":[89],"tags":[226,213],"class_list":["post-1789900","post","type-post","status-publish","format-standard","hentry","category-romania","tag-crawlmanager","tag-curierul-ro"],"_links":{"self":[{"href":"https:\/\/analyse.optim.biz\/index.php?rest_route=\/wp\/v2\/posts\/1789900","targetHints":{"allow":["GET"]}}],"collection":[{"href":"https:\/\/analyse.optim.biz\/index.php?rest_route=\/wp\/v2\/posts"}],"about":[{"href":"https:\/\/analyse.optim.biz\/index.php?rest_route=\/wp\/v2\/types\/post"}],"author":[{"embeddable":true,"href":"https:\/\/analyse.optim.biz\/index.php?rest_route=\/wp\/v2\/users\/1"}],"replies":[{"embeddable":true,"href":"https:\/\/analyse.optim.biz\/index.php?rest_route=%2Fwp%2Fv2%2Fcomments&post=1789900"}],"version-history":[{"count":0,"href":"https:\/\/analyse.optim.biz\/index.php?rest_route=\/wp\/v2\/posts\/1789900\/revisions"}],"wp:attachment":[{"href":"https:\/\/analyse.optim.biz\/index.php?rest_route=%2Fwp%2Fv2%2Fmedia&parent=1789900"}],"wp:term":[{"taxonomy":"category","embeddable":true,"href":"https:\/\/analyse.optim.biz\/index.php?rest_route=%2Fwp%2Fv2%2Fcategories&post=1789900"},{"taxonomy":"post_tag","embeddable":true,"href":"https:\/\/analyse.optim.biz\/index.php?rest_route=%2Fwp%2Fv2%2Ftags&post=1789900"}],"curies":[{"name":"wp","href":"https:\/\/api.w.org\/{rel}","templated":true}]}}