{"id":1789891,"date":"2026-02-20T05:30:00","date_gmt":"2026-02-20T02:30:00","guid":{"rendered":"https:\/\/analyse.optim.biz\/?p=1789891"},"modified":"2026-02-20T05:30:00","modified_gmt":"2026-02-20T02:30:00","slug":"dosarele-pentru-locuintele-anl-trebuie-actualizate-pana-in-31-martie-altfel-vor-fi-respinse","status":"publish","type":"post","link":"https:\/\/analyse.optim.biz\/?p=1789891","title":{"rendered":"Dosarele pentru locuin\u021bele ANL trebuie actualizate p\u00e2n\u0103 \u00een 31 martie, altfel vor fi respinse"},"content":{"rendered":"<p>[analyse_image type=&#8221;featured&#8221; src=&#8221;https:\/\/www.curierul.ro\/wp-content\/uploads\/2026\/02\/ANL-Stribei-Voda-e1771506885919.jpghttps:\/\/i0.wp.com\/www.curierul.ro\/wp-content\/uploads\/2026\/02\/ANL-Stribei-Voda-e1771506885919.jpg?fit=1200%2C739&amp;ssl=1&#8243;]<\/p>\n<article id=\"196401\" class=\"post-196401 post type-post status-publish format-standard has-post-thumbnail hentry category-headlines category-impact category-politica category-social tag-31-martie tag-actualizate tag-dosare tag-locuinte-anl tag-respinse\">\n<header class=\"post-header\">\n<ul class=\"breadcrumbs\">\n<li><a href=\"https:\/\/www.curierul.ro\">Home<\/a><\/li>\n<li class=\"breadcrumbs-active .category-headlines\"><a href=\"https:\/\/www.curierul.ro\/index.php?cat=19\">Headlines<\/a><\/li>\n<li class=\"breadcrumbs-active .category-headlines\">Dosarele pentru locuin\u021bele ANL trebuie actualizate p\u00e2n\u0103 \u00een 31 martie, altfel vor fi respinse<\/li>\n<\/ul>\n<div class=\"featured-photo\"><img loading=\"lazy\" decoding=\"async\" width=\"1420\" height=\"875\" src=\"https:\/\/i0.wp.com\/www.curierul.ro\/wp-content\/uploads\/2026\/02\/ANL-Stribei-Voda-e1771506885919.jpg?fit=300%2C185&amp;ssl=1\" class=\"attachment-single size-single wp-post-image\" alt><\/div>\n<h1 class=\"headline\">Dosarele pentru locuin\u021bele ANL trebuie actualizate p\u00e2n\u0103 \u00een 31 martie, altfel vor fi respinse<\/h1>\n<p class=\"byline\">\n\t\tScris de<a href=\"https:\/\/www.curierul.ro\/author\/alin\/\">Alin Emilian Tudoroiu<\/a>, \t\t20 februarie 2026\t\t\t\t<\/p>\n<hr>\n<\/header>\n<p>\u00cen perspectiva finaliz\u0103rii, \u00een cursul acestui an, a celor dou\u0103 blocuri de locuin\u021be din strada \u0218tirbei Vod\u0103 \u00eensum\u00e2nd 36 de unit\u0103\u021bi locative \u00een regim de \u00eenchiriere pentru tineri (investi\u021bie derulat\u0103 cu fonduri de la bugetul central de c\u0103tre ANL \u2013 Agen\u021bia Na\u021bional\u0103 pentru Locuin\u021be), Prim\u0103ria Municipiului R\u00e2mnicu V\u00e2lcea informeaz\u0103 titularii dosarelor depuse pentru ob\u021binerea unei astfel de locuin\u021be c\u0103 trebuie s\u0103-\u0219i actualizeze documentele de identitate \u0219i pe cele privind familia, situa\u021bia locativ\u0103 curent\u0103 \u0219i locul de munc\u0103 p\u00e2n\u0103 la data de 31.03.2026. Documentele necesare pot fi depuse prin po\u0219t\u0103 pe adresa: Prim\u0103ria Municipiului R\u00e2mnicu V\u00e2lcea, strada General Praporgescu nr. 14, direct la Registratura Prim\u0103riei din strada General Magheru nr. 25 sau electronic pe adresa de e-mail a Prim\u0103riei Municipiului R\u00e2mnicu V\u00e2lcea \u2013 primaria@primariavl.ro. \u00cen cazul \u00een care p\u00e2n\u0103 la\u00a0 termenul stabilit, dosarul nu va fi completat cu documentele solicitate, acesta va fi respins \u0219i scos din eviden\u021ba Prim\u0103riei.<\/p>\n<div class=\"sharedaddy sd-sharing-enabled\">\n<div class=\"robots-nocontent sd-block sd-social sd-social-official sd-sharing\">\n<h3 class=\"sd-title\">Distribuie pe:<\/h3>\n<div class=\"sd-content\">\n<ul>\n<li class=\"share-facebook\">\n<li class=\"share-twitter\"><a href=\"https:\/\/twitter.com\/share\" class=\"twitter-share-button\" data-url=\"https:\/\/www.curierul.ro\/dosarele-pentru-locuintele-anl-trebuie-actualizate-pana-in-31-martie-altfel-vor-fi-respinse\/\" data-text=\"Dosarele pentru locuin\u021bele ANL trebuie actualizate p\u00e2n\u0103 \u00een 31 martie, altfel vor fi respinse\" data-via=\"curierulvl\">Tweet<\/a><\/li>\n<li class=\"share-jetpack-whatsapp\"><a rel=\"nofollow noopener noreferrer\" data-shared=\"sharing-whatsapp-196401\" class=\"share-jetpack-whatsapp sd-button\" href=\"https:\/\/www.curierul.ro\/dosarele-pentru-locuintele-anl-trebuie-actualizate-pana-in-31-martie-altfel-vor-fi-respinse\/?share=jetpack-whatsapp\" target=\"_blank\" aria-labelledby=\"sharing-whatsapp-196401\"><span id=\"sharing-whatsapp-196401\" hidden>D\u0103 clic pentru partajare pe WhatsApp(Se deschide \u00eentr-o fereastr\u0103 nou\u0103)<\/span><span>WhatsApp<\/span><\/a><\/li>\n<li><a href=\"https:\/\/www.curierul.ro\/dosarele-pentru-locuintele-anl-trebuie-actualizate-pana-in-31-martie-altfel-vor-fi-respinse\/\" class=\"sharing-anchor sd-button share-more\"><span>Mai mult<\/span><\/a><\/li>\n<li class=\"share-end\"><\/ul>\n<div class=\"sharing-hidden\">\n<div class=\"inner\">\n<ul>\n<li class=\"share-email\"><a rel=\"nofollow noopener noreferrer\" data-shared=\"sharing-email-196401\" class=\"share-email sd-button\" href=\"mailto:?subject=%5BArticol%20partajat%5D%20Dosarele%20pentru%20locuin%C8%9Bele%20ANL%20trebuie%20actualizate%20p%C3%A2n%C4%83%20%C3%AEn%2031%20martie%2C%20altfel%20vor%20fi%20respinse&amp;body=https%3A%2F%2Fwww.curierul.ro%2Fdosarele-pentru-locuintele-anl-trebuie-actualizate-pana-in-31-martie-altfel-vor-fi-respinse%2F&amp;share=email\" target=\"_blank\" aria-labelledby=\"sharing-email-196401\" data-email-share-error-title=\"\u021ai-ai configurat emailul?\" data-email-share-error-text=\"Dac\u0103 ai probleme la partajarea prin email, probabil nu ai configurat emailul pentru navigator. Poate trebuie s\u0103 creezi singur un email nou.\" data-email-share-nonce=\"f804237fa0\" data-email-share-track-url=\"https:\/\/www.curierul.ro\/dosarele-pentru-locuintele-anl-trebuie-actualizate-pana-in-31-martie-altfel-vor-fi-respinse\/?share=email\"><span id=\"sharing-email-196401\" hidden>D\u0103 clic pentru a trimite o leg\u0103tur\u0103 prin email unui prieten(Se deschide \u00eentr-o fereastr\u0103 nou\u0103)<\/span><span>Email<\/span><\/a><\/li>\n<li class=\"share-print\"><a rel=\"nofollow noopener noreferrer\" data-shared=\"sharing-print-196401\" class=\"share-print sd-button\" href=\"https:\/\/www.curierul.ro\/dosarele-pentru-locuintele-anl-trebuie-actualizate-pana-in-31-martie-altfel-vor-fi-respinse\/#print?share=print\" target=\"_blank\" aria-labelledby=\"sharing-print-196401\"><span id=\"sharing-print-196401\" hidden>D\u0103 clic pentru a imprima(Se deschide \u00eentr-o fereastr\u0103 nou\u0103)<\/span><span>Imprimare<\/span><\/a><\/li>\n<li class=\"share-end\"><\/ul>\n<\/div>\n<\/div>\n<\/div>\n<\/div>\n<\/div>\n<div id=\"jp-relatedposts\" class=\"jp-relatedposts\">\n<h3 class=\"jp-relatedposts-headline\"><em>Similare<\/em><\/h3>\n<\/div>\n<footer class=\"post-footer\">\n<p class=\"tags\"><strong>Tags: <\/strong><a href=\"https:\/\/www.curierul.ro\/tag\/31-martie\/\" rel=\"tag\">31 martie<\/a>, <a href=\"https:\/\/www.curierul.ro\/tag\/actualizate\/\" rel=\"tag\">actualizate<\/a>, <a href=\"https:\/\/www.curierul.ro\/tag\/dosare\/\" rel=\"tag\">DOSARE<\/a>, <a href=\"https:\/\/www.curierul.ro\/tag\/locuinte-anl\/\" rel=\"tag\">locuin\u021be ANL<\/a>, <a href=\"https:\/\/www.curierul.ro\/tag\/respinse\/\" rel=\"tag\">respinse<\/a><\/p>\n<div class=\"post-navigation clearfix\">\n<div class=\"previous-post\">\n<div class=\"featured-photo\"><img loading=\"lazy\" decoding=\"async\" width=\"1600\" height=\"1066\" src=\"https:\/\/i0.wp.com\/www.curierul.ro\/wp-content\/uploads\/2026\/02\/Martisor2026.jpg?fit=300%2C200&amp;ssl=1\" class=\"attachment-post-thumbnail size-post-thumbnail wp-post-image\" alt><\/div>\n<p class=\"paginate-title\">\u00ab\u00ab <a href=\"https:\/\/www.curierul.ro\/targul-martisor-2026-se-deschide-din-acest-week-end\/\" rel=\"prev\">T\u00e2rgul M\u0103r\u021bi\u0219or 2026 se deschide din acest week-end<\/a><\/p>\n<\/div>\n<div class=\"next-post\">\n<div class=\"featured-photo\"><img decoding=\"async\" width=\"1920\" height=\"1005\" src=\"https:\/\/i0.wp.com\/www.curierul.ro\/wp-content\/uploads\/2026\/02\/Agora.jpg?fit=300%2C157&amp;ssl=1\" class=\"attachment-post-thumbnail size-post-thumbnail wp-post-image\" alt loading=\"lazy\"><\/div>\n<p class=\"paginate-title\"><a href=\"https:\/\/www.curierul.ro\/ordinul-arhitectilor-din-romania-filiala-sibiu-valcea-despre-dezvoltarea-turismului-in-zona-montana-a-judetului-valcea\/\" rel=\"next\">Ordinul Arhitec\u021bilor din Rom\u00e2nia Filiala Sibiu V\u00e2lcea, despre \u201eDezvoltarea turismului \u00een zona montan\u0103 a jude\u021bului V\u00e2lcea\u201d<\/a> \u00bb\u00bb<\/p>\n<\/div>\n<\/div>\n<div id=\"comments\" class=\"comments-area\">\n<div id=\"respond\" class=\"comment-respond\">\n<h3 id=\"reply-title\" class=\"comment-reply-title\">Po\u021bi comenta aici<small><a rel=\"nofollow\" id=\"cancel-comment-reply-link\" href=\"https:\/\/www.curierul.ro\/dosarele-pentru-locuintele-anl-trebuie-actualizate-pana-in-31-martie-altfel-vor-fi-respinse\/#respond\">Anuleaz\u0103 r\u0103spunsul<\/a><\/small><\/h3>\n<\/div>\n<p class=\"akismet_comment_form_privacy_notice\">Acest site folose\u0219te Akismet pentru a reduce spamul. <a href=\"https:\/\/akismet.com\/privacy\/\" target=\"_blank\" rel=\"nofollow noopener\">Afl\u0103 cum sunt procesate datele comentariilor tale<\/a>.<\/p>\n<\/div>\n<section class=\"latest-category clearfix\">\n<h2 class=\"title\">More Stories From Headlines<\/h2>\n<div class=\"stories-container\">\n<article id=\"related-196410\" class=\"story post-196410 post type-post status-publish format-standard has-post-thumbnail hentry category-fotbal category-headlines category-sport\">\n<div class=\"photo\"><img decoding=\"async\" width=\"735\" height=\"440\" src=\"https:\/\/i0.wp.com\/www.curierul.ro\/wp-content\/uploads\/2026\/02\/IMG-20260220-WA0011-1.jpg?fit=240%2C300&amp;ssl=1\" class=\"attachment-giornalismo-single size-giornalismo-single wp-post-image\" alt loading=\"lazy\"><\/div>\n<p class=\"headline\"><a href=\"https:\/\/www.curierul.ro\/scm-ramnicu-valcea-castiga-ultimul-amical-inainte-de-reluarea-ligii-3-1-0-cu-inter-sibiu\/\">SCM R\u00c2MNICU V\u00c2LCEA C\u00c2\u0218TIG\u0102 ULTIMUL AMICAL \u00ceNAINTE DE RELUAREA LIGII 3. 1-0 CU INTER SIBIU<\/a><\/p>\n<\/article>\n<article id=\"related-196393\" class=\"story post-196393 post type-post status-publish format-standard has-post-thumbnail hentry category-handbal category-headlines category-sport tag-cupa-romaniei tag-handbal tag-scm-ramnicu-valcea\">\n<div class=\"photo\"><img decoding=\"async\" width=\"735\" height=\"440\" src=\"https:\/\/i0.wp.com\/www.curierul.ro\/wp-content\/uploads\/2026\/02\/IMG-20260218-WA0009.jpg?fit=298%2C300&amp;ssl=1\" class=\"attachment-giornalismo-single size-giornalismo-single wp-post-image\" alt loading=\"lazy\"><\/div>\n<p class=\"headline\"><a href=\"https:\/\/www.curierul.ro\/scm-ramnicu-valcea-este-in-sferturile-cupei-romaniei-la-handbal-feminin-39-2415-15-cu-stiinta-bucuresti\/\">SCM R\u00c2MNICU V\u00c2LCEA ESTE \u00ceN SFERTURILE CUPEI ROMANIEI LA HANDBAL FEMININ. 39-24(15-15) CU \u0218TIIN\u021aA BUCURE\u0218TI<\/a><\/p>\n<\/article>\n<article id=\"related-196373\" class=\"story post-196373 post type-post status-publish format-standard has-post-thumbnail hentry category-actualitate category-headlines category-politica category-psd\">\n<div class=\"photo\"><img decoding=\"async\" width=\"735\" height=\"440\" src=\"https:\/\/i0.wp.com\/www.curierul.ro\/wp-content\/uploads\/2026\/02\/neata_autostrada.jpg?fit=300%2C240&amp;ssl=1\" class=\"attachment-giornalismo-single size-giornalismo-single wp-post-image\" alt loading=\"lazy\"><\/div>\n<p class=\"headline\"><a href=\"https:\/\/www.curierul.ro\/deputat-eugen-neata-ramnicu-valcea-risca-sa-ramana-singurul-municipiu-resedinta-de-judet-fara-legatura-rapida-cu-o-autostrada\/\">Deputat Eugen Nea\u021b\u0103: \u201eR\u00e2mnicu V\u00e2lcea risc\u0103 s\u0103 r\u0103m\u00e2n\u0103 singurul municipiu re\u0219edin\u021b\u0103 de jude\u021b f\u0103r\u0103 leg\u0103tur\u0103 rapid\u0103 cu o autostrad\u0103\u201d<\/a><\/p>\n<\/article>\n<\/div>\n<\/section>\n<section class=\"author-bio clearfix\">\n<div class=\"mug-shot\"><img decoding=\"async\" alt src=\"https:\/\/secure.gravatar.com\/avatar\/ae634844e12be63a4f063a6c7bef885da670fd420e0dedd39ed80eacd6e6979c?s=96&amp;d=mm&amp;r=g\" class=\"avatar avatar-96 photo\" height=\"96\" width=\"96\" loading=\"lazy\"><\/div>\n<div class=\"author-info\">\n<p class=\"title\">About Alin Emilian Tudoroiu, <\/p>\n<div class=\"author-social-area\"><a href=\"mailto:alintudoroiu@curierul.ro\"><span class=\"fal fa-envelope\"><span class=\"screen-reader-text\">Email the Author<\/span><\/span><\/a><\/div>\n<\/div>\n<\/section>\n<\/footer>\n<\/article>\n<article id=\"196401\" class=\"post-196401 post type-post status-publish format-standard has-post-thumbnail hentry category-headlines category-impact category-politica category-social tag-31-martie tag-actualizate tag-dosare tag-locuinte-anl tag-respinse\">\n<header class=\"post-header\">\n<ul class=\"breadcrumbs\">\n<li><a href=\"https:\/\/www.curierul.ro\">Home<\/a><\/li>\n<li class=\"breadcrumbs-active .category-headlines\"><a href=\"https:\/\/www.curierul.ro\/index.php?cat=19\">Headlines<\/a><\/li>\n<li class=\"breadcrumbs-active .category-headlines\">Dosarele pentru locuin\u021bele ANL trebuie actualizate p\u00e2n\u0103 \u00een 31 martie, altfel vor fi respinse<\/li>\n<\/ul>\n<div class=\"featured-photo\"><img loading=\"lazy\" decoding=\"async\" width=\"1420\" height=\"875\" src=\"https:\/\/i0.wp.com\/www.curierul.ro\/wp-content\/uploads\/2026\/02\/ANL-Stribei-Voda-e1771506885919.jpg?fit=300%2C185&amp;ssl=1\" class=\"attachment-single size-single wp-post-image\" alt><\/div>\n<h1 class=\"headline\">Dosarele pentru locuin\u021bele ANL trebuie actualizate p\u00e2n\u0103 \u00een 31 martie, altfel vor fi respinse<\/h1>\n<p class=\"byline\">\n\t\tScris de<a href=\"https:\/\/www.curierul.ro\/author\/alin\/\">Alin Emilian Tudoroiu<\/a>, \t\t20 februarie 2026\t\t\t\t<\/p>\n<hr>\n<\/header>\n<p>\u00cen perspectiva finaliz\u0103rii, \u00een cursul acestui an, a celor dou\u0103 blocuri de locuin\u021be din strada \u0218tirbei Vod\u0103 \u00eensum\u00e2nd 36 de unit\u0103\u021bi locative \u00een regim de \u00eenchiriere pentru tineri (investi\u021bie derulat\u0103 cu fonduri de la bugetul central de c\u0103tre ANL \u2013 Agen\u021bia Na\u021bional\u0103 pentru Locuin\u021be), Prim\u0103ria Municipiului R\u00e2mnicu V\u00e2lcea informeaz\u0103 titularii dosarelor depuse pentru ob\u021binerea unei astfel de locuin\u021be c\u0103 trebuie s\u0103-\u0219i actualizeze documentele de identitate \u0219i pe cele privind familia, situa\u021bia locativ\u0103 curent\u0103 \u0219i locul de munc\u0103 p\u00e2n\u0103 la data de 31.03.2026. Documentele necesare pot fi depuse prin po\u0219t\u0103 pe adresa: Prim\u0103ria Municipiului R\u00e2mnicu V\u00e2lcea, strada General Praporgescu nr. 14, direct la Registratura Prim\u0103riei din strada General Magheru nr. 25 sau electronic pe adresa de e-mail a Prim\u0103riei Municipiului R\u00e2mnicu V\u00e2lcea \u2013 primaria@primariavl.ro. \u00cen cazul \u00een care p\u00e2n\u0103 la\u00a0 termenul stabilit, dosarul nu va fi completat cu documentele solicitate, acesta va fi respins \u0219i scos din eviden\u021ba Prim\u0103riei.<\/p>\n<div class=\"sharedaddy sd-sharing-enabled\">\n<div class=\"robots-nocontent sd-block sd-social sd-social-official sd-sharing\">\n<h3 class=\"sd-title\">Distribuie pe:<\/h3>\n<div class=\"sd-content\">\n<ul>\n<li class=\"share-facebook\">\n<li class=\"share-twitter\"><a href=\"https:\/\/twitter.com\/share\" class=\"twitter-share-button\" data-url=\"https:\/\/www.curierul.ro\/dosarele-pentru-locuintele-anl-trebuie-actualizate-pana-in-31-martie-altfel-vor-fi-respinse\/\" data-text=\"Dosarele pentru locuin\u021bele ANL trebuie actualizate p\u00e2n\u0103 \u00een 31 martie, altfel vor fi respinse\" data-via=\"curierulvl\">Tweet<\/a><\/li>\n<li class=\"share-jetpack-whatsapp\"><a rel=\"nofollow noopener noreferrer\" data-shared=\"sharing-whatsapp-196401\" class=\"share-jetpack-whatsapp sd-button\" href=\"https:\/\/www.curierul.ro\/dosarele-pentru-locuintele-anl-trebuie-actualizate-pana-in-31-martie-altfel-vor-fi-respinse\/?share=jetpack-whatsapp\" target=\"_blank\" aria-labelledby=\"sharing-whatsapp-196401\"><span id=\"sharing-whatsapp-196401\" hidden>D\u0103 clic pentru partajare pe WhatsApp(Se deschide \u00eentr-o fereastr\u0103 nou\u0103)<\/span><span>WhatsApp<\/span><\/a><\/li>\n<li><a href=\"https:\/\/www.curierul.ro\/dosarele-pentru-locuintele-anl-trebuie-actualizate-pana-in-31-martie-altfel-vor-fi-respinse\/\" class=\"sharing-anchor sd-button share-more\"><span>Mai mult<\/span><\/a><\/li>\n<li class=\"share-end\"><\/ul>\n<div class=\"sharing-hidden\">\n<div class=\"inner\">\n<ul>\n<li class=\"share-email\"><a rel=\"nofollow noopener noreferrer\" data-shared=\"sharing-email-196401\" class=\"share-email sd-button\" href=\"mailto:?subject=%5BArticol%20partajat%5D%20Dosarele%20pentru%20locuin%C8%9Bele%20ANL%20trebuie%20actualizate%20p%C3%A2n%C4%83%20%C3%AEn%2031%20martie%2C%20altfel%20vor%20fi%20respinse&amp;body=https%3A%2F%2Fwww.curierul.ro%2Fdosarele-pentru-locuintele-anl-trebuie-actualizate-pana-in-31-martie-altfel-vor-fi-respinse%2F&amp;share=email\" target=\"_blank\" aria-labelledby=\"sharing-email-196401\" data-email-share-error-title=\"\u021ai-ai configurat emailul?\" data-email-share-error-text=\"Dac\u0103 ai probleme la partajarea prin email, probabil nu ai configurat emailul pentru navigator. Poate trebuie s\u0103 creezi singur un email nou.\" data-email-share-nonce=\"f804237fa0\" data-email-share-track-url=\"https:\/\/www.curierul.ro\/dosarele-pentru-locuintele-anl-trebuie-actualizate-pana-in-31-martie-altfel-vor-fi-respinse\/?share=email\"><span id=\"sharing-email-196401\" hidden>D\u0103 clic pentru a trimite o leg\u0103tur\u0103 prin email unui prieten(Se deschide \u00eentr-o fereastr\u0103 nou\u0103)<\/span><span>Email<\/span><\/a><\/li>\n<li class=\"share-print\"><a rel=\"nofollow noopener noreferrer\" data-shared=\"sharing-print-196401\" class=\"share-print sd-button\" href=\"https:\/\/www.curierul.ro\/dosarele-pentru-locuintele-anl-trebuie-actualizate-pana-in-31-martie-altfel-vor-fi-respinse\/#print?share=print\" target=\"_blank\" aria-labelledby=\"sharing-print-196401\"><span id=\"sharing-print-196401\" hidden>D\u0103 clic pentru a imprima(Se deschide \u00eentr-o fereastr\u0103 nou\u0103)<\/span><span>Imprimare<\/span><\/a><\/li>\n<li class=\"share-end\"><\/ul>\n<\/div>\n<\/div>\n<\/div>\n<\/div>\n<\/div>\n<div id=\"jp-relatedposts\" class=\"jp-relatedposts\">\n<h3 class=\"jp-relatedposts-headline\"><em>Similare<\/em><\/h3>\n<\/div>\n<footer class=\"post-footer\">\n<p class=\"tags\"><strong>Tags: <\/strong><a href=\"https:\/\/www.curierul.ro\/tag\/31-martie\/\" rel=\"tag\">31 martie<\/a>, <a href=\"https:\/\/www.curierul.ro\/tag\/actualizate\/\" rel=\"tag\">actualizate<\/a>, <a href=\"https:\/\/www.curierul.ro\/tag\/dosare\/\" rel=\"tag\">DOSARE<\/a>, <a href=\"https:\/\/www.curierul.ro\/tag\/locuinte-anl\/\" rel=\"tag\">locuin\u021be ANL<\/a>, <a href=\"https:\/\/www.curierul.ro\/tag\/respinse\/\" rel=\"tag\">respinse<\/a><\/p>\n<div class=\"post-navigation clearfix\">\n<div class=\"previous-post\">\n<div class=\"featured-photo\"><img loading=\"lazy\" decoding=\"async\" width=\"1600\" height=\"1066\" src=\"https:\/\/i0.wp.com\/www.curierul.ro\/wp-content\/uploads\/2026\/02\/Martisor2026.jpg?fit=300%2C200&amp;ssl=1\" class=\"attachment-post-thumbnail size-post-thumbnail wp-post-image\" alt><\/div>\n<p class=\"paginate-title\">\u00ab\u00ab <a href=\"https:\/\/www.curierul.ro\/targul-martisor-2026-se-deschide-din-acest-week-end\/\" rel=\"prev\">T\u00e2rgul M\u0103r\u021bi\u0219or 2026 se deschide din acest week-end<\/a><\/p>\n<\/div>\n<div class=\"next-post\">\n<div class=\"featured-photo\"><img decoding=\"async\" width=\"1920\" height=\"1005\" src=\"https:\/\/i0.wp.com\/www.curierul.ro\/wp-content\/uploads\/2026\/02\/Agora.jpg?fit=300%2C157&amp;ssl=1\" class=\"attachment-post-thumbnail size-post-thumbnail wp-post-image\" alt loading=\"lazy\"><\/div>\n<p class=\"paginate-title\"><a href=\"https:\/\/www.curierul.ro\/ordinul-arhitectilor-din-romania-filiala-sibiu-valcea-despre-dezvoltarea-turismului-in-zona-montana-a-judetului-valcea\/\" rel=\"next\">Ordinul Arhitec\u021bilor din Rom\u00e2nia Filiala Sibiu V\u00e2lcea, despre \u201eDezvoltarea turismului \u00een zona montan\u0103 a jude\u021bului V\u00e2lcea\u201d<\/a> \u00bb\u00bb<\/p>\n<\/div>\n<\/div>\n<div id=\"comments\" class=\"comments-area\">\n<div id=\"respond\" class=\"comment-respond\">\n<h3 id=\"reply-title\" class=\"comment-reply-title\">Po\u021bi comenta aici<small><a rel=\"nofollow\" id=\"cancel-comment-reply-link\" href=\"https:\/\/www.curierul.ro\/dosarele-pentru-locuintele-anl-trebuie-actualizate-pana-in-31-martie-altfel-vor-fi-respinse\/#respond\">Anuleaz\u0103 r\u0103spunsul<\/a><\/small><\/h3>\n<\/div>\n<p class=\"akismet_comment_form_privacy_notice\">Acest site folose\u0219te Akismet pentru a reduce spamul. <a href=\"https:\/\/akismet.com\/privacy\/\" target=\"_blank\" rel=\"nofollow noopener\">Afl\u0103 cum sunt procesate datele comentariilor tale<\/a>.<\/p>\n<\/div>\n<section class=\"latest-category clearfix\">\n<h2 class=\"title\">More Stories From Headlines<\/h2>\n<div class=\"stories-container\">\n<article id=\"related-196410\" class=\"story post-196410 post type-post status-publish format-standard has-post-thumbnail hentry category-fotbal category-headlines category-sport\">\n<div class=\"photo\"><img decoding=\"async\" width=\"735\" height=\"440\" src=\"https:\/\/i0.wp.com\/www.curierul.ro\/wp-content\/uploads\/2026\/02\/IMG-20260220-WA0011-1.jpg?fit=240%2C300&amp;ssl=1\" class=\"attachment-giornalismo-single size-giornalismo-single wp-post-image\" alt loading=\"lazy\"><\/div>\n<p class=\"headline\"><a href=\"https:\/\/www.curierul.ro\/scm-ramnicu-valcea-castiga-ultimul-amical-inainte-de-reluarea-ligii-3-1-0-cu-inter-sibiu\/\">SCM R\u00c2MNICU V\u00c2LCEA C\u00c2\u0218TIG\u0102 ULTIMUL AMICAL \u00ceNAINTE DE RELUAREA LIGII 3. 1-0 CU INTER SIBIU<\/a><\/p>\n<\/article>\n<article id=\"related-196393\" class=\"story post-196393 post type-post status-publish format-standard has-post-thumbnail hentry category-handbal category-headlines category-sport tag-cupa-romaniei tag-handbal tag-scm-ramnicu-valcea\">\n<div class=\"photo\"><img decoding=\"async\" width=\"735\" height=\"440\" src=\"https:\/\/i0.wp.com\/www.curierul.ro\/wp-content\/uploads\/2026\/02\/IMG-20260218-WA0009.jpg?fit=298%2C300&amp;ssl=1\" class=\"attachment-giornalismo-single size-giornalismo-single wp-post-image\" alt loading=\"lazy\"><\/div>\n<p class=\"headline\"><a href=\"https:\/\/www.curierul.ro\/scm-ramnicu-valcea-este-in-sferturile-cupei-romaniei-la-handbal-feminin-39-2415-15-cu-stiinta-bucuresti\/\">SCM R\u00c2MNICU V\u00c2LCEA ESTE \u00ceN SFERTURILE CUPEI ROMANIEI LA HANDBAL FEMININ. 39-24(15-15) CU \u0218TIIN\u021aA BUCURE\u0218TI<\/a><\/p>\n<\/article>\n<article id=\"related-196373\" class=\"story post-196373 post type-post status-publish format-standard has-post-thumbnail hentry category-actualitate category-headlines category-politica category-psd\">\n<div class=\"photo\"><img decoding=\"async\" width=\"735\" height=\"440\" src=\"https:\/\/i0.wp.com\/www.curierul.ro\/wp-content\/uploads\/2026\/02\/neata_autostrada.jpg?fit=300%2C240&amp;ssl=1\" class=\"attachment-giornalismo-single size-giornalismo-single wp-post-image\" alt loading=\"lazy\"><\/div>\n<p class=\"headline\"><a href=\"https:\/\/www.curierul.ro\/deputat-eugen-neata-ramnicu-valcea-risca-sa-ramana-singurul-municipiu-resedinta-de-judet-fara-legatura-rapida-cu-o-autostrada\/\">Deputat Eugen Nea\u021b\u0103: \u201eR\u00e2mnicu V\u00e2lcea risc\u0103 s\u0103 r\u0103m\u00e2n\u0103 singurul municipiu re\u0219edin\u021b\u0103 de jude\u021b f\u0103r\u0103 leg\u0103tur\u0103 rapid\u0103 cu o autostrad\u0103\u201d<\/a><\/p>\n<\/article>\n<\/div>\n<\/section>\n<section class=\"author-bio clearfix\">\n<div class=\"mug-shot\"><img decoding=\"async\" alt src=\"https:\/\/secure.gravatar.com\/avatar\/ae634844e12be63a4f063a6c7bef885da670fd420e0dedd39ed80eacd6e6979c?s=96&amp;d=mm&amp;r=g\" class=\"avatar avatar-96 photo\" height=\"96\" width=\"96\" loading=\"lazy\"><\/div>\n<div class=\"author-info\">\n<p class=\"title\">About Alin Emilian Tudoroiu, <\/p>\n<div class=\"author-social-area\"><a href=\"mailto:alintudoroiu@curierul.ro\"><span class=\"fal fa-envelope\"><span class=\"screen-reader-text\">Email the Author<\/span><\/span><\/a><\/div>\n<\/div>\n<\/section>\n<\/footer>\n<\/article>\n<article id=\"related-196410\" class=\"story post-196410 post type-post status-publish format-standard has-post-thumbnail hentry category-fotbal category-headlines category-sport\">\n<div class=\"photo\"><img decoding=\"async\" width=\"735\" height=\"440\" src=\"https:\/\/i0.wp.com\/www.curierul.ro\/wp-content\/uploads\/2026\/02\/IMG-20260220-WA0011-1.jpg?fit=240%2C300&amp;ssl=1\" class=\"attachment-giornalismo-single size-giornalismo-single wp-post-image\" alt loading=\"lazy\"><\/div>\n<p class=\"headline\"><a href=\"https:\/\/www.curierul.ro\/scm-ramnicu-valcea-castiga-ultimul-amical-inainte-de-reluarea-ligii-3-1-0-cu-inter-sibiu\/\">SCM R\u00c2MNICU V\u00c2LCEA C\u00c2\u0218TIG\u0102 ULTIMUL AMICAL \u00ceNAINTE DE RELUAREA LIGII 3. 1-0 CU INTER SIBIU<\/a><\/p>\n<\/article>\n<article id=\"related-196393\" class=\"story post-196393 post type-post status-publish format-standard has-post-thumbnail hentry category-handbal category-headlines category-sport tag-cupa-romaniei tag-handbal tag-scm-ramnicu-valcea\">\n<div class=\"photo\"><img decoding=\"async\" width=\"735\" height=\"440\" src=\"https:\/\/i0.wp.com\/www.curierul.ro\/wp-content\/uploads\/2026\/02\/IMG-20260218-WA0009.jpg?fit=298%2C300&amp;ssl=1\" class=\"attachment-giornalismo-single size-giornalismo-single wp-post-image\" alt loading=\"lazy\"><\/div>\n<p class=\"headline\"><a href=\"https:\/\/www.curierul.ro\/scm-ramnicu-valcea-este-in-sferturile-cupei-romaniei-la-handbal-feminin-39-2415-15-cu-stiinta-bucuresti\/\">SCM R\u00c2MNICU V\u00c2LCEA ESTE \u00ceN SFERTURILE CUPEI ROMANIEI LA HANDBAL FEMININ. 39-24(15-15) CU \u0218TIIN\u021aA BUCURE\u0218TI<\/a><\/p>\n<\/article>\n<article id=\"related-196373\" class=\"story post-196373 post type-post status-publish format-standard has-post-thumbnail hentry category-actualitate category-headlines category-politica category-psd\">\n<div class=\"photo\"><img decoding=\"async\" width=\"735\" height=\"440\" src=\"https:\/\/i0.wp.com\/www.curierul.ro\/wp-content\/uploads\/2026\/02\/neata_autostrada.jpg?fit=300%2C240&amp;ssl=1\" class=\"attachment-giornalismo-single size-giornalismo-single wp-post-image\" alt loading=\"lazy\"><\/div>\n<p class=\"headline\"><a href=\"https:\/\/www.curierul.ro\/deputat-eugen-neata-ramnicu-valcea-risca-sa-ramana-singurul-municipiu-resedinta-de-judet-fara-legatura-rapida-cu-o-autostrada\/\">Deputat Eugen Nea\u021b\u0103: \u201eR\u00e2mnicu V\u00e2lcea risc\u0103 s\u0103 r\u0103m\u00e2n\u0103 singurul municipiu re\u0219edin\u021b\u0103 de jude\u021b f\u0103r\u0103 leg\u0103tur\u0103 rapid\u0103 cu o autostrad\u0103\u201d<\/a><\/p>\n<\/article>\n<p>[analyse_source url=&#8221;https:\/\/www.curierul.ro\/dosarele-pentru-locuintele-anl-trebuie-actualizate-pana-in-31-martie-altfel-vor-fi-respinse\/&#8221;]<\/p>\n","protected":false},"excerpt":{"rendered":"<p>[analyse_image type=&#8221;featured&#8221; src=&#8221;https:\/\/www.curierul.ro\/wp-content\/uploads\/2026\/02\/ANL-Stribei-Voda-e1771506885919.jpghttps:\/\/i0.wp.com\/www.curierul.ro\/wp-content\/uploads\/2026\/02\/ANL-Stribei-Voda-e1771506885919.jpg?fit=1200%2C739&amp;ssl=1&#8243;] Home Headlines Dosarele pentru locuin\u021bele ANL trebuie actualizate p\u00e2n\u0103 \u00een 31 martie, altfel vor fi respinse Dosarele pentru locuin\u021bele ANL trebuie actualizate p\u00e2n\u0103 \u00een 31 martie, altfel vor fi respinse Scris deAlin Emilian Tudoroiu, 20 februarie 2026 \u00cen perspectiva finaliz\u0103rii, \u00een cursul acestui an, a celor dou\u0103 blocuri de locuin\u021be din strada [&hellip;]<\/p>\n","protected":false},"author":1,"featured_media":0,"comment_status":"open","ping_status":"","sticky":false,"template":"","format":"standard","meta":{"footnotes":""},"categories":[89],"tags":[226,213],"class_list":["post-1789891","post","type-post","status-publish","format-standard","hentry","category-romania","tag-crawlmanager","tag-curierul-ro"],"_links":{"self":[{"href":"https:\/\/analyse.optim.biz\/index.php?rest_route=\/wp\/v2\/posts\/1789891","targetHints":{"allow":["GET"]}}],"collection":[{"href":"https:\/\/analyse.optim.biz\/index.php?rest_route=\/wp\/v2\/posts"}],"about":[{"href":"https:\/\/analyse.optim.biz\/index.php?rest_route=\/wp\/v2\/types\/post"}],"author":[{"embeddable":true,"href":"https:\/\/analyse.optim.biz\/index.php?rest_route=\/wp\/v2\/users\/1"}],"replies":[{"embeddable":true,"href":"https:\/\/analyse.optim.biz\/index.php?rest_route=%2Fwp%2Fv2%2Fcomments&post=1789891"}],"version-history":[{"count":0,"href":"https:\/\/analyse.optim.biz\/index.php?rest_route=\/wp\/v2\/posts\/1789891\/revisions"}],"wp:attachment":[{"href":"https:\/\/analyse.optim.biz\/index.php?rest_route=%2Fwp%2Fv2%2Fmedia&parent=1789891"}],"wp:term":[{"taxonomy":"category","embeddable":true,"href":"https:\/\/analyse.optim.biz\/index.php?rest_route=%2Fwp%2Fv2%2Fcategories&post=1789891"},{"taxonomy":"post_tag","embeddable":true,"href":"https:\/\/analyse.optim.biz\/index.php?rest_route=%2Fwp%2Fv2%2Ftags&post=1789891"}],"curies":[{"name":"wp","href":"https:\/\/api.w.org\/{rel}","templated":true}]}}