{"id":1789889,"date":"2026-02-17T09:08:53","date_gmt":"2026-02-17T06:08:53","guid":{"rendered":"https:\/\/analyse.optim.biz\/?p=1789889"},"modified":"2026-02-17T09:08:53","modified_gmt":"2026-02-17T06:08:53","slug":"valcea-are-peste-4500-de-someri","status":"publish","type":"post","link":"https:\/\/analyse.optim.biz\/?p=1789889","title":{"rendered":"V\u00e2lcea are peste 4500 de \u0219omeri"},"content":{"rendered":"<p>[analyse_image type=&#8221;featured&#8221; src=&#8221;https:\/\/www.curierul.ro\/wp-content\/uploads\/2026\/02\/somaj-ianuarie.pnghttps:\/\/i0.wp.com\/www.curierul.ro\/wp-content\/uploads\/2026\/02\/somaj-ianuarie.png?fit=1200%2C676&amp;ssl=1&#8243;]<\/p>\n<article id=\"196362\" class=\"post-196362 post type-post status-publish format-standard has-post-thumbnail hentry category-headlines category-impact category-social tag-someri-2 tag-valcea\">\n<header class=\"post-header\">\n<ul class=\"breadcrumbs\">\n<li><a href=\"https:\/\/www.curierul.ro\">Home<\/a><\/li>\n<li class=\"breadcrumbs-active .category-headlines\"><a href=\"https:\/\/www.curierul.ro\/index.php?cat=19\">Headlines<\/a><\/li>\n<li class=\"breadcrumbs-active .category-headlines\">V\u00e2lcea are peste 4500 de \u0219omeri<\/li>\n<\/ul>\n<div class=\"featured-photo\"><img loading=\"lazy\" decoding=\"async\" width=\"1496\" height=\"843\" src=\"https:\/\/i0.wp.com\/www.curierul.ro\/wp-content\/uploads\/2026\/02\/somaj-ianuarie.png?fit=300%2C169&amp;ssl=1\" class=\"attachment-single size-single wp-post-image\" alt><\/div>\n<h1 class=\"headline\">V\u00e2lcea are peste 4500 de \u0219omeri<\/h1>\n<p class=\"byline\">\n\t\tScris de<a href=\"https:\/\/www.curierul.ro\/author\/curierul\/\">Curierul de Valcea<\/a>, \t\t17 februarie 2026\t\t\t\t<\/p>\n<hr>\n<\/header>\n<p>La sf\u00e2r\u015fitul lunii IANUARIE, rata \u015fomajului \u00een jude\u021bul V\u00e2lcea a fost de <strong>3,24%<\/strong>. Num\u0103rul total de \u015fomeri la finele lunii IANUARIE 2026 a fost de <strong>4506 \u0219<\/strong><strong>omeri <\/strong>din care <strong>2206 femei \u0219i 2300 b\u0103rba\u021bi.<\/strong><\/p>\n<p>Din totalul \u015fomerilor \u00eenregistrati \u00een eviden\u021bele AJOFM V\u00e2lcea, 1804 sunt beneficiari de indemniza\u0163ie de \u0219omaj (din care <strong>144 sunt absolventi)<\/strong>, iar <strong>2702 <\/strong>persoane sunt \u0219omeri neindemniza\u021bi. \u00cen ceea ce prive\u0219te mediul de reziden\u021b\u0103, <strong>3001 <\/strong>\u0219omeri provin din mediul rural \u0219i <strong>1505 <\/strong>\u00a0sunt din mediul urban.<\/p>\n<p>\u0218omerii cu studii gimnaziale\/f\u0103r\u0103 studii\/\u0219coal\u0103 profesional\u0103 au ponderea cea mai mare \u00een totalul \u0219omerilor \u00eenregistra\u021bi \u00een eviden\u021bele AJOFM V\u00e2lcea, respectiv 2880 persoane (63,91%), urmat de cei cu studii liceale\/postliceale, 1299 persoane (28,83%), iar 327 persoane (7,26%) \u00a0au absolvit studii superioare.<\/p>\n<p>Structura \u0219omerilor \u00eenregistra\u021bi pe nivel de ocupabilitate, stabilit prin profilare, se prezint\u0103 astfel: 230 persoane foarte greu ocupabile, 1946 greu ocupabile, 1897 mediu ocupabile, iar 433 sunt persoane u\u0219or ocupabile. \u00cencadrarea\u00a0 \u00eentr-o categorie de ocupabilitate se realizeaz\u0103 ca urmare a activit\u0103\u0163ii de profilare a persoanelor \u00eenregistrate \u00een eviden\u0163ele noastre.<\/p>\n<div class=\"sharedaddy sd-sharing-enabled\">\n<div class=\"robots-nocontent sd-block sd-social sd-social-official sd-sharing\">\n<h3 class=\"sd-title\">Distribuie pe:<\/h3>\n<div class=\"sd-content\">\n<ul>\n<li class=\"share-facebook\">\n<li class=\"share-twitter\"><a href=\"https:\/\/twitter.com\/share\" class=\"twitter-share-button\" data-url=\"https:\/\/www.curierul.ro\/valcea-are-peste-4500-de-someri\/\" data-text=\"V\u00e2lcea are peste 4500 de \u0219omeri\" data-via=\"curierulvl\">Tweet<\/a><\/li>\n<li class=\"share-jetpack-whatsapp\"><a rel=\"nofollow noopener noreferrer\" data-shared=\"sharing-whatsapp-196362\" class=\"share-jetpack-whatsapp sd-button\" href=\"https:\/\/www.curierul.ro\/valcea-are-peste-4500-de-someri\/?share=jetpack-whatsapp\" target=\"_blank\" aria-labelledby=\"sharing-whatsapp-196362\"><span id=\"sharing-whatsapp-196362\" hidden>D\u0103 clic pentru partajare pe WhatsApp(Se deschide \u00eentr-o fereastr\u0103 nou\u0103)<\/span><span>WhatsApp<\/span><\/a><\/li>\n<li><a href=\"https:\/\/www.curierul.ro\/valcea-are-peste-4500-de-someri\/\" class=\"sharing-anchor sd-button share-more\"><span>Mai mult<\/span><\/a><\/li>\n<li class=\"share-end\"><\/ul>\n<div class=\"sharing-hidden\">\n<div class=\"inner\">\n<ul>\n<li class=\"share-email\"><a rel=\"nofollow noopener noreferrer\" data-shared=\"sharing-email-196362\" class=\"share-email sd-button\" href=\"mailto:?subject=%5BArticol%20partajat%5D%20V%C3%A2lcea%20are%20peste%204500%20de%20%C8%99omeri&amp;body=https%3A%2F%2Fwww.curierul.ro%2Fvalcea-are-peste-4500-de-someri%2F&amp;share=email\" target=\"_blank\" aria-labelledby=\"sharing-email-196362\" data-email-share-error-title=\"\u021ai-ai configurat emailul?\" data-email-share-error-text=\"Dac\u0103 ai probleme la partajarea prin email, probabil nu ai configurat emailul pentru navigator. Poate trebuie s\u0103 creezi singur un email nou.\" data-email-share-nonce=\"56e72ec13e\" data-email-share-track-url=\"https:\/\/www.curierul.ro\/valcea-are-peste-4500-de-someri\/?share=email\"><span id=\"sharing-email-196362\" hidden>D\u0103 clic pentru a trimite o leg\u0103tur\u0103 prin email unui prieten(Se deschide \u00eentr-o fereastr\u0103 nou\u0103)<\/span><span>Email<\/span><\/a><\/li>\n<li class=\"share-print\"><a rel=\"nofollow noopener noreferrer\" data-shared=\"sharing-print-196362\" class=\"share-print sd-button\" href=\"https:\/\/www.curierul.ro\/valcea-are-peste-4500-de-someri\/#print?share=print\" target=\"_blank\" aria-labelledby=\"sharing-print-196362\"><span id=\"sharing-print-196362\" hidden>D\u0103 clic pentru a imprima(Se deschide \u00eentr-o fereastr\u0103 nou\u0103)<\/span><span>Imprimare<\/span><\/a><\/li>\n<li class=\"share-end\"><\/ul>\n<\/div>\n<\/div>\n<\/div>\n<\/div>\n<\/div>\n<div id=\"jp-relatedposts\" class=\"jp-relatedposts\">\n<h3 class=\"jp-relatedposts-headline\"><em>Similare<\/em><\/h3>\n<\/div>\n<footer class=\"post-footer\">\n<p class=\"tags\"><strong>Tags: <\/strong><a href=\"https:\/\/www.curierul.ro\/tag\/someri-2\/\" rel=\"tag\">\u0219omeri<\/a>, <a href=\"https:\/\/www.curierul.ro\/tag\/valcea\/\" rel=\"tag\">Valcea<\/a><\/p>\n<div class=\"post-navigation clearfix\">\n<div class=\"previous-post\">\n<div class=\"featured-photo\"><img loading=\"lazy\" decoding=\"async\" width=\"2048\" height=\"1620\" src=\"https:\/\/i0.wp.com\/www.curierul.ro\/wp-content\/uploads\/2026\/02\/karate-1.jpg?fit=300%2C237&amp;ssl=1\" class=\"attachment-post-thumbnail size-post-thumbnail wp-post-image\" alt><\/div>\n<p class=\"paginate-title\">\u00ab\u00ab <a href=\"https:\/\/www.curierul.ro\/css-municipal-tolba-plina-de-medalii-la-campionatul-national-de-karate-shotokan\/\" rel=\"prev\">CS\u0218 Municipiul Rm. V\u00e2lcea, tolba plin\u0103 de medalii la Campionatul Na\u021bional de Karate Shotokan<\/a><\/p>\n<\/div>\n<div class=\"next-post\">\n<div class=\"featured-photo\"><img decoding=\"async\" width=\"450\" height=\"550\" src=\"https:\/\/i0.wp.com\/www.curierul.ro\/wp-content\/uploads\/2026\/02\/Spiru_Haret.jpg?fit=245%2C300&amp;ssl=1\" class=\"attachment-post-thumbnail size-post-thumbnail wp-post-image\" alt loading=\"lazy\"><\/div>\n<p class=\"paginate-title\"><a href=\"https:\/\/www.curierul.ro\/spiru-haret-175-de-ani-de-la-nasterea-omului-scoalei\/\" rel=\"next\">Spiru Haret \u2013 175 de ani de la na\u0219terea \u00abomului \u0219coalei\u00bb<\/a> \u00bb\u00bb<\/p>\n<\/div>\n<\/div>\n<div id=\"comments\" class=\"comments-area\">\n<div id=\"respond\" class=\"comment-respond\">\n<h3 id=\"reply-title\" class=\"comment-reply-title\">Po\u021bi comenta aici<small><a rel=\"nofollow\" id=\"cancel-comment-reply-link\" href=\"https:\/\/www.curierul.ro\/valcea-are-peste-4500-de-someri\/#respond\">Anuleaz\u0103 r\u0103spunsul<\/a><\/small><\/h3>\n<\/div>\n<p class=\"akismet_comment_form_privacy_notice\">Acest site folose\u0219te Akismet pentru a reduce spamul. <a href=\"https:\/\/akismet.com\/privacy\/\" target=\"_blank\" rel=\"nofollow noopener\">Afl\u0103 cum sunt procesate datele comentariilor tale<\/a>.<\/p>\n<\/div>\n<section class=\"related-stories\">\n<h2>Related Stories<\/h2>\n<div class=\"stories-container\">\n<article id=\"latest-185314\" class=\"story post-185314 post type-post status-publish format-standard has-post-thumbnail hentry category-actualitate category-social tag-ajofm-valcea-2 tag-mediul-rural tag-ocupabilitate tag-someri-2 tag-studii\">\n<div class=\"photo\"><img decoding=\"async\" width=\"735\" height=\"392\" src=\"https:\/\/i0.wp.com\/www.curierul.ro\/wp-content\/uploads\/2023\/11\/AJOFM-SOMAJ-OCT.jpg?fit=300%2C137&amp;ssl=1\" class=\"attachment-giornalismo-single size-giornalismo-single wp-post-image\" alt loading=\"lazy\"><\/div>\n<p class=\"headline\"><a href=\"https:\/\/www.curierul.ro\/rata-somajului-se-mentine-scazuta-in-valcea-2\/\">Rata \u0219omajului se men\u021bine sc\u0103zut\u0103 \u00een V\u00e2lcea<\/a><\/p>\n<\/article>\n<article id=\"latest-184017\" class=\"story post-184017 post type-post status-publish format-standard has-post-thumbnail hentry category-actualitate category-economie category-politica tag-ajofm-valcea-2 tag-indemnizatie-2 tag-ocupabilitate tag-rata-somajului tag-someri-2\">\n<div class=\"photo\"><img decoding=\"async\" width=\"735\" height=\"411\" src=\"https:\/\/i0.wp.com\/www.curierul.ro\/wp-content\/uploads\/2023\/08\/AJOFM-SOMAJ-IULIE.jpg?fit=300%2C162&amp;ssl=1\" class=\"attachment-giornalismo-single size-giornalismo-single wp-post-image\" alt loading=\"lazy\"><\/div>\n<p class=\"headline\"><a href=\"https:\/\/www.curierul.ro\/somerul-valcean-o-specie-pe-cale-de-disparitie\/\">\u0218OMERUL V\u00c2LCEAN, o \u201especie\u201d pe cale de dispari\u021bie<\/a><\/p>\n<\/article>\n<article id=\"latest-183971\" class=\"story post-183971 post type-post status-publish format-standard has-post-thumbnail hentry category-actualitate category-economie category-politica tag-ajofm-valcea-2 tag-angajari-2 tag-piata-muncii tag-someri-2 tag-tineri-neet\">\n<div class=\"photo\"><img decoding=\"async\" width=\"366\" height=\"251\" src=\"https:\/\/i0.wp.com\/www.curierul.ro\/wp-content\/uploads\/2021\/06\/AJOFM.jpg?fit=300%2C206&amp;ssl=1\" class=\"attachment-giornalismo-single size-giornalismo-single wp-post-image\" alt loading=\"lazy\"><\/div>\n<p class=\"headline\"><a href=\"https:\/\/www.curierul.ro\/1-813-persoane-au-fost-angajate-prin-intermediul-ajofm-valcea-in-primul-semestru-al-anului-2023\/\">1.813 PERSOANE AU FOST ANGAJATE prin intermediul AJOFM V\u00e2lcea, \u00een primul semestru al anului 2023<\/a><\/p>\n<\/article>\n<\/div>\n<\/section>\n<section class=\"latest-category clearfix\">\n<h2 class=\"title\">More Stories From Headlines<\/h2>\n<div class=\"stories-container\">\n<article id=\"related-196410\" class=\"story post-196410 post type-post status-publish format-standard has-post-thumbnail hentry category-fotbal category-headlines category-sport\">\n<div class=\"photo\"><img decoding=\"async\" width=\"735\" height=\"440\" src=\"https:\/\/i0.wp.com\/www.curierul.ro\/wp-content\/uploads\/2026\/02\/IMG-20260220-WA0011-1.jpg?fit=240%2C300&amp;ssl=1\" class=\"attachment-giornalismo-single size-giornalismo-single wp-post-image\" alt loading=\"lazy\"><\/div>\n<p class=\"headline\"><a href=\"https:\/\/www.curierul.ro\/scm-ramnicu-valcea-castiga-ultimul-amical-inainte-de-reluarea-ligii-3-1-0-cu-inter-sibiu\/\">SCM R\u00c2MNICU V\u00c2LCEA C\u00c2\u0218TIG\u0102 ULTIMUL AMICAL \u00ceNAINTE DE RELUAREA LIGII 3. 1-0 CU INTER SIBIU<\/a><\/p>\n<\/article>\n<article id=\"related-196401\" class=\"story post-196401 post type-post status-publish format-standard has-post-thumbnail hentry category-headlines category-impact category-politica category-social tag-31-martie tag-actualizate tag-dosare tag-locuinte-anl tag-respinse\">\n<div class=\"photo\"><img decoding=\"async\" width=\"735\" height=\"440\" src=\"https:\/\/i0.wp.com\/www.curierul.ro\/wp-content\/uploads\/2026\/02\/ANL-Stribei-Voda-e1771506885919.jpg?fit=300%2C185&amp;ssl=1\" class=\"attachment-giornalismo-single size-giornalismo-single wp-post-image\" alt loading=\"lazy\"><\/div>\n<p class=\"headline\"><a href=\"https:\/\/www.curierul.ro\/dosarele-pentru-locuintele-anl-trebuie-actualizate-pana-in-31-martie-altfel-vor-fi-respinse\/\">Dosarele pentru locuin\u021bele ANL trebuie actualizate p\u00e2n\u0103 \u00een 31 martie, altfel vor fi respinse<\/a><\/p>\n<\/article>\n<article id=\"related-196393\" class=\"story post-196393 post type-post status-publish format-standard has-post-thumbnail hentry category-handbal category-headlines category-sport tag-cupa-romaniei tag-handbal tag-scm-ramnicu-valcea\">\n<div class=\"photo\"><img decoding=\"async\" width=\"735\" height=\"440\" src=\"https:\/\/i0.wp.com\/www.curierul.ro\/wp-content\/uploads\/2026\/02\/IMG-20260218-WA0009.jpg?fit=298%2C300&amp;ssl=1\" class=\"attachment-giornalismo-single size-giornalismo-single wp-post-image\" alt loading=\"lazy\"><\/div>\n<p class=\"headline\"><a href=\"https:\/\/www.curierul.ro\/scm-ramnicu-valcea-este-in-sferturile-cupei-romaniei-la-handbal-feminin-39-2415-15-cu-stiinta-bucuresti\/\">SCM R\u00c2MNICU V\u00c2LCEA ESTE \u00ceN SFERTURILE CUPEI ROMANIEI LA HANDBAL FEMININ. 39-24(15-15) CU \u0218TIIN\u021aA BUCURE\u0218TI<\/a><\/p>\n<\/article>\n<\/div>\n<\/section>\n<section class=\"author-bio clearfix\">\n<div class=\"mug-shot\"><img decoding=\"async\" alt src=\"https:\/\/secure.gravatar.com\/avatar\/2a58d181c1d85262357d59db6fc29158130ca794fc45057783762a4c0eb9167f?s=96&amp;d=mm&amp;r=g\" class=\"avatar avatar-96 photo\" height=\"96\" width=\"96\" loading=\"lazy\"><\/div>\n<div class=\"author-info\">\n<p class=\"title\">About Curierul de Valcea, <\/p>\n<div class=\"author-social-area\"><a href=\"mailto:curierul@curierul.ro\"><span class=\"fal fa-envelope\"><span class=\"screen-reader-text\">Email the Author<\/span><\/span><\/a><\/div>\n<\/div>\n<\/section>\n<\/footer>\n<\/article>\n<article id=\"196362\" class=\"post-196362 post type-post status-publish format-standard has-post-thumbnail hentry category-headlines category-impact category-social tag-someri-2 tag-valcea\">\n<header class=\"post-header\">\n<ul class=\"breadcrumbs\">\n<li><a href=\"https:\/\/www.curierul.ro\">Home<\/a><\/li>\n<li class=\"breadcrumbs-active .category-headlines\"><a href=\"https:\/\/www.curierul.ro\/index.php?cat=19\">Headlines<\/a><\/li>\n<li class=\"breadcrumbs-active .category-headlines\">V\u00e2lcea are peste 4500 de \u0219omeri<\/li>\n<\/ul>\n<div class=\"featured-photo\"><img loading=\"lazy\" decoding=\"async\" width=\"1496\" height=\"843\" src=\"https:\/\/i0.wp.com\/www.curierul.ro\/wp-content\/uploads\/2026\/02\/somaj-ianuarie.png?fit=300%2C169&amp;ssl=1\" class=\"attachment-single size-single wp-post-image\" alt><\/div>\n<h1 class=\"headline\">V\u00e2lcea are peste 4500 de \u0219omeri<\/h1>\n<p class=\"byline\">\n\t\tScris de<a href=\"https:\/\/www.curierul.ro\/author\/curierul\/\">Curierul de Valcea<\/a>, \t\t17 februarie 2026\t\t\t\t<\/p>\n<hr>\n<\/header>\n<p>La sf\u00e2r\u015fitul lunii IANUARIE, rata \u015fomajului \u00een jude\u021bul V\u00e2lcea a fost de <strong>3,24%<\/strong>. Num\u0103rul total de \u015fomeri la finele lunii IANUARIE 2026 a fost de <strong>4506 \u0219<\/strong><strong>omeri <\/strong>din care <strong>2206 femei \u0219i 2300 b\u0103rba\u021bi.<\/strong><\/p>\n<p>Din totalul \u015fomerilor \u00eenregistrati \u00een eviden\u021bele AJOFM V\u00e2lcea, 1804 sunt beneficiari de indemniza\u0163ie de \u0219omaj (din care <strong>144 sunt absolventi)<\/strong>, iar <strong>2702 <\/strong>persoane sunt \u0219omeri neindemniza\u021bi. \u00cen ceea ce prive\u0219te mediul de reziden\u021b\u0103, <strong>3001 <\/strong>\u0219omeri provin din mediul rural \u0219i <strong>1505 <\/strong>\u00a0sunt din mediul urban.<\/p>\n<p>\u0218omerii cu studii gimnaziale\/f\u0103r\u0103 studii\/\u0219coal\u0103 profesional\u0103 au ponderea cea mai mare \u00een totalul \u0219omerilor \u00eenregistra\u021bi \u00een eviden\u021bele AJOFM V\u00e2lcea, respectiv 2880 persoane (63,91%), urmat de cei cu studii liceale\/postliceale, 1299 persoane (28,83%), iar 327 persoane (7,26%) \u00a0au absolvit studii superioare.<\/p>\n<p>Structura \u0219omerilor \u00eenregistra\u021bi pe nivel de ocupabilitate, stabilit prin profilare, se prezint\u0103 astfel: 230 persoane foarte greu ocupabile, 1946 greu ocupabile, 1897 mediu ocupabile, iar 433 sunt persoane u\u0219or ocupabile. \u00cencadrarea\u00a0 \u00eentr-o categorie de ocupabilitate se realizeaz\u0103 ca urmare a activit\u0103\u0163ii de profilare a persoanelor \u00eenregistrate \u00een eviden\u0163ele noastre.<\/p>\n<div class=\"sharedaddy sd-sharing-enabled\">\n<div class=\"robots-nocontent sd-block sd-social sd-social-official sd-sharing\">\n<h3 class=\"sd-title\">Distribuie pe:<\/h3>\n<div class=\"sd-content\">\n<ul>\n<li class=\"share-facebook\">\n<li class=\"share-twitter\"><a href=\"https:\/\/twitter.com\/share\" class=\"twitter-share-button\" data-url=\"https:\/\/www.curierul.ro\/valcea-are-peste-4500-de-someri\/\" data-text=\"V\u00e2lcea are peste 4500 de \u0219omeri\" data-via=\"curierulvl\">Tweet<\/a><\/li>\n<li class=\"share-jetpack-whatsapp\"><a rel=\"nofollow noopener noreferrer\" data-shared=\"sharing-whatsapp-196362\" class=\"share-jetpack-whatsapp sd-button\" href=\"https:\/\/www.curierul.ro\/valcea-are-peste-4500-de-someri\/?share=jetpack-whatsapp\" target=\"_blank\" aria-labelledby=\"sharing-whatsapp-196362\"><span id=\"sharing-whatsapp-196362\" hidden>D\u0103 clic pentru partajare pe WhatsApp(Se deschide \u00eentr-o fereastr\u0103 nou\u0103)<\/span><span>WhatsApp<\/span><\/a><\/li>\n<li><a href=\"https:\/\/www.curierul.ro\/valcea-are-peste-4500-de-someri\/\" class=\"sharing-anchor sd-button share-more\"><span>Mai mult<\/span><\/a><\/li>\n<li class=\"share-end\"><\/ul>\n<div class=\"sharing-hidden\">\n<div class=\"inner\">\n<ul>\n<li class=\"share-email\"><a rel=\"nofollow noopener noreferrer\" data-shared=\"sharing-email-196362\" class=\"share-email sd-button\" href=\"mailto:?subject=%5BArticol%20partajat%5D%20V%C3%A2lcea%20are%20peste%204500%20de%20%C8%99omeri&amp;body=https%3A%2F%2Fwww.curierul.ro%2Fvalcea-are-peste-4500-de-someri%2F&amp;share=email\" target=\"_blank\" aria-labelledby=\"sharing-email-196362\" data-email-share-error-title=\"\u021ai-ai configurat emailul?\" data-email-share-error-text=\"Dac\u0103 ai probleme la partajarea prin email, probabil nu ai configurat emailul pentru navigator. Poate trebuie s\u0103 creezi singur un email nou.\" data-email-share-nonce=\"56e72ec13e\" data-email-share-track-url=\"https:\/\/www.curierul.ro\/valcea-are-peste-4500-de-someri\/?share=email\"><span id=\"sharing-email-196362\" hidden>D\u0103 clic pentru a trimite o leg\u0103tur\u0103 prin email unui prieten(Se deschide \u00eentr-o fereastr\u0103 nou\u0103)<\/span><span>Email<\/span><\/a><\/li>\n<li class=\"share-print\"><a rel=\"nofollow noopener noreferrer\" data-shared=\"sharing-print-196362\" class=\"share-print sd-button\" href=\"https:\/\/www.curierul.ro\/valcea-are-peste-4500-de-someri\/#print?share=print\" target=\"_blank\" aria-labelledby=\"sharing-print-196362\"><span id=\"sharing-print-196362\" hidden>D\u0103 clic pentru a imprima(Se deschide \u00eentr-o fereastr\u0103 nou\u0103)<\/span><span>Imprimare<\/span><\/a><\/li>\n<li class=\"share-end\"><\/ul>\n<\/div>\n<\/div>\n<\/div>\n<\/div>\n<\/div>\n<div id=\"jp-relatedposts\" class=\"jp-relatedposts\">\n<h3 class=\"jp-relatedposts-headline\"><em>Similare<\/em><\/h3>\n<\/div>\n<footer class=\"post-footer\">\n<p class=\"tags\"><strong>Tags: <\/strong><a href=\"https:\/\/www.curierul.ro\/tag\/someri-2\/\" rel=\"tag\">\u0219omeri<\/a>, <a href=\"https:\/\/www.curierul.ro\/tag\/valcea\/\" rel=\"tag\">Valcea<\/a><\/p>\n<div class=\"post-navigation clearfix\">\n<div class=\"previous-post\">\n<div class=\"featured-photo\"><img loading=\"lazy\" decoding=\"async\" width=\"2048\" height=\"1620\" src=\"https:\/\/i0.wp.com\/www.curierul.ro\/wp-content\/uploads\/2026\/02\/karate-1.jpg?fit=300%2C237&amp;ssl=1\" class=\"attachment-post-thumbnail size-post-thumbnail wp-post-image\" alt><\/div>\n<p class=\"paginate-title\">\u00ab\u00ab <a href=\"https:\/\/www.curierul.ro\/css-municipal-tolba-plina-de-medalii-la-campionatul-national-de-karate-shotokan\/\" rel=\"prev\">CS\u0218 Municipiul Rm. V\u00e2lcea, tolba plin\u0103 de medalii la Campionatul Na\u021bional de Karate Shotokan<\/a><\/p>\n<\/div>\n<div class=\"next-post\">\n<div class=\"featured-photo\"><img decoding=\"async\" width=\"450\" height=\"550\" src=\"https:\/\/i0.wp.com\/www.curierul.ro\/wp-content\/uploads\/2026\/02\/Spiru_Haret.jpg?fit=245%2C300&amp;ssl=1\" class=\"attachment-post-thumbnail size-post-thumbnail wp-post-image\" alt loading=\"lazy\"><\/div>\n<p class=\"paginate-title\"><a href=\"https:\/\/www.curierul.ro\/spiru-haret-175-de-ani-de-la-nasterea-omului-scoalei\/\" rel=\"next\">Spiru Haret \u2013 175 de ani de la na\u0219terea \u00abomului \u0219coalei\u00bb<\/a> \u00bb\u00bb<\/p>\n<\/div>\n<\/div>\n<div id=\"comments\" class=\"comments-area\">\n<div id=\"respond\" class=\"comment-respond\">\n<h3 id=\"reply-title\" class=\"comment-reply-title\">Po\u021bi comenta aici<small><a rel=\"nofollow\" id=\"cancel-comment-reply-link\" href=\"https:\/\/www.curierul.ro\/valcea-are-peste-4500-de-someri\/#respond\">Anuleaz\u0103 r\u0103spunsul<\/a><\/small><\/h3>\n<\/div>\n<p class=\"akismet_comment_form_privacy_notice\">Acest site folose\u0219te Akismet pentru a reduce spamul. <a href=\"https:\/\/akismet.com\/privacy\/\" target=\"_blank\" rel=\"nofollow noopener\">Afl\u0103 cum sunt procesate datele comentariilor tale<\/a>.<\/p>\n<\/div>\n<section class=\"related-stories\">\n<h2>Related Stories<\/h2>\n<div class=\"stories-container\">\n<article id=\"latest-185314\" class=\"story post-185314 post type-post status-publish format-standard has-post-thumbnail hentry category-actualitate category-social tag-ajofm-valcea-2 tag-mediul-rural tag-ocupabilitate tag-someri-2 tag-studii\">\n<div class=\"photo\"><img decoding=\"async\" width=\"735\" height=\"392\" src=\"https:\/\/i0.wp.com\/www.curierul.ro\/wp-content\/uploads\/2023\/11\/AJOFM-SOMAJ-OCT.jpg?fit=300%2C137&amp;ssl=1\" class=\"attachment-giornalismo-single size-giornalismo-single wp-post-image\" alt loading=\"lazy\"><\/div>\n<p class=\"headline\"><a href=\"https:\/\/www.curierul.ro\/rata-somajului-se-mentine-scazuta-in-valcea-2\/\">Rata \u0219omajului se men\u021bine sc\u0103zut\u0103 \u00een V\u00e2lcea<\/a><\/p>\n<\/article>\n<article id=\"latest-184017\" class=\"story post-184017 post type-post status-publish format-standard has-post-thumbnail hentry category-actualitate category-economie category-politica tag-ajofm-valcea-2 tag-indemnizatie-2 tag-ocupabilitate tag-rata-somajului tag-someri-2\">\n<div class=\"photo\"><img decoding=\"async\" width=\"735\" height=\"411\" src=\"https:\/\/i0.wp.com\/www.curierul.ro\/wp-content\/uploads\/2023\/08\/AJOFM-SOMAJ-IULIE.jpg?fit=300%2C162&amp;ssl=1\" class=\"attachment-giornalismo-single size-giornalismo-single wp-post-image\" alt loading=\"lazy\"><\/div>\n<p class=\"headline\"><a href=\"https:\/\/www.curierul.ro\/somerul-valcean-o-specie-pe-cale-de-disparitie\/\">\u0218OMERUL V\u00c2LCEAN, o \u201especie\u201d pe cale de dispari\u021bie<\/a><\/p>\n<\/article>\n<article id=\"latest-183971\" class=\"story post-183971 post type-post status-publish format-standard has-post-thumbnail hentry category-actualitate category-economie category-politica tag-ajofm-valcea-2 tag-angajari-2 tag-piata-muncii tag-someri-2 tag-tineri-neet\">\n<div class=\"photo\"><img decoding=\"async\" width=\"366\" height=\"251\" src=\"https:\/\/i0.wp.com\/www.curierul.ro\/wp-content\/uploads\/2021\/06\/AJOFM.jpg?fit=300%2C206&amp;ssl=1\" class=\"attachment-giornalismo-single size-giornalismo-single wp-post-image\" alt loading=\"lazy\"><\/div>\n<p class=\"headline\"><a href=\"https:\/\/www.curierul.ro\/1-813-persoane-au-fost-angajate-prin-intermediul-ajofm-valcea-in-primul-semestru-al-anului-2023\/\">1.813 PERSOANE AU FOST ANGAJATE prin intermediul AJOFM V\u00e2lcea, \u00een primul semestru al anului 2023<\/a><\/p>\n<\/article>\n<\/div>\n<\/section>\n<section class=\"latest-category clearfix\">\n<h2 class=\"title\">More Stories From Headlines<\/h2>\n<div class=\"stories-container\">\n<article id=\"related-196410\" class=\"story post-196410 post type-post status-publish format-standard has-post-thumbnail hentry category-fotbal category-headlines category-sport\">\n<div class=\"photo\"><img decoding=\"async\" width=\"735\" height=\"440\" src=\"https:\/\/i0.wp.com\/www.curierul.ro\/wp-content\/uploads\/2026\/02\/IMG-20260220-WA0011-1.jpg?fit=240%2C300&amp;ssl=1\" class=\"attachment-giornalismo-single size-giornalismo-single wp-post-image\" alt loading=\"lazy\"><\/div>\n<p class=\"headline\"><a href=\"https:\/\/www.curierul.ro\/scm-ramnicu-valcea-castiga-ultimul-amical-inainte-de-reluarea-ligii-3-1-0-cu-inter-sibiu\/\">SCM R\u00c2MNICU V\u00c2LCEA C\u00c2\u0218TIG\u0102 ULTIMUL AMICAL \u00ceNAINTE DE RELUAREA LIGII 3. 1-0 CU INTER SIBIU<\/a><\/p>\n<\/article>\n<article id=\"related-196401\" class=\"story post-196401 post type-post status-publish format-standard has-post-thumbnail hentry category-headlines category-impact category-politica category-social tag-31-martie tag-actualizate tag-dosare tag-locuinte-anl tag-respinse\">\n<div class=\"photo\"><img decoding=\"async\" width=\"735\" height=\"440\" src=\"https:\/\/i0.wp.com\/www.curierul.ro\/wp-content\/uploads\/2026\/02\/ANL-Stribei-Voda-e1771506885919.jpg?fit=300%2C185&amp;ssl=1\" class=\"attachment-giornalismo-single size-giornalismo-single wp-post-image\" alt loading=\"lazy\"><\/div>\n<p class=\"headline\"><a href=\"https:\/\/www.curierul.ro\/dosarele-pentru-locuintele-anl-trebuie-actualizate-pana-in-31-martie-altfel-vor-fi-respinse\/\">Dosarele pentru locuin\u021bele ANL trebuie actualizate p\u00e2n\u0103 \u00een 31 martie, altfel vor fi respinse<\/a><\/p>\n<\/article>\n<article id=\"related-196393\" class=\"story post-196393 post type-post status-publish format-standard has-post-thumbnail hentry category-handbal category-headlines category-sport tag-cupa-romaniei tag-handbal tag-scm-ramnicu-valcea\">\n<div class=\"photo\"><img decoding=\"async\" width=\"735\" height=\"440\" src=\"https:\/\/i0.wp.com\/www.curierul.ro\/wp-content\/uploads\/2026\/02\/IMG-20260218-WA0009.jpg?fit=298%2C300&amp;ssl=1\" class=\"attachment-giornalismo-single size-giornalismo-single wp-post-image\" alt loading=\"lazy\"><\/div>\n<p class=\"headline\"><a href=\"https:\/\/www.curierul.ro\/scm-ramnicu-valcea-este-in-sferturile-cupei-romaniei-la-handbal-feminin-39-2415-15-cu-stiinta-bucuresti\/\">SCM R\u00c2MNICU V\u00c2LCEA ESTE \u00ceN SFERTURILE CUPEI ROMANIEI LA HANDBAL FEMININ. 39-24(15-15) CU \u0218TIIN\u021aA BUCURE\u0218TI<\/a><\/p>\n<\/article>\n<\/div>\n<\/section>\n<section class=\"author-bio clearfix\">\n<div class=\"mug-shot\"><img decoding=\"async\" alt src=\"https:\/\/secure.gravatar.com\/avatar\/2a58d181c1d85262357d59db6fc29158130ca794fc45057783762a4c0eb9167f?s=96&amp;d=mm&amp;r=g\" class=\"avatar avatar-96 photo\" height=\"96\" width=\"96\" loading=\"lazy\"><\/div>\n<div class=\"author-info\">\n<p class=\"title\">About Curierul de Valcea, <\/p>\n<div class=\"author-social-area\"><a href=\"mailto:curierul@curierul.ro\"><span class=\"fal fa-envelope\"><span class=\"screen-reader-text\">Email the Author<\/span><\/span><\/a><\/div>\n<\/div>\n<\/section>\n<\/footer>\n<\/article>\n<article id=\"latest-185314\" class=\"story post-185314 post type-post status-publish format-standard has-post-thumbnail hentry category-actualitate category-social tag-ajofm-valcea-2 tag-mediul-rural tag-ocupabilitate tag-someri-2 tag-studii\">\n<div class=\"photo\"><img decoding=\"async\" width=\"735\" height=\"392\" src=\"https:\/\/i0.wp.com\/www.curierul.ro\/wp-content\/uploads\/2023\/11\/AJOFM-SOMAJ-OCT.jpg?fit=300%2C137&amp;ssl=1\" class=\"attachment-giornalismo-single size-giornalismo-single wp-post-image\" alt loading=\"lazy\"><\/div>\n<p class=\"headline\"><a href=\"https:\/\/www.curierul.ro\/rata-somajului-se-mentine-scazuta-in-valcea-2\/\">Rata \u0219omajului se men\u021bine sc\u0103zut\u0103 \u00een V\u00e2lcea<\/a><\/p>\n<\/article>\n<article id=\"latest-184017\" class=\"story post-184017 post type-post status-publish format-standard has-post-thumbnail hentry category-actualitate category-economie category-politica tag-ajofm-valcea-2 tag-indemnizatie-2 tag-ocupabilitate tag-rata-somajului tag-someri-2\">\n<div class=\"photo\"><img decoding=\"async\" width=\"735\" height=\"411\" src=\"https:\/\/i0.wp.com\/www.curierul.ro\/wp-content\/uploads\/2023\/08\/AJOFM-SOMAJ-IULIE.jpg?fit=300%2C162&amp;ssl=1\" class=\"attachment-giornalismo-single size-giornalismo-single wp-post-image\" alt loading=\"lazy\"><\/div>\n<p class=\"headline\"><a href=\"https:\/\/www.curierul.ro\/somerul-valcean-o-specie-pe-cale-de-disparitie\/\">\u0218OMERUL V\u00c2LCEAN, o \u201especie\u201d pe cale de dispari\u021bie<\/a><\/p>\n<\/article>\n<article id=\"latest-183971\" class=\"story post-183971 post type-post status-publish format-standard has-post-thumbnail hentry category-actualitate category-economie category-politica tag-ajofm-valcea-2 tag-angajari-2 tag-piata-muncii tag-someri-2 tag-tineri-neet\">\n<div class=\"photo\"><img decoding=\"async\" width=\"366\" height=\"251\" src=\"https:\/\/i0.wp.com\/www.curierul.ro\/wp-content\/uploads\/2021\/06\/AJOFM.jpg?fit=300%2C206&amp;ssl=1\" class=\"attachment-giornalismo-single size-giornalismo-single wp-post-image\" alt loading=\"lazy\"><\/div>\n<p class=\"headline\"><a href=\"https:\/\/www.curierul.ro\/1-813-persoane-au-fost-angajate-prin-intermediul-ajofm-valcea-in-primul-semestru-al-anului-2023\/\">1.813 PERSOANE AU FOST ANGAJATE prin intermediul AJOFM V\u00e2lcea, \u00een primul semestru al anului 2023<\/a><\/p>\n<\/article>\n<article id=\"related-196410\" class=\"story post-196410 post type-post status-publish format-standard has-post-thumbnail hentry category-fotbal category-headlines category-sport\">\n<div class=\"photo\"><img decoding=\"async\" width=\"735\" height=\"440\" src=\"https:\/\/i0.wp.com\/www.curierul.ro\/wp-content\/uploads\/2026\/02\/IMG-20260220-WA0011-1.jpg?fit=240%2C300&amp;ssl=1\" class=\"attachment-giornalismo-single size-giornalismo-single wp-post-image\" alt loading=\"lazy\"><\/div>\n<p class=\"headline\"><a href=\"https:\/\/www.curierul.ro\/scm-ramnicu-valcea-castiga-ultimul-amical-inainte-de-reluarea-ligii-3-1-0-cu-inter-sibiu\/\">SCM R\u00c2MNICU V\u00c2LCEA C\u00c2\u0218TIG\u0102 ULTIMUL AMICAL \u00ceNAINTE DE RELUAREA LIGII 3. 1-0 CU INTER SIBIU<\/a><\/p>\n<\/article>\n<article id=\"related-196401\" class=\"story post-196401 post type-post status-publish format-standard has-post-thumbnail hentry category-headlines category-impact category-politica category-social tag-31-martie tag-actualizate tag-dosare tag-locuinte-anl tag-respinse\">\n<div class=\"photo\"><img decoding=\"async\" width=\"735\" height=\"440\" src=\"https:\/\/i0.wp.com\/www.curierul.ro\/wp-content\/uploads\/2026\/02\/ANL-Stribei-Voda-e1771506885919.jpg?fit=300%2C185&amp;ssl=1\" class=\"attachment-giornalismo-single size-giornalismo-single wp-post-image\" alt loading=\"lazy\"><\/div>\n<p class=\"headline\"><a href=\"https:\/\/www.curierul.ro\/dosarele-pentru-locuintele-anl-trebuie-actualizate-pana-in-31-martie-altfel-vor-fi-respinse\/\">Dosarele pentru locuin\u021bele ANL trebuie actualizate p\u00e2n\u0103 \u00een 31 martie, altfel vor fi respinse<\/a><\/p>\n<\/article>\n<article id=\"related-196393\" class=\"story post-196393 post type-post status-publish format-standard has-post-thumbnail hentry category-handbal category-headlines category-sport tag-cupa-romaniei tag-handbal tag-scm-ramnicu-valcea\">\n<div class=\"photo\"><img decoding=\"async\" width=\"735\" height=\"440\" src=\"https:\/\/i0.wp.com\/www.curierul.ro\/wp-content\/uploads\/2026\/02\/IMG-20260218-WA0009.jpg?fit=298%2C300&amp;ssl=1\" class=\"attachment-giornalismo-single size-giornalismo-single wp-post-image\" alt loading=\"lazy\"><\/div>\n<p class=\"headline\"><a href=\"https:\/\/www.curierul.ro\/scm-ramnicu-valcea-este-in-sferturile-cupei-romaniei-la-handbal-feminin-39-2415-15-cu-stiinta-bucuresti\/\">SCM R\u00c2MNICU V\u00c2LCEA ESTE \u00ceN SFERTURILE CUPEI ROMANIEI LA HANDBAL FEMININ. 39-24(15-15) CU \u0218TIIN\u021aA BUCURE\u0218TI<\/a><\/p>\n<\/article>\n<p>[analyse_source url=&#8221;https:\/\/www.curierul.ro\/valcea-are-peste-4500-de-someri\/&#8221;]<\/p>\n","protected":false},"excerpt":{"rendered":"<p>[analyse_image type=&#8221;featured&#8221; src=&#8221;https:\/\/www.curierul.ro\/wp-content\/uploads\/2026\/02\/somaj-ianuarie.pnghttps:\/\/i0.wp.com\/www.curierul.ro\/wp-content\/uploads\/2026\/02\/somaj-ianuarie.png?fit=1200%2C676&amp;ssl=1&#8243;] Home Headlines V\u00e2lcea are peste 4500 de \u0219omeri V\u00e2lcea are peste 4500 de \u0219omeri Scris deCurierul de Valcea, 17 februarie 2026 La sf\u00e2r\u015fitul lunii IANUARIE, rata \u015fomajului \u00een jude\u021bul V\u00e2lcea a fost de 3,24%. Num\u0103rul total de \u015fomeri la finele lunii IANUARIE 2026 a fost de 4506 \u0219omeri din care 2206 femei [&hellip;]<\/p>\n","protected":false},"author":1,"featured_media":0,"comment_status":"open","ping_status":"","sticky":false,"template":"","format":"standard","meta":{"footnotes":""},"categories":[89],"tags":[226,213],"class_list":["post-1789889","post","type-post","status-publish","format-standard","hentry","category-romania","tag-crawlmanager","tag-curierul-ro"],"_links":{"self":[{"href":"https:\/\/analyse.optim.biz\/index.php?rest_route=\/wp\/v2\/posts\/1789889","targetHints":{"allow":["GET"]}}],"collection":[{"href":"https:\/\/analyse.optim.biz\/index.php?rest_route=\/wp\/v2\/posts"}],"about":[{"href":"https:\/\/analyse.optim.biz\/index.php?rest_route=\/wp\/v2\/types\/post"}],"author":[{"embeddable":true,"href":"https:\/\/analyse.optim.biz\/index.php?rest_route=\/wp\/v2\/users\/1"}],"replies":[{"embeddable":true,"href":"https:\/\/analyse.optim.biz\/index.php?rest_route=%2Fwp%2Fv2%2Fcomments&post=1789889"}],"version-history":[{"count":0,"href":"https:\/\/analyse.optim.biz\/index.php?rest_route=\/wp\/v2\/posts\/1789889\/revisions"}],"wp:attachment":[{"href":"https:\/\/analyse.optim.biz\/index.php?rest_route=%2Fwp%2Fv2%2Fmedia&parent=1789889"}],"wp:term":[{"taxonomy":"category","embeddable":true,"href":"https:\/\/analyse.optim.biz\/index.php?rest_route=%2Fwp%2Fv2%2Fcategories&post=1789889"},{"taxonomy":"post_tag","embeddable":true,"href":"https:\/\/analyse.optim.biz\/index.php?rest_route=%2Fwp%2Fv2%2Ftags&post=1789889"}],"curies":[{"name":"wp","href":"https:\/\/api.w.org\/{rel}","templated":true}]}}