{"id":1789888,"date":"2026-02-20T06:00:00","date_gmt":"2026-02-20T03:00:00","guid":{"rendered":"https:\/\/analyse.optim.biz\/?p=1789888"},"modified":"2026-02-20T06:00:00","modified_gmt":"2026-02-20T03:00:00","slug":"ordinul-arhitectilor-din-romania-filiala-sibiu-valcea-despre-dezvoltarea-turismului-in-zona-montana-a-judetului-valcea","status":"publish","type":"post","link":"https:\/\/analyse.optim.biz\/?p=1789888","title":{"rendered":"Ordinul Arhitec\u021bilor din Rom\u00e2nia Filiala Sibiu V\u00e2lcea, despre \u201eDezvoltarea turismului \u00een zona montan\u0103 a jude\u021bului V\u00e2lcea\u201d"},"content":{"rendered":"<p>[analyse_image type=&#8221;featured&#8221; src=&#8221;https:\/\/www.curierul.ro\/wp-content\/uploads\/2026\/02\/Agora.jpghttps:\/\/i0.wp.com\/www.curierul.ro\/wp-content\/uploads\/2026\/02\/Agora.jpg?fit=1200%2C628&amp;ssl=1&#8243;]<\/p>\n<article id=\"196404\" class=\"post-196404 post type-post status-publish format-standard has-post-thumbnail hentry category-actualitate category-economie tag-dezvoltare tag-filiala-sibiu-valcea tag-judetul-valcea tag-ordinul-arhitectilor tag-turism tag-zona-montana\">\n<header class=\"post-header\">\n<ul class=\"breadcrumbs\">\n<li><a href=\"https:\/\/www.curierul.ro\">Home<\/a><\/li>\n<li class=\"breadcrumbs-active .category-actualitate\"><a href=\"https:\/\/www.curierul.ro\/index.php?cat=1615\">Actualitate<\/a><\/li>\n<li class=\"breadcrumbs-active .category-actualitate\">Ordinul Arhitec\u021bilor din Rom\u00e2nia Filiala Sibiu V\u00e2lcea, despre \u201eDezvoltarea turismului \u00een zona montan\u0103 a jude\u021bului V\u00e2lcea\u201d<\/li>\n<\/ul>\n<div class=\"featured-photo\"><img loading=\"lazy\" decoding=\"async\" width=\"1920\" height=\"1005\" src=\"https:\/\/i0.wp.com\/www.curierul.ro\/wp-content\/uploads\/2026\/02\/Agora.jpg?fit=300%2C157&amp;ssl=1\" class=\"attachment-single size-single wp-post-image\" alt><\/div>\n<h1 class=\"headline\">Ordinul Arhitec\u021bilor din Rom\u00e2nia Filiala Sibiu V\u00e2lcea, despre \u201eDezvoltarea turismului \u00een zona montan\u0103 a jude\u021bului V\u00e2lcea\u201d<\/h1>\n<p class=\"byline\">\n\t\tScris de<a href=\"https:\/\/www.curierul.ro\/author\/alin\/\">Alin Emilian Tudoroiu<\/a>, \t\t20 februarie 2026\t\t\t\t<\/p>\n<hr>\n<\/header>\n<p>Ordinul Arhitec\u021bilor din Rom\u00e2nia Filiala Sibiu V\u00e2lcea organizeaz\u0103 s\u00e2mb\u0103t\u0103, 21 februarie 2026, de la ora 10:00, la sala de conferin\u021be a Bibliotecii Jude\u021bene \u201eAntim Ivireanul\u201d (str. Carol I, nr. 26),\u00a0 Agora FOR V\u00e2lcea, cu tema: \u201eDezvoltarea turismului \u00een zona montan\u0103 a jude\u021bului V\u00e2lcea\u201d, \u00een cadrul proiectului cultural FOR SIBIU | FOR V\u00c2LCEA | FOR BRA\u0218OV \u2013 platform\u0103 de dialog urban, ini\u021biat de filial\u0103 \u0219i cofinan\u021bat din Timbrul de Arhitectur\u0103.<\/p>\n<p><strong>Despre FOR V\u00e2lcea<\/strong><\/p>\n<p>FOR V\u00e2lcea este o platform\u0103 de dialog public \u0219i profesional menit\u0103 s\u0103 valorifice \u0219i s\u0103 protejeze patrimoniul arhitectural al jude\u021bului V\u00e2lcea, oferind un cadru deschis de discu\u021bie \u00eentre cet\u0103\u021beni, arhitec\u021bi, urbani\u0219ti \u0219i autorit\u0103\u021bi.<\/p>\n<p><strong>Tema Agorei<\/strong><\/p>\n<p>\u201eDezvoltarea turismului \u00een zona montan\u0103 a jude\u021bului V\u00e2lcea\u201d deschide o dezbatere interdisciplinar\u0103 \u00eentre arhitec\u021bi, urbani\u0219ti, speciali\u0219ti \u00een turism, autorit\u0103\u021bi locale, investitori \u0219i reprezentan\u021bi ai comunit\u0103\u021bilor montane, pentru a identifica direc\u021bii concrete de planificare, investi\u021bie \u0219i promovare integrat\u0103 a zonei.<\/p>\n<p>Schimb\u0103rile economice, dinamica mobilit\u0103\u021bii \u0219i orientarea tot mai accentuat\u0103 c\u0103tre experien\u021be autentice au adus \u00een prim-plan poten\u021bialul turistic al zonelor montane. Zona montan\u0103 a jude\u021bului V\u00e2lcea nu mai poate fi privit\u0103 doar ca un cadru natural valoros, ci ca un teritoriu strategic pentru dezvoltare durabil\u0103, regenerare economic\u0103 \u0219i consolidarea identit\u0103\u021bii locale.<br \/>Evenimentul se va bucura de prezen\u021ba mai multor invita\u021bi, printre care:<\/p>\n<ul>\n<li>arh. Lorin NICULAE \u2013 specialist tem\u0103 agor\u0103, dr. arh. conferen\u021biar universitar \u00een cadrul Universit\u0103\u021bii de Arhitectur\u0103 \u0219i Urbanism \u201eIon Mincu\u201d din Bucure\u0219ti, pre\u0219edinte \u0219i fondator al asocia\u021biei Arhipera;<\/li>\n<li>arh. Irina SCOBIOLA \u2013 specialist tem\u0103 agora, drd. arhitect \u00een cadrul Universit\u0103\u021bii de Arhitectur\u0103 \u0219i Urbanism \u201eIon Mincu\u201d Bucure\u0219ti, membr\u0103 a asocia\u021biei Arhipera;<\/li>\n<li>Reprezentant al Asocia\u021biei Kogayon \u2013 autorul proiectului \u201eGeoparc aspirant UNESCO Oltenia de sub Munte\u201d;<\/li>\n<li>Membri ai Ordinului Arhitec\u021bilor din Rom\u00e2nia, Filiala Sibiu-V\u00e2lcea;<\/li>\n<li>Reprezentan\u021bi ai Prim\u0103riilor din zona montan\u0103 a jude\u021bului V\u00e2lcea;<\/li>\n<li>Reprezentan\u021bi ai Consiliului Jude\u021bean V\u00e2lcea;<\/li>\n<li>Mircea LERA \u2013 \u0219ef serviciu salvamont jude\u021bul V\u00e2lcea.<\/li>\n<\/ul>\n<p>Evenimentul va \u00eencepe cu o serie de interven\u021bii ale invita\u021bilor, urmate de o sesiune interactiv\u0103 de \u00eentreb\u0103ri \u0219i discu\u021bii deschise, pentru a implica direct participan\u021bii \u00een conturarea unor direc\u021bii clare \u0219i asumate pentru dezvoltarea turismului montan \u00een jude\u021bul V\u00e2lcea. Intrarea este liber\u0103.<\/p>\n<div class=\"sharedaddy sd-sharing-enabled\">\n<div class=\"robots-nocontent sd-block sd-social sd-social-official sd-sharing\">\n<h3 class=\"sd-title\">Distribuie pe:<\/h3>\n<div class=\"sd-content\">\n<ul>\n<li class=\"share-facebook\">\n<li class=\"share-twitter\"><a href=\"https:\/\/twitter.com\/share\" class=\"twitter-share-button\" data-url=\"https:\/\/www.curierul.ro\/ordinul-arhitectilor-din-romania-filiala-sibiu-valcea-despre-dezvoltarea-turismului-in-zona-montana-a-judetului-valcea\/\" data-text=\"Ordinul Arhitec\u021bilor din Rom\u00e2nia Filiala Sibiu V\u00e2lcea, despre \u201eDezvoltarea turismului \u00een zona montan\u0103 a jude\u021bului V\u00e2lcea\u201d\" data-via=\"curierulvl\">Tweet<\/a><\/li>\n<li class=\"share-jetpack-whatsapp\"><a rel=\"nofollow noopener noreferrer\" data-shared=\"sharing-whatsapp-196404\" class=\"share-jetpack-whatsapp sd-button\" href=\"https:\/\/www.curierul.ro\/ordinul-arhitectilor-din-romania-filiala-sibiu-valcea-despre-dezvoltarea-turismului-in-zona-montana-a-judetului-valcea\/?share=jetpack-whatsapp\" target=\"_blank\" aria-labelledby=\"sharing-whatsapp-196404\"><span id=\"sharing-whatsapp-196404\" hidden>D\u0103 clic pentru partajare pe WhatsApp(Se deschide \u00eentr-o fereastr\u0103 nou\u0103)<\/span><span>WhatsApp<\/span><\/a><\/li>\n<li><a href=\"https:\/\/www.curierul.ro\/ordinul-arhitectilor-din-romania-filiala-sibiu-valcea-despre-dezvoltarea-turismului-in-zona-montana-a-judetului-valcea\/\" class=\"sharing-anchor sd-button share-more\"><span>Mai mult<\/span><\/a><\/li>\n<li class=\"share-end\"><\/ul>\n<div class=\"sharing-hidden\">\n<div class=\"inner\">\n<ul>\n<li class=\"share-email\"><a rel=\"nofollow noopener noreferrer\" data-shared=\"sharing-email-196404\" class=\"share-email sd-button\" href=\"mailto:?subject=%5BArticol%20partajat%5D%20Ordinul%20Arhitec%C8%9Bilor%20din%20Rom%C3%A2nia%20Filiala%20Sibiu%20V%C3%A2lcea%2C%20despre%20%E2%80%9EDezvoltarea%20turismului%20%C3%AEn%20zona%20montan%C4%83%20a%20jude%C8%9Bului%20V%C3%A2lcea%E2%80%9D&amp;body=https%3A%2F%2Fwww.curierul.ro%2Fordinul-arhitectilor-din-romania-filiala-sibiu-valcea-despre-dezvoltarea-turismului-in-zona-montana-a-judetului-valcea%2F&amp;share=email\" target=\"_blank\" aria-labelledby=\"sharing-email-196404\" data-email-share-error-title=\"\u021ai-ai configurat emailul?\" data-email-share-error-text=\"Dac\u0103 ai probleme la partajarea prin email, probabil nu ai configurat emailul pentru navigator. Poate trebuie s\u0103 creezi singur un email nou.\" data-email-share-nonce=\"f318b81ab9\" data-email-share-track-url=\"https:\/\/www.curierul.ro\/ordinul-arhitectilor-din-romania-filiala-sibiu-valcea-despre-dezvoltarea-turismului-in-zona-montana-a-judetului-valcea\/?share=email\"><span id=\"sharing-email-196404\" hidden>D\u0103 clic pentru a trimite o leg\u0103tur\u0103 prin email unui prieten(Se deschide \u00eentr-o fereastr\u0103 nou\u0103)<\/span><span>Email<\/span><\/a><\/li>\n<li class=\"share-print\"><a rel=\"nofollow noopener noreferrer\" data-shared=\"sharing-print-196404\" class=\"share-print sd-button\" href=\"https:\/\/www.curierul.ro\/ordinul-arhitectilor-din-romania-filiala-sibiu-valcea-despre-dezvoltarea-turismului-in-zona-montana-a-judetului-valcea\/#print?share=print\" target=\"_blank\" aria-labelledby=\"sharing-print-196404\"><span id=\"sharing-print-196404\" hidden>D\u0103 clic pentru a imprima(Se deschide \u00eentr-o fereastr\u0103 nou\u0103)<\/span><span>Imprimare<\/span><\/a><\/li>\n<li class=\"share-end\"><\/ul>\n<\/div>\n<\/div>\n<\/div>\n<\/div>\n<\/div>\n<div id=\"jp-relatedposts\" class=\"jp-relatedposts\">\n<h3 class=\"jp-relatedposts-headline\"><em>Similare<\/em><\/h3>\n<\/div>\n<footer class=\"post-footer\">\n<p class=\"tags\"><strong>Tags: <\/strong><a href=\"https:\/\/www.curierul.ro\/tag\/dezvoltare\/\" rel=\"tag\">dezvoltare<\/a>, <a href=\"https:\/\/www.curierul.ro\/tag\/filiala-sibiu-valcea\/\" rel=\"tag\">Filiala Sibiu valcea<\/a>, <a href=\"https:\/\/www.curierul.ro\/tag\/judetul-valcea\/\" rel=\"tag\">jude\u021bul V\u00e2lcea<\/a>, <a href=\"https:\/\/www.curierul.ro\/tag\/ordinul-arhitectilor\/\" rel=\"tag\">Ordinul Arhitec\u021bilor<\/a>, <a href=\"https:\/\/www.curierul.ro\/tag\/turism\/\" rel=\"tag\">turism<\/a>, <a href=\"https:\/\/www.curierul.ro\/tag\/zona-montana\/\" rel=\"tag\">zona montan\u0103<\/a><\/p>\n<div class=\"post-navigation clearfix\">\n<div class=\"previous-post\">\n<div class=\"featured-photo\"><img loading=\"lazy\" decoding=\"async\" width=\"1420\" height=\"875\" src=\"https:\/\/i0.wp.com\/www.curierul.ro\/wp-content\/uploads\/2026\/02\/ANL-Stribei-Voda-e1771506885919.jpg?fit=300%2C185&amp;ssl=1\" class=\"attachment-post-thumbnail size-post-thumbnail wp-post-image\" alt><\/div>\n<p class=\"paginate-title\">\u00ab\u00ab <a href=\"https:\/\/www.curierul.ro\/dosarele-pentru-locuintele-anl-trebuie-actualizate-pana-in-31-martie-altfel-vor-fi-respinse\/\" rel=\"prev\">Dosarele pentru locuin\u021bele ANL trebuie actualizate p\u00e2n\u0103 \u00een 31 martie, altfel vor fi respinse<\/a><\/p>\n<\/div>\n<div class=\"next-post\">\n<div class=\"featured-photo\"><img decoding=\"async\" width=\"1080\" height=\"1350\" src=\"https:\/\/i0.wp.com\/www.curierul.ro\/wp-content\/uploads\/2026\/02\/IMG-20260220-WA0011-1.jpg?fit=240%2C300&amp;ssl=1\" class=\"attachment-post-thumbnail size-post-thumbnail wp-post-image\" alt loading=\"lazy\"><\/div>\n<p class=\"paginate-title\"><a href=\"https:\/\/www.curierul.ro\/scm-ramnicu-valcea-castiga-ultimul-amical-inainte-de-reluarea-ligii-3-1-0-cu-inter-sibiu\/\" rel=\"next\">SCM R\u00c2MNICU V\u00c2LCEA C\u00c2\u0218TIG\u0102 ULTIMUL AMICAL \u00ceNAINTE DE RELUAREA LIGII 3. 1-0 CU INTER SIBIU<\/a> \u00bb\u00bb<\/p>\n<\/div>\n<\/div>\n<div id=\"comments\" class=\"comments-area\">\n<div id=\"respond\" class=\"comment-respond\">\n<h3 id=\"reply-title\" class=\"comment-reply-title\">Po\u021bi comenta aici<small><a rel=\"nofollow\" id=\"cancel-comment-reply-link\" href=\"https:\/\/www.curierul.ro\/ordinul-arhitectilor-din-romania-filiala-sibiu-valcea-despre-dezvoltarea-turismului-in-zona-montana-a-judetului-valcea\/#respond\">Anuleaz\u0103 r\u0103spunsul<\/a><\/small><\/h3>\n<\/div>\n<p class=\"akismet_comment_form_privacy_notice\">Acest site folose\u0219te Akismet pentru a reduce spamul. <a href=\"https:\/\/akismet.com\/privacy\/\" target=\"_blank\" rel=\"nofollow noopener\">Afl\u0103 cum sunt procesate datele comentariilor tale<\/a>.<\/p>\n<\/div>\n<section class=\"related-stories\">\n<h2>Related Stories<\/h2>\n<div class=\"stories-container\">\n<article id=\"latest-193773\" class=\"story post-193773 post type-post status-publish format-standard hentry category-anunturi category-publicitate tag-comunicat-de-presa tag-dezvoltare tag-duber-loogistic tag-extindere-servicii\">\n<p class=\"headline\"><a href=\"https:\/\/www.curierul.ro\/duber-loogistic-comunicat-de-presa-proiectul-dezvoltare-prin-extinderea-serviciilor\/\">Duber Loogistic \u2013 Comunicat de pres\u0103 \u2013  PROIECTUL DEZVOLTARE PRIN EXTINDEREA SERVICIILOR<\/a><\/p>\n<\/article>\n<article id=\"latest-185104\" class=\"story post-185104 post type-post status-publish format-standard has-post-thumbnail hentry category-sanatate category-social tag-asistenti-medicali-2 tag-centru-regional tag-comunitati tag-dezvoltare tag-oamgmamr-valcea\">\n<div class=\"photo\"><img decoding=\"async\" width=\"735\" height=\"440\" src=\"https:\/\/i0.wp.com\/www.curierul.ro\/wp-content\/uploads\/2023\/05\/OAMGMAMR.jpg?fit=300%2C296&amp;ssl=1\" class=\"attachment-giornalismo-single size-giornalismo-single wp-post-image\" alt loading=\"lazy\"><\/div>\n<p class=\"headline\"><a href=\"https:\/\/www.curierul.ro\/centrul-regional-de-dezvoltare-pentru-asistenti-medicali-si-moase-un-pas-important-pentru-imbunatatirea-starii-de-sanatate-a-comunitatilor\/\">Centrul Regional de Dezvoltare pentru Asisten\u021bi Medicali \u0219i Moa\u0219e \u2013 un pas important pentru \u00eembun\u0103t\u0103\u021birea st\u0103rii de s\u0103n\u0103tate a comunit\u0103\u021bilor<\/a><\/p>\n<\/article>\n<article id=\"latest-179973\" class=\"story post-179973 post type-post status-publish format-standard has-post-thumbnail hentry category-actualitate category-economie category-partidul-ecologist-roman category-politica category-psd tag-alexandru-olteanu tag-comuna-cernisoara tag-dezvoltare tag-dumitru-ciorica tag-eugen-neata\">\n<div class=\"photo\"><img decoding=\"async\" width=\"575\" height=\"361\" src=\"https:\/\/i0.wp.com\/www.curierul.ro\/wp-content\/uploads\/2023\/01\/NEATA-CERNISOARA.jpg?fit=300%2C188&amp;ssl=1\" class=\"attachment-giornalismo-single size-giornalismo-single wp-post-image\" alt loading=\"lazy\"><\/div>\n<p class=\"headline\"><a href=\"https:\/\/www.curierul.ro\/primarul-dumitru-ciorica-si-deputatul-eugen-neata-cauta-solutii-pentru-dezvoltarea-comunei-cernisoara\/\">PRIMARUL DUMITRU CIOR\u00ceC\u0102 \u0218I DEPUTATUL EUGEN NEA\u021a\u0102 caut\u0103 solu\u021bii pentru dezvoltarea comunei Cerni\u0219oara<\/a><\/p>\n<\/article>\n<\/div>\n<\/section>\n<section class=\"latest-category clearfix\">\n<h2 class=\"title\">More Stories From Actualitate<\/h2>\n<div class=\"stories-container\">\n<article id=\"related-196413\" class=\"story post-196413 post type-post status-publish format-standard has-post-thumbnail hentry category-actualitate category-fraze tag-criza tag-demografica tag-marius-carbunescu-2\">\n<div class=\"photo\"><img decoding=\"async\" width=\"530\" height=\"213\" src=\"https:\/\/i0.wp.com\/www.curierul.ro\/wp-content\/uploads\/2022\/08\/MARIUS-CARBUNESCU.jpg?fit=300%2C121&amp;ssl=1\" class=\"attachment-giornalismo-single size-giornalismo-single wp-post-image\" alt loading=\"lazy\"><\/div>\n<p class=\"headline\"><a href=\"https:\/\/www.curierul.ro\/criza-demografica\/\">Criza demografic\u0103<\/a><\/p>\n<\/article>\n<article id=\"related-196398\" class=\"story post-196398 post type-post status-publish format-standard has-post-thumbnail hentry category-actualitate category-economie category-politica tag-decshide tag-martisor tag-targ tag-weekend\">\n<div class=\"photo\"><img decoding=\"async\" width=\"735\" height=\"440\" src=\"https:\/\/i0.wp.com\/www.curierul.ro\/wp-content\/uploads\/2026\/02\/Martisor2026.jpg?fit=300%2C200&amp;ssl=1\" class=\"attachment-giornalismo-single size-giornalismo-single wp-post-image\" alt loading=\"lazy\"><\/div>\n<p class=\"headline\"><a href=\"https:\/\/www.curierul.ro\/targul-martisor-2026-se-deschide-din-acest-week-end\/\">T\u00e2rgul M\u0103r\u021bi\u0219or 2026 se deschide din acest week-end<\/a><\/p>\n<\/article>\n<article id=\"related-196385\" class=\"story post-196385 post type-post status-publish format-standard has-post-thumbnail hentry category-actualitate category-impact category-it tag-ctf tag-cybersecurity tag-projecthackerville tag-ramnicuvalcea tag-unbreakable\">\n<div class=\"photo\"><img decoding=\"async\" width=\"735\" height=\"440\" src=\"https:\/\/i0.wp.com\/www.curierul.ro\/wp-content\/uploads\/2026\/02\/CTF.jpeg?fit=300%2C300&amp;ssl=1\" class=\"attachment-giornalismo-single size-giornalismo-single wp-post-image\" alt loading=\"lazy\"><\/div>\n<p class=\"headline\"><a href=\"https:\/\/www.curierul.ro\/%f0%9f%94%90-unbreakable-valcea-2026-primul-ctf-pentru-liceenii-din-judetul-valcea\/\">\ud83d\udd10 UNbreakable V\u00e2lcea 2026 \u2013 primul CTF pentru liceenii din jude\u021bul V\u00e2lcea<\/a><\/p>\n<\/article>\n<\/div>\n<\/section>\n<section class=\"author-bio clearfix\">\n<div class=\"mug-shot\"><img decoding=\"async\" alt src=\"https:\/\/secure.gravatar.com\/avatar\/ae634844e12be63a4f063a6c7bef885da670fd420e0dedd39ed80eacd6e6979c?s=96&amp;d=mm&amp;r=g\" class=\"avatar avatar-96 photo\" height=\"96\" width=\"96\" loading=\"lazy\"><\/div>\n<div class=\"author-info\">\n<p class=\"title\">About Alin Emilian Tudoroiu, <\/p>\n<div class=\"author-social-area\"><a href=\"mailto:alintudoroiu@curierul.ro\"><span class=\"fal fa-envelope\"><span class=\"screen-reader-text\">Email the Author<\/span><\/span><\/a><\/div>\n<\/div>\n<\/section>\n<\/footer>\n<\/article>\n<article id=\"196404\" class=\"post-196404 post type-post status-publish format-standard has-post-thumbnail hentry category-actualitate category-economie tag-dezvoltare tag-filiala-sibiu-valcea tag-judetul-valcea tag-ordinul-arhitectilor tag-turism tag-zona-montana\">\n<header class=\"post-header\">\n<ul class=\"breadcrumbs\">\n<li><a href=\"https:\/\/www.curierul.ro\">Home<\/a><\/li>\n<li class=\"breadcrumbs-active .category-actualitate\"><a href=\"https:\/\/www.curierul.ro\/index.php?cat=1615\">Actualitate<\/a><\/li>\n<li class=\"breadcrumbs-active .category-actualitate\">Ordinul Arhitec\u021bilor din Rom\u00e2nia Filiala Sibiu V\u00e2lcea, despre \u201eDezvoltarea turismului \u00een zona montan\u0103 a jude\u021bului V\u00e2lcea\u201d<\/li>\n<\/ul>\n<div class=\"featured-photo\"><img loading=\"lazy\" decoding=\"async\" width=\"1920\" height=\"1005\" src=\"https:\/\/i0.wp.com\/www.curierul.ro\/wp-content\/uploads\/2026\/02\/Agora.jpg?fit=300%2C157&amp;ssl=1\" class=\"attachment-single size-single wp-post-image\" alt><\/div>\n<h1 class=\"headline\">Ordinul Arhitec\u021bilor din Rom\u00e2nia Filiala Sibiu V\u00e2lcea, despre \u201eDezvoltarea turismului \u00een zona montan\u0103 a jude\u021bului V\u00e2lcea\u201d<\/h1>\n<p class=\"byline\">\n\t\tScris de<a href=\"https:\/\/www.curierul.ro\/author\/alin\/\">Alin Emilian Tudoroiu<\/a>, \t\t20 februarie 2026\t\t\t\t<\/p>\n<hr>\n<\/header>\n<p>Ordinul Arhitec\u021bilor din Rom\u00e2nia Filiala Sibiu V\u00e2lcea organizeaz\u0103 s\u00e2mb\u0103t\u0103, 21 februarie 2026, de la ora 10:00, la sala de conferin\u021be a Bibliotecii Jude\u021bene \u201eAntim Ivireanul\u201d (str. Carol I, nr. 26),\u00a0 Agora FOR V\u00e2lcea, cu tema: \u201eDezvoltarea turismului \u00een zona montan\u0103 a jude\u021bului V\u00e2lcea\u201d, \u00een cadrul proiectului cultural FOR SIBIU | FOR V\u00c2LCEA | FOR BRA\u0218OV \u2013 platform\u0103 de dialog urban, ini\u021biat de filial\u0103 \u0219i cofinan\u021bat din Timbrul de Arhitectur\u0103.<\/p>\n<p><strong>Despre FOR V\u00e2lcea<\/strong><\/p>\n<p>FOR V\u00e2lcea este o platform\u0103 de dialog public \u0219i profesional menit\u0103 s\u0103 valorifice \u0219i s\u0103 protejeze patrimoniul arhitectural al jude\u021bului V\u00e2lcea, oferind un cadru deschis de discu\u021bie \u00eentre cet\u0103\u021beni, arhitec\u021bi, urbani\u0219ti \u0219i autorit\u0103\u021bi.<\/p>\n<p><strong>Tema Agorei<\/strong><\/p>\n<p>\u201eDezvoltarea turismului \u00een zona montan\u0103 a jude\u021bului V\u00e2lcea\u201d deschide o dezbatere interdisciplinar\u0103 \u00eentre arhitec\u021bi, urbani\u0219ti, speciali\u0219ti \u00een turism, autorit\u0103\u021bi locale, investitori \u0219i reprezentan\u021bi ai comunit\u0103\u021bilor montane, pentru a identifica direc\u021bii concrete de planificare, investi\u021bie \u0219i promovare integrat\u0103 a zonei.<\/p>\n<p>Schimb\u0103rile economice, dinamica mobilit\u0103\u021bii \u0219i orientarea tot mai accentuat\u0103 c\u0103tre experien\u021be autentice au adus \u00een prim-plan poten\u021bialul turistic al zonelor montane. Zona montan\u0103 a jude\u021bului V\u00e2lcea nu mai poate fi privit\u0103 doar ca un cadru natural valoros, ci ca un teritoriu strategic pentru dezvoltare durabil\u0103, regenerare economic\u0103 \u0219i consolidarea identit\u0103\u021bii locale.<br \/>Evenimentul se va bucura de prezen\u021ba mai multor invita\u021bi, printre care:<\/p>\n<ul>\n<li>arh. Lorin NICULAE \u2013 specialist tem\u0103 agor\u0103, dr. arh. conferen\u021biar universitar \u00een cadrul Universit\u0103\u021bii de Arhitectur\u0103 \u0219i Urbanism \u201eIon Mincu\u201d din Bucure\u0219ti, pre\u0219edinte \u0219i fondator al asocia\u021biei Arhipera;<\/li>\n<li>arh. Irina SCOBIOLA \u2013 specialist tem\u0103 agora, drd. arhitect \u00een cadrul Universit\u0103\u021bii de Arhitectur\u0103 \u0219i Urbanism \u201eIon Mincu\u201d Bucure\u0219ti, membr\u0103 a asocia\u021biei Arhipera;<\/li>\n<li>Reprezentant al Asocia\u021biei Kogayon \u2013 autorul proiectului \u201eGeoparc aspirant UNESCO Oltenia de sub Munte\u201d;<\/li>\n<li>Membri ai Ordinului Arhitec\u021bilor din Rom\u00e2nia, Filiala Sibiu-V\u00e2lcea;<\/li>\n<li>Reprezentan\u021bi ai Prim\u0103riilor din zona montan\u0103 a jude\u021bului V\u00e2lcea;<\/li>\n<li>Reprezentan\u021bi ai Consiliului Jude\u021bean V\u00e2lcea;<\/li>\n<li>Mircea LERA \u2013 \u0219ef serviciu salvamont jude\u021bul V\u00e2lcea.<\/li>\n<\/ul>\n<p>Evenimentul va \u00eencepe cu o serie de interven\u021bii ale invita\u021bilor, urmate de o sesiune interactiv\u0103 de \u00eentreb\u0103ri \u0219i discu\u021bii deschise, pentru a implica direct participan\u021bii \u00een conturarea unor direc\u021bii clare \u0219i asumate pentru dezvoltarea turismului montan \u00een jude\u021bul V\u00e2lcea. Intrarea este liber\u0103.<\/p>\n<div class=\"sharedaddy sd-sharing-enabled\">\n<div class=\"robots-nocontent sd-block sd-social sd-social-official sd-sharing\">\n<h3 class=\"sd-title\">Distribuie pe:<\/h3>\n<div class=\"sd-content\">\n<ul>\n<li class=\"share-facebook\">\n<li class=\"share-twitter\"><a href=\"https:\/\/twitter.com\/share\" class=\"twitter-share-button\" data-url=\"https:\/\/www.curierul.ro\/ordinul-arhitectilor-din-romania-filiala-sibiu-valcea-despre-dezvoltarea-turismului-in-zona-montana-a-judetului-valcea\/\" data-text=\"Ordinul Arhitec\u021bilor din Rom\u00e2nia Filiala Sibiu V\u00e2lcea, despre \u201eDezvoltarea turismului \u00een zona montan\u0103 a jude\u021bului V\u00e2lcea\u201d\" data-via=\"curierulvl\">Tweet<\/a><\/li>\n<li class=\"share-jetpack-whatsapp\"><a rel=\"nofollow noopener noreferrer\" data-shared=\"sharing-whatsapp-196404\" class=\"share-jetpack-whatsapp sd-button\" href=\"https:\/\/www.curierul.ro\/ordinul-arhitectilor-din-romania-filiala-sibiu-valcea-despre-dezvoltarea-turismului-in-zona-montana-a-judetului-valcea\/?share=jetpack-whatsapp\" target=\"_blank\" aria-labelledby=\"sharing-whatsapp-196404\"><span id=\"sharing-whatsapp-196404\" hidden>D\u0103 clic pentru partajare pe WhatsApp(Se deschide \u00eentr-o fereastr\u0103 nou\u0103)<\/span><span>WhatsApp<\/span><\/a><\/li>\n<li><a href=\"https:\/\/www.curierul.ro\/ordinul-arhitectilor-din-romania-filiala-sibiu-valcea-despre-dezvoltarea-turismului-in-zona-montana-a-judetului-valcea\/\" class=\"sharing-anchor sd-button share-more\"><span>Mai mult<\/span><\/a><\/li>\n<li class=\"share-end\"><\/ul>\n<div class=\"sharing-hidden\">\n<div class=\"inner\">\n<ul>\n<li class=\"share-email\"><a rel=\"nofollow noopener noreferrer\" data-shared=\"sharing-email-196404\" class=\"share-email sd-button\" href=\"mailto:?subject=%5BArticol%20partajat%5D%20Ordinul%20Arhitec%C8%9Bilor%20din%20Rom%C3%A2nia%20Filiala%20Sibiu%20V%C3%A2lcea%2C%20despre%20%E2%80%9EDezvoltarea%20turismului%20%C3%AEn%20zona%20montan%C4%83%20a%20jude%C8%9Bului%20V%C3%A2lcea%E2%80%9D&amp;body=https%3A%2F%2Fwww.curierul.ro%2Fordinul-arhitectilor-din-romania-filiala-sibiu-valcea-despre-dezvoltarea-turismului-in-zona-montana-a-judetului-valcea%2F&amp;share=email\" target=\"_blank\" aria-labelledby=\"sharing-email-196404\" data-email-share-error-title=\"\u021ai-ai configurat emailul?\" data-email-share-error-text=\"Dac\u0103 ai probleme la partajarea prin email, probabil nu ai configurat emailul pentru navigator. Poate trebuie s\u0103 creezi singur un email nou.\" data-email-share-nonce=\"f318b81ab9\" data-email-share-track-url=\"https:\/\/www.curierul.ro\/ordinul-arhitectilor-din-romania-filiala-sibiu-valcea-despre-dezvoltarea-turismului-in-zona-montana-a-judetului-valcea\/?share=email\"><span id=\"sharing-email-196404\" hidden>D\u0103 clic pentru a trimite o leg\u0103tur\u0103 prin email unui prieten(Se deschide \u00eentr-o fereastr\u0103 nou\u0103)<\/span><span>Email<\/span><\/a><\/li>\n<li class=\"share-print\"><a rel=\"nofollow noopener noreferrer\" data-shared=\"sharing-print-196404\" class=\"share-print sd-button\" href=\"https:\/\/www.curierul.ro\/ordinul-arhitectilor-din-romania-filiala-sibiu-valcea-despre-dezvoltarea-turismului-in-zona-montana-a-judetului-valcea\/#print?share=print\" target=\"_blank\" aria-labelledby=\"sharing-print-196404\"><span id=\"sharing-print-196404\" hidden>D\u0103 clic pentru a imprima(Se deschide \u00eentr-o fereastr\u0103 nou\u0103)<\/span><span>Imprimare<\/span><\/a><\/li>\n<li class=\"share-end\"><\/ul>\n<\/div>\n<\/div>\n<\/div>\n<\/div>\n<\/div>\n<div id=\"jp-relatedposts\" class=\"jp-relatedposts\">\n<h3 class=\"jp-relatedposts-headline\"><em>Similare<\/em><\/h3>\n<\/div>\n<footer class=\"post-footer\">\n<p class=\"tags\"><strong>Tags: <\/strong><a href=\"https:\/\/www.curierul.ro\/tag\/dezvoltare\/\" rel=\"tag\">dezvoltare<\/a>, <a href=\"https:\/\/www.curierul.ro\/tag\/filiala-sibiu-valcea\/\" rel=\"tag\">Filiala Sibiu valcea<\/a>, <a href=\"https:\/\/www.curierul.ro\/tag\/judetul-valcea\/\" rel=\"tag\">jude\u021bul V\u00e2lcea<\/a>, <a href=\"https:\/\/www.curierul.ro\/tag\/ordinul-arhitectilor\/\" rel=\"tag\">Ordinul Arhitec\u021bilor<\/a>, <a href=\"https:\/\/www.curierul.ro\/tag\/turism\/\" rel=\"tag\">turism<\/a>, <a href=\"https:\/\/www.curierul.ro\/tag\/zona-montana\/\" rel=\"tag\">zona montan\u0103<\/a><\/p>\n<div class=\"post-navigation clearfix\">\n<div class=\"previous-post\">\n<div class=\"featured-photo\"><img loading=\"lazy\" decoding=\"async\" width=\"1420\" height=\"875\" src=\"https:\/\/i0.wp.com\/www.curierul.ro\/wp-content\/uploads\/2026\/02\/ANL-Stribei-Voda-e1771506885919.jpg?fit=300%2C185&amp;ssl=1\" class=\"attachment-post-thumbnail size-post-thumbnail wp-post-image\" alt><\/div>\n<p class=\"paginate-title\">\u00ab\u00ab <a href=\"https:\/\/www.curierul.ro\/dosarele-pentru-locuintele-anl-trebuie-actualizate-pana-in-31-martie-altfel-vor-fi-respinse\/\" rel=\"prev\">Dosarele pentru locuin\u021bele ANL trebuie actualizate p\u00e2n\u0103 \u00een 31 martie, altfel vor fi respinse<\/a><\/p>\n<\/div>\n<div class=\"next-post\">\n<div class=\"featured-photo\"><img decoding=\"async\" width=\"1080\" height=\"1350\" src=\"https:\/\/i0.wp.com\/www.curierul.ro\/wp-content\/uploads\/2026\/02\/IMG-20260220-WA0011-1.jpg?fit=240%2C300&amp;ssl=1\" class=\"attachment-post-thumbnail size-post-thumbnail wp-post-image\" alt loading=\"lazy\"><\/div>\n<p class=\"paginate-title\"><a href=\"https:\/\/www.curierul.ro\/scm-ramnicu-valcea-castiga-ultimul-amical-inainte-de-reluarea-ligii-3-1-0-cu-inter-sibiu\/\" rel=\"next\">SCM R\u00c2MNICU V\u00c2LCEA C\u00c2\u0218TIG\u0102 ULTIMUL AMICAL \u00ceNAINTE DE RELUAREA LIGII 3. 1-0 CU INTER SIBIU<\/a> \u00bb\u00bb<\/p>\n<\/div>\n<\/div>\n<div id=\"comments\" class=\"comments-area\">\n<div id=\"respond\" class=\"comment-respond\">\n<h3 id=\"reply-title\" class=\"comment-reply-title\">Po\u021bi comenta aici<small><a rel=\"nofollow\" id=\"cancel-comment-reply-link\" href=\"https:\/\/www.curierul.ro\/ordinul-arhitectilor-din-romania-filiala-sibiu-valcea-despre-dezvoltarea-turismului-in-zona-montana-a-judetului-valcea\/#respond\">Anuleaz\u0103 r\u0103spunsul<\/a><\/small><\/h3>\n<\/div>\n<p class=\"akismet_comment_form_privacy_notice\">Acest site folose\u0219te Akismet pentru a reduce spamul. <a href=\"https:\/\/akismet.com\/privacy\/\" target=\"_blank\" rel=\"nofollow noopener\">Afl\u0103 cum sunt procesate datele comentariilor tale<\/a>.<\/p>\n<\/div>\n<section class=\"related-stories\">\n<h2>Related Stories<\/h2>\n<div class=\"stories-container\">\n<article id=\"latest-193773\" class=\"story post-193773 post type-post status-publish format-standard hentry category-anunturi category-publicitate tag-comunicat-de-presa tag-dezvoltare tag-duber-loogistic tag-extindere-servicii\">\n<p class=\"headline\"><a href=\"https:\/\/www.curierul.ro\/duber-loogistic-comunicat-de-presa-proiectul-dezvoltare-prin-extinderea-serviciilor\/\">Duber Loogistic \u2013 Comunicat de pres\u0103 \u2013  PROIECTUL DEZVOLTARE PRIN EXTINDEREA SERVICIILOR<\/a><\/p>\n<\/article>\n<article id=\"latest-185104\" class=\"story post-185104 post type-post status-publish format-standard has-post-thumbnail hentry category-sanatate category-social tag-asistenti-medicali-2 tag-centru-regional tag-comunitati tag-dezvoltare tag-oamgmamr-valcea\">\n<div class=\"photo\"><img decoding=\"async\" width=\"735\" height=\"440\" src=\"https:\/\/i0.wp.com\/www.curierul.ro\/wp-content\/uploads\/2023\/05\/OAMGMAMR.jpg?fit=300%2C296&amp;ssl=1\" class=\"attachment-giornalismo-single size-giornalismo-single wp-post-image\" alt loading=\"lazy\"><\/div>\n<p class=\"headline\"><a href=\"https:\/\/www.curierul.ro\/centrul-regional-de-dezvoltare-pentru-asistenti-medicali-si-moase-un-pas-important-pentru-imbunatatirea-starii-de-sanatate-a-comunitatilor\/\">Centrul Regional de Dezvoltare pentru Asisten\u021bi Medicali \u0219i Moa\u0219e \u2013 un pas important pentru \u00eembun\u0103t\u0103\u021birea st\u0103rii de s\u0103n\u0103tate a comunit\u0103\u021bilor<\/a><\/p>\n<\/article>\n<article id=\"latest-179973\" class=\"story post-179973 post type-post status-publish format-standard has-post-thumbnail hentry category-actualitate category-economie category-partidul-ecologist-roman category-politica category-psd tag-alexandru-olteanu tag-comuna-cernisoara tag-dezvoltare tag-dumitru-ciorica tag-eugen-neata\">\n<div class=\"photo\"><img decoding=\"async\" width=\"575\" height=\"361\" src=\"https:\/\/i0.wp.com\/www.curierul.ro\/wp-content\/uploads\/2023\/01\/NEATA-CERNISOARA.jpg?fit=300%2C188&amp;ssl=1\" class=\"attachment-giornalismo-single size-giornalismo-single wp-post-image\" alt loading=\"lazy\"><\/div>\n<p class=\"headline\"><a href=\"https:\/\/www.curierul.ro\/primarul-dumitru-ciorica-si-deputatul-eugen-neata-cauta-solutii-pentru-dezvoltarea-comunei-cernisoara\/\">PRIMARUL DUMITRU CIOR\u00ceC\u0102 \u0218I DEPUTATUL EUGEN NEA\u021a\u0102 caut\u0103 solu\u021bii pentru dezvoltarea comunei Cerni\u0219oara<\/a><\/p>\n<\/article>\n<\/div>\n<\/section>\n<section class=\"latest-category clearfix\">\n<h2 class=\"title\">More Stories From Actualitate<\/h2>\n<div class=\"stories-container\">\n<article id=\"related-196413\" class=\"story post-196413 post type-post status-publish format-standard has-post-thumbnail hentry category-actualitate category-fraze tag-criza tag-demografica tag-marius-carbunescu-2\">\n<div class=\"photo\"><img decoding=\"async\" width=\"530\" height=\"213\" src=\"https:\/\/i0.wp.com\/www.curierul.ro\/wp-content\/uploads\/2022\/08\/MARIUS-CARBUNESCU.jpg?fit=300%2C121&amp;ssl=1\" class=\"attachment-giornalismo-single size-giornalismo-single wp-post-image\" alt loading=\"lazy\"><\/div>\n<p class=\"headline\"><a href=\"https:\/\/www.curierul.ro\/criza-demografica\/\">Criza demografic\u0103<\/a><\/p>\n<\/article>\n<article id=\"related-196398\" class=\"story post-196398 post type-post status-publish format-standard has-post-thumbnail hentry category-actualitate category-economie category-politica tag-decshide tag-martisor tag-targ tag-weekend\">\n<div class=\"photo\"><img decoding=\"async\" width=\"735\" height=\"440\" src=\"https:\/\/i0.wp.com\/www.curierul.ro\/wp-content\/uploads\/2026\/02\/Martisor2026.jpg?fit=300%2C200&amp;ssl=1\" class=\"attachment-giornalismo-single size-giornalismo-single wp-post-image\" alt loading=\"lazy\"><\/div>\n<p class=\"headline\"><a href=\"https:\/\/www.curierul.ro\/targul-martisor-2026-se-deschide-din-acest-week-end\/\">T\u00e2rgul M\u0103r\u021bi\u0219or 2026 se deschide din acest week-end<\/a><\/p>\n<\/article>\n<article id=\"related-196385\" class=\"story post-196385 post type-post status-publish format-standard has-post-thumbnail hentry category-actualitate category-impact category-it tag-ctf tag-cybersecurity tag-projecthackerville tag-ramnicuvalcea tag-unbreakable\">\n<div class=\"photo\"><img decoding=\"async\" width=\"735\" height=\"440\" src=\"https:\/\/i0.wp.com\/www.curierul.ro\/wp-content\/uploads\/2026\/02\/CTF.jpeg?fit=300%2C300&amp;ssl=1\" class=\"attachment-giornalismo-single size-giornalismo-single wp-post-image\" alt loading=\"lazy\"><\/div>\n<p class=\"headline\"><a href=\"https:\/\/www.curierul.ro\/%f0%9f%94%90-unbreakable-valcea-2026-primul-ctf-pentru-liceenii-din-judetul-valcea\/\">\ud83d\udd10 UNbreakable V\u00e2lcea 2026 \u2013 primul CTF pentru liceenii din jude\u021bul V\u00e2lcea<\/a><\/p>\n<\/article>\n<\/div>\n<\/section>\n<section class=\"author-bio clearfix\">\n<div class=\"mug-shot\"><img decoding=\"async\" alt src=\"https:\/\/secure.gravatar.com\/avatar\/ae634844e12be63a4f063a6c7bef885da670fd420e0dedd39ed80eacd6e6979c?s=96&amp;d=mm&amp;r=g\" class=\"avatar avatar-96 photo\" height=\"96\" width=\"96\" loading=\"lazy\"><\/div>\n<div class=\"author-info\">\n<p class=\"title\">About Alin Emilian Tudoroiu, <\/p>\n<div class=\"author-social-area\"><a href=\"mailto:alintudoroiu@curierul.ro\"><span class=\"fal fa-envelope\"><span class=\"screen-reader-text\">Email the Author<\/span><\/span><\/a><\/div>\n<\/div>\n<\/section>\n<\/footer>\n<\/article>\n<article id=\"latest-193773\" class=\"story post-193773 post type-post status-publish format-standard hentry category-anunturi category-publicitate tag-comunicat-de-presa tag-dezvoltare tag-duber-loogistic tag-extindere-servicii\">\n<p class=\"headline\"><a href=\"https:\/\/www.curierul.ro\/duber-loogistic-comunicat-de-presa-proiectul-dezvoltare-prin-extinderea-serviciilor\/\">Duber Loogistic \u2013 Comunicat de pres\u0103 \u2013  PROIECTUL DEZVOLTARE PRIN EXTINDEREA SERVICIILOR<\/a><\/p>\n<\/article>\n<article id=\"latest-185104\" class=\"story post-185104 post type-post status-publish format-standard has-post-thumbnail hentry category-sanatate category-social tag-asistenti-medicali-2 tag-centru-regional tag-comunitati tag-dezvoltare tag-oamgmamr-valcea\">\n<div class=\"photo\"><img decoding=\"async\" width=\"735\" height=\"440\" src=\"https:\/\/i0.wp.com\/www.curierul.ro\/wp-content\/uploads\/2023\/05\/OAMGMAMR.jpg?fit=300%2C296&amp;ssl=1\" class=\"attachment-giornalismo-single size-giornalismo-single wp-post-image\" alt loading=\"lazy\"><\/div>\n<p class=\"headline\"><a href=\"https:\/\/www.curierul.ro\/centrul-regional-de-dezvoltare-pentru-asistenti-medicali-si-moase-un-pas-important-pentru-imbunatatirea-starii-de-sanatate-a-comunitatilor\/\">Centrul Regional de Dezvoltare pentru Asisten\u021bi Medicali \u0219i Moa\u0219e \u2013 un pas important pentru \u00eembun\u0103t\u0103\u021birea st\u0103rii de s\u0103n\u0103tate a comunit\u0103\u021bilor<\/a><\/p>\n<\/article>\n<article id=\"latest-179973\" class=\"story post-179973 post type-post status-publish format-standard has-post-thumbnail hentry category-actualitate category-economie category-partidul-ecologist-roman category-politica category-psd tag-alexandru-olteanu tag-comuna-cernisoara tag-dezvoltare tag-dumitru-ciorica tag-eugen-neata\">\n<div class=\"photo\"><img decoding=\"async\" width=\"575\" height=\"361\" src=\"https:\/\/i0.wp.com\/www.curierul.ro\/wp-content\/uploads\/2023\/01\/NEATA-CERNISOARA.jpg?fit=300%2C188&amp;ssl=1\" class=\"attachment-giornalismo-single size-giornalismo-single wp-post-image\" alt loading=\"lazy\"><\/div>\n<p class=\"headline\"><a href=\"https:\/\/www.curierul.ro\/primarul-dumitru-ciorica-si-deputatul-eugen-neata-cauta-solutii-pentru-dezvoltarea-comunei-cernisoara\/\">PRIMARUL DUMITRU CIOR\u00ceC\u0102 \u0218I DEPUTATUL EUGEN NEA\u021a\u0102 caut\u0103 solu\u021bii pentru dezvoltarea comunei Cerni\u0219oara<\/a><\/p>\n<\/article>\n<article id=\"related-196413\" class=\"story post-196413 post type-post status-publish format-standard has-post-thumbnail hentry category-actualitate category-fraze tag-criza tag-demografica tag-marius-carbunescu-2\">\n<div class=\"photo\"><img decoding=\"async\" width=\"530\" height=\"213\" src=\"https:\/\/i0.wp.com\/www.curierul.ro\/wp-content\/uploads\/2022\/08\/MARIUS-CARBUNESCU.jpg?fit=300%2C121&amp;ssl=1\" class=\"attachment-giornalismo-single size-giornalismo-single wp-post-image\" alt loading=\"lazy\"><\/div>\n<p class=\"headline\"><a href=\"https:\/\/www.curierul.ro\/criza-demografica\/\">Criza demografic\u0103<\/a><\/p>\n<\/article>\n<article id=\"related-196398\" class=\"story post-196398 post type-post status-publish format-standard has-post-thumbnail hentry category-actualitate category-economie category-politica tag-decshide tag-martisor tag-targ tag-weekend\">\n<div class=\"photo\"><img decoding=\"async\" width=\"735\" height=\"440\" src=\"https:\/\/i0.wp.com\/www.curierul.ro\/wp-content\/uploads\/2026\/02\/Martisor2026.jpg?fit=300%2C200&amp;ssl=1\" class=\"attachment-giornalismo-single size-giornalismo-single wp-post-image\" alt loading=\"lazy\"><\/div>\n<p class=\"headline\"><a href=\"https:\/\/www.curierul.ro\/targul-martisor-2026-se-deschide-din-acest-week-end\/\">T\u00e2rgul M\u0103r\u021bi\u0219or 2026 se deschide din acest week-end<\/a><\/p>\n<\/article>\n<article id=\"related-196385\" class=\"story post-196385 post type-post status-publish format-standard has-post-thumbnail hentry category-actualitate category-impact category-it tag-ctf tag-cybersecurity tag-projecthackerville tag-ramnicuvalcea tag-unbreakable\">\n<div class=\"photo\"><img decoding=\"async\" width=\"735\" height=\"440\" src=\"https:\/\/i0.wp.com\/www.curierul.ro\/wp-content\/uploads\/2026\/02\/CTF.jpeg?fit=300%2C300&amp;ssl=1\" class=\"attachment-giornalismo-single size-giornalismo-single wp-post-image\" alt loading=\"lazy\"><\/div>\n<p class=\"headline\"><a href=\"https:\/\/www.curierul.ro\/%f0%9f%94%90-unbreakable-valcea-2026-primul-ctf-pentru-liceenii-din-judetul-valcea\/\">\ud83d\udd10 UNbreakable V\u00e2lcea 2026 \u2013 primul CTF pentru liceenii din jude\u021bul V\u00e2lcea<\/a><\/p>\n<\/article>\n<p>[analyse_source url=&#8221;https:\/\/www.curierul.ro\/ordinul-arhitectilor-din-romania-filiala-sibiu-valcea-despre-dezvoltarea-turismului-in-zona-montana-a-judetului-valcea\/&#8221;]<\/p>\n","protected":false},"excerpt":{"rendered":"<p>[analyse_image type=&#8221;featured&#8221; src=&#8221;https:\/\/www.curierul.ro\/wp-content\/uploads\/2026\/02\/Agora.jpghttps:\/\/i0.wp.com\/www.curierul.ro\/wp-content\/uploads\/2026\/02\/Agora.jpg?fit=1200%2C628&amp;ssl=1&#8243;] Home Actualitate Ordinul Arhitec\u021bilor din Rom\u00e2nia Filiala Sibiu V\u00e2lcea, despre \u201eDezvoltarea turismului \u00een zona montan\u0103 a jude\u021bului V\u00e2lcea\u201d Ordinul Arhitec\u021bilor din Rom\u00e2nia Filiala Sibiu V\u00e2lcea, despre \u201eDezvoltarea turismului \u00een zona montan\u0103 a jude\u021bului V\u00e2lcea\u201d Scris deAlin Emilian Tudoroiu, 20 februarie 2026 Ordinul Arhitec\u021bilor din Rom\u00e2nia Filiala Sibiu V\u00e2lcea organizeaz\u0103 s\u00e2mb\u0103t\u0103, 21 februarie [&hellip;]<\/p>\n","protected":false},"author":1,"featured_media":0,"comment_status":"open","ping_status":"","sticky":false,"template":"","format":"standard","meta":{"footnotes":""},"categories":[89],"tags":[226,213],"class_list":["post-1789888","post","type-post","status-publish","format-standard","hentry","category-romania","tag-crawlmanager","tag-curierul-ro"],"_links":{"self":[{"href":"https:\/\/analyse.optim.biz\/index.php?rest_route=\/wp\/v2\/posts\/1789888","targetHints":{"allow":["GET"]}}],"collection":[{"href":"https:\/\/analyse.optim.biz\/index.php?rest_route=\/wp\/v2\/posts"}],"about":[{"href":"https:\/\/analyse.optim.biz\/index.php?rest_route=\/wp\/v2\/types\/post"}],"author":[{"embeddable":true,"href":"https:\/\/analyse.optim.biz\/index.php?rest_route=\/wp\/v2\/users\/1"}],"replies":[{"embeddable":true,"href":"https:\/\/analyse.optim.biz\/index.php?rest_route=%2Fwp%2Fv2%2Fcomments&post=1789888"}],"version-history":[{"count":0,"href":"https:\/\/analyse.optim.biz\/index.php?rest_route=\/wp\/v2\/posts\/1789888\/revisions"}],"wp:attachment":[{"href":"https:\/\/analyse.optim.biz\/index.php?rest_route=%2Fwp%2Fv2%2Fmedia&parent=1789888"}],"wp:term":[{"taxonomy":"category","embeddable":true,"href":"https:\/\/analyse.optim.biz\/index.php?rest_route=%2Fwp%2Fv2%2Fcategories&post=1789888"},{"taxonomy":"post_tag","embeddable":true,"href":"https:\/\/analyse.optim.biz\/index.php?rest_route=%2Fwp%2Fv2%2Ftags&post=1789888"}],"curies":[{"name":"wp","href":"https:\/\/api.w.org\/{rel}","templated":true}]}}