{"id":178958,"date":"2015-06-19T18:18:14","date_gmt":"2015-06-19T15:18:14","guid":{"rendered":"https:\/\/analyse.optim.biz\/?p=178958"},"modified":"2015-06-19T18:18:14","modified_gmt":"2015-06-19T15:18:14","slug":"gabriel-oprea-critica-pensiile-speciale-ale-parlamentarilor","status":"publish","type":"post","link":"https:\/\/analyse.optim.biz\/?p=178958","title":{"rendered":"Gabriel Oprea critic\u0103 pensiile speciale ale parlamentarilor"},"content":{"rendered":"<div class=\"entry data-app-meta data-app-meta-article\" data-embed-base-url-canonical=\"https:\/\/www.digi24.ro\/embed\/stiri\/actualitate\/politica\/gabriel-oprea-critica-pensiile-speciale-ale-parlamentarilor-406444\">\n<p data-index=\"1\">\u00a0<img decoding=\"async\" src=\"https:\/\/analyse.optim.biz\/wp-content\/uploads\/2024\/09\/mczoyxnopte3owy4yzg4otk4odc4mmm1zge2yjy4mdrizwi3nwmw-thumb_.jpg\" data-skip-htmlfix=\"1\" title=\"mczoyxnopte3owy4yzg4otk4odc4mmm1zge2yjy4mdrizwi3nwmw-thumb_\"><\/p>\n<p data-index=\"2\">Reac\u0163ia lui Gabriel Oprea vine dup\u0103 ce \u00een urm\u0103 cu c\u00e2teva zile, parlamentarii \u015fi-au votat pensii speciale, unul dintre cei 300 de ale\u015fi care au votat \u00een acest sens, deputatul PSD Marius Manolache aduc\u00e2nd drept argument c\u0103 \u00eenal\u0163ii demnitari sunt mai importan\u0163i dec\u00e2t cet\u0103\u0163enii obi\u015fnui\u0163i.<\/p>\n<h5><a href=\"https:\/\/www.digi24.ro\/Stiri\/Digi24\/Actualitate\/Politica\/Gabriel+Oprea+ameninta+cu+retragerea+de+la+guvernare\" target=\"_blank\" data-skip-linkfix=\"1\" rel=\"noopener\"><strong>Gabriel Oprea amenin\u0163\u0103 cu retragerea de la guvernare<\/strong><\/a><\/h5>\n<p data-index=\"3\">Declara\u0163ia de ast\u0103zi a lui Gabriel Oprea nu e prima care surprinde. La finalul s\u0103pt\u0103m\u00e2nii trecute, spunea c\u0103 UNPR va ie\u015fi de la guvernare, dac\u0103 PSD modific\u0103 pe furi\u015f Codul Penal.<\/p>\n<h5>Citi\u021bi \u0219i: <a href=\"https:\/\/www.digi24.ro\/Stiri\/Digi24\/Actualitate\/Politica\/PSD+reactioneaza+la+amenintarile+lui+Gabriel+Oprea\" target=\"_blank\" data-skip-linkfix=\"1\" rel=\"noopener\"><strong>PSD reac\u021bioneaz\u0103 la amenin\u021b\u0103rile lui Gabriel Oprea<\/strong><\/a><\/h5>\n<\/div>\n<p> Source URL: https:\/\/www.digi24.ro\/stiri\/actualitate\/politica\/gabriel-oprea-critica-pensiile-speciale-ale-parlamentarilor-406444<\/p>\n","protected":false},"excerpt":{"rendered":"<p>\u00a0 Reac\u0163ia lui Gabriel Oprea vine dup\u0103 ce \u00een urm\u0103 cu c\u00e2teva zile, parlamentarii \u015fi-au votat pensii speciale, unul dintre cei 300 de ale\u015fi care au votat \u00een acest sens, deputatul PSD Marius Manolache aduc\u00e2nd drept argument c\u0103 \u00eenal\u0163ii demnitari sunt mai importan\u0163i dec\u00e2t cet\u0103\u0163enii obi\u015fnui\u0163i. Gabriel Oprea amenin\u0163\u0103 cu retragerea de la guvernare Declara\u0163ia [&hellip;]<\/p>\n","protected":false},"author":1,"featured_media":178959,"comment_status":"open","ping_status":"","sticky":false,"template":"","format":"standard","meta":{"footnotes":""},"categories":[2],"tags":[11],"class_list":["post-178958","post","type-post","status-publish","format-standard","has-post-thumbnail","hentry","category-politics","tag-digi24"],"_links":{"self":[{"href":"https:\/\/analyse.optim.biz\/index.php?rest_route=\/wp\/v2\/posts\/178958","targetHints":{"allow":["GET"]}}],"collection":[{"href":"https:\/\/analyse.optim.biz\/index.php?rest_route=\/wp\/v2\/posts"}],"about":[{"href":"https:\/\/analyse.optim.biz\/index.php?rest_route=\/wp\/v2\/types\/post"}],"author":[{"embeddable":true,"href":"https:\/\/analyse.optim.biz\/index.php?rest_route=\/wp\/v2\/users\/1"}],"replies":[{"embeddable":true,"href":"https:\/\/analyse.optim.biz\/index.php?rest_route=%2Fwp%2Fv2%2Fcomments&post=178958"}],"version-history":[{"count":0,"href":"https:\/\/analyse.optim.biz\/index.php?rest_route=\/wp\/v2\/posts\/178958\/revisions"}],"wp:featuredmedia":[{"embeddable":true,"href":"https:\/\/analyse.optim.biz\/index.php?rest_route=\/wp\/v2\/media\/178959"}],"wp:attachment":[{"href":"https:\/\/analyse.optim.biz\/index.php?rest_route=%2Fwp%2Fv2%2Fmedia&parent=178958"}],"wp:term":[{"taxonomy":"category","embeddable":true,"href":"https:\/\/analyse.optim.biz\/index.php?rest_route=%2Fwp%2Fv2%2Fcategories&post=178958"},{"taxonomy":"post_tag","embeddable":true,"href":"https:\/\/analyse.optim.biz\/index.php?rest_route=%2Fwp%2Fv2%2Ftags&post=178958"}],"curies":[{"name":"wp","href":"https:\/\/api.w.org\/{rel}","templated":true}]}}