{"id":178880,"date":"2015-06-21T15:45:27","date_gmt":"2015-06-21T12:45:27","guid":{"rendered":"https:\/\/analyse.optim.biz\/?p=178880"},"modified":"2015-06-21T15:45:27","modified_gmt":"2015-06-21T12:45:27","slug":"alina-gorghiu-victor-ponta-tine-romania-intr-o-situatie-de-impas-major","status":"publish","type":"post","link":"https:\/\/analyse.optim.biz\/?p=178880","title":{"rendered":"Alina Gorghiu: Victor Ponta \u0163ine Rom\u00e2nia\u00a0\u00eentr-o situa\u0163ie de impas major"},"content":{"rendered":"<div class=\"entry data-app-meta data-app-meta-article\" data-embed-base-url-canonical=\"https:\/\/www.digi24.ro\/embed\/stiri\/actualitate\/politica\/alina-gorghiu-victor-ponta-tine-romania-intr-o-situatie-de-impas-major-406819\">\n<p data-index=\"1\">\u201e<span>Victor Ponta bate \u00een retragere, \u00eentr-o variant\u0103 nedemn\u0103. \u00cen ciuda unei situa\u021bii medicale, cred c\u0103 Prim-ministrul Victor Ponta dore\u0219te s\u0103 cumpere timp, neg\u0103sind o alt\u0103 ie\u0219ire din situa\u021bia grav\u0103 \u00een care ne-a pus. E un fel de autosuspendare, dup\u0103 ce a \u00eencercat toate tertipurile posibile \u0219i imposibile. Oric\u00e2nd s-ar \u00eentoarce, orice ar delega, Victor Ponta trebuie s\u0103-\u0219i dea demisia. Acum nu este altceva dec\u00e2t un prim-ministru \u00een exil, care \u00eencearc\u0103 o campanie de victimizare prin fax, nimic altceva.\u00a0<\/span>Ponta trebuie s\u0103-\u0219i dea demisia azi! O accept\u0103m tot prin fax\u201d, a scris Alina Gorghiu pe Facebook.<\/p>\n<p data-index=\"2\">Alina Gorghiu a comentat situa\u0163ia lui Victor Ponta \u015fi la Digi24. <strong>&#8220;Nu face altceva dec\u00e2t s\u0103 decredibilizeze Rom\u00e2nia \u015fi s\u0103 o \u0163in\u0103 \u00eentr-o situa\u0163ie de impas major pentru c\u0103, indiferent c\u00e2nd s-ar \u00eentoarce \u015fi indiferent c\u00e2te atribu\u0163ii ar delega vicepremierului sau unei alte persoane din cabinetul s\u0103u, deznod\u0103m\u00e2ntul este acela\u015fi: va trebui s\u0103 \u00ee\u015fi dea demisia. Nu din cauza unei opera\u0163ii, nu din pricina unei situa\u0163ii de imposibilitate temporar\u0103, ci demisia trebuie s\u0103 \u015fi-o dea din cauza faptului c\u0103 suntem, cred, \u00eentr-a 16-a zi de c\u00e2nd premierul Rom\u00e2niei este pus sub urm\u0103rire penal\u0103<\/strong>&#8220;, a spus copre\u015fedintele PNL.<strong> \u00a0 \u00a0<\/strong><\/p>\n<p data-index=\"3\">\u201e<span>Vom \u00eencerca s\u0103 punem presiune pe un guvern lipsit de legitimitate, pe un premier compromis, astfel \u00eenc\u00e2t poate ajunge la \u00een\u0163eleptul gest de a-\u015fi da demisia. Dac\u0103 va refuza acest lucru, este o chestiune de zile r\u0103m\u00e2nerea domniei sale la Palatul Victoria pentru c\u0103 societatea din Rom\u00e2nia, partenerii europeni au \u00een\u0163eles acela\u015fi lucru pe care l-a \u00een\u0163eles Opozi\u0163ia: c\u0103 nu putem s\u0103 mergem \u00eenainte cu un premier care nu mai reprezint\u0103 niciun dram de credibilitate\u201d, a mai spus Alina Gorghiu.\u00a0<\/span><\/p>\n<p data-index=\"4\"><strong><br \/><\/strong><\/p>\n<\/div>\n<p> Source URL: https:\/\/www.digi24.ro\/stiri\/actualitate\/politica\/alina-gorghiu-victor-ponta-tine-romania-intr-o-situatie-de-impas-major-406819<\/p>\n","protected":false},"excerpt":{"rendered":"<p>\u201eVictor Ponta bate \u00een retragere, \u00eentr-o variant\u0103 nedemn\u0103. \u00cen ciuda unei situa\u021bii medicale, cred c\u0103 Prim-ministrul Victor Ponta dore\u0219te s\u0103 cumpere timp, neg\u0103sind o alt\u0103 ie\u0219ire din situa\u021bia grav\u0103 \u00een care ne-a pus. E un fel de autosuspendare, dup\u0103 ce a \u00eencercat toate tertipurile posibile \u0219i imposibile. Oric\u00e2nd s-ar \u00eentoarce, orice ar delega, Victor Ponta [&hellip;]<\/p>\n","protected":false},"author":1,"featured_media":178881,"comment_status":"open","ping_status":"","sticky":false,"template":"","format":"standard","meta":{"footnotes":""},"categories":[2],"tags":[11],"class_list":["post-178880","post","type-post","status-publish","format-standard","has-post-thumbnail","hentry","category-politics","tag-digi24"],"_links":{"self":[{"href":"https:\/\/analyse.optim.biz\/index.php?rest_route=\/wp\/v2\/posts\/178880","targetHints":{"allow":["GET"]}}],"collection":[{"href":"https:\/\/analyse.optim.biz\/index.php?rest_route=\/wp\/v2\/posts"}],"about":[{"href":"https:\/\/analyse.optim.biz\/index.php?rest_route=\/wp\/v2\/types\/post"}],"author":[{"embeddable":true,"href":"https:\/\/analyse.optim.biz\/index.php?rest_route=\/wp\/v2\/users\/1"}],"replies":[{"embeddable":true,"href":"https:\/\/analyse.optim.biz\/index.php?rest_route=%2Fwp%2Fv2%2Fcomments&post=178880"}],"version-history":[{"count":0,"href":"https:\/\/analyse.optim.biz\/index.php?rest_route=\/wp\/v2\/posts\/178880\/revisions"}],"wp:featuredmedia":[{"embeddable":true,"href":"https:\/\/analyse.optim.biz\/index.php?rest_route=\/wp\/v2\/media\/178881"}],"wp:attachment":[{"href":"https:\/\/analyse.optim.biz\/index.php?rest_route=%2Fwp%2Fv2%2Fmedia&parent=178880"}],"wp:term":[{"taxonomy":"category","embeddable":true,"href":"https:\/\/analyse.optim.biz\/index.php?rest_route=%2Fwp%2Fv2%2Fcategories&post=178880"},{"taxonomy":"post_tag","embeddable":true,"href":"https:\/\/analyse.optim.biz\/index.php?rest_route=%2Fwp%2Fv2%2Ftags&post=178880"}],"curies":[{"name":"wp","href":"https:\/\/api.w.org\/{rel}","templated":true}]}}