{"id":178866,"date":"2015-06-21T17:16:55","date_gmt":"2015-06-21T14:16:55","guid":{"rendered":"https:\/\/analyse.optim.biz\/?p=178866"},"modified":"2015-06-21T17:16:55","modified_gmt":"2015-06-21T14:16:55","slug":"ministrii-transporturilor-viata-scurta-in-guvern","status":"publish","type":"post","link":"https:\/\/analyse.optim.biz\/?p=178866","title":{"rendered":"Mini\u0219trii Transporturilor, via\u021b\u0103 scurt\u0103 \u00een Guvern"},"content":{"rendered":"<div class=\"entry data-app-meta data-app-meta-article\" data-embed-base-url-canonical=\"https:\/\/www.digi24.ro\/embed\/stiri\/actualitate\/politica\/ministrii-transporturilor-viata-scurta-in-guvern-406831\">\n<p data-index=\"1\"><strong><br \/><\/strong><\/p>\n<p data-index=\"2\"><strong>Relu Fenechiu<\/strong> a fost numit ministrul Transporturilor \u00een guvernul condus de Victor Ponta dup\u0103 victoria USL \u00een alegerile din decembrie 2012. Dup\u0103 \u015fapte luni, a fost condamnat \u00een prim\u0103 instan\u0163\u0103 pentru corup\u021bie \u0219i a fost nevoit s\u0103 demisioneze. Un an mai t\u00e2rziu, a ajuns la \u00eenchisoare.<\/p>\n<p data-index=\"3\"><img decoding=\"async\" src=\"https:\/\/analyse.optim.biz\/wp-content\/uploads\/2024\/09\/slbhjnc9odawjmhhc2g9nmu0odvky2fhyjg5odyxm2nmntk0zjq3mmfhzmqynmm-thumb_.jpg\" data-skip-htmlfix=\"1\" title=\"slbhjnc9odawjmhhc2g9nmu0odvky2fhyjg5odyxm2nmntk0zjq3mmfhzmqynmm-thumb_\"><\/p>\n<p data-index=\"4\"><span><em><strong><span>Foto: Flickr<\/span><\/strong><\/em><\/span><\/p>\n<p data-index=\"5\">Relu Fenechiu fost \u00eenlocuit de<strong> Ramona M\u0103nescu<\/strong> \u00een fruntea Ministerului Transporturilor. Mandatul ei a fost marcat de pr\u0103bu\u015firea avionului SMURD \u00een Mun\u0163ii Apuseni \u015fi de scandalul provocat de interven\u0163ia haotic\u0103 a echipelor de salvare. <\/p>\n<p data-index=\"6\">Ramona M\u0103nescu, fost ministru la Transporturilor: <span><em>Ce a\u0163i vrea s\u0103 \u00eemi repro\u015fez eu? Noi am luat m\u0103surile administrative s\u0103 sanc\u0163ion\u0103m conduc\u0103torii ROMATSA, responsabili cu coordonarea misiunii de c\u0103utare \u015fi salvare. <\/em><\/span><\/p>\n<p data-index=\"7\">Ramona M\u0103nescu a demisionat dup\u0103 de PNL a decis s\u0103 ias\u0103 de la guvernare.<\/p>\n<p data-index=\"8\"><img decoding=\"async\" src=\"https:\/\/analyse.optim.biz\/wp-content\/uploads\/2024\/09\/yzhhztrhmzhmmjbmndawnduzota5ytflzthlnzqznw-thumb_.jpg\" data-skip-htmlfix=\"1\" title=\"yzhhztrhmzhmmjbmndawnduzota5ytflzthlnzqznw-thumb_\"><\/p>\n<p data-index=\"9\"><em><strong><span>Foto: Facebook<\/span><\/strong><\/em><\/p>\n<p data-index=\"10\">Totu\u0219i, cel mai scurt mandat l-a avut <strong>Dan \u015eova<\/strong>. A fost \u015fef la Transporturi pu\u0163in mai mult de trei luni. A dat fotoliul de ministru pentru calitatea de \u201e<span><em>soldat credincios al partidului<\/em><\/span><span>\u201d.<\/span><\/p>\n<h5><a href=\"https:\/\/www.digi24.ro\/Stiri\/Digi24\/Actualitate\/Politica\/Dan+Sova+demisioneaza\" target=\"_blank\" data-skip-linkfix=\"1\" rel=\"noopener\"><span>Dan \u015eova demisioneaz\u0103 din Guvern. &#8220;Voi face tot ce pot pentru a aduce la Cotroceni un om t\u00e2n\u0103r, un camarad, un om care \u00een\u0163elege ce vor rom\u00e2nii&#8221;<\/span><\/a><\/h5>\n<p data-index=\"11\">Dan \u0218ova, fost ministru al Transporturilor: <span><em>Vreau s\u0103 v\u0103 anun\u021b inten\u021bia mea de demisiona, singurul motiv fiind acela de a m\u0103 afla \u00een prima linie a b\u0103t\u0103liei electorale care urmeaz\u0103 pentru func\u021bia de pre\u0219edinte al Rom\u00e2niei.<\/em><\/span><\/p>\n<p data-index=\"12\">Dup\u0103 dou\u0103 luni, erau urm\u0103rit penal pentru corup\u021bie.<\/p>\n<p data-index=\"13\"><img decoding=\"async\" src=\"https:\/\/analyse.optim.biz\/wp-content\/uploads\/2024\/09\/ad1kzjeymgqzntrknwvkogfiymi1m2rhzdu4ntk5ogzinw-thumb_.jpg\" data-skip-htmlfix=\"1\" title=\"ad1kzjeymgqzntrknwvkogfiymi1m2rhzdu4ntk5ogzinw-thumb_\">\u00a0<\/p>\n<p data-index=\"14\"><strong>Ioan Rus<\/strong> se poate l\u0103uda cu cel mai lung mandat de ministru al Transporturilor din ultimii trei ani \u0219i jum\u0103tate. 13 zile i-au lipsit ca s\u0103 aniverseze un an. L-a luat gura pe dinainte \u00eentr-o emisiune transmis\u0103 \u00een direct.<\/p>\n<h5><a href=\"https:\/\/www.digi24.ro\/Stiri\/Digi24\/Actualitate\/Stiri\/Ioan+Rus+despre+romanii+din+diaspora+Au+poate+1+500+de+euro+sala\" target=\"_blank\" data-skip-linkfix=\"1\" rel=\"noopener\"><span>Ioan Rus, despre rom\u00e2nii din diaspora: Au poate 1.500 de euro salariu. De banii \u0103\u0219tia copiii se fac golani acas\u0103 \u0219i nevast\u0103-sa curv\u0103<\/span><\/a><\/h5>\n<p data-index=\"15\">Ioan Rus, ministrul demisionar al Transporturilor: <span><em>Rom\u00e2nia are trei milioane de oameni din for\u021ba activ\u0103 \u00een occident, dintre care un milion fierari-betoni\u0219ti, zidari, lucreaz\u0103 prin Europa. Au poate 1.500 euro salariu, de banii \u0103\u0219tia copiii se fac golani acas\u0103 \u0219i nevast\u0103-sa curv\u0103. De 700 de euro vin acas\u0103 jum\u0103tate.<\/em><\/span><\/p>\n<h5><strong><span>Citi\u021bi \u0219i:\u00a0<\/span>Surse: Premierul l-a nominalizat pe Mihai Fifor la Ministerul Transporturilor<\/strong><\/h5>\n<p data-index=\"16\"><em><br \/><\/em><\/p>\n<\/div>\n<p> Source URL: https:\/\/www.digi24.ro\/stiri\/actualitate\/politica\/ministrii-transporturilor-viata-scurta-in-guvern-406831<\/p>\n","protected":false},"excerpt":{"rendered":"<p>Relu Fenechiu a fost numit ministrul Transporturilor \u00een guvernul condus de Victor Ponta dup\u0103 victoria USL \u00een alegerile din decembrie 2012. Dup\u0103 \u015fapte luni, a fost condamnat \u00een prim\u0103 instan\u0163\u0103 pentru corup\u021bie \u0219i a fost nevoit s\u0103 demisioneze. Un an mai t\u00e2rziu, a ajuns la \u00eenchisoare. Foto: Flickr Relu Fenechiu fost \u00eenlocuit de Ramona M\u0103nescu [&hellip;]<\/p>\n","protected":false},"author":1,"featured_media":178867,"comment_status":"open","ping_status":"","sticky":false,"template":"","format":"standard","meta":{"footnotes":""},"categories":[2],"tags":[11],"class_list":["post-178866","post","type-post","status-publish","format-standard","has-post-thumbnail","hentry","category-politics","tag-digi24"],"_links":{"self":[{"href":"https:\/\/analyse.optim.biz\/index.php?rest_route=\/wp\/v2\/posts\/178866","targetHints":{"allow":["GET"]}}],"collection":[{"href":"https:\/\/analyse.optim.biz\/index.php?rest_route=\/wp\/v2\/posts"}],"about":[{"href":"https:\/\/analyse.optim.biz\/index.php?rest_route=\/wp\/v2\/types\/post"}],"author":[{"embeddable":true,"href":"https:\/\/analyse.optim.biz\/index.php?rest_route=\/wp\/v2\/users\/1"}],"replies":[{"embeddable":true,"href":"https:\/\/analyse.optim.biz\/index.php?rest_route=%2Fwp%2Fv2%2Fcomments&post=178866"}],"version-history":[{"count":0,"href":"https:\/\/analyse.optim.biz\/index.php?rest_route=\/wp\/v2\/posts\/178866\/revisions"}],"wp:featuredmedia":[{"embeddable":true,"href":"https:\/\/analyse.optim.biz\/index.php?rest_route=\/wp\/v2\/media\/178867"}],"wp:attachment":[{"href":"https:\/\/analyse.optim.biz\/index.php?rest_route=%2Fwp%2Fv2%2Fmedia&parent=178866"}],"wp:term":[{"taxonomy":"category","embeddable":true,"href":"https:\/\/analyse.optim.biz\/index.php?rest_route=%2Fwp%2Fv2%2Fcategories&post=178866"},{"taxonomy":"post_tag","embeddable":true,"href":"https:\/\/analyse.optim.biz\/index.php?rest_route=%2Fwp%2Fv2%2Ftags&post=178866"}],"curies":[{"name":"wp","href":"https:\/\/api.w.org\/{rel}","templated":true}]}}