{"id":178838,"date":"2015-06-21T22:06:09","date_gmt":"2015-06-21T19:06:09","guid":{"rendered":"https:\/\/analyse.optim.biz\/?p=178838"},"modified":"2015-06-21T22:06:09","modified_gmt":"2015-06-21T19:06:09","slug":"t-basescu-iohannis-si-ponta-au-un-aranjament-anterior-premierul-primeste-un-moment-de-respiro-la-dna","status":"publish","type":"post","link":"https:\/\/analyse.optim.biz\/?p=178838","title":{"rendered":"T.B\u0103sescu: Iohannis \u015fi Ponta au un aranjament anterior, premierul prime\u015fte un moment de respiro la DNA"},"content":{"rendered":"<div class=\"entry data-app-meta data-app-meta-article\" data-embed-base-url-canonical=\"https:\/\/www.digi24.ro\/embed\/stiri\/actualitate\/politica\/t-basescu-iohannis-si-ponta-au-un-aranjament-anterior-premierul-primeste-un-moment-de-respiro-la-dna-406890\">\n<p data-index=\"1\"><span><br \/><\/span><\/p>\n<p data-index=\"2\"><span>El a apreciat c\u0103 aceast\u0103 \u00een\u0163elegere \u00eentre pre\u015fedinte \u015fi premier rezult\u0103 din faptul c\u0103 vicepremierul\u00a0Gabriel Oprea\u00a0a fost propus pentru conducerea interimar\u0103 a Guvernului de c\u0103tre Ponta, \u00een condi\u0163iile \u00een care Constitu\u0163ia prevede c\u0103 pre\u015fedintele este cel care desemneaz\u0103 care dintre membrii Guvernului poate prelua interimar postul de prim-ministru.<\/span><\/p>\n<p data-index=\"3\">\u201e<strong>Propunerea lui Ponta arat\u0103 c\u0103 a existat un aranjament anterior. Desemnarea unui prim-ministru interimar este op\u0163iunea pre\u015fedintelui, nu a premierului. Ponta a vrut s\u0103 arate c\u0103 el a propus \u015fi pre\u015fedintele a executat. Poate va avea o surpriz\u0103 dac\u0103 nu e un aranjament. Eu cred \u00eens\u0103 c\u0103 aranjamentul a fost \u00eenainte de plecarea lui Ponta \u00een Turcia<\/strong>\u201d, a spus Traian B\u0103sescu la postul\u00a0<a href=\"http:\/\/www.b1.ro\/\" target=\"_blank\" data-skip-linkfix=\"1\" rel=\"noopener\">B1 TV<\/a>.<\/p>\n<p data-index=\"4\">Fostul pre\u015fedinte a ad\u0103ugat c\u0103 el ar fi fost mai exigent \u00een locul lui Iohannis, \u00een sensul c\u0103 i-ar fi cerut lui Ponta \u015fi un certificat medical.<\/p>\n<h5><a href=\"https:\/\/www.digi24.ro\/Stiri\/Digi24\/Actualitate\/Politica\/Victor+Ponta+va+fi+externat+astazi+din+spitalul+din+Istanbul+si+\" target=\"_blank\" data-skip-linkfix=\"1\" rel=\"noopener\"><strong>Victor Ponta: Medicii au decis c\u0103 pot fi externat. Gabriel Oprea \u00eemi preia atribu\u021biile<\/strong><\/a><\/h5>\n<p data-index=\"5\">Premierul Ponta a anun\u0163at c\u0103 medicii turci care l-au operat au decis c\u0103 poate fi externat, dar \u00ee\u015fi va relua activitatea normal\u0103 \u00eentr-o perioad\u0103 de p\u00e2n\u0103 la 28 de zile, astfel c\u0103 \u00eei va cere pre\u015fedintelui Iohannis s\u0103 \u00eei \u00eencredin\u0163eze vicepremierului Oprea atribu\u0163iile de prim-ministru \u00een acest interval.<\/p>\n<p data-index=\"6\">Oprea va avea inclusiv atribu\u0163ia de a conduce \u015fedin\u0163ele de guvern.<\/p>\n<p data-index=\"7\">\u00centr-un mesaj postat pe Facebook, Victor Ponta, aflat la spitalul din Istanbul, nu precizeaz\u0103 c\u00e2t anume va mai sta \u00een Turcia, spun\u00e2nd doar c\u0103 medicii au decis c\u0103 poate fi externat, dar c\u0103 trebuie ca, \u00een urm\u0103toarele \u0219apte zile, s\u0103 parcurg\u0103 zilnic procedurile pentru control, schimbare pansamente \u015fi supraveghere.<\/p>\n<h5>Citi\u021bi \u0219i:\u00a0<a href=\"https:\/\/www.digi24.ro\/Stiri\/Digi24\/Actualitate\/Politica\/inseamna+ca+au+o+intelegere+oculta\" target=\"_blank\" data-skip-linkfix=\"1\" rel=\"noopener\"><strong><span>Monica Macovei: Dac\u0103 Iohannis \u00eel desemneaz\u0103 pe Oprea, cum \u00eei cere Ponta,\u00a0<\/span>\u00eenseamn\u0103 c\u0103 au o \u00een\u021belegere ocult\u0103<\/strong><\/a><\/h5>\n<\/div>\n<p> Source URL: https:\/\/www.digi24.ro\/stiri\/actualitate\/politica\/t-basescu-iohannis-si-ponta-au-un-aranjament-anterior-premierul-primeste-un-moment-de-respiro-la-dna-406890<\/p>\n","protected":false},"excerpt":{"rendered":"<p>El a apreciat c\u0103 aceast\u0103 \u00een\u0163elegere \u00eentre pre\u015fedinte \u015fi premier rezult\u0103 din faptul c\u0103 vicepremierul\u00a0Gabriel Oprea\u00a0a fost propus pentru conducerea interimar\u0103 a Guvernului de c\u0103tre Ponta, \u00een condi\u0163iile \u00een care Constitu\u0163ia prevede c\u0103 pre\u015fedintele este cel care desemneaz\u0103 care dintre membrii Guvernului poate prelua interimar postul de prim-ministru. \u201ePropunerea lui Ponta arat\u0103 c\u0103 a existat [&hellip;]<\/p>\n","protected":false},"author":1,"featured_media":178839,"comment_status":"open","ping_status":"","sticky":false,"template":"","format":"standard","meta":{"footnotes":""},"categories":[2],"tags":[11],"class_list":["post-178838","post","type-post","status-publish","format-standard","has-post-thumbnail","hentry","category-politics","tag-digi24"],"_links":{"self":[{"href":"https:\/\/analyse.optim.biz\/index.php?rest_route=\/wp\/v2\/posts\/178838","targetHints":{"allow":["GET"]}}],"collection":[{"href":"https:\/\/analyse.optim.biz\/index.php?rest_route=\/wp\/v2\/posts"}],"about":[{"href":"https:\/\/analyse.optim.biz\/index.php?rest_route=\/wp\/v2\/types\/post"}],"author":[{"embeddable":true,"href":"https:\/\/analyse.optim.biz\/index.php?rest_route=\/wp\/v2\/users\/1"}],"replies":[{"embeddable":true,"href":"https:\/\/analyse.optim.biz\/index.php?rest_route=%2Fwp%2Fv2%2Fcomments&post=178838"}],"version-history":[{"count":0,"href":"https:\/\/analyse.optim.biz\/index.php?rest_route=\/wp\/v2\/posts\/178838\/revisions"}],"wp:featuredmedia":[{"embeddable":true,"href":"https:\/\/analyse.optim.biz\/index.php?rest_route=\/wp\/v2\/media\/178839"}],"wp:attachment":[{"href":"https:\/\/analyse.optim.biz\/index.php?rest_route=%2Fwp%2Fv2%2Fmedia&parent=178838"}],"wp:term":[{"taxonomy":"category","embeddable":true,"href":"https:\/\/analyse.optim.biz\/index.php?rest_route=%2Fwp%2Fv2%2Fcategories&post=178838"},{"taxonomy":"post_tag","embeddable":true,"href":"https:\/\/analyse.optim.biz\/index.php?rest_route=%2Fwp%2Fv2%2Ftags&post=178838"}],"curies":[{"name":"wp","href":"https:\/\/api.w.org\/{rel}","templated":true}]}}