{"id":1788264,"date":"2026-02-23T20:33:16","date_gmt":"2026-02-23T17:33:16","guid":{"rendered":"https:\/\/analyse.optim.biz\/?p=1788264"},"modified":"2026-02-23T20:33:16","modified_gmt":"2026-02-23T17:33:16","slug":"banca-de-resurse-vegetale-genetice-despre-ultima-zapada","status":"publish","type":"post","link":"https:\/\/analyse.optim.biz\/?p=1788264","title":{"rendered":"Banca de Resurse Vegetale Genetice despre ultima z\u0103pad\u0103"},"content":{"rendered":"<p>[analyse_image type=&#8221;featured&#8221; src=&#8221;https:\/\/www.tvbuzau.ro\/wp-content\/uploads\/2026\/02\/hqdefault-27.jpghttps:\/\/www.tvbuzau.ro\/wp-content\/uploads\/2026\/02\/hqdefault-27.jpg&#8221;]<\/p>\n<div class=\"td-ss-main-content\">\n<article id=\"post-118115\" class=\"post-118115 post type-post status-publish format-video has-post-thumbnail hentry category-actualitate post_format-post-format-video\">\n<div class=\"td-post-header\">\n<ul class=\"td-category\">\n<li class=\"entry-category\"><a href=\"https:\/\/www.tvbuzau.ro\/category\/actualitate\/\">Actualitate<\/a><\/li>\n<\/ul>\n<header class=\"td-post-title\">\n<h1 class=\"entry-title\">Banca de Resurse Vegetale Genetice despre ultima z\u0103pad\u0103<\/h1>\n<div class=\"td-module-meta-info\">\n<div class=\"td-post-author-name\">De c\u0103tre <a href=\"https:\/\/www.tvbuzau.ro\/author\/mihai-vasilescu\/\">TV Buz\u0103u<\/a> &#8211; <\/div>\n<p><span class=\"td-post-date\"><time class=\"entry-date updated td-module-date\" datetime=\"2026-02-23T20:33:16+00:00\">februarie 23, 2026<\/time><\/span><\/p>\n<div class=\"td-post-comments\"><a href=\"https:\/\/www.tvbuzau.ro\/banca-de-resurse-vegetale-genetice-despre-ultima-zapada\/#respond\">0<\/a><\/div>\n<div class=\"td-post-views\"><span class=\"td-nr-views-118115\">16<\/span><\/div>\n<\/div>\n<\/header>\n<\/div>\n<div class=\"td-post-sharing td-post-sharing-top td-with-like\">\n<div class=\"td-default-sharing\"><a class=\"td-social-sharing-buttons td-social-facebook\" href=\"http:\/\/www.facebook.com\/sharer.php?u=https%3A%2F%2Fwww.tvbuzau.ro%2Fbanca-de-resurse-vegetale-genetice-despre-ultima-zapada%2F\"><\/p>\n<div class=\"td-social-but-text\">Distribui\u021bi pe Facebook<\/div>\n<p><\/a><a class=\"td-social-sharing-buttons td-social-twitter\" href=\"https:\/\/twitter.com\/intent\/tweet?text=Banca+de+Resurse+Vegetale+Genetice+despre+ultima+z%C4%83pad%C4%83&amp;url=https%3A%2F%2Fwww.tvbuzau.ro%2Fbanca-de-resurse-vegetale-genetice-despre-ultima-zapada%2F&amp;via=TV+Buz%C4%83u\"><\/p>\n<div class=\"td-social-but-text\">Distribui\u021bi pe Twitter<\/div>\n<p><\/a><\/div>\n<div class=\"td-classic-sharing\">\n<ul>\n<li class=\"td-classic-facebook\"><iframe frameborder src=\"https:\/\/www.facebook.com\/plugins\/like.php?href=https:\/\/www.tvbuzau.ro\/banca-de-resurse-vegetale-genetice-despre-ultima-zapada\/&amp;layout=button_count&amp;show_faces=false&amp;width=105&amp;action=like&amp;colorscheme=light&amp;height=21\"><\/iframe><\/li>\n<li class=\"td-classic-twitter\"><a href=\"https:\/\/twitter.com\/share\" class=\"twitter-share-button\" data-url=\"https:\/\/www.tvbuzau.ro\/banca-de-resurse-vegetale-genetice-despre-ultima-zapada\/\" data-text=\"Banca de Resurse Vegetale Genetice despre ultima z\u0103pad\u0103\" data-via data-lang=\"en\">tweet<\/a><\/li>\n<\/ul>\n<\/div>\n<\/div>\n<div class=\"td-post-content\">\n<div class=\"td-featured-image-rec\">\n<div class=\"wpb_video_wrapper\">\n                    <iframe loading=\"lazy\" id=\"td_youtube_player\" width=\"600\" height=\"560\" src=\"https:\/\/www.youtube.com\/embed\/cBEVnd5KYRc?enablejsapi=1&amp;feature=oembed&amp;wmode=opaque&amp;vq=hd720\" frameborder allowfullscreen><\/iframe><\/p><\/div>\n<\/div>\n<p>Sub z\u0103pad\u0103, via\u021ba nu se opre\u0219te, se conserv\u0103 \u0219i \u00ee\u0219i adun\u0103 energia<br \/>\n\u00cen ultimele zile monitorizate, temperatura medie a aerului s-a men\u021binut \u00een jurul valorii de 4,5\u00b0C, cu minime apropiate de 1\u20132\u00b0C, \u00een timp ce umiditatea relativ\u0103 a aerului a atins valori foarte ridicate, aproape de 100%, semn al unei atmosfere saturate de ap\u0103 \u0219i al stratului consistent de z\u0103pad\u0103, au anun\u0163at speciali\u015ftii B\u0103ncii de Resurse Genetice Vegetale.<\/p>\n<p>\u201cPrecipita\u021biile au \u00eensumat aproximativ 5 mm, iar viteza v\u00e2ntului a r\u0103mas redus\u0103, \u00een jur de 0,7 m\/s \u2014 condi\u021bii specifice unei perioade stabile de iarn\u0103. La nivelul solului, datele sunt la fel de importante pentru cercetare: temperatura la 10 cm ad\u00e2ncime s-a situat \u00een jurul valorii de \u20130,1\u00b0C, iar con\u021binutul de ap\u0103 din sol a fost de aproximativ 32% la 10 cm \u0219i peste 40% la 30 cm ad\u00e2ncime, indic\u00e2nd o rezerv\u0103 bun\u0103 de umiditate pentru perioada care urmeaz\u0103\u201d, a anun\u0163at institu\u0163ia.<\/p>\n<p>Potrivit cercet\u0103torilor cifrele reci prezentate anterior au o substan\u0163\u0103 cu totul deosebit\u0103.<br \/>\n\u201cAceste cifre nu sunt doar statistici. Ele spun povestea unei ierni care protejeaz\u0103 solul, conserv\u0103 apa \u0219i preg\u0103te\u0219te, \u00een t\u0103cere, \u00eenceputul unui nou ciclu biologic\u201d, arat\u0103 BRGV Buz\u0103u.<\/p>\n<div class=\"post-views post-118115 entry-meta\"><span class=\"post-views-label\">Post Views: <\/span><span class=\"post-views-count\">91<\/span><\/div>\n<\/div>\n<footer>\n<div class=\"td-post-sharing td-post-sharing-bottom td-with-like\"><span class=\"td-post-share-title\">DISTRIBUI\u021aI<\/span><\/p>\n<div class=\"td-default-sharing\"><a class=\"td-social-sharing-buttons td-social-facebook\" href=\"http:\/\/www.facebook.com\/sharer.php?u=https%3A%2F%2Fwww.tvbuzau.ro%2Fbanca-de-resurse-vegetale-genetice-despre-ultima-zapada%2F\"><\/p>\n<div class=\"td-social-but-text\">Facebook<\/div>\n<p><\/a><a class=\"td-social-sharing-buttons td-social-twitter\" href=\"https:\/\/twitter.com\/intent\/tweet?text=Banca+de+Resurse+Vegetale+Genetice+despre+ultima+z%C4%83pad%C4%83&amp;url=https%3A%2F%2Fwww.tvbuzau.ro%2Fbanca-de-resurse-vegetale-genetice-despre-ultima-zapada%2F&amp;via=TV+Buz%C4%83u\"><\/p>\n<div class=\"td-social-but-text\">Twitter<\/div>\n<p><\/a><\/div>\n<div class=\"td-classic-sharing\">\n<ul>\n<li class=\"td-classic-facebook\"><iframe frameborder src=\"https:\/\/www.facebook.com\/plugins\/like.php?href=https:\/\/www.tvbuzau.ro\/banca-de-resurse-vegetale-genetice-despre-ultima-zapada\/&amp;layout=button_count&amp;show_faces=false&amp;width=105&amp;action=like&amp;colorscheme=light&amp;height=21\"><\/iframe><\/li>\n<li class=\"td-classic-twitter\"><a href=\"https:\/\/twitter.com\/share\" class=\"twitter-share-button\" data-url=\"https:\/\/www.tvbuzau.ro\/banca-de-resurse-vegetale-genetice-despre-ultima-zapada\/\" data-text=\"Banca de Resurse Vegetale Genetice despre ultima z\u0103pad\u0103\" data-via data-lang=\"en\">tweet<\/a><\/li>\n<\/ul>\n<\/div>\n<\/div>\n<div class=\"td-author-name vcard author\"><span class=\"fn\"><a href=\"https:\/\/www.tvbuzau.ro\/author\/mihai-vasilescu\/\">TV Buz\u0103u<\/a><\/span><\/div>\n<p><span><\/span><span><span><\/span><\/span><span><\/span><\/footer>\n<\/article>\n<div class=\"td_block_wrap td_block_related_posts td_uid_1_699cb41051633_rand td_with_ajax_pagination td-pb-border-top\" data-td-block-uid=\"td_uid_1_699cb41051633\">\n<h4 class=\"td-related-title\"><a id=\"td_uid_2_699cb4105692c\" class=\"td-related-left td-cur-simple-item\" data-td_filter_value data-td_block_id=\"td_uid_1_699cb41051633\" href=\"https:\/\/www.tvbuzau.ro\/banca-de-resurse-vegetale-genetice-despre-ultima-zapada\/\">ARTICOLE SIMILARE<\/a><a id=\"td_uid_3_699cb41056966\" class=\"td-related-right\" data-td_filter_value=\"td_related_more_from_author\" data-td_block_id=\"td_uid_1_699cb41051633\" href=\"https:\/\/www.tvbuzau.ro\/banca-de-resurse-vegetale-genetice-despre-ultima-zapada\/\">DE LA ACELA\u0218I AUTOR<\/a><\/h4>\n<div id=\"td_uid_1_699cb41051633\" class=\"td_block_inner\">\n<div class=\"td-related-row\">\n<div class=\"td-related-span4\">\n<div class=\"td_module_related_posts td-animation-stack td_mod_related_posts\">\n<div class=\"td-module-image\">\n<div class=\"td-module-thumb\"><a href=\"https:\/\/www.tvbuzau.ro\/zapada-a-pus-probleme-pe-mai-multe-drumuri-din-judet\/\" rel=\"bookmark\" title=\"Z\u0103pada a pus probleme pe mai multe drumuri din jude\u0163\"><img loading=\"lazy\" decoding=\"async\" width=\"218\" height=\"150\" class=\"entry-thumb\" src=\"https:\/\/www.tvbuzau.ro\/wp-content\/uploads\/2026\/02\/hqdefault-29-218x150.jpg\" alt title=\"Z\u0103pada a pus probleme pe mai multe drumuri din jude\u0163\"><span class=\"td-video-play-ico\"><img loading=\"lazy\" decoding=\"async\" width=\"40\" height=\"40\" class=\"td-retina\" src=\"https:\/\/www.tvbuzau.ro\/wp-content\/themes\/Newspaper\/images\/icons\/ico-video-large.png\" alt=\"video\"><\/span><\/a><\/div>\n<p><a href=\"https:\/\/www.tvbuzau.ro\/category\/actualitate\/\" class=\"td-post-category\">Actualitate<\/a><\/div>\n<div class=\"item-details\">\n<h3 class=\"entry-title td-module-title\"><a href=\"https:\/\/www.tvbuzau.ro\/zapada-a-pus-probleme-pe-mai-multe-drumuri-din-judet\/\" rel=\"bookmark\" title=\"Z\u0103pada a pus probleme pe mai multe drumuri din jude\u0163\">Z\u0103pada a pus probleme pe mai multe drumuri din jude\u0163<\/a><\/h3>\n<\/div>\n<\/div>\n<\/div>\n<div class=\"td-related-span4\">\n<div class=\"td_module_related_posts td-animation-stack td_mod_related_posts\">\n<div class=\"td-module-image\">\n<div class=\"td-module-thumb\"><a href=\"https:\/\/www.tvbuzau.ro\/cati-buzoieni-si-au-rupt-picioarele-intr-o-zi-in-oras\/\" rel=\"bookmark\" title=\"C\u00e2\u0163i buzoieni \u015fi-au rupt picioarele \u00eentr-o zi \u00een ora\u015f\"><img loading=\"lazy\" decoding=\"async\" width=\"218\" height=\"150\" class=\"entry-thumb\" src=\"https:\/\/www.tvbuzau.ro\/wp-content\/uploads\/2026\/02\/hqdefault-28-218x150.jpg\" alt title=\"C\u00e2\u0163i buzoieni \u015fi-au rupt picioarele \u00eentr-o zi \u00een ora\u015f\"><span class=\"td-video-play-ico\"><img loading=\"lazy\" decoding=\"async\" width=\"40\" height=\"40\" class=\"td-retina\" src=\"https:\/\/www.tvbuzau.ro\/wp-content\/themes\/Newspaper\/images\/icons\/ico-video-large.png\" alt=\"video\"><\/span><\/a><\/div>\n<p><a href=\"https:\/\/www.tvbuzau.ro\/category\/actualitate\/\" class=\"td-post-category\">Actualitate<\/a><\/div>\n<div class=\"item-details\">\n<h3 class=\"entry-title td-module-title\"><a href=\"https:\/\/www.tvbuzau.ro\/cati-buzoieni-si-au-rupt-picioarele-intr-o-zi-in-oras\/\" rel=\"bookmark\" title=\"C\u00e2\u0163i buzoieni \u015fi-au rupt picioarele \u00eentr-o zi \u00een ora\u015f\">C\u00e2\u0163i buzoieni \u015fi-au rupt picioarele \u00eentr-o zi \u00een ora\u015f<\/a><\/h3>\n<\/div>\n<\/div>\n<\/div>\n<div class=\"td-related-span4\">\n<div class=\"td_module_related_posts td-animation-stack td_mod_related_posts\">\n<div class=\"td-module-image\">\n<div class=\"td-module-thumb\"><a href=\"https:\/\/www.tvbuzau.ro\/continua-demersurile-pentru-extinderea-spitalului-judetean\/\" rel=\"bookmark\" title=\"Continu\u0103 demersurile pentru extinderea Spitalului Jude\u0163ean\"><img loading=\"lazy\" decoding=\"async\" width=\"218\" height=\"150\" class=\"entry-thumb\" src=\"https:\/\/www.tvbuzau.ro\/wp-content\/uploads\/2026\/02\/hqdefault-26-218x150.jpg\" alt title=\"Continu\u0103 demersurile pentru extinderea Spitalului Jude\u0163ean\"><span class=\"td-video-play-ico\"><img loading=\"lazy\" decoding=\"async\" width=\"40\" height=\"40\" class=\"td-retina\" src=\"https:\/\/www.tvbuzau.ro\/wp-content\/themes\/Newspaper\/images\/icons\/ico-video-large.png\" alt=\"video\"><\/span><\/a><\/div>\n<p><a href=\"https:\/\/www.tvbuzau.ro\/category\/actualitate\/\" class=\"td-post-category\">Actualitate<\/a><\/div>\n<div class=\"item-details\">\n<h3 class=\"entry-title td-module-title\"><a href=\"https:\/\/www.tvbuzau.ro\/continua-demersurile-pentru-extinderea-spitalului-judetean\/\" rel=\"bookmark\" title=\"Continu\u0103 demersurile pentru extinderea Spitalului Jude\u0163ean\">Continu\u0103 demersurile pentru extinderea Spitalului Jude\u0163ean<\/a><\/h3>\n<\/div>\n<\/div>\n<\/div>\n<\/div>\n<div class=\"td-related-row\">\n<div class=\"td-related-span4\">\n<div class=\"td_module_related_posts td-animation-stack td_mod_related_posts\">\n<div class=\"td-module-image\">\n<div class=\"td-module-thumb\"><a href=\"https:\/\/www.tvbuzau.ro\/o-treime-din-bugetul-consiliului-judetean-cheltuita-la-dgaspc\/\" rel=\"bookmark\" title=\"O treime din bugetul Consiliului Jude\u0163ean cheltuit\u0103 la DGASPC\"><img loading=\"lazy\" decoding=\"async\" width=\"218\" height=\"150\" class=\"entry-thumb\" src=\"https:\/\/www.tvbuzau.ro\/wp-content\/uploads\/2026\/02\/hqdefault-25-218x150.jpg\" alt title=\"O treime din bugetul Consiliului Jude\u0163ean cheltuit\u0103 la DGASPC\"><span class=\"td-video-play-ico\"><img loading=\"lazy\" decoding=\"async\" width=\"40\" height=\"40\" class=\"td-retina\" src=\"https:\/\/www.tvbuzau.ro\/wp-content\/themes\/Newspaper\/images\/icons\/ico-video-large.png\" alt=\"video\"><\/span><\/a><\/div>\n<p><a href=\"https:\/\/www.tvbuzau.ro\/category\/actualitate\/\" class=\"td-post-category\">Actualitate<\/a><\/div>\n<div class=\"item-details\">\n<h3 class=\"entry-title td-module-title\"><a href=\"https:\/\/www.tvbuzau.ro\/o-treime-din-bugetul-consiliului-judetean-cheltuita-la-dgaspc\/\" rel=\"bookmark\" title=\"O treime din bugetul Consiliului Jude\u0163ean cheltuit\u0103 la DGASPC\">O treime din bugetul Consiliului Jude\u0163ean cheltuit\u0103 la DGASPC<\/a><\/h3>\n<\/div>\n<\/div>\n<\/div>\n<div class=\"td-related-span4\">\n<div class=\"td_module_related_posts td-animation-stack td_mod_related_posts\">\n<div class=\"td-module-image\">\n<div class=\"td-module-thumb\"><a href=\"https:\/\/www.tvbuzau.ro\/infractiuni-in-scadere-in-anul-2025\/\" rel=\"bookmark\" title=\"Infrac\u0163iuni \u00een sc\u0103dere \u00een anul 2025\"><img loading=\"lazy\" decoding=\"async\" width=\"218\" height=\"150\" class=\"entry-thumb\" src=\"https:\/\/www.tvbuzau.ro\/wp-content\/uploads\/2026\/02\/hqdefault-24-218x150.jpg\" alt title=\"Infrac\u0163iuni \u00een sc\u0103dere \u00een anul 2025\"><span class=\"td-video-play-ico\"><img loading=\"lazy\" decoding=\"async\" width=\"40\" height=\"40\" class=\"td-retina\" src=\"https:\/\/www.tvbuzau.ro\/wp-content\/themes\/Newspaper\/images\/icons\/ico-video-large.png\" alt=\"video\"><\/span><\/a><\/div>\n<p><a href=\"https:\/\/www.tvbuzau.ro\/category\/actualitate\/\" class=\"td-post-category\">Actualitate<\/a><\/div>\n<div class=\"item-details\">\n<h3 class=\"entry-title td-module-title\"><a href=\"https:\/\/www.tvbuzau.ro\/infractiuni-in-scadere-in-anul-2025\/\" rel=\"bookmark\" title=\"Infrac\u0163iuni \u00een sc\u0103dere \u00een anul 2025\">Infrac\u0163iuni \u00een sc\u0103dere \u00een anul 2025<\/a><\/h3>\n<\/div>\n<\/div>\n<\/div>\n<div class=\"td-related-span4\">\n<div class=\"td_module_related_posts td-animation-stack td_mod_related_posts\">\n<div class=\"td-module-image\">\n<div class=\"td-module-thumb\"><a href=\"https:\/\/www.tvbuzau.ro\/4-milioae-de-euro-bani-necheltuti-de-primaria-buzau\/\" rel=\"bookmark\" title=\"4 milioae de euro, bani necheltu\u0163i de Prim\u0103ria Buz\u0103u\"><img loading=\"lazy\" decoding=\"async\" width=\"218\" height=\"150\" class=\"entry-thumb\" src=\"https:\/\/www.tvbuzau.ro\/wp-content\/uploads\/2026\/02\/hqdefault-22-218x150.jpg\" alt title=\"4 milioae de euro, bani necheltu\u0163i de Prim\u0103ria Buz\u0103u\"><span class=\"td-video-play-ico\"><img loading=\"lazy\" decoding=\"async\" width=\"40\" height=\"40\" class=\"td-retina\" src=\"https:\/\/www.tvbuzau.ro\/wp-content\/themes\/Newspaper\/images\/icons\/ico-video-large.png\" alt=\"video\"><\/span><\/a><\/div>\n<p><a href=\"https:\/\/www.tvbuzau.ro\/category\/actualitate\/\" class=\"td-post-category\">Actualitate<\/a><\/div>\n<div class=\"item-details\">\n<h3 class=\"entry-title td-module-title\"><a href=\"https:\/\/www.tvbuzau.ro\/4-milioae-de-euro-bani-necheltuti-de-primaria-buzau\/\" rel=\"bookmark\" title=\"4 milioae de euro, bani necheltu\u0163i de Prim\u0103ria Buz\u0103u\">4 milioae de euro, bani necheltu\u0163i de Prim\u0103ria Buz\u0103u<\/a><\/h3>\n<\/div>\n<\/div>\n<\/div>\n<\/div>\n<\/div>\n<\/div>\n<div class=\"comments\" id=\"comments\">\n<div id=\"respond\" class=\"comment-respond\">\n<h3 id=\"reply-title\" class=\"comment-reply-title\">L\u0102SA\u021aI UN MESAJ <small><a rel=\"nofollow\" id=\"cancel-comment-reply-link\" href=\"https:\/\/www.tvbuzau.ro\/banca-de-resurse-vegetale-genetice-despre-ultima-zapada\/#respond\">Renun\u021ba\u021bi la r\u0103spuns<\/a><\/small><\/h3>\n<\/div>\n<\/div>\n<\/div>\n<div class=\"td-post-content\">\n<div class=\"td-featured-image-rec\">\n<div class=\"wpb_video_wrapper\">\n                    <iframe loading=\"lazy\" id=\"td_youtube_player\" width=\"600\" height=\"560\" src=\"https:\/\/www.youtube.com\/embed\/cBEVnd5KYRc?enablejsapi=1&amp;feature=oembed&amp;wmode=opaque&amp;vq=hd720\" frameborder allowfullscreen><\/iframe><\/p><\/div>\n<\/div>\n<p>Sub z\u0103pad\u0103, via\u021ba nu se opre\u0219te, se conserv\u0103 \u0219i \u00ee\u0219i adun\u0103 energia<br \/>\n\u00cen ultimele zile monitorizate, temperatura medie a aerului s-a men\u021binut \u00een jurul valorii de 4,5\u00b0C, cu minime apropiate de 1\u20132\u00b0C, \u00een timp ce umiditatea relativ\u0103 a aerului a atins valori foarte ridicate, aproape de 100%, semn al unei atmosfere saturate de ap\u0103 \u0219i al stratului consistent de z\u0103pad\u0103, au anun\u0163at speciali\u015ftii B\u0103ncii de Resurse Genetice Vegetale.<\/p>\n<p>\u201cPrecipita\u021biile au \u00eensumat aproximativ 5 mm, iar viteza v\u00e2ntului a r\u0103mas redus\u0103, \u00een jur de 0,7 m\/s \u2014 condi\u021bii specifice unei perioade stabile de iarn\u0103. La nivelul solului, datele sunt la fel de importante pentru cercetare: temperatura la 10 cm ad\u00e2ncime s-a situat \u00een jurul valorii de \u20130,1\u00b0C, iar con\u021binutul de ap\u0103 din sol a fost de aproximativ 32% la 10 cm \u0219i peste 40% la 30 cm ad\u00e2ncime, indic\u00e2nd o rezerv\u0103 bun\u0103 de umiditate pentru perioada care urmeaz\u0103\u201d, a anun\u0163at institu\u0163ia.<\/p>\n<p>Potrivit cercet\u0103torilor cifrele reci prezentate anterior au o substan\u0163\u0103 cu totul deosebit\u0103.<br \/>\n\u201cAceste cifre nu sunt doar statistici. Ele spun povestea unei ierni care protejeaz\u0103 solul, conserv\u0103 apa \u0219i preg\u0103te\u0219te, \u00een t\u0103cere, \u00eenceputul unui nou ciclu biologic\u201d, arat\u0103 BRGV Buz\u0103u.<\/p>\n<div class=\"post-views post-118115 entry-meta\"><span class=\"post-views-label\">Post Views: <\/span><span class=\"post-views-count\">91<\/span><\/div>\n<\/div>\n<p>[analyse_source url=&#8221;https:\/\/www.tvbuzau.ro\/banca-de-resurse-vegetale-genetice-despre-ultima-zapada\/&#8221;]<\/p>\n","protected":false},"excerpt":{"rendered":"<p>[analyse_image type=&#8221;featured&#8221; src=&#8221;https:\/\/www.tvbuzau.ro\/wp-content\/uploads\/2026\/02\/hqdefault-27.jpghttps:\/\/www.tvbuzau.ro\/wp-content\/uploads\/2026\/02\/hqdefault-27.jpg&#8221;] Actualitate Banca de Resurse Vegetale Genetice despre ultima z\u0103pad\u0103 De c\u0103tre TV Buz\u0103u &#8211; februarie 23, 2026 0 16 Distribui\u021bi pe Facebook Distribui\u021bi pe Twitter tweet Sub z\u0103pad\u0103, via\u021ba nu se opre\u0219te, se conserv\u0103 \u0219i \u00ee\u0219i adun\u0103 energia \u00cen ultimele zile monitorizate, temperatura medie a aerului s-a men\u021binut \u00een jurul valorii de [&hellip;]<\/p>\n","protected":false},"author":1,"featured_media":0,"comment_status":"open","ping_status":"","sticky":false,"template":"","format":"standard","meta":{"footnotes":""},"categories":[2],"tags":[226,116],"class_list":["post-1788264","post","type-post","status-publish","format-standard","hentry","category-politics","tag-crawlmanager","tag-tvbuzau-ro"],"_links":{"self":[{"href":"https:\/\/analyse.optim.biz\/index.php?rest_route=\/wp\/v2\/posts\/1788264","targetHints":{"allow":["GET"]}}],"collection":[{"href":"https:\/\/analyse.optim.biz\/index.php?rest_route=\/wp\/v2\/posts"}],"about":[{"href":"https:\/\/analyse.optim.biz\/index.php?rest_route=\/wp\/v2\/types\/post"}],"author":[{"embeddable":true,"href":"https:\/\/analyse.optim.biz\/index.php?rest_route=\/wp\/v2\/users\/1"}],"replies":[{"embeddable":true,"href":"https:\/\/analyse.optim.biz\/index.php?rest_route=%2Fwp%2Fv2%2Fcomments&post=1788264"}],"version-history":[{"count":0,"href":"https:\/\/analyse.optim.biz\/index.php?rest_route=\/wp\/v2\/posts\/1788264\/revisions"}],"wp:attachment":[{"href":"https:\/\/analyse.optim.biz\/index.php?rest_route=%2Fwp%2Fv2%2Fmedia&parent=1788264"}],"wp:term":[{"taxonomy":"category","embeddable":true,"href":"https:\/\/analyse.optim.biz\/index.php?rest_route=%2Fwp%2Fv2%2Fcategories&post=1788264"},{"taxonomy":"post_tag","embeddable":true,"href":"https:\/\/analyse.optim.biz\/index.php?rest_route=%2Fwp%2Fv2%2Ftags&post=1788264"}],"curies":[{"name":"wp","href":"https:\/\/api.w.org\/{rel}","templated":true}]}}