{"id":1788262,"date":"2026-02-23T20:31:47","date_gmt":"2026-02-23T17:31:47","guid":{"rendered":"https:\/\/analyse.optim.biz\/?p=1788262"},"modified":"2026-02-23T20:31:47","modified_gmt":"2026-02-23T17:31:47","slug":"continua-demersurile-pentru-extinderea-spitalului-judetean","status":"publish","type":"post","link":"https:\/\/analyse.optim.biz\/?p=1788262","title":{"rendered":"Continu\u0103 demersurile pentru extinderea Spitalului Jude\u0163ean"},"content":{"rendered":"<p>[analyse_image type=&#8221;featured&#8221; src=&#8221;https:\/\/www.tvbuzau.ro\/wp-content\/uploads\/2026\/02\/hqdefault-26.jpghttps:\/\/www.tvbuzau.ro\/wp-content\/uploads\/2026\/02\/hqdefault-26.jpg&#8221;]<\/p>\n<div class=\"td-ss-main-content\">\n<article id=\"post-118112\" class=\"post-118112 post type-post status-publish format-video has-post-thumbnail hentry category-actualitate post_format-post-format-video\">\n<div class=\"td-post-header\">\n<ul class=\"td-category\">\n<li class=\"entry-category\"><a href=\"https:\/\/www.tvbuzau.ro\/category\/actualitate\/\">Actualitate<\/a><\/li>\n<\/ul>\n<header class=\"td-post-title\">\n<h1 class=\"entry-title\">Continu\u0103 demersurile pentru extinderea Spitalului Jude\u0163ean<\/h1>\n<div class=\"td-module-meta-info\">\n<div class=\"td-post-author-name\">De c\u0103tre <a href=\"https:\/\/www.tvbuzau.ro\/author\/mihai-vasilescu\/\">TV Buz\u0103u<\/a> &#8211; <\/div>\n<p><span class=\"td-post-date\"><time class=\"entry-date updated td-module-date\" datetime=\"2026-02-23T20:31:47+00:00\">februarie 23, 2026<\/time><\/span><\/p>\n<div class=\"td-post-comments\"><a href=\"https:\/\/www.tvbuzau.ro\/continua-demersurile-pentru-extinderea-spitalului-judetean\/#respond\">0<\/a><\/div>\n<div class=\"td-post-views\"><span class=\"td-nr-views-118112\">19<\/span><\/div>\n<\/div>\n<\/header>\n<\/div>\n<div class=\"td-post-sharing td-post-sharing-top td-with-like\">\n<div class=\"td-default-sharing\"><a class=\"td-social-sharing-buttons td-social-facebook\" href=\"http:\/\/www.facebook.com\/sharer.php?u=https%3A%2F%2Fwww.tvbuzau.ro%2Fcontinua-demersurile-pentru-extinderea-spitalului-judetean%2F\"><\/p>\n<div class=\"td-social-but-text\">Distribui\u021bi pe Facebook<\/div>\n<p><\/a><a class=\"td-social-sharing-buttons td-social-twitter\" href=\"https:\/\/twitter.com\/intent\/tweet?text=Continu%C4%83+demersurile+pentru+extinderea+Spitalului+Jude%C5%A3ean&amp;url=https%3A%2F%2Fwww.tvbuzau.ro%2Fcontinua-demersurile-pentru-extinderea-spitalului-judetean%2F&amp;via=TV+Buz%C4%83u\"><\/p>\n<div class=\"td-social-but-text\">Distribui\u021bi pe Twitter<\/div>\n<p><\/a><\/div>\n<div class=\"td-classic-sharing\">\n<ul>\n<li class=\"td-classic-facebook\"><iframe frameborder src=\"https:\/\/www.facebook.com\/plugins\/like.php?href=https:\/\/www.tvbuzau.ro\/continua-demersurile-pentru-extinderea-spitalului-judetean\/&amp;layout=button_count&amp;show_faces=false&amp;width=105&amp;action=like&amp;colorscheme=light&amp;height=21\"><\/iframe><\/li>\n<li class=\"td-classic-twitter\"><a href=\"https:\/\/twitter.com\/share\" class=\"twitter-share-button\" data-url=\"https:\/\/www.tvbuzau.ro\/continua-demersurile-pentru-extinderea-spitalului-judetean\/\" data-text=\"Continu\u0103 demersurile pentru extinderea Spitalului Jude\u0163ean\" data-via data-lang=\"en\">tweet<\/a><\/li>\n<\/ul>\n<\/div>\n<\/div>\n<div class=\"td-post-content\">\n<div class=\"td-featured-image-rec\">\n<div class=\"wpb_video_wrapper\">\n                    <iframe loading=\"lazy\" id=\"td_youtube_player\" width=\"600\" height=\"560\" src=\"https:\/\/www.youtube.com\/embed\/WvqB0UJQ54s?enablejsapi=1&amp;feature=oembed&amp;wmode=opaque&amp;vq=hd720\" frameborder allowfullscreen><\/iframe><\/p><\/div>\n<\/div>\n<p>Un nou bloc operator \u015fi o nou\u0103 sec\u0163ie ATI<br \/>\nPre\u015fedintele Consiliului Jude\u0163ean Buz\u0103u, Marcel Ciolacu a anun\u0163at c\u0103 extinderea Spitalului Jude\u021bean de Urgen\u021b\u0103 este unul dintre proiectele majore pe care institu\u0163ia le tratez\u0103 cu prioritate. Conducerea institu\u0163iei a anun\u0163at c\u0103 a avut o \u0219edin\u021b\u0103 de lucru aplicat\u0103 privind realizarea unui nou bloc operator \u0219i a unei sec\u021bii ATI, un proiect esen\u021bial pentru cre\u0219terea calit\u0103\u021bii actului medical \u00een jude\u021bul Buz\u0103u.<br \/>\nLa discu\u021bii au participat secretarul de stat Claudiu Damian, deputatul Romeo Lungu, vicepre\u0219edintele Adrian Petre, proiectan\u021bi, directori din cadrul Consiliului Jude\u021bean, managerul spitalului.<\/p>\n<p>\u201cObiectivul este clar: s\u0103 oferim pacien\u021bilor acces la interven\u021bii chirurgicale moderne \u0219i servicii de urgen\u021b\u0103 la standarde ridicate, aici, \u00een jude\u021b. Un bloc operator \u0219i o sec\u021bie ATI bine dotate \u00eenseamn\u0103 timp c\u00e2\u0219tigat, interven\u021bii mai sigure \u0219i \u0219anse mai mari pentru fiecare pacient\u201d, a trasmis pre\u015fedintele Consiliului Jude\u0163ean Buz\u0103u, Marcel Ciolacu. De altfel, acesta a precizat recent c\u0103 lucr\u0103rile la blocul opertor ar putea \u00eencepe \u00een cur\u00e2nd.<br \/>\nImpactul acestui proiect va fi major pentru comunitate, a subliniat pre\u015fedintele institu\u0163iei.<br \/>\nS\u0103n\u0103tatea r\u0103m\u00e2ne prioritatea Consiliului, iar investi\u021biile \u00een infrastructura medical\u0103 sunt fundamentale pentru viitorul jude\u021bului Buz\u0103u, au transmis autorit\u0103\u0163ile.<\/p>\n<div class=\"post-views post-118112 entry-meta\"><span class=\"post-views-label\">Post Views: <\/span><span class=\"post-views-count\">100<\/span><\/div>\n<\/div>\n<footer>\n<div class=\"td-post-sharing td-post-sharing-bottom td-with-like\"><span class=\"td-post-share-title\">DISTRIBUI\u021aI<\/span><\/p>\n<div class=\"td-default-sharing\"><a class=\"td-social-sharing-buttons td-social-facebook\" href=\"http:\/\/www.facebook.com\/sharer.php?u=https%3A%2F%2Fwww.tvbuzau.ro%2Fcontinua-demersurile-pentru-extinderea-spitalului-judetean%2F\"><\/p>\n<div class=\"td-social-but-text\">Facebook<\/div>\n<p><\/a><a class=\"td-social-sharing-buttons td-social-twitter\" href=\"https:\/\/twitter.com\/intent\/tweet?text=Continu%C4%83+demersurile+pentru+extinderea+Spitalului+Jude%C5%A3ean&amp;url=https%3A%2F%2Fwww.tvbuzau.ro%2Fcontinua-demersurile-pentru-extinderea-spitalului-judetean%2F&amp;via=TV+Buz%C4%83u\"><\/p>\n<div class=\"td-social-but-text\">Twitter<\/div>\n<p><\/a><\/div>\n<div class=\"td-classic-sharing\">\n<ul>\n<li class=\"td-classic-facebook\"><iframe frameborder src=\"https:\/\/www.facebook.com\/plugins\/like.php?href=https:\/\/www.tvbuzau.ro\/continua-demersurile-pentru-extinderea-spitalului-judetean\/&amp;layout=button_count&amp;show_faces=false&amp;width=105&amp;action=like&amp;colorscheme=light&amp;height=21\"><\/iframe><\/li>\n<li class=\"td-classic-twitter\"><a href=\"https:\/\/twitter.com\/share\" class=\"twitter-share-button\" data-url=\"https:\/\/www.tvbuzau.ro\/continua-demersurile-pentru-extinderea-spitalului-judetean\/\" data-text=\"Continu\u0103 demersurile pentru extinderea Spitalului Jude\u0163ean\" data-via data-lang=\"en\">tweet<\/a><\/li>\n<\/ul>\n<\/div>\n<\/div>\n<div class=\"td-author-name vcard author\"><span class=\"fn\"><a href=\"https:\/\/www.tvbuzau.ro\/author\/mihai-vasilescu\/\">TV Buz\u0103u<\/a><\/span><\/div>\n<p><span><\/span><span><span><\/span><\/span><span><\/span><\/footer>\n<\/article>\n<div class=\"td_block_wrap td_block_related_posts td_uid_1_699cb3e8695b3_rand td_with_ajax_pagination td-pb-border-top\" data-td-block-uid=\"td_uid_1_699cb3e8695b3\">\n<h4 class=\"td-related-title\"><a id=\"td_uid_2_699cb3e86e942\" class=\"td-related-left td-cur-simple-item\" data-td_filter_value data-td_block_id=\"td_uid_1_699cb3e8695b3\" href=\"https:\/\/www.tvbuzau.ro\/continua-demersurile-pentru-extinderea-spitalului-judetean\/\">ARTICOLE SIMILARE<\/a><a id=\"td_uid_3_699cb3e86e97c\" class=\"td-related-right\" data-td_filter_value=\"td_related_more_from_author\" data-td_block_id=\"td_uid_1_699cb3e8695b3\" href=\"https:\/\/www.tvbuzau.ro\/continua-demersurile-pentru-extinderea-spitalului-judetean\/\">DE LA ACELA\u0218I AUTOR<\/a><\/h4>\n<div id=\"td_uid_1_699cb3e8695b3\" class=\"td_block_inner\">\n<div class=\"td-related-row\">\n<div class=\"td-related-span4\">\n<div class=\"td_module_related_posts td-animation-stack td_mod_related_posts\">\n<div class=\"td-module-image\">\n<div class=\"td-module-thumb\"><a href=\"https:\/\/www.tvbuzau.ro\/zapada-a-pus-probleme-pe-mai-multe-drumuri-din-judet\/\" rel=\"bookmark\" title=\"Z\u0103pada a pus probleme pe mai multe drumuri din jude\u0163\"><img loading=\"lazy\" decoding=\"async\" width=\"218\" height=\"150\" class=\"entry-thumb\" src=\"https:\/\/www.tvbuzau.ro\/wp-content\/uploads\/2026\/02\/hqdefault-29-218x150.jpg\" alt title=\"Z\u0103pada a pus probleme pe mai multe drumuri din jude\u0163\"><span class=\"td-video-play-ico\"><img loading=\"lazy\" decoding=\"async\" width=\"40\" height=\"40\" class=\"td-retina\" src=\"https:\/\/www.tvbuzau.ro\/wp-content\/themes\/Newspaper\/images\/icons\/ico-video-large.png\" alt=\"video\"><\/span><\/a><\/div>\n<p><a href=\"https:\/\/www.tvbuzau.ro\/category\/actualitate\/\" class=\"td-post-category\">Actualitate<\/a><\/div>\n<div class=\"item-details\">\n<h3 class=\"entry-title td-module-title\"><a href=\"https:\/\/www.tvbuzau.ro\/zapada-a-pus-probleme-pe-mai-multe-drumuri-din-judet\/\" rel=\"bookmark\" title=\"Z\u0103pada a pus probleme pe mai multe drumuri din jude\u0163\">Z\u0103pada a pus probleme pe mai multe drumuri din jude\u0163<\/a><\/h3>\n<\/div>\n<\/div>\n<\/div>\n<div class=\"td-related-span4\">\n<div class=\"td_module_related_posts td-animation-stack td_mod_related_posts\">\n<div class=\"td-module-image\">\n<div class=\"td-module-thumb\"><a href=\"https:\/\/www.tvbuzau.ro\/cati-buzoieni-si-au-rupt-picioarele-intr-o-zi-in-oras\/\" rel=\"bookmark\" title=\"C\u00e2\u0163i buzoieni \u015fi-au rupt picioarele \u00eentr-o zi \u00een ora\u015f\"><img loading=\"lazy\" decoding=\"async\" width=\"218\" height=\"150\" class=\"entry-thumb\" src=\"https:\/\/www.tvbuzau.ro\/wp-content\/uploads\/2026\/02\/hqdefault-28-218x150.jpg\" alt title=\"C\u00e2\u0163i buzoieni \u015fi-au rupt picioarele \u00eentr-o zi \u00een ora\u015f\"><span class=\"td-video-play-ico\"><img loading=\"lazy\" decoding=\"async\" width=\"40\" height=\"40\" class=\"td-retina\" src=\"https:\/\/www.tvbuzau.ro\/wp-content\/themes\/Newspaper\/images\/icons\/ico-video-large.png\" alt=\"video\"><\/span><\/a><\/div>\n<p><a href=\"https:\/\/www.tvbuzau.ro\/category\/actualitate\/\" class=\"td-post-category\">Actualitate<\/a><\/div>\n<div class=\"item-details\">\n<h3 class=\"entry-title td-module-title\"><a href=\"https:\/\/www.tvbuzau.ro\/cati-buzoieni-si-au-rupt-picioarele-intr-o-zi-in-oras\/\" rel=\"bookmark\" title=\"C\u00e2\u0163i buzoieni \u015fi-au rupt picioarele \u00eentr-o zi \u00een ora\u015f\">C\u00e2\u0163i buzoieni \u015fi-au rupt picioarele \u00eentr-o zi \u00een ora\u015f<\/a><\/h3>\n<\/div>\n<\/div>\n<\/div>\n<div class=\"td-related-span4\">\n<div class=\"td_module_related_posts td-animation-stack td_mod_related_posts\">\n<div class=\"td-module-image\">\n<div class=\"td-module-thumb\"><a href=\"https:\/\/www.tvbuzau.ro\/banca-de-resurse-vegetale-genetice-despre-ultima-zapada\/\" rel=\"bookmark\" title=\"Banca de Resurse Vegetale Genetice despre ultima z\u0103pad\u0103\"><img loading=\"lazy\" decoding=\"async\" width=\"218\" height=\"150\" class=\"entry-thumb\" src=\"https:\/\/www.tvbuzau.ro\/wp-content\/uploads\/2026\/02\/hqdefault-27-218x150.jpg\" alt title=\"Banca de Resurse Vegetale Genetice despre ultima z\u0103pad\u0103\"><span class=\"td-video-play-ico\"><img loading=\"lazy\" decoding=\"async\" width=\"40\" height=\"40\" class=\"td-retina\" src=\"https:\/\/www.tvbuzau.ro\/wp-content\/themes\/Newspaper\/images\/icons\/ico-video-large.png\" alt=\"video\"><\/span><\/a><\/div>\n<p><a href=\"https:\/\/www.tvbuzau.ro\/category\/actualitate\/\" class=\"td-post-category\">Actualitate<\/a><\/div>\n<div class=\"item-details\">\n<h3 class=\"entry-title td-module-title\"><a href=\"https:\/\/www.tvbuzau.ro\/banca-de-resurse-vegetale-genetice-despre-ultima-zapada\/\" rel=\"bookmark\" title=\"Banca de Resurse Vegetale Genetice despre ultima z\u0103pad\u0103\">Banca de Resurse Vegetale Genetice despre ultima z\u0103pad\u0103<\/a><\/h3>\n<\/div>\n<\/div>\n<\/div>\n<\/div>\n<div class=\"td-related-row\">\n<div class=\"td-related-span4\">\n<div class=\"td_module_related_posts td-animation-stack td_mod_related_posts\">\n<div class=\"td-module-image\">\n<div class=\"td-module-thumb\"><a href=\"https:\/\/www.tvbuzau.ro\/o-treime-din-bugetul-consiliului-judetean-cheltuita-la-dgaspc\/\" rel=\"bookmark\" title=\"O treime din bugetul Consiliului Jude\u0163ean cheltuit\u0103 la DGASPC\"><img loading=\"lazy\" decoding=\"async\" width=\"218\" height=\"150\" class=\"entry-thumb\" src=\"https:\/\/www.tvbuzau.ro\/wp-content\/uploads\/2026\/02\/hqdefault-25-218x150.jpg\" alt title=\"O treime din bugetul Consiliului Jude\u0163ean cheltuit\u0103 la DGASPC\"><span class=\"td-video-play-ico\"><img loading=\"lazy\" decoding=\"async\" width=\"40\" height=\"40\" class=\"td-retina\" src=\"https:\/\/www.tvbuzau.ro\/wp-content\/themes\/Newspaper\/images\/icons\/ico-video-large.png\" alt=\"video\"><\/span><\/a><\/div>\n<p><a href=\"https:\/\/www.tvbuzau.ro\/category\/actualitate\/\" class=\"td-post-category\">Actualitate<\/a><\/div>\n<div class=\"item-details\">\n<h3 class=\"entry-title td-module-title\"><a href=\"https:\/\/www.tvbuzau.ro\/o-treime-din-bugetul-consiliului-judetean-cheltuita-la-dgaspc\/\" rel=\"bookmark\" title=\"O treime din bugetul Consiliului Jude\u0163ean cheltuit\u0103 la DGASPC\">O treime din bugetul Consiliului Jude\u0163ean cheltuit\u0103 la DGASPC<\/a><\/h3>\n<\/div>\n<\/div>\n<\/div>\n<div class=\"td-related-span4\">\n<div class=\"td_module_related_posts td-animation-stack td_mod_related_posts\">\n<div class=\"td-module-image\">\n<div class=\"td-module-thumb\"><a href=\"https:\/\/www.tvbuzau.ro\/infractiuni-in-scadere-in-anul-2025\/\" rel=\"bookmark\" title=\"Infrac\u0163iuni \u00een sc\u0103dere \u00een anul 2025\"><img loading=\"lazy\" decoding=\"async\" width=\"218\" height=\"150\" class=\"entry-thumb\" src=\"https:\/\/www.tvbuzau.ro\/wp-content\/uploads\/2026\/02\/hqdefault-24-218x150.jpg\" alt title=\"Infrac\u0163iuni \u00een sc\u0103dere \u00een anul 2025\"><span class=\"td-video-play-ico\"><img loading=\"lazy\" decoding=\"async\" width=\"40\" height=\"40\" class=\"td-retina\" src=\"https:\/\/www.tvbuzau.ro\/wp-content\/themes\/Newspaper\/images\/icons\/ico-video-large.png\" alt=\"video\"><\/span><\/a><\/div>\n<p><a href=\"https:\/\/www.tvbuzau.ro\/category\/actualitate\/\" class=\"td-post-category\">Actualitate<\/a><\/div>\n<div class=\"item-details\">\n<h3 class=\"entry-title td-module-title\"><a href=\"https:\/\/www.tvbuzau.ro\/infractiuni-in-scadere-in-anul-2025\/\" rel=\"bookmark\" title=\"Infrac\u0163iuni \u00een sc\u0103dere \u00een anul 2025\">Infrac\u0163iuni \u00een sc\u0103dere \u00een anul 2025<\/a><\/h3>\n<\/div>\n<\/div>\n<\/div>\n<div class=\"td-related-span4\">\n<div class=\"td_module_related_posts td-animation-stack td_mod_related_posts\">\n<div class=\"td-module-image\">\n<div class=\"td-module-thumb\"><a href=\"https:\/\/www.tvbuzau.ro\/4-milioae-de-euro-bani-necheltuti-de-primaria-buzau\/\" rel=\"bookmark\" title=\"4 milioae de euro, bani necheltu\u0163i de Prim\u0103ria Buz\u0103u\"><img loading=\"lazy\" decoding=\"async\" width=\"218\" height=\"150\" class=\"entry-thumb\" src=\"https:\/\/www.tvbuzau.ro\/wp-content\/uploads\/2026\/02\/hqdefault-22-218x150.jpg\" alt title=\"4 milioae de euro, bani necheltu\u0163i de Prim\u0103ria Buz\u0103u\"><span class=\"td-video-play-ico\"><img loading=\"lazy\" decoding=\"async\" width=\"40\" height=\"40\" class=\"td-retina\" src=\"https:\/\/www.tvbuzau.ro\/wp-content\/themes\/Newspaper\/images\/icons\/ico-video-large.png\" alt=\"video\"><\/span><\/a><\/div>\n<p><a href=\"https:\/\/www.tvbuzau.ro\/category\/actualitate\/\" class=\"td-post-category\">Actualitate<\/a><\/div>\n<div class=\"item-details\">\n<h3 class=\"entry-title td-module-title\"><a href=\"https:\/\/www.tvbuzau.ro\/4-milioae-de-euro-bani-necheltuti-de-primaria-buzau\/\" rel=\"bookmark\" title=\"4 milioae de euro, bani necheltu\u0163i de Prim\u0103ria Buz\u0103u\">4 milioae de euro, bani necheltu\u0163i de Prim\u0103ria Buz\u0103u<\/a><\/h3>\n<\/div>\n<\/div>\n<\/div>\n<\/div>\n<\/div>\n<\/div>\n<div class=\"comments\" id=\"comments\">\n<div id=\"respond\" class=\"comment-respond\">\n<h3 id=\"reply-title\" class=\"comment-reply-title\">L\u0102SA\u021aI UN MESAJ <small><a rel=\"nofollow\" id=\"cancel-comment-reply-link\" href=\"https:\/\/www.tvbuzau.ro\/continua-demersurile-pentru-extinderea-spitalului-judetean\/#respond\">Renun\u021ba\u021bi la r\u0103spuns<\/a><\/small><\/h3>\n<\/div>\n<\/div>\n<\/div>\n<div class=\"td-post-content\">\n<div class=\"td-featured-image-rec\">\n<div class=\"wpb_video_wrapper\">\n                    <iframe loading=\"lazy\" id=\"td_youtube_player\" width=\"600\" height=\"560\" src=\"https:\/\/www.youtube.com\/embed\/WvqB0UJQ54s?enablejsapi=1&amp;feature=oembed&amp;wmode=opaque&amp;vq=hd720\" frameborder allowfullscreen><\/iframe><\/p><\/div>\n<\/div>\n<p>Un nou bloc operator \u015fi o nou\u0103 sec\u0163ie ATI<br \/>\nPre\u015fedintele Consiliului Jude\u0163ean Buz\u0103u, Marcel Ciolacu a anun\u0163at c\u0103 extinderea Spitalului Jude\u021bean de Urgen\u021b\u0103 este unul dintre proiectele majore pe care institu\u0163ia le tratez\u0103 cu prioritate. Conducerea institu\u0163iei a anun\u0163at c\u0103 a avut o \u0219edin\u021b\u0103 de lucru aplicat\u0103 privind realizarea unui nou bloc operator \u0219i a unei sec\u021bii ATI, un proiect esen\u021bial pentru cre\u0219terea calit\u0103\u021bii actului medical \u00een jude\u021bul Buz\u0103u.<br \/>\nLa discu\u021bii au participat secretarul de stat Claudiu Damian, deputatul Romeo Lungu, vicepre\u0219edintele Adrian Petre, proiectan\u021bi, directori din cadrul Consiliului Jude\u021bean, managerul spitalului.<\/p>\n<p>\u201cObiectivul este clar: s\u0103 oferim pacien\u021bilor acces la interven\u021bii chirurgicale moderne \u0219i servicii de urgen\u021b\u0103 la standarde ridicate, aici, \u00een jude\u021b. Un bloc operator \u0219i o sec\u021bie ATI bine dotate \u00eenseamn\u0103 timp c\u00e2\u0219tigat, interven\u021bii mai sigure \u0219i \u0219anse mai mari pentru fiecare pacient\u201d, a trasmis pre\u015fedintele Consiliului Jude\u0163ean Buz\u0103u, Marcel Ciolacu. De altfel, acesta a precizat recent c\u0103 lucr\u0103rile la blocul opertor ar putea \u00eencepe \u00een cur\u00e2nd.<br \/>\nImpactul acestui proiect va fi major pentru comunitate, a subliniat pre\u015fedintele institu\u0163iei.<br \/>\nS\u0103n\u0103tatea r\u0103m\u00e2ne prioritatea Consiliului, iar investi\u021biile \u00een infrastructura medical\u0103 sunt fundamentale pentru viitorul jude\u021bului Buz\u0103u, au transmis autorit\u0103\u0163ile.<\/p>\n<div class=\"post-views post-118112 entry-meta\"><span class=\"post-views-label\">Post Views: <\/span><span class=\"post-views-count\">100<\/span><\/div>\n<\/div>\n<p>[analyse_source url=&#8221;https:\/\/www.tvbuzau.ro\/continua-demersurile-pentru-extinderea-spitalului-judetean\/&#8221;]<\/p>\n","protected":false},"excerpt":{"rendered":"<p>[analyse_image type=&#8221;featured&#8221; src=&#8221;https:\/\/www.tvbuzau.ro\/wp-content\/uploads\/2026\/02\/hqdefault-26.jpghttps:\/\/www.tvbuzau.ro\/wp-content\/uploads\/2026\/02\/hqdefault-26.jpg&#8221;] Actualitate Continu\u0103 demersurile pentru extinderea Spitalului Jude\u0163ean De c\u0103tre TV Buz\u0103u &#8211; februarie 23, 2026 0 19 Distribui\u021bi pe Facebook Distribui\u021bi pe Twitter tweet Un nou bloc operator \u015fi o nou\u0103 sec\u0163ie ATI Pre\u015fedintele Consiliului Jude\u0163ean Buz\u0103u, Marcel Ciolacu a anun\u0163at c\u0103 extinderea Spitalului Jude\u021bean de Urgen\u021b\u0103 este unul dintre proiectele majore [&hellip;]<\/p>\n","protected":false},"author":1,"featured_media":0,"comment_status":"open","ping_status":"","sticky":false,"template":"","format":"standard","meta":{"footnotes":""},"categories":[2],"tags":[226,116],"class_list":["post-1788262","post","type-post","status-publish","format-standard","hentry","category-politics","tag-crawlmanager","tag-tvbuzau-ro"],"_links":{"self":[{"href":"https:\/\/analyse.optim.biz\/index.php?rest_route=\/wp\/v2\/posts\/1788262","targetHints":{"allow":["GET"]}}],"collection":[{"href":"https:\/\/analyse.optim.biz\/index.php?rest_route=\/wp\/v2\/posts"}],"about":[{"href":"https:\/\/analyse.optim.biz\/index.php?rest_route=\/wp\/v2\/types\/post"}],"author":[{"embeddable":true,"href":"https:\/\/analyse.optim.biz\/index.php?rest_route=\/wp\/v2\/users\/1"}],"replies":[{"embeddable":true,"href":"https:\/\/analyse.optim.biz\/index.php?rest_route=%2Fwp%2Fv2%2Fcomments&post=1788262"}],"version-history":[{"count":0,"href":"https:\/\/analyse.optim.biz\/index.php?rest_route=\/wp\/v2\/posts\/1788262\/revisions"}],"wp:attachment":[{"href":"https:\/\/analyse.optim.biz\/index.php?rest_route=%2Fwp%2Fv2%2Fmedia&parent=1788262"}],"wp:term":[{"taxonomy":"category","embeddable":true,"href":"https:\/\/analyse.optim.biz\/index.php?rest_route=%2Fwp%2Fv2%2Fcategories&post=1788262"},{"taxonomy":"post_tag","embeddable":true,"href":"https:\/\/analyse.optim.biz\/index.php?rest_route=%2Fwp%2Fv2%2Ftags&post=1788262"}],"curies":[{"name":"wp","href":"https:\/\/api.w.org\/{rel}","templated":true}]}}