{"id":178826,"date":"2015-06-21T22:45:58","date_gmt":"2015-06-21T19:45:58","guid":{"rendered":"https:\/\/analyse.optim.biz\/?p=178826"},"modified":"2015-06-21T22:45:58","modified_gmt":"2015-06-21T19:45:58","slug":"cand-se-intoarce-victor-ponta-din-turcia","status":"publish","type":"post","link":"https:\/\/analyse.optim.biz\/?p=178826","title":{"rendered":"C\u00e2nd se \u00eentoarce Victor Ponta din Turcia"},"content":{"rendered":"<div class=\"entry data-app-meta data-app-meta-article\" data-embed-base-url-canonical=\"https:\/\/www.digi24.ro\/embed\/stiri\/actualitate\/politica\/cand-se-intoarce-victor-ponta-din-turcia-406896\">\n<p data-index=\"1\">\u201e<strong>Voi merge zilnic la medic s\u0103pt\u0103m\u00e2na viitoare. Am nevoie de trei s\u0103pt\u0103m\u00e2ni ca s\u0103 pot pune piciorul jos, s\u0103 nu merg cu scaunul sau cadrul. \u00cen trei s\u0103pt\u0103m\u00e2ni cred c\u0103 sunt nu \u00een deplin\u0103tatea for\u0163elor, probabil va dura trei luni, dar \u00eentr-un ritm de lucru normal<\/strong><\/p>\n<p data-index=\"2\"><strong>N-am avut un tratament special pe care l-a\u0219 fi avut \u00een \u021bar\u0103. Ministrul B\u0103nicioiu \u00eemi zicea c\u0103 pentru doamna ambasador a Olandei s-a blocat un etaj. Pentru mine probabil se blocau dou\u0103<\/strong>\u201d, a spus Victor Ponta.<\/p>\n<p data-index=\"3\">\u00a0<img decoding=\"async\" src=\"https:\/\/analyse.optim.biz\/wp-content\/uploads\/2024\/09\/ndfkowuyywi2mwe3yzk1mjnkzmi2odaxogqz-thumb_.jpg\" data-skip-htmlfix=\"1\" title=\"ndfkowuyywi2mwe3yzk1mjnkzmi2odaxogqz-thumb_\"><\/p>\n<p data-index=\"4\">Victor Ponta a vorbit \u0219i despre acuza\u021biile fostului pre\u0219edinte Traian B\u0103sescu, care a acuzat un aranjament Ponta-Iohannis. Premierul spune c\u0103 s-a prezentat \u00eenc\u0103 de la \u00eenceput pentru a fi audiat la DNA \u015fi c\u0103 avocatul s\u0103u va prezenta \u015fi luni documente procurorilor. \u201e<strong>Ce c\u00e2\u015ftigam prin plecarea \u00een Turcia? Dou\u0103 s\u0103pt\u0103m\u00e2ni?\u201d<\/strong>, a spus Ponta la\u00a0<a href=\"http:\/\/www.antena3.ro\/\" target=\"_blank\" data-skip-linkfix=\"1\" rel=\"noopener\">Antena 3<\/a>.<\/p>\n<p data-index=\"5\">\u00centrebat dac\u0103 inten\u0163ioneaz\u0103 s\u0103 demisioneze din postul de prim-ministru \u00een perioada \u00een care Guvernul este condus de un premier interimar, Ponta a spus c\u0103 el poate pleca oric\u00e2nd, deoarece nu persoana sa este problema, dar c\u0103 nu va renun\u0163a la aceast\u0103 func\u0163ie \u00een condi\u0163iile \u00een care Opozi\u0163ia nici nu are o alternativ\u0103 la guvernare.<\/p>\n<h5><a href=\"https:\/\/www.digi24.ro\/Stiri\/Digi24\/Actualitate\/Politica\/Basescu+Iohannis+si+Ponta+au+un+aranjament+anterior+premierul+pr\" target=\"_blank\" data-skip-linkfix=\"1\" rel=\"noopener\"><strong>T.B\u0103sescu: Iohannis \u015fi Ponta au un aranjament anterior, premierul prime\u015fte un moment de respiro la DNA<\/strong><\/a><\/h5>\n<p data-index=\"6\">\u201ePre\u015fedintele\u00a0Klaus Iohannis\u00a0\u015fi premierul\u00a0Victor Ponta\u00a0au un aranjament stabilit \u00eenc\u0103 dinaintea plec\u0103rii lui Ponta \u00een Turcia, prin care \u015feful Guvernului \u00ee\u015fi ia \u201eun moment de respiro\u201d, un colac de salvare pentru a nu demisiona dup\u0103 acuza\u0163iile DNA\u201d, a afirmat, \u00eentr-o emisiune televizat\u0103, fostul pre\u015fedinte\u00a0Traian B\u0103sescu.<\/p>\n<\/div>\n<p> Source URL: https:\/\/www.digi24.ro\/stiri\/actualitate\/politica\/cand-se-intoarce-victor-ponta-din-turcia-406896<\/p>\n","protected":false},"excerpt":{"rendered":"<p>\u201eVoi merge zilnic la medic s\u0103pt\u0103m\u00e2na viitoare. Am nevoie de trei s\u0103pt\u0103m\u00e2ni ca s\u0103 pot pune piciorul jos, s\u0103 nu merg cu scaunul sau cadrul. \u00cen trei s\u0103pt\u0103m\u00e2ni cred c\u0103 sunt nu \u00een deplin\u0103tatea for\u0163elor, probabil va dura trei luni, dar \u00eentr-un ritm de lucru normal N-am avut un tratament special pe care l-a\u0219 fi [&hellip;]<\/p>\n","protected":false},"author":1,"featured_media":178827,"comment_status":"open","ping_status":"","sticky":false,"template":"","format":"standard","meta":{"footnotes":""},"categories":[2],"tags":[11],"class_list":["post-178826","post","type-post","status-publish","format-standard","has-post-thumbnail","hentry","category-politics","tag-digi24"],"_links":{"self":[{"href":"https:\/\/analyse.optim.biz\/index.php?rest_route=\/wp\/v2\/posts\/178826","targetHints":{"allow":["GET"]}}],"collection":[{"href":"https:\/\/analyse.optim.biz\/index.php?rest_route=\/wp\/v2\/posts"}],"about":[{"href":"https:\/\/analyse.optim.biz\/index.php?rest_route=\/wp\/v2\/types\/post"}],"author":[{"embeddable":true,"href":"https:\/\/analyse.optim.biz\/index.php?rest_route=\/wp\/v2\/users\/1"}],"replies":[{"embeddable":true,"href":"https:\/\/analyse.optim.biz\/index.php?rest_route=%2Fwp%2Fv2%2Fcomments&post=178826"}],"version-history":[{"count":0,"href":"https:\/\/analyse.optim.biz\/index.php?rest_route=\/wp\/v2\/posts\/178826\/revisions"}],"wp:featuredmedia":[{"embeddable":true,"href":"https:\/\/analyse.optim.biz\/index.php?rest_route=\/wp\/v2\/media\/178827"}],"wp:attachment":[{"href":"https:\/\/analyse.optim.biz\/index.php?rest_route=%2Fwp%2Fv2%2Fmedia&parent=178826"}],"wp:term":[{"taxonomy":"category","embeddable":true,"href":"https:\/\/analyse.optim.biz\/index.php?rest_route=%2Fwp%2Fv2%2Fcategories&post=178826"},{"taxonomy":"post_tag","embeddable":true,"href":"https:\/\/analyse.optim.biz\/index.php?rest_route=%2Fwp%2Fv2%2Ftags&post=178826"}],"curies":[{"name":"wp","href":"https:\/\/api.w.org\/{rel}","templated":true}]}}