{"id":1788088,"date":"2026-02-23T16:49:46","date_gmt":"2026-02-23T13:49:46","guid":{"rendered":"https:\/\/analyse.optim.biz\/?p=1788088"},"modified":"2026-02-23T16:49:46","modified_gmt":"2026-02-23T13:49:46","slug":"foto-politia-din-arges-reactioneaza-au-suferit-avarii-pe-calea-de-rulare-spre-ramnicu-valcea-gazeta","status":"publish","type":"post","link":"https:\/\/analyse.optim.biz\/?p=1788088","title":{"rendered":"FOTO. Poli\u021bia din Arge\u0219 reac\u021bioneaz\u0103: \u201eAu suferit avarii pe calea de rulare spre R\u00e2mnicu V\u00e2lcea\u201d &#8211; Gazeta"},"content":{"rendered":"<p>[analyse_image type=&#8221;featured&#8221; src=&#8221;https:\/\/www.gazeta-valceana.ro\/wp-content\/uploads\/2026\/02\/Autostrada-A1-Pitesti.jpg&#8221;]<\/p>\n<article id=\"template-id-91645\" class=\"post-91645 tdb_templates type-tdb_templates status-publish post\">\n<div id=\"tdi_49\" class=\"tdc-zone\">\n<div class=\"tdc_zone tdi_50  wpb_row td-pb-row\">\n<div id=\"tdi_51\" class=\"tdc-row stretch_row_1200 td-stretch-content\">\n<div class=\"vc_row tdi_52  wpb_row td-pb-row\">\n<div class=\"vc_column tdi_54  wpb_column vc_column_container tdc-column td-pb-span8\">\n<div class=\"wpb_wrapper\">\n<div class=\"td_block_wrap tdb_title tdi_55 tdb-single-title td-pb-border-top td_block_template_1\" data-td-block-uid=\"tdi_55\">\n<div class=\"tdb-block-inner td-fix-index\">\n<h1 class=\"tdb-title-text\">FOTO. Poli\u021bia din Arge\u0219 reac\u021bioneaz\u0103: \u201eAu suferit avarii pe calea de rulare spre R\u00e2mnicu V\u00e2lcea\u201d<\/h1>\n<\/div>\n<\/div>\n<div class=\"vc_row_inner tdi_58  vc_row vc_inner wpb_row td-pb-row tdc-row-content-vert-center\">\n<div class=\"vc_column_inner tdi_60  wpb_column vc_column_container tdc-inner-column td-pb-span12\">\n<div class=\"vc_column-inner\">\n<div class=\"wpb_wrapper\">\n<div class=\"td_block_wrap tdb_single_categories tdi_61 td-pb-border-top td_block_template_1 \" data-td-block-uid=\"tdi_61\">\n<div class=\"tdb-category td-fix-index\"><a class=\"tdb-entry-category\" href=\"https:\/\/www.gazeta-valceana.ro\/category\/fapt-divers\/\">Fapt divers<\/a><a class=\"tdb-entry-category\" href=\"https:\/\/www.gazeta-valceana.ro\/category\/i\/\">I<\/a><\/div>\n<\/div>\n<div class=\"td_block_wrap tdb_single_date tdi_62 td-pb-border-top td_block_template_1 tdb-post-meta\" data-td-block-uid=\"tdi_62\">\n<div class=\"tdb-block-inner td-fix-index\"><time class=\"entry-date updated td-module-date\" datetime=\"2026-02-23T18:49:46+02:00\">23 februarie 2026<\/time><\/div>\n<\/div>\n<\/div>\n<\/div>\n<\/div>\n<\/div>\n<\/div>\n<\/div>\n<\/div>\n<\/div>\n<div id=\"tdi_65\" class=\"tdc-row stretch_row_1200 td-stretch-content\">\n<div class=\"vc_row tdi_66  wpb_row td-pb-row\">\n<div class=\"vc_column tdi_68  wpb_column vc_column_container tdc-column td-pb-span8\">\n<div class=\"wpb_wrapper\">\n<div class=\"td_block_wrap tdb_single_featured_image tdi_69 tdb-content-horiz-left td-pb-border-top td_block_template_1\" data-td-block-uid=\"tdi_69\">\n<div class=\"tdb-block-inner td-fix-index\"><img loading=\"lazy\" decoding=\"async\" width=\"696\" height=\"383\" class=\"entry-thumb\" src=\"https:\/\/www.gazeta-valceana.ro\/wp-content\/uploads\/2026\/02\/Autostrada-A1-Pitesti-696x383.jpg\" alt title=\"Autostrada A1 Pitesti\"><\/div>\n<\/div>\n<div class=\"td_block_wrap tdb_single_post_share tdi_70  td-pb-border-top td_block_template_1\" data-td-block-uid=\"tdi_70\">\n<div id=\"tdi_70\" class=\"td-post-sharing tdb-block td-ps-border td-ps-border-grey td-ps-notext td-ps-icon-color td-ps-text-color td-post-sharing-style16 \">\n<div class=\"td-post-sharing-visible\">\n<div class=\"td-social-sharing-button td-social-sharing-button-js td-social-handler td-social-share-text\">\n<div class=\"td-social-but-text\">Ac\u021biune<\/div>\n<\/div>\n<p><a class=\"td-social-sharing-button td-social-sharing-button-js td-social-network td-social-facebook\" href=\"https:\/\/www.facebook.com\/sharer.php?u=https%3A%2F%2Fwww.gazeta-valceana.ro%2Ffapt-divers%2Ffoto-politia-din-arges-reactioneaza-au-suferit-avarii-pe-calea-de-rulare-spre-ramnicu-valcea%2F\" title=\"Facebook\"><\/p>\n<div class=\"td-social-but-text\">Facebook<\/div>\n<p><\/a><a class=\"td-social-sharing-button td-social-sharing-button-js td-social-network td-social-twitter\" href=\"https:\/\/twitter.com\/intent\/tweet?text=FOTO.+Poli%C8%9Bia+din+Arge%C8%99+reac%C8%9Bioneaz%C4%83%3A+%E2%80%9EAu+suferit+avarii+pe+calea+de+rulare+spre+R%C3%A2mnicu+V%C3%A2lcea%E2%80%9D&amp;url=https%3A%2F%2Fwww.gazeta-valceana.ro%2Ffapt-divers%2Ffoto-politia-din-arges-reactioneaza-au-suferit-avarii-pe-calea-de-rulare-spre-ramnicu-valcea%2F&amp;via=Gazeta+V%C3%A2lcean%C4%83\" title=\"Twitter\"><\/p>\n<div class=\"td-social-but-text\">Twitter<\/div>\n<p><\/a><a class=\"td-social-sharing-button td-social-sharing-button-js td-social-network td-social-pinterest\" href=\"https:\/\/pinterest.com\/pin\/create\/button\/?url=https:\/\/www.gazeta-valceana.ro\/fapt-divers\/foto-politia-din-arges-reactioneaza-au-suferit-avarii-pe-calea-de-rulare-spre-ramnicu-valcea\/&amp;media=https:\/\/www.gazeta-valceana.ro\/wp-content\/uploads\/2026\/02\/Autostrada-A1-Pitesti.jpg&amp;description=FOTO.+Poli%C8%9Bia+din+Arge%C8%99+reac%C8%9Bioneaz%C4%83%3A+%E2%80%9EAu+suferit+avarii+pe+calea+de+rulare+spre+R%C3%A2mnicu+V%C3%A2lcea%E2%80%9D\" title=\"Pinterest\"><\/p>\n<div class=\"td-social-but-text\">Pinterest<\/div>\n<p><\/a><a class=\"td-social-sharing-button td-social-sharing-button-js td-social-network td-social-whatsapp\" href=\"https:\/\/api.whatsapp.com\/send?text=FOTO.+Poli%C8%9Bia+din+Arge%C8%99+reac%C8%9Bioneaz%C4%83%3A+%E2%80%9EAu+suferit+avarii+pe+calea+de+rulare+spre+R%C3%A2mnicu+V%C3%A2lcea%E2%80%9D%20%0A%0A%20https:\/\/www.gazeta-valceana.ro\/fapt-divers\/foto-politia-din-arges-reactioneaza-au-suferit-avarii-pe-calea-de-rulare-spre-ramnicu-valcea\/\" title=\"WhatsApp\"><\/p>\n<div class=\"td-social-but-text\">WhatsApp<\/div>\n<p><\/a><\/div>\n<\/div>\n<\/div>\n<div class=\"td_block_wrap tdb_single_content tdi_71 td-pb-border-top td_block_template_1 td-post-content tagdiv-type\" data-td-block-uid=\"tdi_71\">\n<div class=\"tdb-block-inner td-fix-index\">\n<p>\u00cen ziua de 23 februarie 2026, \u00een jurul orei 15.00, poli\u021bi\u0219tii din cadrul Biroului de Poli\u021bie Autostrada A1 Bucure\u0219ti \u2013 R\u00e2mnicu V\u00e2lcea au fost sesiza\u021bi, prin apel 112, cu privire la faptul c\u0103 dou\u0103 autocamioane au suferit avarii \u00een zona km 115, pe calea de rulare spre R\u00e2mnicu V\u00e2lcea.<\/p>\n<p>Echipajele de poli\u021bie s-au deplasat cu operativitate la fa\u021ba locului, au asigurat m\u0103surile de siguran\u021b\u0103 necesare pentru prevenirea producerii altor evenimente rutiere \u0219i au procedat la semnalizarea zonei afectate, totodat\u0103 fiind informat administratorul sectorului de drum, \u00een vederea interven\u021biei operative pentru remedierea situa\u021biei constatate.<\/p>\n<p>Unul dintre cele dou\u0103 autovehicule a suferit o avarie const\u00e2nd \u00een sec\u021bionarea unui furtun ce a \u00eempiedicat continuarea deplas\u0103rii \u00een condi\u021bii de siguran\u021b\u0103. Pentru prevenirea oric\u0103rui pericol \u0219i pentru asigurarea fluen\u021bei traficului, vehiculul a fost semnalizat prin balizare pe banda de urgen\u021b\u0103, p\u00e2n\u0103 la remedierea defec\u021biunii tehnice.<\/p>\n<p>Administratorul drumului a intervenit \u00een regim de urgen\u021b\u0103, echipele specializate deplas\u00e2ndu-se \u00een cel mai scurt timp la fa\u021ba locului. Avaria la nivelul rostului de dilata\u021bie a fost remediat\u0103 prompt, astfel \u00eenc\u00e2t la acest moment circula\u021bia rutier\u0103 s\u0103 se desf\u0103\u0219oare \u00een condi\u021bii de siguran\u021b\u0103.<\/p>\n<p><em>\u201e\u00cen conformitate cu prevederile legale, poli\u021bi\u0219tii au eliberat autoriza\u021biile de repara\u021bie pentru cele dou\u0103 autovehicule implicate, iar verific\u0103rile continu\u0103, pentru stabilirea tuturor \u00eemprejur\u0103rilor \u00een care evenimentul rutier a avut loc, respectiv pentru a se stabili dac\u0103 administratorul drumului \u0219i-a \u00eendeplinit sau nu atribu\u021biile de men\u021binere a st\u0103rii de viabilitate a p\u0103r\u021bii carosabile \u0219i dac\u0103 situa\u021bia a ap\u0103rut \u00een mod intempestiv ori putea fi prevenit\u0103. \u00cen context, recomand\u0103m tuturor participan\u021bilor la trafic ca, \u00een situa\u021bia observ\u0103rii unor obstacole care pot afecta siguran\u021ba circula\u021biei, s\u0103 reduc\u0103 imediat viteza, s\u0103 sporeasc\u0103 aten\u021bia la volan, s\u0103 evite manevrele bru\u0219te \u0219i s\u0103 sesizeze de \u00eendat\u0103 situa\u021bia prin apel la Serviciul Na\u021bional Unic Apeluri de Urgen\u021b\u0103 112 sau prin intermediul administratorului drumului\u201d<\/em>, au anun\u021bat reprezentan\u021bii IPJ Arge\u0219.<\/p>\n<\/div>\n<\/div>\n<div class=\"tdb-author-box td_block_wrap tdb_single_author_box tdi_72 tdb-content-vert-top td-pb-border-top td_block_template_1\" data-td-block-uid=\"tdi_72\">\n<div class=\"tdb-block-inner td-fix-index\"><a href=\"https:\/\/www.gazeta-valceana.ro\/author\/redactia\/\" class=\"tdb-author-photo\" title=\"Redactia\"><img decoding=\"async\" alt=\"Redactia\" src=\"https:\/\/secure.gravatar.com\/avatar\/d9699bfd17d7f55fcf6bbdfb0214d48a942c5fd23a1db27f4a803a8d0651670f?s=500&amp;d=mm&amp;r=g\" class=\"avatar avatar-500 photo\" height=\"500\" width=\"500\" loading=\"lazy\"><\/a><\/p>\n<div class=\"tdb-author-info\"><a href=\"https:\/\/www.gazeta-valceana.ro\/author\/redactia\/\" class=\"tdb-author-name\">Redactia<\/a><\/div>\n<\/div>\n<\/div>\n<\/div>\n<\/div>\n<div class=\"vc_column tdi_76  wpb_column vc_column_container tdc-column td-pb-span4 td-is-sticky\">\n<div class=\"wpb_wrapper\" data-sticky-enabled-on=\"W3RydWUsdHJ1ZSx0cnVlLHRydWVd\" data-sticky-offset=\"20\" data-sticky-is-width-auto=\"W2ZhbHNlLGZhbHNlLGZhbHNlLGZhbHNlXQ==\">\n<div class=\"vc_row_inner tdi_81  vc_row vc_inner wpb_row td-pb-row tdc-row-content-vert-center\">\n<div class=\"vc_column_inner tdi_83  wpb_column vc_column_container tdc-inner-column td-pb-span12\">\n<div class=\"vc_column-inner\">\n<div class=\"wpb_wrapper\">\n<div class=\"tdm_block td_block_wrap tdm_block_inline_text tdi_86 tdm-inline-block td-pb-border-top td_block_template_1\" data-td-block-uid=\"tdi_86\">\n<p class=\"tdm-descr\">Ultimele articole<\/p>\n<\/div>\n<\/div>\n<\/div>\n<\/div>\n<\/div>\n<div class=\"td_block_wrap td_flex_block_1 tdi_87 td-pb-border-top td_block_template_1 td_flex_block\" data-td-block-uid=\"tdi_87\">\n<div id=\"tdi_87\" class=\"td_block_inner td-mc1-wrap\">\n<div class=\"td_module_flex td_module_flex_1 td_module_wrap td-animation-stack td-cpt-post\">\n<div class=\"td-module-container td-category-pos-\">\n<div class=\"td-module-meta-info\">\n<h3 class=\"entry-title td-module-title\"><a href=\"https:\/\/www.gazeta-valceana.ro\/fapt-divers\/acum-tamponare-in-sensul-giratoriu-din-fata-ipj-valcea\/\" rel=\"bookmark\" title=\"ACUM! Tamponare \u00een sensul giratoriu din fa\u021ba IPJ V\u00e2lcea\">ACUM! Tamponare \u00een sensul giratoriu din fa\u021ba IPJ V\u00e2lcea<\/a><\/h3>\n<div class=\"td-editor-date\"><span class=\"td-author-date\"><span class=\"td-post-date\"><time class=\"entry-date updated td-module-date\" datetime=\"2026-02-23T19:21:42+02:00\">23 februarie 2026<\/time><\/span><\/span><\/div>\n<\/div>\n<\/div>\n<\/div>\n<div class=\"td_module_flex td_module_flex_1 td_module_wrap td-animation-stack td-cpt-post\">\n<div class=\"td-module-container td-category-pos-\">\n<div class=\"td-module-meta-info\">\n<h3 class=\"entry-title td-module-title\"><a href=\"https:\/\/www.gazeta-valceana.ro\/fapt-divers\/foto-ei-sunt-cei-29-de-tineri-jandarmi-veniti-de-la-dragasani-si-suceava-care-fac-practica-la-valcea\/\" rel=\"bookmark\" title=\"FOTO. Ei sunt cei 29 de tineri jandarmi, veni\u021bi de la Dr\u0103g\u0103\u0219ani \u0219i Suceava, care fac practic\u0103 la V\u00e2lcea\">FOTO. Ei sunt cei 29 de tineri jandarmi, veni\u021bi de la Dr\u0103g\u0103\u0219ani \u0219i Suceava, care fac practic\u0103 la V\u00e2lcea<\/a><\/h3>\n<div class=\"td-editor-date\"><span class=\"td-author-date\"><span class=\"td-post-date\"><time class=\"entry-date updated td-module-date\" datetime=\"2026-02-23T17:38:21+02:00\">23 februarie 2026<\/time><\/span><\/span><\/div>\n<\/div>\n<\/div>\n<\/div>\n<div class=\"td_module_flex td_module_flex_1 td_module_wrap td-animation-stack td-cpt-post\">\n<div class=\"td-module-container td-category-pos-\">\n<div class=\"td-module-meta-info\">\n<h3 class=\"entry-title td-module-title\"><a href=\"https:\/\/www.gazeta-valceana.ro\/fapt-divers\/ipj-valcea-vine-cu-precizari-dupa-actiunile-de-la-finalul-saptamanii-care-s-a-incheiat-vezi-cati-soferi-au-ramas-fara-permise\/\" rel=\"bookmark\" title=\"IPJ V\u00e2lcea vine cu preciz\u0103ri dup\u0103 ac\u021biunile de la finalul s\u0103pt\u0103m\u00e2nii care s-a \u00eencheiat. VEZI c\u00e2\u021bi \u0219oferi au r\u0103mas f\u0103r\u0103 permise\">IPJ V\u00e2lcea vine cu preciz\u0103ri dup\u0103 ac\u021biunile de la finalul s\u0103pt\u0103m\u00e2nii care s-a \u00eencheiat. VEZI c\u00e2\u021bi \u0219oferi au r\u0103mas f\u0103r\u0103 permise<\/a><\/h3>\n<div class=\"td-editor-date\"><span class=\"td-author-date\"><span class=\"td-post-date\"><time class=\"entry-date updated td-module-date\" datetime=\"2026-02-23T13:07:42+02:00\">23 februarie 2026<\/time><\/span><\/span><\/div>\n<\/div>\n<\/div>\n<\/div>\n<div class=\"td_module_flex td_module_flex_1 td_module_wrap td-animation-stack td-cpt-post\">\n<div class=\"td-module-container td-category-pos-\">\n<div class=\"td-module-meta-info\">\n<h3 class=\"entry-title td-module-title\"><a href=\"https:\/\/www.gazeta-valceana.ro\/fapt-divers\/imagini-de-la-otesani-casa-si-anexele-afectate-grav-de-incendiul-izbucnit-luni-dimineata\/\" rel=\"bookmark\" title=\"IMAGINI de la Ote\u0219ani. Casa \u0219i anexele, afectate grav de incendiul izbucnit luni diminea\u021ba\">IMAGINI de la Ote\u0219ani. Casa \u0219i anexele, afectate grav de incendiul izbucnit luni diminea\u021ba<\/a><\/h3>\n<div class=\"td-editor-date\"><span class=\"td-author-date\"><span class=\"td-post-date\"><time class=\"entry-date updated td-module-date\" datetime=\"2026-02-23T12:05:08+02:00\">23 februarie 2026<\/time><\/span><\/span><\/div>\n<\/div>\n<\/div>\n<\/div>\n<\/div>\n<\/div>\n<div class=\"td_block_wrap td-a-rec td-a-rec-id-custom-spot td-a-rec-img tdi_88 td_block_template_1\">\n<div><a href=\"https:\/\/www.gazeta-valceana.ro\/fapt-divers\/foto-politia-din-arges-reactioneaza-au-suferit-avarii-pe-calea-de-rulare-spre-ramnicu-valcea\/\" class=\"td_spot_img_all\"><img loading=\"lazy\" decoding=\"async\" src=\"https:\/\/www.gazeta-valceana.ro\/wp-content\/uploads\/2025\/01\/image-5.jpg\" alt=\"spot_img\" width=\"347\" height=\"277\"><\/a><a href=\"https:\/\/www.gazeta-valceana.ro\/fapt-divers\/foto-politia-din-arges-reactioneaza-au-suferit-avarii-pe-calea-de-rulare-spre-ramnicu-valcea\/\" class=\"td_spot_img_mob\"><img loading=\"lazy\" decoding=\"async\" src=\"https:\/\/www.gazeta-valceana.ro\/wp-content\/uploads\/2025\/01\/image-5.jpg\" alt=\"spot_img\" width=\"347\" height=\"247\"><\/a><\/div>\n<\/div>\n<div class=\"td_block_wrap td-a-rec td-a-rec-id-custom-spot td-a-rec-img tdi_89 td_block_template_1\">\n<div><a href=\"https:\/\/www.gazeta-valceana.ro\/fapt-divers\/foto-politia-din-arges-reactioneaza-au-suferit-avarii-pe-calea-de-rulare-spre-ramnicu-valcea\/\" class=\"td_spot_img_all\"><img loading=\"lazy\" decoding=\"async\" src=\"https:\/\/www.gazeta-valceana.ro\/wp-content\/uploads\/2025\/01\/image-3.jpeg\" alt=\"spot_img\" width=\"347\" height=\"277\"><\/a><a href=\"https:\/\/www.gazeta-valceana.ro\/fapt-divers\/foto-politia-din-arges-reactioneaza-au-suferit-avarii-pe-calea-de-rulare-spre-ramnicu-valcea\/\" class=\"td_spot_img_mob\"><img loading=\"lazy\" decoding=\"async\" src=\"https:\/\/www.gazeta-valceana.ro\/wp-content\/uploads\/2025\/01\/image-3.jpeg\" alt=\"spot_img\" width=\"347\" height=\"247\"><\/a><\/div>\n<\/div>\n<\/div>\n<\/div>\n<\/div>\n<\/div>\n<div id=\"tdi_97\" class=\"tdc-row stretch_row_1200 td-stretch-content\">\n<div class=\"vc_row tdi_98  wpb_row td-pb-row\">\n<div class=\"vc_column tdi_100  wpb_column vc_column_container tdc-column td-pb-span12\">\n<div class=\"wpb_wrapper\">\n<div class=\"td_block_wrap tdb_single_next_prev tdi_101 td-pb-border-top td_block_template_1\" data-td-block-uid=\"tdi_101\">\n<div class=\"tdb-block-inner td-fix-index\">\n<div class=\"tdb-next-post tdb-next-post-bg tdb-post-prev\"><span>Articolul precedent<\/span><\/p>\n<div class=\"td-module-container\">\n<div class=\"next-prev-title\"><a href=\"https:\/\/www.gazeta-valceana.ro\/fapt-divers\/foto-ei-sunt-cei-29-de-tineri-jandarmi-veniti-de-la-dragasani-si-suceava-care-fac-practica-la-valcea\/\">FOTO. Ei sunt cei 29 de tineri jandarmi, veni\u021bi de la Dr\u0103g\u0103\u0219ani \u0219i Suceava, care fac practic\u0103 la V\u00e2lcea<\/a><\/div>\n<\/div>\n<\/div>\n<div class=\"tdb-next-post tdb-next-post-bg tdb-post-next\"><span>Articolul urm\u0103tor<\/span><\/p>\n<div class=\"td-module-container\">\n<div class=\"next-prev-title\"><a href=\"https:\/\/www.gazeta-valceana.ro\/fapt-divers\/acum-tamponare-in-sensul-giratoriu-din-fata-ipj-valcea\/\">ACUM! Tamponare \u00een sensul giratoriu din fa\u021ba IPJ V\u00e2lcea<\/a><\/div>\n<\/div>\n<\/div>\n<\/div>\n<\/div>\n<div class=\"vc_row_inner tdi_103  vc_row vc_inner wpb_row td-pb-row tdc-row-content-vert-center\">\n<div class=\"vc_column_inner tdi_105  wpb_column vc_column_container tdc-inner-column td-pb-span12\">\n<div class=\"vc_column-inner\">\n<div class=\"wpb_wrapper\">\n<div class=\"tdm_block td_block_wrap tdm_block_inline_text tdi_108 tdm-inline-block td-pb-border-top td_block_template_1\" data-td-block-uid=\"tdi_108\">\n<p class=\"tdm-descr\">Related articles<\/p>\n<\/div>\n<\/div>\n<\/div>\n<\/div>\n<\/div>\n<div class=\"td_block_wrap tdb_single_related tdi_109 td_with_ajax_pagination td-pb-border-top td_block_template_1 tdb-single-related-posts\" data-td-block-uid=\"tdi_109\">\n<div id=\"tdi_109\" class=\"td_block_inner tdb-block-inner td-fix-index\">\n<div class=\"tdb_module_related td_module_wrap td-animation-stack\">\n<div class=\"td-module-container td-category-pos-\">\n<div class=\"td-module-meta-info\">\n<h3 class=\"entry-title td-module-title\"><a href=\"https:\/\/www.gazeta-valceana.ro\/fapt-divers\/acum-tamponare-in-sensul-giratoriu-din-fata-ipj-valcea\/\" rel=\"bookmark\" title=\"ACUM! Tamponare \u00een sensul giratoriu din fa\u021ba IPJ V\u00e2lcea\">ACUM! Tamponare \u00een sensul giratoriu din fa\u021ba IPJ V\u00e2lcea<\/a><\/h3>\n<div class=\"td-editor-date\"><a href=\"https:\/\/www.gazeta-valceana.ro\/category\/fapt-divers\/\" class=\"td-post-category\">Fapt divers<\/a><span class=\"td-author-date\"><span class=\"td-post-date\"><time class=\"entry-date updated td-module-date\" datetime=\"2026-02-23T19:21:42+02:00\">23 februarie 2026<\/time><\/span><\/span><\/div>\n<\/div>\n<\/div>\n<\/div>\n<div class=\"tdb_module_related td_module_wrap td-animation-stack\">\n<div class=\"td-module-container td-category-pos-\">\n<div class=\"td-module-meta-info\">\n<h3 class=\"entry-title td-module-title\"><a href=\"https:\/\/www.gazeta-valceana.ro\/fapt-divers\/foto-ei-sunt-cei-29-de-tineri-jandarmi-veniti-de-la-dragasani-si-suceava-care-fac-practica-la-valcea\/\" rel=\"bookmark\" title=\"FOTO. Ei sunt cei 29 de tineri jandarmi, veni\u021bi de la Dr\u0103g\u0103\u0219ani \u0219i Suceava, care fac practic\u0103 la V\u00e2lcea\">FOTO. Ei sunt cei 29 de tineri jandarmi, veni\u021bi de la Dr\u0103g\u0103\u0219ani \u0219i Suceava, care fac practic\u0103 la V\u00e2lcea<\/a><\/h3>\n<div class=\"td-editor-date\"><a href=\"https:\/\/www.gazeta-valceana.ro\/category\/fapt-divers\/\" class=\"td-post-category\">Fapt divers<\/a><span class=\"td-author-date\"><span class=\"td-post-date\"><time class=\"entry-date updated td-module-date\" datetime=\"2026-02-23T17:38:21+02:00\">23 februarie 2026<\/time><\/span><\/span><\/div>\n<\/div>\n<\/div>\n<\/div>\n<div class=\"tdb_module_related td_module_wrap td-animation-stack\">\n<div class=\"td-module-container td-category-pos-\">\n<div class=\"td-module-meta-info\">\n<h3 class=\"entry-title td-module-title\"><a href=\"https:\/\/www.gazeta-valceana.ro\/fapt-divers\/ipj-valcea-vine-cu-precizari-dupa-actiunile-de-la-finalul-saptamanii-care-s-a-incheiat-vezi-cati-soferi-au-ramas-fara-permise\/\" rel=\"bookmark\" title=\"IPJ V\u00e2lcea vine cu preciz\u0103ri dup\u0103 ac\u021biunile de la finalul s\u0103pt\u0103m\u00e2nii care s-a \u00eencheiat. VEZI c\u00e2\u021bi \u0219oferi au r\u0103mas f\u0103r\u0103 permise\">IPJ V\u00e2lcea vine cu preciz\u0103ri dup\u0103 ac\u021biunile de la finalul s\u0103pt\u0103m\u00e2nii care s-a \u00eencheiat. VEZI c\u00e2\u021bi \u0219oferi au r\u0103mas f\u0103r\u0103 permise<\/a><\/h3>\n<div class=\"td-editor-date\"><a href=\"https:\/\/www.gazeta-valceana.ro\/category\/fapt-divers\/\" class=\"td-post-category\">Fapt divers<\/a><span class=\"td-author-date\"><span class=\"td-post-date\"><time class=\"entry-date updated td-module-date\" datetime=\"2026-02-23T13:07:42+02:00\">23 februarie 2026<\/time><\/span><\/span><\/div>\n<\/div>\n<\/div>\n<\/div>\n<\/div>\n<\/div>\n<\/div>\n<\/div>\n<\/div>\n<\/div>\n<div id=\"tdi_116\" class=\"tdc-row stretch_row_1200 td-stretch-content\">\n<div class=\"vc_row tdi_117  wpb_row td-pb-row\">\n<div class=\"vc_column tdi_122  wpb_column vc_column_container tdc-column td-pb-span4 td-is-sticky\">\n<div class=\"wpb_wrapper\" data-sticky-enabled-on=\"W3RydWUsdHJ1ZSx0cnVlLHRydWVd\" data-sticky-offset=\"20\" data-sticky-is-width-auto=\"W2ZhbHNlLGZhbHNlLGZhbHNlLGZhbHNlXQ==\">\n<div class=\"td_block_wrap td-a-rec td-a-rec-id-custom-spot td-a-rec-img tdi_123 td_block_template_1\">\n<div><a href=\"https:\/\/www.gazeta-valceana.ro\/fapt-divers\/foto-politia-din-arges-reactioneaza-au-suferit-avarii-pe-calea-de-rulare-spre-ramnicu-valcea\/\" class=\"td_spot_img_all\"><img loading=\"lazy\" decoding=\"async\" src=\"https:\/\/www.gazeta-valceana.ro\/wp-content\/uploads\/2025\/01\/image-4.jpg\" alt=\"spot_img\" width=\"347\" height=\"277\"><\/a><a href=\"https:\/\/www.gazeta-valceana.ro\/fapt-divers\/foto-politia-din-arges-reactioneaza-au-suferit-avarii-pe-calea-de-rulare-spre-ramnicu-valcea\/\" class=\"td_spot_img_mob\"><img loading=\"lazy\" decoding=\"async\" src=\"https:\/\/www.gazeta-valceana.ro\/wp-content\/uploads\/2025\/01\/image-4.jpg\" alt=\"spot_img\" width=\"347\" height=\"247\"><\/a><\/div>\n<\/div>\n<div class=\"td_block_wrap td-a-rec td-a-rec-id-custom-spot td-a-rec-img tdi_124 td_block_template_1\">\n<div><a href=\"https:\/\/www.gazeta-valceana.ro\/fapt-divers\/foto-politia-din-arges-reactioneaza-au-suferit-avarii-pe-calea-de-rulare-spre-ramnicu-valcea\/\" class=\"td_spot_img_all\"><img loading=\"lazy\" decoding=\"async\" src=\"https:\/\/www.gazeta-valceana.ro\/wp-content\/uploads\/2025\/01\/image-5.jpg\" alt=\"spot_img\" width=\"347\" height=\"277\"><\/a><a href=\"https:\/\/www.gazeta-valceana.ro\/fapt-divers\/foto-politia-din-arges-reactioneaza-au-suferit-avarii-pe-calea-de-rulare-spre-ramnicu-valcea\/\" class=\"td_spot_img_mob\"><img loading=\"lazy\" decoding=\"async\" src=\"https:\/\/www.gazeta-valceana.ro\/wp-content\/uploads\/2025\/01\/image-5.jpg\" alt=\"spot_img\" width=\"347\" height=\"247\"><\/a><\/div>\n<\/div>\n<div class=\"td_block_wrap td-a-rec td-a-rec-id-custom-spot td-a-rec-img tdi_125 td_block_template_1\">\n<div><a href=\"https:\/\/www.gazeta-valceana.ro\/fapt-divers\/foto-politia-din-arges-reactioneaza-au-suferit-avarii-pe-calea-de-rulare-spre-ramnicu-valcea\/\" class=\"td_spot_img_all\"><img loading=\"lazy\" decoding=\"async\" src=\"https:\/\/www.gazeta-valceana.ro\/wp-content\/uploads\/2025\/01\/image-3.jpeg\" alt=\"spot_img\" width=\"347\" height=\"277\"><\/a><a href=\"https:\/\/www.gazeta-valceana.ro\/fapt-divers\/foto-politia-din-arges-reactioneaza-au-suferit-avarii-pe-calea-de-rulare-spre-ramnicu-valcea\/\" class=\"td_spot_img_mob\"><img loading=\"lazy\" decoding=\"async\" src=\"https:\/\/www.gazeta-valceana.ro\/wp-content\/uploads\/2025\/01\/image-3.jpeg\" alt=\"spot_img\" width=\"347\" height=\"247\"><\/a><\/div>\n<\/div>\n<\/div>\n<\/div>\n<\/div>\n<\/div>\n<\/div>\n<\/div>\n<p><span class=\"td-page-meta\"><\/span><span class=\"td-page-meta\"><span class=\"td-page-meta\"><\/span><\/span><span class=\"td-page-meta\"><\/span><\/article>\n<\/p>\n<div class=\"td_block_wrap tdb_single_content tdi_71 td-pb-border-top td_block_template_1 td-post-content tagdiv-type\" data-td-block-uid=\"tdi_71\">\n<div class=\"tdb-block-inner td-fix-index\">\n<p>\u00cen ziua de 23 februarie 2026, \u00een jurul orei 15.00, poli\u021bi\u0219tii din cadrul Biroului de Poli\u021bie Autostrada A1 Bucure\u0219ti \u2013 R\u00e2mnicu V\u00e2lcea au fost sesiza\u021bi, prin apel 112, cu privire la faptul c\u0103 dou\u0103 autocamioane au suferit avarii \u00een zona km 115, pe calea de rulare spre R\u00e2mnicu V\u00e2lcea.<\/p>\n<p>Echipajele de poli\u021bie s-au deplasat cu operativitate la fa\u021ba locului, au asigurat m\u0103surile de siguran\u021b\u0103 necesare pentru prevenirea producerii altor evenimente rutiere \u0219i au procedat la semnalizarea zonei afectate, totodat\u0103 fiind informat administratorul sectorului de drum, \u00een vederea interven\u021biei operative pentru remedierea situa\u021biei constatate.<\/p>\n<p>Unul dintre cele dou\u0103 autovehicule a suferit o avarie const\u00e2nd \u00een sec\u021bionarea unui furtun ce a \u00eempiedicat continuarea deplas\u0103rii \u00een condi\u021bii de siguran\u021b\u0103. Pentru prevenirea oric\u0103rui pericol \u0219i pentru asigurarea fluen\u021bei traficului, vehiculul a fost semnalizat prin balizare pe banda de urgen\u021b\u0103, p\u00e2n\u0103 la remedierea defec\u021biunii tehnice.<\/p>\n<p>Administratorul drumului a intervenit \u00een regim de urgen\u021b\u0103, echipele specializate deplas\u00e2ndu-se \u00een cel mai scurt timp la fa\u021ba locului. Avaria la nivelul rostului de dilata\u021bie a fost remediat\u0103 prompt, astfel \u00eenc\u00e2t la acest moment circula\u021bia rutier\u0103 s\u0103 se desf\u0103\u0219oare \u00een condi\u021bii de siguran\u021b\u0103.<\/p>\n<p><em>\u201e\u00cen conformitate cu prevederile legale, poli\u021bi\u0219tii au eliberat autoriza\u021biile de repara\u021bie pentru cele dou\u0103 autovehicule implicate, iar verific\u0103rile continu\u0103, pentru stabilirea tuturor \u00eemprejur\u0103rilor \u00een care evenimentul rutier a avut loc, respectiv pentru a se stabili dac\u0103 administratorul drumului \u0219i-a \u00eendeplinit sau nu atribu\u021biile de men\u021binere a st\u0103rii de viabilitate a p\u0103r\u021bii carosabile \u0219i dac\u0103 situa\u021bia a ap\u0103rut \u00een mod intempestiv ori putea fi prevenit\u0103. \u00cen context, recomand\u0103m tuturor participan\u021bilor la trafic ca, \u00een situa\u021bia observ\u0103rii unor obstacole care pot afecta siguran\u021ba circula\u021biei, s\u0103 reduc\u0103 imediat viteza, s\u0103 sporeasc\u0103 aten\u021bia la volan, s\u0103 evite manevrele bru\u0219te \u0219i s\u0103 sesizeze de \u00eendat\u0103 situa\u021bia prin apel la Serviciul Na\u021bional Unic Apeluri de Urgen\u021b\u0103 112 sau prin intermediul administratorului drumului\u201d<\/em>, au anun\u021bat reprezentan\u021bii IPJ Arge\u0219.<\/p>\n<\/div>\n<\/div>\n<p>\u00cen ziua de 23 februarie 2026, \u00een jurul orei 15.00, poli\u021bi\u0219tii din cadrul Biroului de Poli\u021bie Autostrada A1 Bucure\u0219ti \u2013 R\u00e2mnicu V\u00e2lcea au fost sesiza\u021bi, prin apel 112, cu privire la faptul c\u0103 dou\u0103 autocamioane au suferit avarii \u00een zona km 115, pe calea de rulare spre R\u00e2mnicu V\u00e2lcea.<\/p>\n<p>Echipajele de poli\u021bie s-au deplasat cu operativitate la fa\u021ba locului, au asigurat m\u0103surile de siguran\u021b\u0103 necesare pentru prevenirea producerii altor evenimente rutiere \u0219i au procedat la semnalizarea zonei afectate, totodat\u0103 fiind informat administratorul sectorului de drum, \u00een vederea interven\u021biei operative pentru remedierea situa\u021biei constatate.<\/p>\n<p>Unul dintre cele dou\u0103 autovehicule a suferit o avarie const\u00e2nd \u00een sec\u021bionarea unui furtun ce a \u00eempiedicat continuarea deplas\u0103rii \u00een condi\u021bii de siguran\u021b\u0103. Pentru prevenirea oric\u0103rui pericol \u0219i pentru asigurarea fluen\u021bei traficului, vehiculul a fost semnalizat prin balizare pe banda de urgen\u021b\u0103, p\u00e2n\u0103 la remedierea defec\u021biunii tehnice.<\/p>\n<p>Administratorul drumului a intervenit \u00een regim de urgen\u021b\u0103, echipele specializate deplas\u00e2ndu-se \u00een cel mai scurt timp la fa\u021ba locului. Avaria la nivelul rostului de dilata\u021bie a fost remediat\u0103 prompt, astfel \u00eenc\u00e2t la acest moment circula\u021bia rutier\u0103 s\u0103 se desf\u0103\u0219oare \u00een condi\u021bii de siguran\u021b\u0103.<\/p>\n<p><em>\u201e\u00cen conformitate cu prevederile legale, poli\u021bi\u0219tii au eliberat autoriza\u021biile de repara\u021bie pentru cele dou\u0103 autovehicule implicate, iar verific\u0103rile continu\u0103, pentru stabilirea tuturor \u00eemprejur\u0103rilor \u00een care evenimentul rutier a avut loc, respectiv pentru a se stabili dac\u0103 administratorul drumului \u0219i-a \u00eendeplinit sau nu atribu\u021biile de men\u021binere a st\u0103rii de viabilitate a p\u0103r\u021bii carosabile \u0219i dac\u0103 situa\u021bia a ap\u0103rut \u00een mod intempestiv ori putea fi prevenit\u0103. \u00cen context, recomand\u0103m tuturor participan\u021bilor la trafic ca, \u00een situa\u021bia observ\u0103rii unor obstacole care pot afecta siguran\u021ba circula\u021biei, s\u0103 reduc\u0103 imediat viteza, s\u0103 sporeasc\u0103 aten\u021bia la volan, s\u0103 evite manevrele bru\u0219te \u0219i s\u0103 sesizeze de \u00eendat\u0103 situa\u021bia prin apel la Serviciul Na\u021bional Unic Apeluri de Urgen\u021b\u0103 112 sau prin intermediul administratorului drumului\u201d<\/em>, au anun\u021bat reprezentan\u021bii IPJ Arge\u0219.<\/p>\n<p>[analyse_source url=&#8221;https:\/\/www.gazeta-valceana.ro\/fapt-divers\/foto-politia-din-arges-reactioneaza-au-suferit-avarii-pe-calea-de-rulare-spre-ramnicu-valcea\/&#8221;]<\/p>\n","protected":false},"excerpt":{"rendered":"<p>[analyse_image type=&#8221;featured&#8221; src=&#8221;https:\/\/www.gazeta-valceana.ro\/wp-content\/uploads\/2026\/02\/Autostrada-A1-Pitesti.jpg&#8221;] FOTO. Poli\u021bia din Arge\u0219 reac\u021bioneaz\u0103: \u201eAu suferit avarii pe calea de rulare spre R\u00e2mnicu V\u00e2lcea\u201d Fapt diversI 23 februarie 2026 Ac\u021biune Facebook Twitter Pinterest WhatsApp \u00cen ziua de 23 februarie 2026, \u00een jurul orei 15.00, poli\u021bi\u0219tii din cadrul Biroului de Poli\u021bie Autostrada A1 Bucure\u0219ti \u2013 R\u00e2mnicu V\u00e2lcea au fost sesiza\u021bi, prin apel [&hellip;]<\/p>\n","protected":false},"author":1,"featured_media":0,"comment_status":"open","ping_status":"","sticky":false,"template":"","format":"standard","meta":{"footnotes":""},"categories":[89],"tags":[226,214],"class_list":["post-1788088","post","type-post","status-publish","format-standard","hentry","category-romania","tag-crawlmanager","tag-gazetavalceana-ro"],"_links":{"self":[{"href":"https:\/\/analyse.optim.biz\/index.php?rest_route=\/wp\/v2\/posts\/1788088","targetHints":{"allow":["GET"]}}],"collection":[{"href":"https:\/\/analyse.optim.biz\/index.php?rest_route=\/wp\/v2\/posts"}],"about":[{"href":"https:\/\/analyse.optim.biz\/index.php?rest_route=\/wp\/v2\/types\/post"}],"author":[{"embeddable":true,"href":"https:\/\/analyse.optim.biz\/index.php?rest_route=\/wp\/v2\/users\/1"}],"replies":[{"embeddable":true,"href":"https:\/\/analyse.optim.biz\/index.php?rest_route=%2Fwp%2Fv2%2Fcomments&post=1788088"}],"version-history":[{"count":0,"href":"https:\/\/analyse.optim.biz\/index.php?rest_route=\/wp\/v2\/posts\/1788088\/revisions"}],"wp:attachment":[{"href":"https:\/\/analyse.optim.biz\/index.php?rest_route=%2Fwp%2Fv2%2Fmedia&parent=1788088"}],"wp:term":[{"taxonomy":"category","embeddable":true,"href":"https:\/\/analyse.optim.biz\/index.php?rest_route=%2Fwp%2Fv2%2Fcategories&post=1788088"},{"taxonomy":"post_tag","embeddable":true,"href":"https:\/\/analyse.optim.biz\/index.php?rest_route=%2Fwp%2Fv2%2Ftags&post=1788088"}],"curies":[{"name":"wp","href":"https:\/\/api.w.org\/{rel}","templated":true}]}}