{"id":1788058,"date":"2026-02-23T08:32:24","date_gmt":"2026-02-23T05:32:24","guid":{"rendered":"https:\/\/analyse.optim.biz\/?p=1788058"},"modified":"2026-02-23T08:32:24","modified_gmt":"2026-02-23T05:32:24","slug":"se-cauta-bani-europeni-pentru-reabilitarea-scolii-generale-nr-16","status":"publish","type":"post","link":"https:\/\/analyse.optim.biz\/?p=1788058","title":{"rendered":"Se caut\u0103 bani europeni pentru reabilitarea \u0218colii Generale nr.16"},"content":{"rendered":"<p>[analyse_image type=&#8221;featured&#8221; src=&#8221;https:\/\/gazetadinvest.ro\/wp-content\/uploads\/2026\/02\/gen16.jpeg&#8221;]<\/p>\n<div class=\"td-post-content tagdiv-type\">\n<div class=\"td-post-featured-image\"><a href=\"https:\/\/gazetadinvest.ro\/wp-content\/uploads\/2026\/02\/gen16.jpeg\" data-caption><img loading=\"lazy\" decoding=\"async\" width=\"696\" height=\"464\" class=\"entry-thumb td-modal-image\" src=\"https:\/\/gazetadinvest.ro\/wp-content\/uploads\/2026\/02\/gen16-696x464.jpeg\" alt title=\"gen16\"><\/a><\/div>\n<p><strong>Prim\u0103ria Municipiului Timi\u0219oara va depune o cerere de finan\u021bare european\u0103 pentru reabilitarea termic\u0103 a corpului C1 al \u0218colii Gimnaziale nr. 16, de pe strada Bucure\u0219ti nr. 11. Valoarea total\u0103 a proiectului este de 17 milioane lei, iar municipalitatea propune asigurarea unei co-finan\u021b\u0103ri din bugetul local de 7,2 milioane de lei. Diferen\u021ba va fi acoperit\u0103 prin Programul Regional Vest 2021-2027 \u00een urma \u00eencheierii contractului cu Agen\u021bia pentru Dezvoltare Regional\u0103 Vest. Decizia de alocare a co-finan\u021b\u0103rii va fi supus\u0103 votului Consiliului Local.<\/strong><\/p>\n<p>\u201eDe la \u00eenceputul anului, aceasta este a treia unitate de \u00eenv\u0103\u021b\u0103m\u00e2nt pentru care solicit\u0103m finan\u021bare european\u0103 pentru modernizare, dup\u0103 gr\u0103dini\u021ba din Plopi \u0219i \u0218coala 7 din Lipovei, la care se adaug\u0103 \u0219i sala de sport de la Liceul Auto. Vorbim despre investi\u021bii cap-coad\u0103 \u00een \u0219coli care, mult timp, au beneficiat doar de repara\u021bii minore \u0219i cosmetiz\u0103ri. \u0218i \u00een 2026, investi\u021biile \u00een educa\u021bie r\u0103m\u00e2n \u00een priorit\u0103\u021bile bugetare ale Timi\u0219oarei\u201d, spune primarul Dominic Fritz.<\/p>\n<p>Proiectul municipalit\u0103\u021bii, \u00een valoare total\u0103 de 16.961.884,25 lei, inclusiv TVA, vizeaz\u0103 modernizarea complet\u0103 a cl\u0103dirii \u0219i cre\u0219terea eficien\u021bei energetice, pentru a asigura condi\u021bii optime de studiu pentru elevi \u0219i cadrele didactice.<\/p>\n<p>Printre interven\u021biile prev\u0103zute \u00een proiectul Prim\u0103riei Timi\u0219oara se num\u0103r\u0103 reabilitarea termic\u0103 a cl\u0103dirii, \u00eenlocuirea t\u00e2mpl\u0103riei, refacerea acoperi\u0219ului \u0219i a \u0219arpantei, instalarea unor sisteme eficiente de \u00eenc\u0103lzire, r\u0103cire \u0219i ventilare, montarea de corpuri de iluminat LED, reabilitarea sistemului de ap\u0103 cald\u0103 \u0219i montarea de panouri fotovoltaice.<\/p>\n<p>\u00cen paralel, municipalitatea are \u00een derulare mai multe proiecte de modernizare a unit\u0103\u021bilor de \u00eenv\u0103\u021b\u0103m\u00e2nt din ora\u0219. Printre acestea se num\u0103r\u0103 reabilitarea termic\u0103 a Colegiului Tehnic \u201eHenri Coand\u0103\u201d \u0219i a cl\u0103dirii gimnaziale a Liceului Teoretic \u201eJean Louis Calderon\u201d, precum \u0219i modernizarea integral\u0103 a cl\u0103dirii Colegiului Na\u021bional \u201eAna Aslan\u201d.<\/p>\n<\/div>\n<div class=\"td-post-content tagdiv-type\">\n<div class=\"td-post-featured-image\"><a href=\"https:\/\/gazetadinvest.ro\/wp-content\/uploads\/2026\/02\/gen16.jpeg\" data-caption><img loading=\"lazy\" decoding=\"async\" width=\"696\" height=\"464\" class=\"entry-thumb td-modal-image\" src=\"https:\/\/gazetadinvest.ro\/wp-content\/uploads\/2026\/02\/gen16-696x464.jpeg\" alt title=\"gen16\"><\/a><\/div>\n<p><strong>Prim\u0103ria Municipiului Timi\u0219oara va depune o cerere de finan\u021bare european\u0103 pentru reabilitarea termic\u0103 a corpului C1 al \u0218colii Gimnaziale nr. 16, de pe strada Bucure\u0219ti nr. 11. Valoarea total\u0103 a proiectului este de 17 milioane lei, iar municipalitatea propune asigurarea unei co-finan\u021b\u0103ri din bugetul local de 7,2 milioane de lei. Diferen\u021ba va fi acoperit\u0103 prin Programul Regional Vest 2021-2027 \u00een urma \u00eencheierii contractului cu Agen\u021bia pentru Dezvoltare Regional\u0103 Vest. Decizia de alocare a co-finan\u021b\u0103rii va fi supus\u0103 votului Consiliului Local.<\/strong><\/p>\n<p>\u201eDe la \u00eenceputul anului, aceasta este a treia unitate de \u00eenv\u0103\u021b\u0103m\u00e2nt pentru care solicit\u0103m finan\u021bare european\u0103 pentru modernizare, dup\u0103 gr\u0103dini\u021ba din Plopi \u0219i \u0218coala 7 din Lipovei, la care se adaug\u0103 \u0219i sala de sport de la Liceul Auto. Vorbim despre investi\u021bii cap-coad\u0103 \u00een \u0219coli care, mult timp, au beneficiat doar de repara\u021bii minore \u0219i cosmetiz\u0103ri. \u0218i \u00een 2026, investi\u021biile \u00een educa\u021bie r\u0103m\u00e2n \u00een priorit\u0103\u021bile bugetare ale Timi\u0219oarei\u201d, spune primarul Dominic Fritz.<\/p>\n<p>Proiectul municipalit\u0103\u021bii, \u00een valoare total\u0103 de 16.961.884,25 lei, inclusiv TVA, vizeaz\u0103 modernizarea complet\u0103 a cl\u0103dirii \u0219i cre\u0219terea eficien\u021bei energetice, pentru a asigura condi\u021bii optime de studiu pentru elevi \u0219i cadrele didactice.<\/p>\n<p>Printre interven\u021biile prev\u0103zute \u00een proiectul Prim\u0103riei Timi\u0219oara se num\u0103r\u0103 reabilitarea termic\u0103 a cl\u0103dirii, \u00eenlocuirea t\u00e2mpl\u0103riei, refacerea acoperi\u0219ului \u0219i a \u0219arpantei, instalarea unor sisteme eficiente de \u00eenc\u0103lzire, r\u0103cire \u0219i ventilare, montarea de corpuri de iluminat LED, reabilitarea sistemului de ap\u0103 cald\u0103 \u0219i montarea de panouri fotovoltaice.<\/p>\n<p>\u00cen paralel, municipalitatea are \u00een derulare mai multe proiecte de modernizare a unit\u0103\u021bilor de \u00eenv\u0103\u021b\u0103m\u00e2nt din ora\u0219. Printre acestea se num\u0103r\u0103 reabilitarea termic\u0103 a Colegiului Tehnic \u201eHenri Coand\u0103\u201d \u0219i a cl\u0103dirii gimnaziale a Liceului Teoretic \u201eJean Louis Calderon\u201d, precum \u0219i modernizarea integral\u0103 a cl\u0103dirii Colegiului Na\u021bional \u201eAna Aslan\u201d.<\/p>\n<\/div>\n<p>[analyse_source url=&#8221;https:\/\/gazetadinvest.ro\/se-cauta-bani-europeni-pentru-reabilitarea-scolii-generale-nr-16\/&#8221;]<\/p>\n","protected":false},"excerpt":{"rendered":"<p>[analyse_image type=&#8221;featured&#8221; src=&#8221;https:\/\/gazetadinvest.ro\/wp-content\/uploads\/2026\/02\/gen16.jpeg&#8221;] Prim\u0103ria Municipiului Timi\u0219oara va depune o cerere de finan\u021bare european\u0103 pentru reabilitarea termic\u0103 a corpului C1 al \u0218colii Gimnaziale nr. 16, de pe strada Bucure\u0219ti nr. 11. Valoarea total\u0103 a proiectului este de 17 milioane lei, iar municipalitatea propune asigurarea unei co-finan\u021b\u0103ri din bugetul local de 7,2 milioane de lei. Diferen\u021ba va [&hellip;]<\/p>\n","protected":false},"author":1,"featured_media":0,"comment_status":"open","ping_status":"","sticky":false,"template":"","format":"standard","meta":{"footnotes":""},"categories":[89],"tags":[226,203],"class_list":["post-1788058","post","type-post","status-publish","format-standard","hentry","category-romania","tag-crawlmanager","tag-gazetadinvest-ro"],"_links":{"self":[{"href":"https:\/\/analyse.optim.biz\/index.php?rest_route=\/wp\/v2\/posts\/1788058","targetHints":{"allow":["GET"]}}],"collection":[{"href":"https:\/\/analyse.optim.biz\/index.php?rest_route=\/wp\/v2\/posts"}],"about":[{"href":"https:\/\/analyse.optim.biz\/index.php?rest_route=\/wp\/v2\/types\/post"}],"author":[{"embeddable":true,"href":"https:\/\/analyse.optim.biz\/index.php?rest_route=\/wp\/v2\/users\/1"}],"replies":[{"embeddable":true,"href":"https:\/\/analyse.optim.biz\/index.php?rest_route=%2Fwp%2Fv2%2Fcomments&post=1788058"}],"version-history":[{"count":0,"href":"https:\/\/analyse.optim.biz\/index.php?rest_route=\/wp\/v2\/posts\/1788058\/revisions"}],"wp:attachment":[{"href":"https:\/\/analyse.optim.biz\/index.php?rest_route=%2Fwp%2Fv2%2Fmedia&parent=1788058"}],"wp:term":[{"taxonomy":"category","embeddable":true,"href":"https:\/\/analyse.optim.biz\/index.php?rest_route=%2Fwp%2Fv2%2Fcategories&post=1788058"},{"taxonomy":"post_tag","embeddable":true,"href":"https:\/\/analyse.optim.biz\/index.php?rest_route=%2Fwp%2Fv2%2Ftags&post=1788058"}],"curies":[{"name":"wp","href":"https:\/\/api.w.org\/{rel}","templated":true}]}}