{"id":1786992,"date":"2026-02-23T07:00:22","date_gmt":"2026-02-23T04:00:22","guid":{"rendered":"https:\/\/analyse.optim.biz\/?p=1786992"},"modified":"2026-02-23T07:00:22","modified_gmt":"2026-02-23T04:00:22","slug":"p-s-visarion-a-primit-o-diploma-de-recunostinta-din-partea-primarului-comunei-frecatei-marian-naiman","status":"publish","type":"post","link":"https:\/\/analyse.optim.biz\/?p=1786992","title":{"rendered":"P.S. Visarion a primit o diplom\u0103 de recuno\u015ftin\u0163\u0103 din partea primarului comunei Frec\u0103\u0163ei, Marian Naiman &#8211;"},"content":{"rendered":"<p>[analyse_image type=&#8221;featured&#8221; src=&#8221;https:\/\/ziaruldelta.ro\/wp-content\/uploads\/2026\/02\/PS-Visarion-2.jpg&#8221;]<\/p>\n<article id=\"post-35473\" class=\"module single-post-module post-35473 post type-post status-publish format-standard has-post-thumbnail hentry category-eveniment et-has-post-format-content et_post_format-et-post-format-standard\">\n<div class=\"post-header\">\n<h1 class=\"entry-title\">P.S. Visarion a primit o diplom\u0103 de recuno\u015ftin\u0163\u0103 din partea primarului comunei Frec\u0103\u0163ei, Marian Naiman<\/h1>\n<div class=\"post-meta vcard\">\n<p>Posted by <a href=\"https:\/\/ziaruldelta.ro\/author\/claudia-ionescu\/\" class=\"url fn\" title=\"Posts by Claudia Ionescu\" rel=\"author\">Claudia Ionescu<\/a> | <span class=\"updated\">Feb 23, 2026<\/span> | <a href=\"https:\/\/ziaruldelta.ro\/category\/eveniment\/\" rel=\"tag\">Eveniment<\/a> | <\/p>\n<\/div>\n<\/div>\n<div class=\"post-thumbnail header\"><img decoding=\"async\" src=\"https:\/\/ziaruldelta.ro\/wp-content\/uploads\/2026\/02\/PS-Visarion-2.jpg\" alt=\"P.S. Visarion a primit o diplom\u0103 de recuno\u015ftin\u0163\u0103 din partea primarului comunei Frec\u0103\u0163ei, Marian Naiman\"><\/div>\n<div class=\"post-wrap\">\n<div class=\"post-content entry-content\">\n<p>Preasfin\u0163itul P\u0103rinte Visarion, Episcopul Tulcii, a oficiat duminic\u0103, 15 februarie, Sf\u00e2nta Liturghie arhiereasc\u0103 \u00een biserica \u201eNa\u015fterea Maicii Domnului\u201d din Cataloi. Slujba a fost s\u0103v\u00e2r\u015fit\u0103 \u00een prezen\u0163a credincio\u015filor din parohie, care au participat la momentul de rug\u0103ciune \u015fi comuniune spiritual\u0103.<\/p>\n<p><img loading=\"lazy\" decoding=\"async\" class=\"size-medium wp-image-35475 aligncenter\" src=\"https:\/\/ziaruldelta.ro\/wp-content\/uploads\/2026\/02\/PS-Visarion-1-610x343.jpg\" alt width=\"610\" height=\"343\">\u00cen cadrul evenimentului, P.S. Visarion a primit o diplom\u0103 de recuno\u015ftin\u0163\u0103 din partea primarului comunei Frec\u0103\u0163ei, Marian Naiman, \u00een semn de apreciere pentru sprijinul acordat comunit\u0103\u0163ii.<\/p>\n<blockquote>\n<p>\u201eSunt momente \u00een via\u0163a unei comunit\u0103\u0163i care r\u0103m\u00e2n \u00een sufletul oamenilor mult timp. Prezen\u0163a Preasfin\u0163itului P\u0103rinte Visarion ast\u0103zi, al\u0103turi de noi, reprezint\u0103 un astfel de moment \u2013 un semn de binecuv\u00e2ntare, de echilibru \u015fi de apropiere fa\u0163\u0103 de oameni. \u00cen semn de respect \u015fi aleas\u0103 recuno\u015ftin\u0163\u0103, \u00eei oferim aceast\u0103 diplom\u0103 pentru sprijinul constant acordat comunit\u0103\u0163ii noastre \u015fi pentru grija fa\u0163\u0103 de oameni. Preasfin\u0163ia Voastr\u0103, v\u0103 mul\u0163umim c\u0103 sunte\u0163i mereu aproape de oamenii no\u015ftri\u201d, a transmis primarul Marian Naiman.<\/p>\n<\/blockquote>\n<p>De asemenea, o diplom\u0103 de recuno\u015ftin\u0163\u0103 a fost \u00eenm\u00e2nat\u0103 \u015fi preotului paroh din localitatea Cataloi, Dorin Enciu, pentru implicarea \u015fi sprijinul acordat credincio\u015filor.<\/p>\n<blockquote>\n<p>\u201e\u00centr-o comunitate, oamenii se cunosc nu doar dup\u0103 cuvinte, ci mai ales dup\u0103 faptele lor. P\u0103rintele Enciu Dorin este unul dintre acei oameni care au ar\u0103tat, de multe ori, c\u0103 inima mare valoreaz\u0103 mai mult dec\u00e2t orice posibilitate material\u0103. A fost al\u0103turi de cei care aveau mai pu\u0163in, ajut\u00e2ndu-i s\u0103 treac\u0103 prin momente importante din via\u0163\u0103 cu demnitate \u015fi lini\u015fte. \u00cen numele comunit\u0103\u0163ii din Frec\u0103\u0163ei, \u00eei oferim aceast\u0103 diplom\u0103 ca semn de respect \u015fi recuno\u015ftin\u0163\u0103 pentru bun\u0103tatea \u015fi grija ar\u0103tate oamenilor. P\u0103rinte, Dumnezeu s\u0103 v\u0103 r\u0103spl\u0103teasc\u0103 pentru tot binele pe care l-a\u0163i f\u0103cut oamenilor\u201d, a declarat edilul.<\/p>\n<\/blockquote>\n<p>Primarul comunei Frec\u0103\u0163ei \u015fi-a exprimat dorin\u0163a ca \u00een viitor comunitatea s\u0103 r\u0103m\u00e2n\u0103 la fel de unit\u0103 cum a fost la acest eveniment.<\/p>\n<p>Dup\u0103 eveniment a fost s\u0103v\u00e2r\u015fit\u0103 \u015fi o slujb\u0103 de c\u0103s\u0103torie, prilej cu care edilul a transmis un mesaj de binecuv\u00e2ntare mirilor \u015fi celor prezen\u0163i.<\/p>\n<blockquote>\n<p>\u201eO comunitate nu este puternic\u0103 prin cl\u0103diri sau prin bani, ci prin oamenii ei. \u00cen aceast\u0103 sear\u0103 vedem ce \u00eenseamn\u0103 acest lucru: oameni care se sprijin\u0103 unii pe al\u0163ii, care \u00ee\u015fi p\u0103streaz\u0103 credin\u0163a, bun\u0103tatea \u015fi respectul. S\u0103 ne ajute Dumnezeu s\u0103 r\u0103m\u00e2nem mereu o comunitate unit\u0103, care se bucur\u0103 \u00eempreun\u0103 la momente frumoase ca acesta. Cas\u0103 de piatr\u0103 mirilor \u015fi mult\u0103 binecuv\u00e2ntare tuturor\u201d, a spus primarul Marian Naiman.<\/p>\n<\/blockquote>\n<\/div>\n<\/div>\n<div class=\"post-footer\">\n<div class=\"social-icons ed-social-share-icons\">\n<p class=\"share-title\">Share:<\/p>\n<\/div>\n<div class=\"rating-stars\">\n<p id=\"rate-title\" class=\"rate-title\">Rate:<\/p>\n<\/div>\n<\/div>\n<\/article>\n<div class=\"post-content entry-content\">\n<p>Preasfin\u0163itul P\u0103rinte Visarion, Episcopul Tulcii, a oficiat duminic\u0103, 15 februarie, Sf\u00e2nta Liturghie arhiereasc\u0103 \u00een biserica \u201eNa\u015fterea Maicii Domnului\u201d din Cataloi. Slujba a fost s\u0103v\u00e2r\u015fit\u0103 \u00een prezen\u0163a credincio\u015filor din parohie, care au participat la momentul de rug\u0103ciune \u015fi comuniune spiritual\u0103.<\/p>\n<p><img loading=\"lazy\" decoding=\"async\" class=\"size-medium wp-image-35475 aligncenter\" src=\"https:\/\/ziaruldelta.ro\/wp-content\/uploads\/2026\/02\/PS-Visarion-1-610x343.jpg\" alt width=\"610\" height=\"343\">\u00cen cadrul evenimentului, P.S. Visarion a primit o diplom\u0103 de recuno\u015ftin\u0163\u0103 din partea primarului comunei Frec\u0103\u0163ei, Marian Naiman, \u00een semn de apreciere pentru sprijinul acordat comunit\u0103\u0163ii.<\/p>\n<blockquote>\n<p>\u201eSunt momente \u00een via\u0163a unei comunit\u0103\u0163i care r\u0103m\u00e2n \u00een sufletul oamenilor mult timp. Prezen\u0163a Preasfin\u0163itului P\u0103rinte Visarion ast\u0103zi, al\u0103turi de noi, reprezint\u0103 un astfel de moment \u2013 un semn de binecuv\u00e2ntare, de echilibru \u015fi de apropiere fa\u0163\u0103 de oameni. \u00cen semn de respect \u015fi aleas\u0103 recuno\u015ftin\u0163\u0103, \u00eei oferim aceast\u0103 diplom\u0103 pentru sprijinul constant acordat comunit\u0103\u0163ii noastre \u015fi pentru grija fa\u0163\u0103 de oameni. Preasfin\u0163ia Voastr\u0103, v\u0103 mul\u0163umim c\u0103 sunte\u0163i mereu aproape de oamenii no\u015ftri\u201d, a transmis primarul Marian Naiman.<\/p>\n<\/blockquote>\n<p>De asemenea, o diplom\u0103 de recuno\u015ftin\u0163\u0103 a fost \u00eenm\u00e2nat\u0103 \u015fi preotului paroh din localitatea Cataloi, Dorin Enciu, pentru implicarea \u015fi sprijinul acordat credincio\u015filor.<\/p>\n<blockquote>\n<p>\u201e\u00centr-o comunitate, oamenii se cunosc nu doar dup\u0103 cuvinte, ci mai ales dup\u0103 faptele lor. P\u0103rintele Enciu Dorin este unul dintre acei oameni care au ar\u0103tat, de multe ori, c\u0103 inima mare valoreaz\u0103 mai mult dec\u00e2t orice posibilitate material\u0103. A fost al\u0103turi de cei care aveau mai pu\u0163in, ajut\u00e2ndu-i s\u0103 treac\u0103 prin momente importante din via\u0163\u0103 cu demnitate \u015fi lini\u015fte. \u00cen numele comunit\u0103\u0163ii din Frec\u0103\u0163ei, \u00eei oferim aceast\u0103 diplom\u0103 ca semn de respect \u015fi recuno\u015ftin\u0163\u0103 pentru bun\u0103tatea \u015fi grija ar\u0103tate oamenilor. P\u0103rinte, Dumnezeu s\u0103 v\u0103 r\u0103spl\u0103teasc\u0103 pentru tot binele pe care l-a\u0163i f\u0103cut oamenilor\u201d, a declarat edilul.<\/p>\n<\/blockquote>\n<p>Primarul comunei Frec\u0103\u0163ei \u015fi-a exprimat dorin\u0163a ca \u00een viitor comunitatea s\u0103 r\u0103m\u00e2n\u0103 la fel de unit\u0103 cum a fost la acest eveniment.<\/p>\n<p>Dup\u0103 eveniment a fost s\u0103v\u00e2r\u015fit\u0103 \u015fi o slujb\u0103 de c\u0103s\u0103torie, prilej cu care edilul a transmis un mesaj de binecuv\u00e2ntare mirilor \u015fi celor prezen\u0163i.<\/p>\n<blockquote>\n<p>\u201eO comunitate nu este puternic\u0103 prin cl\u0103diri sau prin bani, ci prin oamenii ei. \u00cen aceast\u0103 sear\u0103 vedem ce \u00eenseamn\u0103 acest lucru: oameni care se sprijin\u0103 unii pe al\u0163ii, care \u00ee\u015fi p\u0103streaz\u0103 credin\u0163a, bun\u0103tatea \u015fi respectul. S\u0103 ne ajute Dumnezeu s\u0103 r\u0103m\u00e2nem mereu o comunitate unit\u0103, care se bucur\u0103 \u00eempreun\u0103 la momente frumoase ca acesta. Cas\u0103 de piatr\u0103 mirilor \u015fi mult\u0103 binecuv\u00e2ntare tuturor\u201d, a spus primarul Marian Naiman.<\/p>\n<\/blockquote>\n<\/div>\n<div class=\"post-content entry-content\">\n<p>Preasfin\u0163itul P\u0103rinte Visarion, Episcopul Tulcii, a oficiat duminic\u0103, 15 februarie, Sf\u00e2nta Liturghie arhiereasc\u0103 \u00een biserica \u201eNa\u015fterea Maicii Domnului\u201d din Cataloi. Slujba a fost s\u0103v\u00e2r\u015fit\u0103 \u00een prezen\u0163a credincio\u015filor din parohie, care au participat la momentul de rug\u0103ciune \u015fi comuniune spiritual\u0103.<\/p>\n<p><img loading=\"lazy\" decoding=\"async\" class=\"size-medium wp-image-35475 aligncenter\" src=\"https:\/\/ziaruldelta.ro\/wp-content\/uploads\/2026\/02\/PS-Visarion-1-610x343.jpg\" alt width=\"610\" height=\"343\">\u00cen cadrul evenimentului, P.S. Visarion a primit o diplom\u0103 de recuno\u015ftin\u0163\u0103 din partea primarului comunei Frec\u0103\u0163ei, Marian Naiman, \u00een semn de apreciere pentru sprijinul acordat comunit\u0103\u0163ii.<\/p>\n<blockquote>\n<p>\u201eSunt momente \u00een via\u0163a unei comunit\u0103\u0163i care r\u0103m\u00e2n \u00een sufletul oamenilor mult timp. Prezen\u0163a Preasfin\u0163itului P\u0103rinte Visarion ast\u0103zi, al\u0103turi de noi, reprezint\u0103 un astfel de moment \u2013 un semn de binecuv\u00e2ntare, de echilibru \u015fi de apropiere fa\u0163\u0103 de oameni. \u00cen semn de respect \u015fi aleas\u0103 recuno\u015ftin\u0163\u0103, \u00eei oferim aceast\u0103 diplom\u0103 pentru sprijinul constant acordat comunit\u0103\u0163ii noastre \u015fi pentru grija fa\u0163\u0103 de oameni. Preasfin\u0163ia Voastr\u0103, v\u0103 mul\u0163umim c\u0103 sunte\u0163i mereu aproape de oamenii no\u015ftri\u201d, a transmis primarul Marian Naiman.<\/p>\n<\/blockquote>\n<p>De asemenea, o diplom\u0103 de recuno\u015ftin\u0163\u0103 a fost \u00eenm\u00e2nat\u0103 \u015fi preotului paroh din localitatea Cataloi, Dorin Enciu, pentru implicarea \u015fi sprijinul acordat credincio\u015filor.<\/p>\n<blockquote>\n<p>\u201e\u00centr-o comunitate, oamenii se cunosc nu doar dup\u0103 cuvinte, ci mai ales dup\u0103 faptele lor. P\u0103rintele Enciu Dorin este unul dintre acei oameni care au ar\u0103tat, de multe ori, c\u0103 inima mare valoreaz\u0103 mai mult dec\u00e2t orice posibilitate material\u0103. A fost al\u0103turi de cei care aveau mai pu\u0163in, ajut\u00e2ndu-i s\u0103 treac\u0103 prin momente importante din via\u0163\u0103 cu demnitate \u015fi lini\u015fte. \u00cen numele comunit\u0103\u0163ii din Frec\u0103\u0163ei, \u00eei oferim aceast\u0103 diplom\u0103 ca semn de respect \u015fi recuno\u015ftin\u0163\u0103 pentru bun\u0103tatea \u015fi grija ar\u0103tate oamenilor. P\u0103rinte, Dumnezeu s\u0103 v\u0103 r\u0103spl\u0103teasc\u0103 pentru tot binele pe care l-a\u0163i f\u0103cut oamenilor\u201d, a declarat edilul.<\/p>\n<\/blockquote>\n<p>Primarul comunei Frec\u0103\u0163ei \u015fi-a exprimat dorin\u0163a ca \u00een viitor comunitatea s\u0103 r\u0103m\u00e2n\u0103 la fel de unit\u0103 cum a fost la acest eveniment.<\/p>\n<p>Dup\u0103 eveniment a fost s\u0103v\u00e2r\u015fit\u0103 \u015fi o slujb\u0103 de c\u0103s\u0103torie, prilej cu care edilul a transmis un mesaj de binecuv\u00e2ntare mirilor \u015fi celor prezen\u0163i.<\/p>\n<blockquote>\n<p>\u201eO comunitate nu este puternic\u0103 prin cl\u0103diri sau prin bani, ci prin oamenii ei. \u00cen aceast\u0103 sear\u0103 vedem ce \u00eenseamn\u0103 acest lucru: oameni care se sprijin\u0103 unii pe al\u0163ii, care \u00ee\u015fi p\u0103streaz\u0103 credin\u0163a, bun\u0103tatea \u015fi respectul. S\u0103 ne ajute Dumnezeu s\u0103 r\u0103m\u00e2nem mereu o comunitate unit\u0103, care se bucur\u0103 \u00eempreun\u0103 la momente frumoase ca acesta. Cas\u0103 de piatr\u0103 mirilor \u015fi mult\u0103 binecuv\u00e2ntare tuturor\u201d, a spus primarul Marian Naiman.<\/p>\n<\/blockquote>\n<\/div>\n<p>[analyse_source url=&#8221;https:\/\/ziaruldelta.ro\/2026\/02\/23\/p-s-visarion-a-primit-o-diploma-de-recunostinta-din-partea-primarului-comunei-frecatei-marian-naiman\/&#8221;]<\/p>\n","protected":false},"excerpt":{"rendered":"<p>[analyse_image type=&#8221;featured&#8221; src=&#8221;https:\/\/ziaruldelta.ro\/wp-content\/uploads\/2026\/02\/PS-Visarion-2.jpg&#8221;] P.S. Visarion a primit o diplom\u0103 de recuno\u015ftin\u0163\u0103 din partea primarului comunei Frec\u0103\u0163ei, Marian Naiman Posted by Claudia Ionescu | Feb 23, 2026 | Eveniment | Preasfin\u0163itul P\u0103rinte Visarion, Episcopul Tulcii, a oficiat duminic\u0103, 15 februarie, Sf\u00e2nta Liturghie arhiereasc\u0103 \u00een biserica \u201eNa\u015fterea Maicii Domnului\u201d din Cataloi. Slujba a fost s\u0103v\u00e2r\u015fit\u0103 \u00een prezen\u0163a [&hellip;]<\/p>\n","protected":false},"author":1,"featured_media":0,"comment_status":"open","ping_status":"","sticky":false,"template":"","format":"standard","meta":{"footnotes":""},"categories":[89],"tags":[226,206],"class_list":["post-1786992","post","type-post","status-publish","format-standard","hentry","category-romania","tag-crawlmanager","tag-ziaruldelta-ro"],"_links":{"self":[{"href":"https:\/\/analyse.optim.biz\/index.php?rest_route=\/wp\/v2\/posts\/1786992","targetHints":{"allow":["GET"]}}],"collection":[{"href":"https:\/\/analyse.optim.biz\/index.php?rest_route=\/wp\/v2\/posts"}],"about":[{"href":"https:\/\/analyse.optim.biz\/index.php?rest_route=\/wp\/v2\/types\/post"}],"author":[{"embeddable":true,"href":"https:\/\/analyse.optim.biz\/index.php?rest_route=\/wp\/v2\/users\/1"}],"replies":[{"embeddable":true,"href":"https:\/\/analyse.optim.biz\/index.php?rest_route=%2Fwp%2Fv2%2Fcomments&post=1786992"}],"version-history":[{"count":0,"href":"https:\/\/analyse.optim.biz\/index.php?rest_route=\/wp\/v2\/posts\/1786992\/revisions"}],"wp:attachment":[{"href":"https:\/\/analyse.optim.biz\/index.php?rest_route=%2Fwp%2Fv2%2Fmedia&parent=1786992"}],"wp:term":[{"taxonomy":"category","embeddable":true,"href":"https:\/\/analyse.optim.biz\/index.php?rest_route=%2Fwp%2Fv2%2Fcategories&post=1786992"},{"taxonomy":"post_tag","embeddable":true,"href":"https:\/\/analyse.optim.biz\/index.php?rest_route=%2Fwp%2Fv2%2Ftags&post=1786992"}],"curies":[{"name":"wp","href":"https:\/\/api.w.org\/{rel}","templated":true}]}}