{"id":1786600,"date":"2026-02-22T19:51:20","date_gmt":"2026-02-22T16:51:20","guid":{"rendered":"https:\/\/analyse.optim.biz\/?p=1786600"},"modified":"2026-02-22T19:51:20","modified_gmt":"2026-02-22T16:51:20","slug":"in-aceasta-seara-accident-intre-slatioara-si-horezu-politia-anunta-trei-victime-gazeta-valceana","status":"publish","type":"post","link":"https:\/\/analyse.optim.biz\/?p=1786600","title":{"rendered":"\u00cen aceast\u0103 sear\u0103, ACCIDENT \u00eentre Sl\u0103tioara \u0219i Horezu. Poli\u021bia anun\u021b\u0103 trei victime &#8211; Gazeta V\u00e2lcean\u0103"},"content":{"rendered":"<p>[analyse_image type=&#8221;featured&#8221; src=&#8221;https:\/\/www.gazeta-valceana.ro\/wp-content\/uploads\/2025\/02\/ISU-POMPIERI-ACC-NOAPTEA.jpg&#8221;]<\/p>\n<article id=\"template-id-91645\" class=\"post-91645 tdb_templates type-tdb_templates status-publish post\">\n<div id=\"tdi_49\" class=\"tdc-zone\">\n<div class=\"tdc_zone tdi_50  wpb_row td-pb-row\">\n<div id=\"tdi_51\" class=\"tdc-row stretch_row_1200 td-stretch-content\">\n<div class=\"vc_row tdi_52  wpb_row td-pb-row\">\n<div class=\"vc_column tdi_54  wpb_column vc_column_container tdc-column td-pb-span8\">\n<div class=\"wpb_wrapper\">\n<div class=\"td_block_wrap tdb_title tdi_55 tdb-single-title td-pb-border-top td_block_template_1\" data-td-block-uid=\"tdi_55\">\n<div class=\"tdb-block-inner td-fix-index\">\n<h1 class=\"tdb-title-text\">\u00cen aceast\u0103 sear\u0103, ACCIDENT \u00eentre Sl\u0103tioara \u0219i Horezu. Poli\u021bia anun\u021b\u0103 trei victime<\/h1>\n<\/div>\n<\/div>\n<div class=\"vc_row_inner tdi_58  vc_row vc_inner wpb_row td-pb-row tdc-row-content-vert-center\">\n<div class=\"vc_column_inner tdi_60  wpb_column vc_column_container tdc-inner-column td-pb-span12\">\n<div class=\"vc_column-inner\">\n<div class=\"wpb_wrapper\">\n<div class=\"td_block_wrap tdb_single_categories tdi_61 td-pb-border-top td_block_template_1 \" data-td-block-uid=\"tdi_61\">\n<div class=\"tdb-category td-fix-index\"><a class=\"tdb-entry-category\" href=\"https:\/\/www.gazeta-valceana.ro\/category\/fapt-divers\/\">Fapt divers<\/a><a class=\"tdb-entry-category\" href=\"https:\/\/www.gazeta-valceana.ro\/category\/i\/\">I<\/a><\/div>\n<\/div>\n<div class=\"td_block_wrap tdb_single_date tdi_62 td-pb-border-top td_block_template_1 tdb-post-meta\" data-td-block-uid=\"tdi_62\">\n<div class=\"tdb-block-inner td-fix-index\"><time class=\"entry-date updated td-module-date\" datetime=\"2026-02-22T21:51:20+02:00\">22 februarie 2026<\/time><\/div>\n<\/div>\n<\/div>\n<\/div>\n<\/div>\n<\/div>\n<\/div>\n<\/div>\n<\/div>\n<\/div>\n<div id=\"tdi_65\" class=\"tdc-row stretch_row_1200 td-stretch-content\">\n<div class=\"vc_row tdi_66  wpb_row td-pb-row\">\n<div class=\"vc_column tdi_68  wpb_column vc_column_container tdc-column td-pb-span8\">\n<div class=\"wpb_wrapper\">\n<div class=\"td_block_wrap tdb_single_featured_image tdi_69 tdb-content-horiz-left td-pb-border-top td_block_template_1\" data-td-block-uid=\"tdi_69\">\n<div class=\"tdb-block-inner td-fix-index\"><img loading=\"lazy\" decoding=\"async\" width=\"696\" height=\"392\" class=\"entry-thumb\" src=\"https:\/\/www.gazeta-valceana.ro\/wp-content\/uploads\/2025\/02\/ISU-POMPIERI-ACC-NOAPTEA-696x392.jpg\" alt title=\"ISU POMPIERI ACC NOAPTEA\"><\/div>\n<\/div>\n<div class=\"td_block_wrap tdb_single_post_share tdi_70  td-pb-border-top td_block_template_1\" data-td-block-uid=\"tdi_70\">\n<div id=\"tdi_70\" class=\"td-post-sharing tdb-block td-ps-border td-ps-border-grey td-ps-notext td-ps-icon-color td-ps-text-color td-post-sharing-style16 \">\n<div class=\"td-post-sharing-visible\">\n<div class=\"td-social-sharing-button td-social-sharing-button-js td-social-handler td-social-share-text\">\n<div class=\"td-social-but-text\">Ac\u021biune<\/div>\n<\/div>\n<p><a class=\"td-social-sharing-button td-social-sharing-button-js td-social-network td-social-facebook\" href=\"https:\/\/www.facebook.com\/sharer.php?u=https%3A%2F%2Fwww.gazeta-valceana.ro%2Ffapt-divers%2Fin-aceasta-seara-accident-intre-slatioara-si-horezu-politia-anunta-trei-victime%2F\" title=\"Facebook\"><\/p>\n<div class=\"td-social-but-text\">Facebook<\/div>\n<p><\/a><a class=\"td-social-sharing-button td-social-sharing-button-js td-social-network td-social-twitter\" href=\"https:\/\/twitter.com\/intent\/tweet?text=%C3%8En+aceast%C4%83+sear%C4%83%2C+ACCIDENT+%C3%AEntre+Sl%C4%83tioara+%C8%99i+Horezu.+Poli%C8%9Bia+anun%C8%9B%C4%83+trei+victime&amp;url=https%3A%2F%2Fwww.gazeta-valceana.ro%2Ffapt-divers%2Fin-aceasta-seara-accident-intre-slatioara-si-horezu-politia-anunta-trei-victime%2F&amp;via=Gazeta+V%C3%A2lcean%C4%83\" title=\"Twitter\"><\/p>\n<div class=\"td-social-but-text\">Twitter<\/div>\n<p><\/a><a class=\"td-social-sharing-button td-social-sharing-button-js td-social-network td-social-pinterest\" href=\"https:\/\/pinterest.com\/pin\/create\/button\/?url=https:\/\/www.gazeta-valceana.ro\/fapt-divers\/in-aceasta-seara-accident-intre-slatioara-si-horezu-politia-anunta-trei-victime\/&amp;media=https:\/\/www.gazeta-valceana.ro\/wp-content\/uploads\/2025\/02\/ISU-POMPIERI-ACC-NOAPTEA.jpg&amp;description=%C3%8En+aceast%C4%83+sear%C4%83%2C+ACCIDENT+%C3%AEntre+Sl%C4%83tioara+%C8%99i+Horezu.+Poli%C8%9Bia+anun%C8%9B%C4%83+trei+victime\" title=\"Pinterest\"><\/p>\n<div class=\"td-social-but-text\">Pinterest<\/div>\n<p><\/a><a class=\"td-social-sharing-button td-social-sharing-button-js td-social-network td-social-whatsapp\" href=\"https:\/\/api.whatsapp.com\/send?text=%C3%8En+aceast%C4%83+sear%C4%83%2C+ACCIDENT+%C3%AEntre+Sl%C4%83tioara+%C8%99i+Horezu.+Poli%C8%9Bia+anun%C8%9B%C4%83+trei+victime%20%0A%0A%20https:\/\/www.gazeta-valceana.ro\/fapt-divers\/in-aceasta-seara-accident-intre-slatioara-si-horezu-politia-anunta-trei-victime\/\" title=\"WhatsApp\"><\/p>\n<div class=\"td-social-but-text\">WhatsApp<\/div>\n<p><\/a><\/div>\n<\/div>\n<\/div>\n<div class=\"td_block_wrap tdb_single_content tdi_71 td-pb-border-top td_block_template_1 td-post-content tagdiv-type\" data-td-block-uid=\"tdi_71\">\n<div class=\"tdb-block-inner td-fix-index\">\n<p>UP-DATE ora 22.55<\/p>\n<p>IPJ V\u00e2lcea anun\u021b\u0103 c\u0103, din cercet\u0103rile preliminare, cauza probabil\u0103 a producerii accidentului o reprezint\u0103 neadaptarea vitezei la condi\u021biile meteo-rutiere, respectiv carosabil umed, \u00eentr-o curb\u0103 la dreapta. Toate victimele au fost transportate la Sec\u021bia de Primiri Urgen\u021be pentru acordarea de \u00eengrijiri medicale de specialitate.<\/p>\n<p>Traficul rutier \u00een zon\u0103 a fost reluat. Cercet\u0103rile sunt continuate de poli\u021bi\u0219ti pentru stabilirea cu exactitate a tuturor \u00eemprejur\u0103rilor producerii accidentului.<\/p>\n<p>______<\/p>\n<p>\u00cen seara de duminic\u0103, 22 februarie 2026, \u00een jurul orei 21.20, pe Drumul Jude\u021bean 676, pe raza localit\u0103\u021bilor Sl\u0103tioara \u2013 Horezu, jude\u021bul V\u00e2lcea, a avut loc un accident rutier \u00een care au fost implicate dou\u0103 autoturisme. \u00cen urma impactului au rezultat cinci victime, care sunt evaluate medical la fa\u021ba locului de c\u0103tre echipajele de interven\u021bie.<\/p>\n<p>La ora 21.30, traficul rutier pe DJ 676 este blocat total \u00een zona producerii accidentului, pentru a permite interven\u021bia echipajelor de salvare \u0219i desf\u0103\u0219urarea cercet\u0103rilor. Poli\u021bi\u0219tii efectueaz\u0103 verific\u0103ri pentru stabilirea cu exactitate a cauzelor \u0219i \u00eemprejur\u0103rilor producerii evenimentului rutier.<\/p>\n<p><em>\u201eRecomand\u0103m conduc\u0103torilor auto s\u0103 evite zona, s\u0103 respecte indica\u021biile poli\u021bi\u0219tilor rutieri \u0219i s\u0103 manifeste pruden\u021b\u0103 sporit\u0103 \u00een trafic. Evenimentul este \u00een dinamic\u0103, urm\u00e2nd ca informa\u021biile s\u0103 fie actualizate \u00een func\u021bie de evolu\u021bia situa\u021biei\u201d<\/em>, au anun\u021bat reprezentan\u021bii IPJ V\u00e2lcea, \u00een seara de duminic\u0103, la ora 21.40.<\/p>\n<\/div>\n<\/div>\n<div class=\"tdb-author-box td_block_wrap tdb_single_author_box tdi_72 tdb-content-vert-top td-pb-border-top td_block_template_1\" data-td-block-uid=\"tdi_72\">\n<div class=\"tdb-block-inner td-fix-index\"><a href=\"https:\/\/www.gazeta-valceana.ro\/author\/redactia\/\" class=\"tdb-author-photo\" title=\"Redactia\"><img decoding=\"async\" alt=\"Redactia\" src=\"https:\/\/secure.gravatar.com\/avatar\/d9699bfd17d7f55fcf6bbdfb0214d48a942c5fd23a1db27f4a803a8d0651670f?s=500&amp;d=mm&amp;r=g\" class=\"avatar avatar-500 photo\" height=\"500\" width=\"500\" loading=\"lazy\"><\/a><\/p>\n<div class=\"tdb-author-info\"><a href=\"https:\/\/www.gazeta-valceana.ro\/author\/redactia\/\" class=\"tdb-author-name\">Redactia<\/a><\/div>\n<\/div>\n<\/div>\n<\/div>\n<\/div>\n<div class=\"vc_column tdi_76  wpb_column vc_column_container tdc-column td-pb-span4 td-is-sticky\">\n<div class=\"wpb_wrapper\" data-sticky-enabled-on=\"W3RydWUsdHJ1ZSx0cnVlLHRydWVd\" data-sticky-offset=\"20\" data-sticky-is-width-auto=\"W2ZhbHNlLGZhbHNlLGZhbHNlLGZhbHNlXQ==\">\n<div class=\"vc_row_inner tdi_81  vc_row vc_inner wpb_row td-pb-row tdc-row-content-vert-center\">\n<div class=\"vc_column_inner tdi_83  wpb_column vc_column_container tdc-inner-column td-pb-span12\">\n<div class=\"vc_column-inner\">\n<div class=\"wpb_wrapper\">\n<div class=\"tdm_block td_block_wrap tdm_block_inline_text tdi_86 tdm-inline-block td-pb-border-top td_block_template_1\" data-td-block-uid=\"tdi_86\">\n<p class=\"tdm-descr\">Ultimele articole<\/p>\n<\/div>\n<\/div>\n<\/div>\n<\/div>\n<\/div>\n<div class=\"td_block_wrap td_flex_block_1 tdi_87 td-pb-border-top td_block_template_1 td_flex_block\" data-td-block-uid=\"tdi_87\">\n<div id=\"tdi_87\" class=\"td_block_inner td-mc1-wrap\">\n<div class=\"td_module_flex td_module_flex_1 td_module_wrap td-animation-stack td-cpt-post\">\n<div class=\"td-module-container td-category-pos-\">\n<div class=\"td-module-meta-info\">\n<h3 class=\"entry-title td-module-title\"><a href=\"https:\/\/www.gazeta-valceana.ro\/fapt-divers\/foto-video-de-la-slatioara-cinci-persoane-sunt-transportate-la-aceasta-ora-la-spitalul-horezu\/\" rel=\"bookmark\" title=\"FOTO\/VIDEO de la Sl\u0103tioara. CINCI PERSOANE sunt transportate la aceast\u0103 or\u0103 la Spitalul Horezu\">FOTO\/VIDEO de la Sl\u0103tioara. CINCI PERSOANE sunt transportate la aceast\u0103 or\u0103 la Spitalul Horezu<\/a><\/h3>\n<div class=\"td-editor-date\"><span class=\"td-author-date\"><span class=\"td-post-date\"><time class=\"entry-date updated td-module-date\" datetime=\"2026-02-22T22:26:55+02:00\">22 februarie 2026<\/time><\/span><\/span><\/div>\n<\/div>\n<\/div>\n<\/div>\n<div class=\"td_module_flex td_module_flex_1 td_module_wrap td-animation-stack td-cpt-post\">\n<div class=\"td-module-container td-category-pos-\">\n<div class=\"td-module-meta-info\">\n<h3 class=\"entry-title td-module-title\"><a href=\"https:\/\/www.gazeta-valceana.ro\/fapt-divers\/accident-in-aceasta-seara-in-ostroveni-doua-victime\/\" rel=\"bookmark\" title=\"Accident \u00een aceast\u0103 sear\u0103, \u00een Ostroveni. Dou\u0103 victime\">Accident \u00een aceast\u0103 sear\u0103, \u00een Ostroveni. Dou\u0103 victime<\/a><\/h3>\n<div class=\"td-editor-date\"><span class=\"td-author-date\"><span class=\"td-post-date\"><time class=\"entry-date updated td-module-date\" datetime=\"2026-02-21T22:30:08+02:00\">21 februarie 2026<\/time><\/span><\/span><\/div>\n<\/div>\n<\/div>\n<\/div>\n<div class=\"td_module_flex td_module_flex_1 td_module_wrap td-animation-stack td-cpt-post\">\n<div class=\"td-module-container td-category-pos-\">\n<div class=\"td-module-meta-info\">\n<h3 class=\"entry-title td-module-title\"><a href=\"https:\/\/www.gazeta-valceana.ro\/fapt-divers\/in-aceasta-seara-incendiu-la-o-cabana-din-comuna-slatioara-trei-persoane\/\" rel=\"bookmark\" title=\"\u00cen aceast\u0103 sear\u0103, INCENDIU la o caban\u0103 din comuna Sl\u0103tioara. Trei persoane\u2026\">\u00cen aceast\u0103 sear\u0103, INCENDIU la o caban\u0103 din comuna Sl\u0103tioara. Trei persoane\u2026<\/a><\/h3>\n<div class=\"td-editor-date\"><span class=\"td-author-date\"><span class=\"td-post-date\"><time class=\"entry-date updated td-module-date\" datetime=\"2026-02-21T21:16:09+02:00\">21 februarie 2026<\/time><\/span><\/span><\/div>\n<\/div>\n<\/div>\n<\/div>\n<div class=\"td_module_flex td_module_flex_1 td_module_wrap td-animation-stack td-cpt-post\">\n<div class=\"td-module-container td-category-pos-\">\n<div class=\"td-module-meta-info\">\n<h3 class=\"entry-title td-module-title\"><a href=\"https:\/\/www.gazeta-valceana.ro\/fapt-divers\/politistii-spun-ca-pe-dn-64-in-judetul-valcea-se-face-taximetrie-ilegala-depistat-a-doua-oara\/\" rel=\"bookmark\" title=\"Poli\u021bi\u0219tii spun c\u0103 pe DN 64, \u00een jude\u021bul V\u00e2lcea, se face taximetrie ilegal\u0103. Depistat a doua oar\u0103\">Poli\u021bi\u0219tii spun c\u0103 pe DN 64, \u00een jude\u021bul V\u00e2lcea, se face taximetrie ilegal\u0103. Depistat a doua oar\u0103<\/a><\/h3>\n<div class=\"td-editor-date\"><span class=\"td-author-date\"><span class=\"td-post-date\"><time class=\"entry-date updated td-module-date\" datetime=\"2026-02-21T17:04:05+02:00\">21 februarie 2026<\/time><\/span><\/span><\/div>\n<\/div>\n<\/div>\n<\/div>\n<\/div>\n<\/div>\n<div class=\"td_block_wrap td-a-rec td-a-rec-id-custom-spot td-a-rec-img tdi_88 td_block_template_1\">\n<div><a href=\"https:\/\/www.gazeta-valceana.ro\/fapt-divers\/in-aceasta-seara-accident-intre-slatioara-si-horezu-politia-anunta-trei-victime\/\" class=\"td_spot_img_all\"><img loading=\"lazy\" decoding=\"async\" src=\"https:\/\/www.gazeta-valceana.ro\/wp-content\/uploads\/2025\/01\/image-5.jpg\" alt=\"spot_img\" width=\"347\" height=\"277\"><\/a><a href=\"https:\/\/www.gazeta-valceana.ro\/fapt-divers\/in-aceasta-seara-accident-intre-slatioara-si-horezu-politia-anunta-trei-victime\/\" class=\"td_spot_img_mob\"><img loading=\"lazy\" decoding=\"async\" src=\"https:\/\/www.gazeta-valceana.ro\/wp-content\/uploads\/2025\/01\/image-5.jpg\" alt=\"spot_img\" width=\"347\" height=\"247\"><\/a><\/div>\n<\/div>\n<div class=\"td_block_wrap td-a-rec td-a-rec-id-custom-spot td-a-rec-img tdi_89 td_block_template_1\">\n<div><a href=\"https:\/\/www.gazeta-valceana.ro\/fapt-divers\/in-aceasta-seara-accident-intre-slatioara-si-horezu-politia-anunta-trei-victime\/\" class=\"td_spot_img_all\"><img loading=\"lazy\" decoding=\"async\" src=\"https:\/\/www.gazeta-valceana.ro\/wp-content\/uploads\/2025\/01\/image-3.jpeg\" alt=\"spot_img\" width=\"347\" height=\"277\"><\/a><a href=\"https:\/\/www.gazeta-valceana.ro\/fapt-divers\/in-aceasta-seara-accident-intre-slatioara-si-horezu-politia-anunta-trei-victime\/\" class=\"td_spot_img_mob\"><img loading=\"lazy\" decoding=\"async\" src=\"https:\/\/www.gazeta-valceana.ro\/wp-content\/uploads\/2025\/01\/image-3.jpeg\" alt=\"spot_img\" width=\"347\" height=\"247\"><\/a><\/div>\n<\/div>\n<\/div>\n<\/div>\n<\/div>\n<\/div>\n<div id=\"tdi_97\" class=\"tdc-row stretch_row_1200 td-stretch-content\">\n<div class=\"vc_row tdi_98  wpb_row td-pb-row\">\n<div class=\"vc_column tdi_100  wpb_column vc_column_container tdc-column td-pb-span12\">\n<div class=\"wpb_wrapper\">\n<div class=\"td_block_wrap tdb_single_next_prev tdi_101 td-pb-border-top td_block_template_1\" data-td-block-uid=\"tdi_101\">\n<div class=\"tdb-block-inner td-fix-index\">\n<div class=\"tdb-next-post tdb-next-post-bg tdb-post-prev\"><span>Articolul precedent<\/span><\/p>\n<div class=\"td-module-container\">\n<div class=\"next-prev-title\"><a href=\"https:\/\/www.gazeta-valceana.ro\/fapt-divers\/accident-in-aceasta-seara-in-ostroveni-doua-victime\/\">Accident \u00een aceast\u0103 sear\u0103, \u00een Ostroveni. Dou\u0103 victime<\/a><\/div>\n<\/div>\n<\/div>\n<div class=\"tdb-next-post tdb-next-post-bg tdb-post-next\"><span>Articolul urm\u0103tor<\/span><\/p>\n<div class=\"td-module-container\">\n<div class=\"next-prev-title\"><a href=\"https:\/\/www.gazeta-valceana.ro\/fapt-divers\/foto-video-de-la-slatioara-cinci-persoane-sunt-transportate-la-aceasta-ora-la-spitalul-horezu\/\">FOTO\/VIDEO de la Sl\u0103tioara. CINCI PERSOANE sunt transportate la aceast\u0103 or\u0103 la Spitalul Horezu<\/a><\/div>\n<\/div>\n<\/div>\n<\/div>\n<\/div>\n<div class=\"vc_row_inner tdi_103  vc_row vc_inner wpb_row td-pb-row tdc-row-content-vert-center\">\n<div class=\"vc_column_inner tdi_105  wpb_column vc_column_container tdc-inner-column td-pb-span12\">\n<div class=\"vc_column-inner\">\n<div class=\"wpb_wrapper\">\n<div class=\"tdm_block td_block_wrap tdm_block_inline_text tdi_108 tdm-inline-block td-pb-border-top td_block_template_1\" data-td-block-uid=\"tdi_108\">\n<p class=\"tdm-descr\">Related articles<\/p>\n<\/div>\n<\/div>\n<\/div>\n<\/div>\n<\/div>\n<div class=\"td_block_wrap tdb_single_related tdi_109 td_with_ajax_pagination td-pb-border-top td_block_template_1 tdb-single-related-posts\" data-td-block-uid=\"tdi_109\">\n<div id=\"tdi_109\" class=\"td_block_inner tdb-block-inner td-fix-index\">\n<div class=\"tdb_module_related td_module_wrap td-animation-stack\">\n<div class=\"td-module-container td-category-pos-\">\n<div class=\"td-module-meta-info\">\n<h3 class=\"entry-title td-module-title\"><a href=\"https:\/\/www.gazeta-valceana.ro\/fapt-divers\/foto-video-de-la-slatioara-cinci-persoane-sunt-transportate-la-aceasta-ora-la-spitalul-horezu\/\" rel=\"bookmark\" title=\"FOTO\/VIDEO de la Sl\u0103tioara. CINCI PERSOANE sunt transportate la aceast\u0103 or\u0103 la Spitalul Horezu\">FOTO\/VIDEO de la Sl\u0103tioara. CINCI PERSOANE sunt transportate la aceast\u0103 or\u0103 la Spitalul Horezu<\/a><\/h3>\n<div class=\"td-editor-date\"><a href=\"https:\/\/www.gazeta-valceana.ro\/category\/fapt-divers\/\" class=\"td-post-category\">Fapt divers<\/a><span class=\"td-author-date\"><span class=\"td-post-date\"><time class=\"entry-date updated td-module-date\" datetime=\"2026-02-22T22:26:55+02:00\">22 februarie 2026<\/time><\/span><\/span><\/div>\n<\/div>\n<\/div>\n<\/div>\n<div class=\"tdb_module_related td_module_wrap td-animation-stack\">\n<div class=\"td-module-container td-category-pos-\">\n<div class=\"td-module-meta-info\">\n<h3 class=\"entry-title td-module-title\"><a href=\"https:\/\/www.gazeta-valceana.ro\/fapt-divers\/accident-in-aceasta-seara-in-ostroveni-doua-victime\/\" rel=\"bookmark\" title=\"Accident \u00een aceast\u0103 sear\u0103, \u00een Ostroveni. Dou\u0103 victime\">Accident \u00een aceast\u0103 sear\u0103, \u00een Ostroveni. Dou\u0103 victime<\/a><\/h3>\n<div class=\"td-editor-date\"><a href=\"https:\/\/www.gazeta-valceana.ro\/category\/fapt-divers\/\" class=\"td-post-category\">Fapt divers<\/a><span class=\"td-author-date\"><span class=\"td-post-date\"><time class=\"entry-date updated td-module-date\" datetime=\"2026-02-21T22:30:08+02:00\">21 februarie 2026<\/time><\/span><\/span><\/div>\n<\/div>\n<\/div>\n<\/div>\n<div class=\"tdb_module_related td_module_wrap td-animation-stack\">\n<div class=\"td-module-container td-category-pos-\">\n<div class=\"td-module-meta-info\">\n<h3 class=\"entry-title td-module-title\"><a href=\"https:\/\/www.gazeta-valceana.ro\/fapt-divers\/in-aceasta-seara-incendiu-la-o-cabana-din-comuna-slatioara-trei-persoane\/\" rel=\"bookmark\" title=\"\u00cen aceast\u0103 sear\u0103, INCENDIU la o caban\u0103 din comuna Sl\u0103tioara. Trei persoane\u2026\">\u00cen aceast\u0103 sear\u0103, INCENDIU la o caban\u0103 din comuna Sl\u0103tioara. Trei persoane\u2026<\/a><\/h3>\n<div class=\"td-editor-date\"><a href=\"https:\/\/www.gazeta-valceana.ro\/category\/fapt-divers\/\" class=\"td-post-category\">Fapt divers<\/a><span class=\"td-author-date\"><span class=\"td-post-date\"><time class=\"entry-date updated td-module-date\" datetime=\"2026-02-21T21:16:09+02:00\">21 februarie 2026<\/time><\/span><\/span><\/div>\n<\/div>\n<\/div>\n<\/div>\n<\/div>\n<\/div>\n<\/div>\n<\/div>\n<\/div>\n<\/div>\n<div id=\"tdi_116\" class=\"tdc-row stretch_row_1200 td-stretch-content\">\n<div class=\"vc_row tdi_117  wpb_row td-pb-row\">\n<div class=\"vc_column tdi_122  wpb_column vc_column_container tdc-column td-pb-span4 td-is-sticky\">\n<div class=\"wpb_wrapper\" data-sticky-enabled-on=\"W3RydWUsdHJ1ZSx0cnVlLHRydWVd\" data-sticky-offset=\"20\" data-sticky-is-width-auto=\"W2ZhbHNlLGZhbHNlLGZhbHNlLGZhbHNlXQ==\">\n<div class=\"td_block_wrap td-a-rec td-a-rec-id-custom-spot td-a-rec-img tdi_123 td_block_template_1\">\n<div><a href=\"https:\/\/www.gazeta-valceana.ro\/fapt-divers\/in-aceasta-seara-accident-intre-slatioara-si-horezu-politia-anunta-trei-victime\/\" class=\"td_spot_img_all\"><img loading=\"lazy\" decoding=\"async\" src=\"https:\/\/www.gazeta-valceana.ro\/wp-content\/uploads\/2025\/01\/image-4.jpg\" alt=\"spot_img\" width=\"347\" height=\"277\"><\/a><a href=\"https:\/\/www.gazeta-valceana.ro\/fapt-divers\/in-aceasta-seara-accident-intre-slatioara-si-horezu-politia-anunta-trei-victime\/\" class=\"td_spot_img_mob\"><img loading=\"lazy\" decoding=\"async\" src=\"https:\/\/www.gazeta-valceana.ro\/wp-content\/uploads\/2025\/01\/image-4.jpg\" alt=\"spot_img\" width=\"347\" height=\"247\"><\/a><\/div>\n<\/div>\n<div class=\"td_block_wrap td-a-rec td-a-rec-id-custom-spot td-a-rec-img tdi_124 td_block_template_1\">\n<div><a href=\"https:\/\/www.gazeta-valceana.ro\/fapt-divers\/in-aceasta-seara-accident-intre-slatioara-si-horezu-politia-anunta-trei-victime\/\" class=\"td_spot_img_all\"><img loading=\"lazy\" decoding=\"async\" src=\"https:\/\/www.gazeta-valceana.ro\/wp-content\/uploads\/2025\/01\/image-5.jpg\" alt=\"spot_img\" width=\"347\" height=\"277\"><\/a><a href=\"https:\/\/www.gazeta-valceana.ro\/fapt-divers\/in-aceasta-seara-accident-intre-slatioara-si-horezu-politia-anunta-trei-victime\/\" class=\"td_spot_img_mob\"><img loading=\"lazy\" decoding=\"async\" src=\"https:\/\/www.gazeta-valceana.ro\/wp-content\/uploads\/2025\/01\/image-5.jpg\" alt=\"spot_img\" width=\"347\" height=\"247\"><\/a><\/div>\n<\/div>\n<div class=\"td_block_wrap td-a-rec td-a-rec-id-custom-spot td-a-rec-img tdi_125 td_block_template_1\">\n<div><a href=\"https:\/\/www.gazeta-valceana.ro\/fapt-divers\/in-aceasta-seara-accident-intre-slatioara-si-horezu-politia-anunta-trei-victime\/\" class=\"td_spot_img_all\"><img loading=\"lazy\" decoding=\"async\" src=\"https:\/\/www.gazeta-valceana.ro\/wp-content\/uploads\/2025\/01\/image-3.jpeg\" alt=\"spot_img\" width=\"347\" height=\"277\"><\/a><a href=\"https:\/\/www.gazeta-valceana.ro\/fapt-divers\/in-aceasta-seara-accident-intre-slatioara-si-horezu-politia-anunta-trei-victime\/\" class=\"td_spot_img_mob\"><img loading=\"lazy\" decoding=\"async\" src=\"https:\/\/www.gazeta-valceana.ro\/wp-content\/uploads\/2025\/01\/image-3.jpeg\" alt=\"spot_img\" width=\"347\" height=\"247\"><\/a><\/div>\n<\/div>\n<\/div>\n<\/div>\n<\/div>\n<\/div>\n<\/div>\n<\/div>\n<p><span class=\"td-page-meta\"><\/span><span class=\"td-page-meta\"><span class=\"td-page-meta\"><\/span><\/span><span class=\"td-page-meta\"><\/span><\/article>\n<\/p>\n<div class=\"td_block_wrap tdb_single_content tdi_71 td-pb-border-top td_block_template_1 td-post-content tagdiv-type\" data-td-block-uid=\"tdi_71\">\n<div class=\"tdb-block-inner td-fix-index\">\n<p>UP-DATE ora 22.55<\/p>\n<p>IPJ V\u00e2lcea anun\u021b\u0103 c\u0103, din cercet\u0103rile preliminare, cauza probabil\u0103 a producerii accidentului o reprezint\u0103 neadaptarea vitezei la condi\u021biile meteo-rutiere, respectiv carosabil umed, \u00eentr-o curb\u0103 la dreapta. Toate victimele au fost transportate la Sec\u021bia de Primiri Urgen\u021be pentru acordarea de \u00eengrijiri medicale de specialitate.<\/p>\n<p>Traficul rutier \u00een zon\u0103 a fost reluat. Cercet\u0103rile sunt continuate de poli\u021bi\u0219ti pentru stabilirea cu exactitate a tuturor \u00eemprejur\u0103rilor producerii accidentului.<\/p>\n<p>______<\/p>\n<p>\u00cen seara de duminic\u0103, 22 februarie 2026, \u00een jurul orei 21.20, pe Drumul Jude\u021bean 676, pe raza localit\u0103\u021bilor Sl\u0103tioara \u2013 Horezu, jude\u021bul V\u00e2lcea, a avut loc un accident rutier \u00een care au fost implicate dou\u0103 autoturisme. \u00cen urma impactului au rezultat cinci victime, care sunt evaluate medical la fa\u021ba locului de c\u0103tre echipajele de interven\u021bie.<\/p>\n<p>La ora 21.30, traficul rutier pe DJ 676 este blocat total \u00een zona producerii accidentului, pentru a permite interven\u021bia echipajelor de salvare \u0219i desf\u0103\u0219urarea cercet\u0103rilor. Poli\u021bi\u0219tii efectueaz\u0103 verific\u0103ri pentru stabilirea cu exactitate a cauzelor \u0219i \u00eemprejur\u0103rilor producerii evenimentului rutier.<\/p>\n<p><em>\u201eRecomand\u0103m conduc\u0103torilor auto s\u0103 evite zona, s\u0103 respecte indica\u021biile poli\u021bi\u0219tilor rutieri \u0219i s\u0103 manifeste pruden\u021b\u0103 sporit\u0103 \u00een trafic. Evenimentul este \u00een dinamic\u0103, urm\u00e2nd ca informa\u021biile s\u0103 fie actualizate \u00een func\u021bie de evolu\u021bia situa\u021biei\u201d<\/em>, au anun\u021bat reprezentan\u021bii IPJ V\u00e2lcea, \u00een seara de duminic\u0103, la ora 21.40.<\/p>\n<\/div>\n<\/div>\n<p>UP-DATE ora 22.55<\/p>\n<p>IPJ V\u00e2lcea anun\u021b\u0103 c\u0103, din cercet\u0103rile preliminare, cauza probabil\u0103 a producerii accidentului o reprezint\u0103 neadaptarea vitezei la condi\u021biile meteo-rutiere, respectiv carosabil umed, \u00eentr-o curb\u0103 la dreapta. Toate victimele au fost transportate la Sec\u021bia de Primiri Urgen\u021be pentru acordarea de \u00eengrijiri medicale de specialitate.<\/p>\n<p>Traficul rutier \u00een zon\u0103 a fost reluat. Cercet\u0103rile sunt continuate de poli\u021bi\u0219ti pentru stabilirea cu exactitate a tuturor \u00eemprejur\u0103rilor producerii accidentului.<\/p>\n<p>______<\/p>\n<p>\u00cen seara de duminic\u0103, 22 februarie 2026, \u00een jurul orei 21.20, pe Drumul Jude\u021bean 676, pe raza localit\u0103\u021bilor Sl\u0103tioara \u2013 Horezu, jude\u021bul V\u00e2lcea, a avut loc un accident rutier \u00een care au fost implicate dou\u0103 autoturisme. \u00cen urma impactului au rezultat cinci victime, care sunt evaluate medical la fa\u021ba locului de c\u0103tre echipajele de interven\u021bie.<\/p>\n<p>La ora 21.30, traficul rutier pe DJ 676 este blocat total \u00een zona producerii accidentului, pentru a permite interven\u021bia echipajelor de salvare \u0219i desf\u0103\u0219urarea cercet\u0103rilor. Poli\u021bi\u0219tii efectueaz\u0103 verific\u0103ri pentru stabilirea cu exactitate a cauzelor \u0219i \u00eemprejur\u0103rilor producerii evenimentului rutier.<\/p>\n<p><em>\u201eRecomand\u0103m conduc\u0103torilor auto s\u0103 evite zona, s\u0103 respecte indica\u021biile poli\u021bi\u0219tilor rutieri \u0219i s\u0103 manifeste pruden\u021b\u0103 sporit\u0103 \u00een trafic. Evenimentul este \u00een dinamic\u0103, urm\u00e2nd ca informa\u021biile s\u0103 fie actualizate \u00een func\u021bie de evolu\u021bia situa\u021biei\u201d<\/em>, au anun\u021bat reprezentan\u021bii IPJ V\u00e2lcea, \u00een seara de duminic\u0103, la ora 21.40.<\/p>\n<p>[analyse_source url=&#8221;https:\/\/www.gazeta-valceana.ro\/fapt-divers\/in-aceasta-seara-accident-intre-slatioara-si-horezu-politia-anunta-trei-victime\/&#8221;]<\/p>\n","protected":false},"excerpt":{"rendered":"<p>[analyse_image type=&#8221;featured&#8221; src=&#8221;https:\/\/www.gazeta-valceana.ro\/wp-content\/uploads\/2025\/02\/ISU-POMPIERI-ACC-NOAPTEA.jpg&#8221;] \u00cen aceast\u0103 sear\u0103, ACCIDENT \u00eentre Sl\u0103tioara \u0219i Horezu. Poli\u021bia anun\u021b\u0103 trei victime Fapt diversI 22 februarie 2026 Ac\u021biune Facebook Twitter Pinterest WhatsApp UP-DATE ora 22.55 IPJ V\u00e2lcea anun\u021b\u0103 c\u0103, din cercet\u0103rile preliminare, cauza probabil\u0103 a producerii accidentului o reprezint\u0103 neadaptarea vitezei la condi\u021biile meteo-rutiere, respectiv carosabil umed, \u00eentr-o curb\u0103 la dreapta. Toate [&hellip;]<\/p>\n","protected":false},"author":1,"featured_media":0,"comment_status":"open","ping_status":"","sticky":false,"template":"","format":"standard","meta":{"footnotes":""},"categories":[89],"tags":[226,214],"class_list":["post-1786600","post","type-post","status-publish","format-standard","hentry","category-romania","tag-crawlmanager","tag-gazetavalceana-ro"],"_links":{"self":[{"href":"https:\/\/analyse.optim.biz\/index.php?rest_route=\/wp\/v2\/posts\/1786600","targetHints":{"allow":["GET"]}}],"collection":[{"href":"https:\/\/analyse.optim.biz\/index.php?rest_route=\/wp\/v2\/posts"}],"about":[{"href":"https:\/\/analyse.optim.biz\/index.php?rest_route=\/wp\/v2\/types\/post"}],"author":[{"embeddable":true,"href":"https:\/\/analyse.optim.biz\/index.php?rest_route=\/wp\/v2\/users\/1"}],"replies":[{"embeddable":true,"href":"https:\/\/analyse.optim.biz\/index.php?rest_route=%2Fwp%2Fv2%2Fcomments&post=1786600"}],"version-history":[{"count":0,"href":"https:\/\/analyse.optim.biz\/index.php?rest_route=\/wp\/v2\/posts\/1786600\/revisions"}],"wp:attachment":[{"href":"https:\/\/analyse.optim.biz\/index.php?rest_route=%2Fwp%2Fv2%2Fmedia&parent=1786600"}],"wp:term":[{"taxonomy":"category","embeddable":true,"href":"https:\/\/analyse.optim.biz\/index.php?rest_route=%2Fwp%2Fv2%2Fcategories&post=1786600"},{"taxonomy":"post_tag","embeddable":true,"href":"https:\/\/analyse.optim.biz\/index.php?rest_route=%2Fwp%2Fv2%2Ftags&post=1786600"}],"curies":[{"name":"wp","href":"https:\/\/api.w.org\/{rel}","templated":true}]}}