{"id":1786202,"date":"2026-02-20T19:20:01","date_gmt":"2026-02-20T16:20:01","guid":{"rendered":"https:\/\/analyse.optim.biz\/?p=1786202"},"modified":"2026-02-20T19:20:01","modified_gmt":"2026-02-20T16:20:01","slug":"scm-ramnicu-valcea-castiga-ultimul-amical-inainte-de-reluarea-ligii-3-1-0-cu-inter-sibiu","status":"publish","type":"post","link":"https:\/\/analyse.optim.biz\/?p=1786202","title":{"rendered":"SCM R\u00c2MNICU V\u00c2LCEA C\u00c2\u0218TIG\u0102 ULTIMUL AMICAL \u00ceNAINTE DE RELUAREA LIGII 3. 1-0 CU INTER SIBIU"},"content":{"rendered":"<p>[analyse_image type=&#8221;featured&#8221; src=&#8221;https:\/\/www.curierul.ro\/wp-content\/uploads\/2026\/02\/IMG-20260220-WA0011-1.jpghttps:\/\/i0.wp.com\/www.curierul.ro\/wp-content\/uploads\/2026\/02\/IMG-20260220-WA0011-1.jpg?fit=960%2C1200&amp;ssl=1&#8243;]<\/p>\n<article id=\"196410\" class=\"post-196410 post type-post status-publish format-standard has-post-thumbnail hentry category-fotbal category-headlines category-sport\">\n<header class=\"post-header\">\n<ul class=\"breadcrumbs\">\n<li><a href=\"https:\/\/www.curierul.ro\">Home<\/a><\/li>\n<li class=\"breadcrumbs-active .category-fotbal\"><a href=\"https:\/\/www.curierul.ro\/index.php?cat=3\">Fotbal<\/a><\/li>\n<li class=\"breadcrumbs-active .category-fotbal\">SCM R\u00c2MNICU V\u00c2LCEA C\u00c2\u0218TIG\u0102 ULTIMUL AMICAL \u00ceNAINTE DE RELUAREA LIGII 3. 1-0 CU INTER SIBIU<\/li>\n<\/ul>\n<div class=\"featured-photo\"><img loading=\"lazy\" decoding=\"async\" width=\"1080\" height=\"1350\" src=\"https:\/\/i0.wp.com\/www.curierul.ro\/wp-content\/uploads\/2026\/02\/IMG-20260220-WA0011-1.jpg?fit=240%2C300&amp;ssl=1\" class=\"attachment-single size-single wp-post-image\" alt><\/div>\n<h1 class=\"headline\">SCM R\u00c2MNICU V\u00c2LCEA C\u00c2\u0218TIG\u0102 ULTIMUL AMICAL \u00ceNAINTE DE RELUAREA LIGII 3. 1-0 CU INTER SIBIU<\/h1>\n<p class=\"byline\">\n\t\tScris de<a href=\"https:\/\/www.curierul.ro\/author\/gabi\/\">Gabriel S\u0103ndulescu<\/a>, \t\t20 februarie 2026\t\t\t\t<\/p>\n<hr>\n<\/header>\n<p>\u27a1\ufe0f\u00cen ultimul meci de preg\u0103tire din pauza competi\u021bional\u0103, SCM R\u00e2mnicu V\u00e2lcea a \u00eenvins cu 1-0 pe Inter Sibiu, ocupanta locului 6 \u00een aceea\u0219i serie cu v\u00e2lcenii. Partida s-a jucat ast\u0103zi pe stadionul din Z\u0103voi.<\/p>\n<p>\u27a1\ufe0fSCM a \u00eenceput cu Grigorie \u2013 Croitoru, S\u0103lcianu, Pintilie, Georgescu \u2013 Preda, Florescu, Achim, Doman \u2013 Rusu, Lemac.<\/p>\n<p>\u27a1\ufe0fGol : 1-0, minutul 63, Rusu, \u0219ut la col\u021bul lung, din dreapta, dup\u0103 o lansare a lui Lemac.<\/p>\n<p>\u27a1\ufe0fDup\u0103 pauz\u0103 au intrat: Vladu, Ivan, Micle(to\u021bi minutul 46), Saraolu, Oprescu ( am\u00e2ndoi minutul 67), Ciortan, Mitule\u021bu(ambii minutul 81), D\u0103nil\u0103(minutul 83), cu antrenorul Constantin Schumacher \u00eencerc\u00e2nd \u0219i alt sistem de joc.<\/p>\n<p>\u27a1\ufe0fPortarul Grigorie, junior 2007, a fost folosit din nou titular, ceea ar putea sugera c\u0103 va fi unul dintre cei trei \u201eunderi\u201d obligatorii.<\/p>\n<p>\u27a1\ufe0fDandea este \u00een continuare accidentat \u0219i va rata partida cu F\u0103rc\u0103\u0219e\u0219ti. De asemenea, posibil ca Zaharia s\u0103 nu fie apt pentru aceea\u0219i partid\u0103.<\/p>\n<p>\ud83d\udc49SCM a mai realizat un transfer. Este vorba despre \u0218tefan Ghi\u021b\u0103, 25 ani, mijloca\u0219 ofensiv, care poate evolua pe ambele benzi, de la Muscelul C\u00e2mpulung.<\/p>\n<p>\ud83d\udc49Liga 3 se reia pe 27 februarie, c\u00e2nd SCM R\u00e2mnicu V\u00e2lcea va juca acas\u0103 cu F\u0103rc\u0103\u0219e\u0219ti.<\/p>\n<div class=\"sharedaddy sd-sharing-enabled\">\n<div class=\"robots-nocontent sd-block sd-social sd-social-official sd-sharing\">\n<h3 class=\"sd-title\">Distribuie pe:<\/h3>\n<div class=\"sd-content\">\n<ul>\n<li class=\"share-facebook\">\n<li class=\"share-twitter\"><a href=\"https:\/\/twitter.com\/share\" class=\"twitter-share-button\" data-url=\"https:\/\/www.curierul.ro\/scm-ramnicu-valcea-castiga-ultimul-amical-inainte-de-reluarea-ligii-3-1-0-cu-inter-sibiu\/\" data-text=\"SCM R\u00c2MNICU V\u00c2LCEA C\u00c2\u0218TIG\u0102 ULTIMUL AMICAL \u00ceNAINTE DE RELUAREA LIGII 3. 1-0 CU INTER SIBIU\" data-via=\"curierulvl\">Tweet<\/a><\/li>\n<li class=\"share-jetpack-whatsapp\"><a rel=\"nofollow noopener noreferrer\" data-shared=\"sharing-whatsapp-196410\" class=\"share-jetpack-whatsapp sd-button\" href=\"https:\/\/www.curierul.ro\/scm-ramnicu-valcea-castiga-ultimul-amical-inainte-de-reluarea-ligii-3-1-0-cu-inter-sibiu\/?share=jetpack-whatsapp\" target=\"_blank\" aria-labelledby=\"sharing-whatsapp-196410\"><span id=\"sharing-whatsapp-196410\" hidden>D\u0103 clic pentru partajare pe WhatsApp(Se deschide \u00eentr-o fereastr\u0103 nou\u0103)<\/span><span>WhatsApp<\/span><\/a><\/li>\n<li><a href=\"https:\/\/www.curierul.ro\/scm-ramnicu-valcea-castiga-ultimul-amical-inainte-de-reluarea-ligii-3-1-0-cu-inter-sibiu\/\" class=\"sharing-anchor sd-button share-more\"><span>Mai mult<\/span><\/a><\/li>\n<li class=\"share-end\"><\/ul>\n<div class=\"sharing-hidden\">\n<div class=\"inner\">\n<ul>\n<li class=\"share-email\"><a rel=\"nofollow noopener noreferrer\" data-shared=\"sharing-email-196410\" class=\"share-email sd-button\" href=\"mailto:?subject=%5BArticol%20partajat%5D%20SCM%20R%C3%82MNICU%20V%C3%82LCEA%20C%C3%82%C8%98TIG%C4%82%20ULTIMUL%20AMICAL%20%C3%8ENAINTE%20DE%20RELUAREA%20LIGII%203.%201-0%20CU%20INTER%20SIBIU&amp;body=https%3A%2F%2Fwww.curierul.ro%2Fscm-ramnicu-valcea-castiga-ultimul-amical-inainte-de-reluarea-ligii-3-1-0-cu-inter-sibiu%2F&amp;share=email\" target=\"_blank\" aria-labelledby=\"sharing-email-196410\" data-email-share-error-title=\"\u021ai-ai configurat emailul?\" data-email-share-error-text=\"Dac\u0103 ai probleme la partajarea prin email, probabil nu ai configurat emailul pentru navigator. Poate trebuie s\u0103 creezi singur un email nou.\" data-email-share-nonce=\"be1efd5742\" data-email-share-track-url=\"https:\/\/www.curierul.ro\/scm-ramnicu-valcea-castiga-ultimul-amical-inainte-de-reluarea-ligii-3-1-0-cu-inter-sibiu\/?share=email\"><span id=\"sharing-email-196410\" hidden>D\u0103 clic pentru a trimite o leg\u0103tur\u0103 prin email unui prieten(Se deschide \u00eentr-o fereastr\u0103 nou\u0103)<\/span><span>Email<\/span><\/a><\/li>\n<li class=\"share-print\"><a rel=\"nofollow noopener noreferrer\" data-shared=\"sharing-print-196410\" class=\"share-print sd-button\" href=\"https:\/\/www.curierul.ro\/scm-ramnicu-valcea-castiga-ultimul-amical-inainte-de-reluarea-ligii-3-1-0-cu-inter-sibiu\/#print?share=print\" target=\"_blank\" aria-labelledby=\"sharing-print-196410\"><span id=\"sharing-print-196410\" hidden>D\u0103 clic pentru a imprima(Se deschide \u00eentr-o fereastr\u0103 nou\u0103)<\/span><span>Imprimare<\/span><\/a><\/li>\n<li class=\"share-end\"><\/ul>\n<\/div>\n<\/div>\n<\/div>\n<\/div>\n<\/div>\n<div id=\"jp-relatedposts\" class=\"jp-relatedposts\">\n<h3 class=\"jp-relatedposts-headline\"><em>Similare<\/em><\/h3>\n<\/div>\n<footer class=\"post-footer\">\n<div class=\"post-navigation clearfix\">\n<div class=\"previous-post\">\n<div class=\"featured-photo\"><img loading=\"lazy\" decoding=\"async\" width=\"1920\" height=\"1005\" src=\"https:\/\/i0.wp.com\/www.curierul.ro\/wp-content\/uploads\/2026\/02\/Agora.jpg?fit=300%2C157&amp;ssl=1\" class=\"attachment-post-thumbnail size-post-thumbnail wp-post-image\" alt><\/div>\n<p class=\"paginate-title\">\u00ab\u00ab <a href=\"https:\/\/www.curierul.ro\/ordinul-arhitectilor-din-romania-filiala-sibiu-valcea-despre-dezvoltarea-turismului-in-zona-montana-a-judetului-valcea\/\" rel=\"prev\">Ordinul Arhitec\u021bilor din Rom\u00e2nia Filiala Sibiu V\u00e2lcea, despre \u201eDezvoltarea turismului \u00een zona montan\u0103 a jude\u021bului V\u00e2lcea\u201d<\/a><\/p>\n<\/div>\n<\/div>\n<div id=\"comments\" class=\"comments-area\">\n<div id=\"respond\" class=\"comment-respond\">\n<h3 id=\"reply-title\" class=\"comment-reply-title\">Po\u021bi comenta aici<small><a rel=\"nofollow\" id=\"cancel-comment-reply-link\" href=\"https:\/\/www.curierul.ro\/scm-ramnicu-valcea-castiga-ultimul-amical-inainte-de-reluarea-ligii-3-1-0-cu-inter-sibiu\/#respond\">Anuleaz\u0103 r\u0103spunsul<\/a><\/small><\/h3>\n<\/div>\n<p class=\"akismet_comment_form_privacy_notice\">Acest site folose\u0219te Akismet pentru a reduce spamul. <a href=\"https:\/\/akismet.com\/privacy\/\" target=\"_blank\" rel=\"nofollow noopener\">Afl\u0103 cum sunt procesate datele comentariilor tale<\/a>.<\/p>\n<\/div>\n<section class=\"latest-category clearfix\">\n<h2 class=\"title\">More Stories From Fotbal<\/h2>\n<div class=\"stories-container\">\n<article id=\"related-196316\" class=\"story post-196316 post type-post status-publish format-standard has-post-thumbnail hentry category-fotbal category-sport\">\n<div class=\"photo\"><img decoding=\"async\" width=\"735\" height=\"440\" src=\"https:\/\/i0.wp.com\/www.curierul.ro\/wp-content\/uploads\/2026\/02\/IMG-20260214-WA0015.jpg?fit=300%2C233&amp;ssl=1\" class=\"attachment-giornalismo-single size-giornalismo-single wp-post-image\" alt loading=\"lazy\"><\/div>\n<p class=\"headline\"><a href=\"https:\/\/www.curierul.ro\/amical-scm-ramnicu-valcea-pierde-returul-cu-selimbar-2-3\/\">AMICAL. SCM R\u00c2MNICU V\u00c2LCEA PIERDE \u201eRETURUL\u201d CU \u0218ELIMB\u0102R, 2-3<\/a><\/p>\n<\/article>\n<article id=\"related-196310\" class=\"story post-196310 post type-post status-publish format-standard has-post-thumbnail hentry category-fotbal category-headlines category-sport\">\n<div class=\"photo\"><img decoding=\"async\" width=\"735\" height=\"440\" src=\"https:\/\/i0.wp.com\/www.curierul.ro\/wp-content\/uploads\/2026\/02\/IMG-20260214-WA0000.jpg?fit=276%2C300&amp;ssl=1\" class=\"attachment-giornalismo-single size-giornalismo-single wp-post-image\" alt loading=\"lazy\"><\/div>\n<p class=\"headline\"><a href=\"https:\/\/www.curierul.ro\/astazi-in-zavoi-scm-ramnicu-valcea-selimbar-liga-2-amical-ora-12\/\">AST\u0102ZI, \u00ceN Z\u0102VOI. SCM R\u00c2MNICU V\u00c2LCEA \u2013 \u0218ELIMB\u0102R (LIGA 2), AMICAL, ORA 12<\/a><\/p>\n<\/article>\n<article id=\"related-196247\" class=\"story post-196247 post type-post status-publish format-standard has-post-thumbnail hentry category-fotbal category-headlines category-sport\">\n<div class=\"photo\"><img decoding=\"async\" width=\"735\" height=\"440\" src=\"https:\/\/i0.wp.com\/www.curierul.ro\/wp-content\/uploads\/2026\/02\/SCM-fotbal.jpg?fit=300%2C190&amp;ssl=1\" class=\"attachment-giornalismo-single size-giornalismo-single wp-post-image\" alt loading=\"lazy\"><\/div>\n<p class=\"headline\"><a href=\"https:\/\/www.curierul.ro\/liga-3-retrospectiva-partialului-de-sezon-si-proiectii-2026-pentru-echipele-valcene-2\/\">LIGA 3. RETROSPECTIVA PAR\u021aIALULUI DE SEZON \u0218I PROIEC\u021aII 2026 PENTRU ECHIPELE V\u00c2LCENE<\/a><\/p>\n<\/article>\n<\/div>\n<\/section>\n<section class=\"author-bio clearfix\">\n<div class=\"mug-shot\"><img decoding=\"async\" alt src=\"https:\/\/secure.gravatar.com\/avatar\/38348b3eaa7d589402948e297c539169e25c956b894b08c27e56c621c3536fa4?s=96&amp;d=mm&amp;r=g\" class=\"avatar avatar-96 photo\" height=\"96\" width=\"96\" loading=\"lazy\"><\/div>\n<div class=\"author-info\">\n<p class=\"title\">About Gabriel S\u0103ndulescu, <\/p>\n<div class=\"author-social-area\"><a href=\"mailto:gbrlsandulescu@yahoo.com\"><span class=\"fal fa-envelope\"><span class=\"screen-reader-text\">Email the Author<\/span><\/span><\/a><\/div>\n<\/div>\n<\/section>\n<\/footer>\n<\/article>\n<article id=\"196410\" class=\"post-196410 post type-post status-publish format-standard has-post-thumbnail hentry category-fotbal category-headlines category-sport\">\n<header class=\"post-header\">\n<ul class=\"breadcrumbs\">\n<li><a href=\"https:\/\/www.curierul.ro\">Home<\/a><\/li>\n<li class=\"breadcrumbs-active .category-fotbal\"><a href=\"https:\/\/www.curierul.ro\/index.php?cat=3\">Fotbal<\/a><\/li>\n<li class=\"breadcrumbs-active .category-fotbal\">SCM R\u00c2MNICU V\u00c2LCEA C\u00c2\u0218TIG\u0102 ULTIMUL AMICAL \u00ceNAINTE DE RELUAREA LIGII 3. 1-0 CU INTER SIBIU<\/li>\n<\/ul>\n<div class=\"featured-photo\"><img loading=\"lazy\" decoding=\"async\" width=\"1080\" height=\"1350\" src=\"https:\/\/i0.wp.com\/www.curierul.ro\/wp-content\/uploads\/2026\/02\/IMG-20260220-WA0011-1.jpg?fit=240%2C300&amp;ssl=1\" class=\"attachment-single size-single wp-post-image\" alt><\/div>\n<h1 class=\"headline\">SCM R\u00c2MNICU V\u00c2LCEA C\u00c2\u0218TIG\u0102 ULTIMUL AMICAL \u00ceNAINTE DE RELUAREA LIGII 3. 1-0 CU INTER SIBIU<\/h1>\n<p class=\"byline\">\n\t\tScris de<a href=\"https:\/\/www.curierul.ro\/author\/gabi\/\">Gabriel S\u0103ndulescu<\/a>, \t\t20 februarie 2026\t\t\t\t<\/p>\n<hr>\n<\/header>\n<p>\u27a1\ufe0f\u00cen ultimul meci de preg\u0103tire din pauza competi\u021bional\u0103, SCM R\u00e2mnicu V\u00e2lcea a \u00eenvins cu 1-0 pe Inter Sibiu, ocupanta locului 6 \u00een aceea\u0219i serie cu v\u00e2lcenii. Partida s-a jucat ast\u0103zi pe stadionul din Z\u0103voi.<\/p>\n<p>\u27a1\ufe0fSCM a \u00eenceput cu Grigorie \u2013 Croitoru, S\u0103lcianu, Pintilie, Georgescu \u2013 Preda, Florescu, Achim, Doman \u2013 Rusu, Lemac.<\/p>\n<p>\u27a1\ufe0fGol : 1-0, minutul 63, Rusu, \u0219ut la col\u021bul lung, din dreapta, dup\u0103 o lansare a lui Lemac.<\/p>\n<p>\u27a1\ufe0fDup\u0103 pauz\u0103 au intrat: Vladu, Ivan, Micle(to\u021bi minutul 46), Saraolu, Oprescu ( am\u00e2ndoi minutul 67), Ciortan, Mitule\u021bu(ambii minutul 81), D\u0103nil\u0103(minutul 83), cu antrenorul Constantin Schumacher \u00eencerc\u00e2nd \u0219i alt sistem de joc.<\/p>\n<p>\u27a1\ufe0fPortarul Grigorie, junior 2007, a fost folosit din nou titular, ceea ar putea sugera c\u0103 va fi unul dintre cei trei \u201eunderi\u201d obligatorii.<\/p>\n<p>\u27a1\ufe0fDandea este \u00een continuare accidentat \u0219i va rata partida cu F\u0103rc\u0103\u0219e\u0219ti. De asemenea, posibil ca Zaharia s\u0103 nu fie apt pentru aceea\u0219i partid\u0103.<\/p>\n<p>\ud83d\udc49SCM a mai realizat un transfer. Este vorba despre \u0218tefan Ghi\u021b\u0103, 25 ani, mijloca\u0219 ofensiv, care poate evolua pe ambele benzi, de la Muscelul C\u00e2mpulung.<\/p>\n<p>\ud83d\udc49Liga 3 se reia pe 27 februarie, c\u00e2nd SCM R\u00e2mnicu V\u00e2lcea va juca acas\u0103 cu F\u0103rc\u0103\u0219e\u0219ti.<\/p>\n<div class=\"sharedaddy sd-sharing-enabled\">\n<div class=\"robots-nocontent sd-block sd-social sd-social-official sd-sharing\">\n<h3 class=\"sd-title\">Distribuie pe:<\/h3>\n<div class=\"sd-content\">\n<ul>\n<li class=\"share-facebook\">\n<li class=\"share-twitter\"><a href=\"https:\/\/twitter.com\/share\" class=\"twitter-share-button\" data-url=\"https:\/\/www.curierul.ro\/scm-ramnicu-valcea-castiga-ultimul-amical-inainte-de-reluarea-ligii-3-1-0-cu-inter-sibiu\/\" data-text=\"SCM R\u00c2MNICU V\u00c2LCEA C\u00c2\u0218TIG\u0102 ULTIMUL AMICAL \u00ceNAINTE DE RELUAREA LIGII 3. 1-0 CU INTER SIBIU\" data-via=\"curierulvl\">Tweet<\/a><\/li>\n<li class=\"share-jetpack-whatsapp\"><a rel=\"nofollow noopener noreferrer\" data-shared=\"sharing-whatsapp-196410\" class=\"share-jetpack-whatsapp sd-button\" href=\"https:\/\/www.curierul.ro\/scm-ramnicu-valcea-castiga-ultimul-amical-inainte-de-reluarea-ligii-3-1-0-cu-inter-sibiu\/?share=jetpack-whatsapp\" target=\"_blank\" aria-labelledby=\"sharing-whatsapp-196410\"><span id=\"sharing-whatsapp-196410\" hidden>D\u0103 clic pentru partajare pe WhatsApp(Se deschide \u00eentr-o fereastr\u0103 nou\u0103)<\/span><span>WhatsApp<\/span><\/a><\/li>\n<li><a href=\"https:\/\/www.curierul.ro\/scm-ramnicu-valcea-castiga-ultimul-amical-inainte-de-reluarea-ligii-3-1-0-cu-inter-sibiu\/\" class=\"sharing-anchor sd-button share-more\"><span>Mai mult<\/span><\/a><\/li>\n<li class=\"share-end\"><\/ul>\n<div class=\"sharing-hidden\">\n<div class=\"inner\">\n<ul>\n<li class=\"share-email\"><a rel=\"nofollow noopener noreferrer\" data-shared=\"sharing-email-196410\" class=\"share-email sd-button\" href=\"mailto:?subject=%5BArticol%20partajat%5D%20SCM%20R%C3%82MNICU%20V%C3%82LCEA%20C%C3%82%C8%98TIG%C4%82%20ULTIMUL%20AMICAL%20%C3%8ENAINTE%20DE%20RELUAREA%20LIGII%203.%201-0%20CU%20INTER%20SIBIU&amp;body=https%3A%2F%2Fwww.curierul.ro%2Fscm-ramnicu-valcea-castiga-ultimul-amical-inainte-de-reluarea-ligii-3-1-0-cu-inter-sibiu%2F&amp;share=email\" target=\"_blank\" aria-labelledby=\"sharing-email-196410\" data-email-share-error-title=\"\u021ai-ai configurat emailul?\" data-email-share-error-text=\"Dac\u0103 ai probleme la partajarea prin email, probabil nu ai configurat emailul pentru navigator. Poate trebuie s\u0103 creezi singur un email nou.\" data-email-share-nonce=\"be1efd5742\" data-email-share-track-url=\"https:\/\/www.curierul.ro\/scm-ramnicu-valcea-castiga-ultimul-amical-inainte-de-reluarea-ligii-3-1-0-cu-inter-sibiu\/?share=email\"><span id=\"sharing-email-196410\" hidden>D\u0103 clic pentru a trimite o leg\u0103tur\u0103 prin email unui prieten(Se deschide \u00eentr-o fereastr\u0103 nou\u0103)<\/span><span>Email<\/span><\/a><\/li>\n<li class=\"share-print\"><a rel=\"nofollow noopener noreferrer\" data-shared=\"sharing-print-196410\" class=\"share-print sd-button\" href=\"https:\/\/www.curierul.ro\/scm-ramnicu-valcea-castiga-ultimul-amical-inainte-de-reluarea-ligii-3-1-0-cu-inter-sibiu\/#print?share=print\" target=\"_blank\" aria-labelledby=\"sharing-print-196410\"><span id=\"sharing-print-196410\" hidden>D\u0103 clic pentru a imprima(Se deschide \u00eentr-o fereastr\u0103 nou\u0103)<\/span><span>Imprimare<\/span><\/a><\/li>\n<li class=\"share-end\"><\/ul>\n<\/div>\n<\/div>\n<\/div>\n<\/div>\n<\/div>\n<div id=\"jp-relatedposts\" class=\"jp-relatedposts\">\n<h3 class=\"jp-relatedposts-headline\"><em>Similare<\/em><\/h3>\n<\/div>\n<footer class=\"post-footer\">\n<div class=\"post-navigation clearfix\">\n<div class=\"previous-post\">\n<div class=\"featured-photo\"><img loading=\"lazy\" decoding=\"async\" width=\"1920\" height=\"1005\" src=\"https:\/\/i0.wp.com\/www.curierul.ro\/wp-content\/uploads\/2026\/02\/Agora.jpg?fit=300%2C157&amp;ssl=1\" class=\"attachment-post-thumbnail size-post-thumbnail wp-post-image\" alt><\/div>\n<p class=\"paginate-title\">\u00ab\u00ab <a href=\"https:\/\/www.curierul.ro\/ordinul-arhitectilor-din-romania-filiala-sibiu-valcea-despre-dezvoltarea-turismului-in-zona-montana-a-judetului-valcea\/\" rel=\"prev\">Ordinul Arhitec\u021bilor din Rom\u00e2nia Filiala Sibiu V\u00e2lcea, despre \u201eDezvoltarea turismului \u00een zona montan\u0103 a jude\u021bului V\u00e2lcea\u201d<\/a><\/p>\n<\/div>\n<\/div>\n<div id=\"comments\" class=\"comments-area\">\n<div id=\"respond\" class=\"comment-respond\">\n<h3 id=\"reply-title\" class=\"comment-reply-title\">Po\u021bi comenta aici<small><a rel=\"nofollow\" id=\"cancel-comment-reply-link\" href=\"https:\/\/www.curierul.ro\/scm-ramnicu-valcea-castiga-ultimul-amical-inainte-de-reluarea-ligii-3-1-0-cu-inter-sibiu\/#respond\">Anuleaz\u0103 r\u0103spunsul<\/a><\/small><\/h3>\n<\/div>\n<p class=\"akismet_comment_form_privacy_notice\">Acest site folose\u0219te Akismet pentru a reduce spamul. <a href=\"https:\/\/akismet.com\/privacy\/\" target=\"_blank\" rel=\"nofollow noopener\">Afl\u0103 cum sunt procesate datele comentariilor tale<\/a>.<\/p>\n<\/div>\n<section class=\"latest-category clearfix\">\n<h2 class=\"title\">More Stories From Fotbal<\/h2>\n<div class=\"stories-container\">\n<article id=\"related-196316\" class=\"story post-196316 post type-post status-publish format-standard has-post-thumbnail hentry category-fotbal category-sport\">\n<div class=\"photo\"><img decoding=\"async\" width=\"735\" height=\"440\" src=\"https:\/\/i0.wp.com\/www.curierul.ro\/wp-content\/uploads\/2026\/02\/IMG-20260214-WA0015.jpg?fit=300%2C233&amp;ssl=1\" class=\"attachment-giornalismo-single size-giornalismo-single wp-post-image\" alt loading=\"lazy\"><\/div>\n<p class=\"headline\"><a href=\"https:\/\/www.curierul.ro\/amical-scm-ramnicu-valcea-pierde-returul-cu-selimbar-2-3\/\">AMICAL. SCM R\u00c2MNICU V\u00c2LCEA PIERDE \u201eRETURUL\u201d CU \u0218ELIMB\u0102R, 2-3<\/a><\/p>\n<\/article>\n<article id=\"related-196310\" class=\"story post-196310 post type-post status-publish format-standard has-post-thumbnail hentry category-fotbal category-headlines category-sport\">\n<div class=\"photo\"><img decoding=\"async\" width=\"735\" height=\"440\" src=\"https:\/\/i0.wp.com\/www.curierul.ro\/wp-content\/uploads\/2026\/02\/IMG-20260214-WA0000.jpg?fit=276%2C300&amp;ssl=1\" class=\"attachment-giornalismo-single size-giornalismo-single wp-post-image\" alt loading=\"lazy\"><\/div>\n<p class=\"headline\"><a href=\"https:\/\/www.curierul.ro\/astazi-in-zavoi-scm-ramnicu-valcea-selimbar-liga-2-amical-ora-12\/\">AST\u0102ZI, \u00ceN Z\u0102VOI. SCM R\u00c2MNICU V\u00c2LCEA \u2013 \u0218ELIMB\u0102R (LIGA 2), AMICAL, ORA 12<\/a><\/p>\n<\/article>\n<article id=\"related-196247\" class=\"story post-196247 post type-post status-publish format-standard has-post-thumbnail hentry category-fotbal category-headlines category-sport\">\n<div class=\"photo\"><img decoding=\"async\" width=\"735\" height=\"440\" src=\"https:\/\/i0.wp.com\/www.curierul.ro\/wp-content\/uploads\/2026\/02\/SCM-fotbal.jpg?fit=300%2C190&amp;ssl=1\" class=\"attachment-giornalismo-single size-giornalismo-single wp-post-image\" alt loading=\"lazy\"><\/div>\n<p class=\"headline\"><a href=\"https:\/\/www.curierul.ro\/liga-3-retrospectiva-partialului-de-sezon-si-proiectii-2026-pentru-echipele-valcene-2\/\">LIGA 3. RETROSPECTIVA PAR\u021aIALULUI DE SEZON \u0218I PROIEC\u021aII 2026 PENTRU ECHIPELE V\u00c2LCENE<\/a><\/p>\n<\/article>\n<\/div>\n<\/section>\n<section class=\"author-bio clearfix\">\n<div class=\"mug-shot\"><img decoding=\"async\" alt src=\"https:\/\/secure.gravatar.com\/avatar\/38348b3eaa7d589402948e297c539169e25c956b894b08c27e56c621c3536fa4?s=96&amp;d=mm&amp;r=g\" class=\"avatar avatar-96 photo\" height=\"96\" width=\"96\" loading=\"lazy\"><\/div>\n<div class=\"author-info\">\n<p class=\"title\">About Gabriel S\u0103ndulescu, <\/p>\n<div class=\"author-social-area\"><a href=\"mailto:gbrlsandulescu@yahoo.com\"><span class=\"fal fa-envelope\"><span class=\"screen-reader-text\">Email the Author<\/span><\/span><\/a><\/div>\n<\/div>\n<\/section>\n<\/footer>\n<\/article>\n<article id=\"related-196316\" class=\"story post-196316 post type-post status-publish format-standard has-post-thumbnail hentry category-fotbal category-sport\">\n<div class=\"photo\"><img decoding=\"async\" width=\"735\" height=\"440\" src=\"https:\/\/i0.wp.com\/www.curierul.ro\/wp-content\/uploads\/2026\/02\/IMG-20260214-WA0015.jpg?fit=300%2C233&amp;ssl=1\" class=\"attachment-giornalismo-single size-giornalismo-single wp-post-image\" alt loading=\"lazy\"><\/div>\n<p class=\"headline\"><a href=\"https:\/\/www.curierul.ro\/amical-scm-ramnicu-valcea-pierde-returul-cu-selimbar-2-3\/\">AMICAL. SCM R\u00c2MNICU V\u00c2LCEA PIERDE \u201eRETURUL\u201d CU \u0218ELIMB\u0102R, 2-3<\/a><\/p>\n<\/article>\n<article id=\"related-196310\" class=\"story post-196310 post type-post status-publish format-standard has-post-thumbnail hentry category-fotbal category-headlines category-sport\">\n<div class=\"photo\"><img decoding=\"async\" width=\"735\" height=\"440\" src=\"https:\/\/i0.wp.com\/www.curierul.ro\/wp-content\/uploads\/2026\/02\/IMG-20260214-WA0000.jpg?fit=276%2C300&amp;ssl=1\" class=\"attachment-giornalismo-single size-giornalismo-single wp-post-image\" alt loading=\"lazy\"><\/div>\n<p class=\"headline\"><a href=\"https:\/\/www.curierul.ro\/astazi-in-zavoi-scm-ramnicu-valcea-selimbar-liga-2-amical-ora-12\/\">AST\u0102ZI, \u00ceN Z\u0102VOI. SCM R\u00c2MNICU V\u00c2LCEA \u2013 \u0218ELIMB\u0102R (LIGA 2), AMICAL, ORA 12<\/a><\/p>\n<\/article>\n<article id=\"related-196247\" class=\"story post-196247 post type-post status-publish format-standard has-post-thumbnail hentry category-fotbal category-headlines category-sport\">\n<div class=\"photo\"><img decoding=\"async\" width=\"735\" height=\"440\" src=\"https:\/\/i0.wp.com\/www.curierul.ro\/wp-content\/uploads\/2026\/02\/SCM-fotbal.jpg?fit=300%2C190&amp;ssl=1\" class=\"attachment-giornalismo-single size-giornalismo-single wp-post-image\" alt loading=\"lazy\"><\/div>\n<p class=\"headline\"><a href=\"https:\/\/www.curierul.ro\/liga-3-retrospectiva-partialului-de-sezon-si-proiectii-2026-pentru-echipele-valcene-2\/\">LIGA 3. RETROSPECTIVA PAR\u021aIALULUI DE SEZON \u0218I PROIEC\u021aII 2026 PENTRU ECHIPELE V\u00c2LCENE<\/a><\/p>\n<\/article>\n<p>[analyse_source url=&#8221;https:\/\/www.curierul.ro\/scm-ramnicu-valcea-castiga-ultimul-amical-inainte-de-reluarea-ligii-3-1-0-cu-inter-sibiu\/&#8221;]<\/p>\n","protected":false},"excerpt":{"rendered":"<p>[analyse_image type=&#8221;featured&#8221; src=&#8221;https:\/\/www.curierul.ro\/wp-content\/uploads\/2026\/02\/IMG-20260220-WA0011-1.jpghttps:\/\/i0.wp.com\/www.curierul.ro\/wp-content\/uploads\/2026\/02\/IMG-20260220-WA0011-1.jpg?fit=960%2C1200&amp;ssl=1&#8243;] Home Fotbal SCM R\u00c2MNICU V\u00c2LCEA C\u00c2\u0218TIG\u0102 ULTIMUL AMICAL \u00ceNAINTE DE RELUAREA LIGII 3. 1-0 CU INTER SIBIU SCM R\u00c2MNICU V\u00c2LCEA C\u00c2\u0218TIG\u0102 ULTIMUL AMICAL \u00ceNAINTE DE RELUAREA LIGII 3. 1-0 CU INTER SIBIU Scris deGabriel S\u0103ndulescu, 20 februarie 2026 \u27a1\ufe0f\u00cen ultimul meci de preg\u0103tire din pauza competi\u021bional\u0103, SCM R\u00e2mnicu V\u00e2lcea a \u00eenvins cu [&hellip;]<\/p>\n","protected":false},"author":1,"featured_media":0,"comment_status":"open","ping_status":"","sticky":false,"template":"","format":"standard","meta":{"footnotes":""},"categories":[89],"tags":[226,213],"class_list":["post-1786202","post","type-post","status-publish","format-standard","hentry","category-romania","tag-crawlmanager","tag-curierul-ro"],"_links":{"self":[{"href":"https:\/\/analyse.optim.biz\/index.php?rest_route=\/wp\/v2\/posts\/1786202","targetHints":{"allow":["GET"]}}],"collection":[{"href":"https:\/\/analyse.optim.biz\/index.php?rest_route=\/wp\/v2\/posts"}],"about":[{"href":"https:\/\/analyse.optim.biz\/index.php?rest_route=\/wp\/v2\/types\/post"}],"author":[{"embeddable":true,"href":"https:\/\/analyse.optim.biz\/index.php?rest_route=\/wp\/v2\/users\/1"}],"replies":[{"embeddable":true,"href":"https:\/\/analyse.optim.biz\/index.php?rest_route=%2Fwp%2Fv2%2Fcomments&post=1786202"}],"version-history":[{"count":0,"href":"https:\/\/analyse.optim.biz\/index.php?rest_route=\/wp\/v2\/posts\/1786202\/revisions"}],"wp:attachment":[{"href":"https:\/\/analyse.optim.biz\/index.php?rest_route=%2Fwp%2Fv2%2Fmedia&parent=1786202"}],"wp:term":[{"taxonomy":"category","embeddable":true,"href":"https:\/\/analyse.optim.biz\/index.php?rest_route=%2Fwp%2Fv2%2Fcategories&post=1786202"},{"taxonomy":"post_tag","embeddable":true,"href":"https:\/\/analyse.optim.biz\/index.php?rest_route=%2Fwp%2Fv2%2Ftags&post=1786202"}],"curies":[{"name":"wp","href":"https:\/\/api.w.org\/{rel}","templated":true}]}}