{"id":178598,"date":"2015-06-24T05:58:19","date_gmt":"2015-06-24T02:58:19","guid":{"rendered":"https:\/\/analyse.optim.biz\/?p=178598"},"modified":"2015-06-24T05:58:19","modified_gmt":"2015-06-24T02:58:19","slug":"victor-ponta-vizitat-de-prieteni","status":"publish","type":"post","link":"https:\/\/analyse.optim.biz\/?p=178598","title":{"rendered":"Victor Ponta, vizitat de prieteni"},"content":{"rendered":"<div class=\"entry data-app-meta data-app-meta-article\" data-embed-base-url-canonical=\"https:\/\/www.digi24.ro\/embed\/stiri\/actualitate\/politica\/victor-ponta-vizitat-de-prieteni-407923\">\n<p data-index=\"1\">Pre\u015fedintele Senatului, <strong>C\u0103lin Popescu-T\u0103riceanu,<\/strong> a stat mai pu\u0163in de 24 de ore \u00een Turcia. La \u00eentoarcere a confirmat informa\u0163ia, dar a refuzat s\u0103 dea detalii despre ce a discutat cu Victor Ponta. A spus c\u0103 a avut discu\u021bii \u201emedicale \u0219i politice\u201d cu acesta. \u0218i a motivat \u0219i de ce a sim\u021bit nevoia s\u0103 fac\u0103 drumul p\u00e2n\u0103 acolo: \u201eSuntem parteneri politici \u0219i \u00een aceast\u0103 situa\u021bie, nimic nu poate \u00eenlocui comunicarea direct\u0103, nici telefonul, nici mailul\u201d, a spus pre\u0219edintele Senatului.<\/p>\n<p data-index=\"2\">\u00cen Turcia a fost \u015fi ministrul de Finan\u0163e,<strong> Eugen Teodorovici<\/strong>. Miercuri, deputa\u0163ii au pe ordinea de zi votarea noului Cod fiscal \u015fi a Codului de procedur\u0103 fiscal\u0103, a\u015fa c\u0103 aceasta a fost una din temele abordate.<\/p>\n<p data-index=\"3\">\u201e<span>(Se simte) ca un om care a suferit o opera\u021bie de o asemenea dificultate\u201d, a m\u0103rturisit ministrul de finan\u021be despre \u0219eful s\u0103u.\u00a0<\/span>\u201e<span>Dac\u0103 va fi nevoie s\u0103 ne mai consultam \u0219i pe alte aspecte legate de ceea ce Ministerul Finan\u021belor are ca obligativitate o vom face\u201d, a promis el.<\/span><\/p>\n<p data-index=\"4\">\u201e<span>\u00cen fiecare zi \u021bin leg\u0103tura cu domnul prim-ministru. Se simte, s\u0103 spunem, bine, sunt condi\u021bii mai ameliorate \u00een ceea ce prive\u0219te s\u0103n\u0103tate, dar totu\u0219i, c\u00e2nd vorbim de s\u0103n\u0103tate, de oameni, ea trebuie s\u0103 primeze. (&#8230;) C\u00e2nd se va sim\u021bi bine, categoric va reveni\u201d, a spus <strong>Rovana Plumb<\/strong>.<\/span><\/p>\n<p data-index=\"5\">P\u00e2n\u0103 la recuperarea lui Victor Ponta,<strong> Gabriel Oprea<\/strong> este premier interimar.<\/p>\n<p data-index=\"6\">Victor Ponta s-a externat duminic\u0103 din clinica de la Instanbul unde a fost operat \u015fi a anun\u0163at c\u0103 are nevoie de cel pu\u0163in 28 de zile ca s\u0103-\u0219i revin\u0103. \u00a0<\/p>\n<\/div>\n<p> Source URL: https:\/\/www.digi24.ro\/stiri\/actualitate\/politica\/victor-ponta-vizitat-de-prieteni-407923<\/p>\n","protected":false},"excerpt":{"rendered":"<p>Pre\u015fedintele Senatului, C\u0103lin Popescu-T\u0103riceanu, a stat mai pu\u0163in de 24 de ore \u00een Turcia. La \u00eentoarcere a confirmat informa\u0163ia, dar a refuzat s\u0103 dea detalii despre ce a discutat cu Victor Ponta. A spus c\u0103 a avut discu\u021bii \u201emedicale \u0219i politice\u201d cu acesta. \u0218i a motivat \u0219i de ce a sim\u021bit nevoia s\u0103 fac\u0103 drumul [&hellip;]<\/p>\n","protected":false},"author":1,"featured_media":178599,"comment_status":"open","ping_status":"","sticky":false,"template":"","format":"standard","meta":{"footnotes":""},"categories":[2],"tags":[11],"class_list":["post-178598","post","type-post","status-publish","format-standard","has-post-thumbnail","hentry","category-politics","tag-digi24"],"_links":{"self":[{"href":"https:\/\/analyse.optim.biz\/index.php?rest_route=\/wp\/v2\/posts\/178598","targetHints":{"allow":["GET"]}}],"collection":[{"href":"https:\/\/analyse.optim.biz\/index.php?rest_route=\/wp\/v2\/posts"}],"about":[{"href":"https:\/\/analyse.optim.biz\/index.php?rest_route=\/wp\/v2\/types\/post"}],"author":[{"embeddable":true,"href":"https:\/\/analyse.optim.biz\/index.php?rest_route=\/wp\/v2\/users\/1"}],"replies":[{"embeddable":true,"href":"https:\/\/analyse.optim.biz\/index.php?rest_route=%2Fwp%2Fv2%2Fcomments&post=178598"}],"version-history":[{"count":0,"href":"https:\/\/analyse.optim.biz\/index.php?rest_route=\/wp\/v2\/posts\/178598\/revisions"}],"wp:featuredmedia":[{"embeddable":true,"href":"https:\/\/analyse.optim.biz\/index.php?rest_route=\/wp\/v2\/media\/178599"}],"wp:attachment":[{"href":"https:\/\/analyse.optim.biz\/index.php?rest_route=%2Fwp%2Fv2%2Fmedia&parent=178598"}],"wp:term":[{"taxonomy":"category","embeddable":true,"href":"https:\/\/analyse.optim.biz\/index.php?rest_route=%2Fwp%2Fv2%2Fcategories&post=178598"},{"taxonomy":"post_tag","embeddable":true,"href":"https:\/\/analyse.optim.biz\/index.php?rest_route=%2Fwp%2Fv2%2Ftags&post=178598"}],"curies":[{"name":"wp","href":"https:\/\/api.w.org\/{rel}","templated":true}]}}