{"id":1785902,"date":"2026-02-22T11:33:16","date_gmt":"2026-02-22T08:33:16","guid":{"rendered":"https:\/\/analyse.optim.biz\/?p=1785902"},"modified":"2026-02-22T11:33:16","modified_gmt":"2026-02-22T08:33:16","slug":"lucrari-la-retele-si-spalari-aquatim-la-inceput-de-saptamana","status":"publish","type":"post","link":"https:\/\/analyse.optim.biz\/?p=1785902","title":{"rendered":"Lucr\u0103ri la re\u021bele \u0219i sp\u0103l\u0103ri Aquatim la \u00eenceput de s\u0103pt\u0103m\u00e2n\u0103"},"content":{"rendered":"<p>[analyse_image type=&#8221;featured&#8221; src=&#8221;https:\/\/gazetadinvest.ro\/wp-content\/uploads\/2021\/04\/aquatim-apa.jpeg&#8221;]<\/p>\n<div class=\"td-post-content tagdiv-type\">\n<div class=\"td-post-featured-image\"><a href=\"https:\/\/gazetadinvest.ro\/wp-content\/uploads\/2021\/04\/aquatim-apa.jpeg\" data-caption><img loading=\"lazy\" decoding=\"async\" width=\"640\" height=\"330\" class=\"entry-thumb td-modal-image\" src=\"https:\/\/gazetadinvest.ro\/wp-content\/uploads\/2021\/04\/aquatim-apa.jpeg\" alt title=\"aquatim-apa\"><\/a><\/div>\n<p><strong>Luni, 23 februarie, \u00eentre orele 9-15, \u00een Mo\u0219ni\u021ba Nou\u0103 se va executa o conectare de conducte la intersec\u021bia str\u0103zilor Ogorului \u0219i Holdei. Pe durata lucr\u0103rilor se va opri apa pe str\u0103zile Cenu\u0219\u0103reasa, Gr\u00e2ului, Secarei, Orzului, Porumbului \u0219i Ogorului.<\/strong><\/p>\n<p>Pe 23 februarie, \u00eentre orele 9-17, \u00een Reca\u0219 se va \u00eentrerupe alimentarea cu ap\u0103 pentru lucr\u0103ri de mentenan\u021b\u0103 la Sta\u021bia de Tratare.<\/p>\n<p>Pentru lucr\u0103ri de sp\u0103lare a re\u021belei de distribu\u021bie, pe 23 \u0219i 24 februarie, \u00eentre orele 8-15, presiunea va fi sc\u0103zut\u0103 \u00een Lugoj, \u00een cartierul Naimontelep \u0219i pe strada Trandafirilor, iar pe 25 \u0219i 26 februarie, \u00eentre orele 8-15, presiunea va fi redus\u0103 \u00een zona Dealul Viilor \u0219i str\u0103zile Traian Vuia, Fagilor, Livezilor \u0219i Salc\u00e2mului.<\/p>\n<p>De asemenea, \u00een s\u0103pt\u0103m\u00e2na 23-27 februarie, zilnic \u00eentre orele 9-14, \u00een Izvin se va opri alimentarea cu ap\u0103 pentru lucr\u0103ri de sp\u0103lare a re\u021belei de distribu\u021bie.<\/p>\n<p>Lucr\u0103rile de sp\u0103lare urm\u0103resc s\u0103 asigure o calitate corespunz\u0103toare a apei potabile \u0219i sunt o parte a activit\u0103\u021bii desf\u0103\u0219urate de Aquatim \u00een cadrul mentenan\u021bei preventive a re\u021belelor de distribu\u021bie.<\/p>\n<p><em>\u201eLa reluarea aliment\u0103rii cu ap\u0103 \u00een regim normal este posibil ca la robinete s\u0103 curg\u0103 ap\u0103 tulbure. Deoarece aceast\u0103 perturbare va fi de scurt\u0103 durat\u0103, recomand\u0103m clien\u021bilor s\u0103 nu foloseasc\u0103 apa \u00een scopuri menajere, p\u00e2n\u0103 la limpezirea complet\u0103. Rug\u0103m, de asemenea, consumatorii s\u0103 ia m\u0103suri de stocare a unor cantit\u0103\u021bi de ap\u0103 care s\u0103 le acopere necesarul pe perioada anun\u021bat\u0103\u201d<\/em>, transmite Aquatim.<\/p>\n<\/div>\n<div class=\"td-post-content tagdiv-type\">\n<div class=\"td-post-featured-image\"><a href=\"https:\/\/gazetadinvest.ro\/wp-content\/uploads\/2021\/04\/aquatim-apa.jpeg\" data-caption><img loading=\"lazy\" decoding=\"async\" width=\"640\" height=\"330\" class=\"entry-thumb td-modal-image\" src=\"https:\/\/gazetadinvest.ro\/wp-content\/uploads\/2021\/04\/aquatim-apa.jpeg\" alt title=\"aquatim-apa\"><\/a><\/div>\n<p><strong>Luni, 23 februarie, \u00eentre orele 9-15, \u00een Mo\u0219ni\u021ba Nou\u0103 se va executa o conectare de conducte la intersec\u021bia str\u0103zilor Ogorului \u0219i Holdei. Pe durata lucr\u0103rilor se va opri apa pe str\u0103zile Cenu\u0219\u0103reasa, Gr\u00e2ului, Secarei, Orzului, Porumbului \u0219i Ogorului.<\/strong><\/p>\n<p>Pe 23 februarie, \u00eentre orele 9-17, \u00een Reca\u0219 se va \u00eentrerupe alimentarea cu ap\u0103 pentru lucr\u0103ri de mentenan\u021b\u0103 la Sta\u021bia de Tratare.<\/p>\n<p>Pentru lucr\u0103ri de sp\u0103lare a re\u021belei de distribu\u021bie, pe 23 \u0219i 24 februarie, \u00eentre orele 8-15, presiunea va fi sc\u0103zut\u0103 \u00een Lugoj, \u00een cartierul Naimontelep \u0219i pe strada Trandafirilor, iar pe 25 \u0219i 26 februarie, \u00eentre orele 8-15, presiunea va fi redus\u0103 \u00een zona Dealul Viilor \u0219i str\u0103zile Traian Vuia, Fagilor, Livezilor \u0219i Salc\u00e2mului.<\/p>\n<p>De asemenea, \u00een s\u0103pt\u0103m\u00e2na 23-27 februarie, zilnic \u00eentre orele 9-14, \u00een Izvin se va opri alimentarea cu ap\u0103 pentru lucr\u0103ri de sp\u0103lare a re\u021belei de distribu\u021bie.<\/p>\n<p>Lucr\u0103rile de sp\u0103lare urm\u0103resc s\u0103 asigure o calitate corespunz\u0103toare a apei potabile \u0219i sunt o parte a activit\u0103\u021bii desf\u0103\u0219urate de Aquatim \u00een cadrul mentenan\u021bei preventive a re\u021belelor de distribu\u021bie.<\/p>\n<p><em>\u201eLa reluarea aliment\u0103rii cu ap\u0103 \u00een regim normal este posibil ca la robinete s\u0103 curg\u0103 ap\u0103 tulbure. Deoarece aceast\u0103 perturbare va fi de scurt\u0103 durat\u0103, recomand\u0103m clien\u021bilor s\u0103 nu foloseasc\u0103 apa \u00een scopuri menajere, p\u00e2n\u0103 la limpezirea complet\u0103. Rug\u0103m, de asemenea, consumatorii s\u0103 ia m\u0103suri de stocare a unor cantit\u0103\u021bi de ap\u0103 care s\u0103 le acopere necesarul pe perioada anun\u021bat\u0103\u201d<\/em>, transmite Aquatim.<\/p>\n<\/div>\n<p>[analyse_source url=&#8221;https:\/\/gazetadinvest.ro\/lucrari-la-retele-si-spalari-aquatim-la-inceput-de-saptamana-2\/&#8221;]<\/p>\n","protected":false},"excerpt":{"rendered":"<p>[analyse_image type=&#8221;featured&#8221; src=&#8221;https:\/\/gazetadinvest.ro\/wp-content\/uploads\/2021\/04\/aquatim-apa.jpeg&#8221;] Luni, 23 februarie, \u00eentre orele 9-15, \u00een Mo\u0219ni\u021ba Nou\u0103 se va executa o conectare de conducte la intersec\u021bia str\u0103zilor Ogorului \u0219i Holdei. Pe durata lucr\u0103rilor se va opri apa pe str\u0103zile Cenu\u0219\u0103reasa, Gr\u00e2ului, Secarei, Orzului, Porumbului \u0219i Ogorului. Pe 23 februarie, \u00eentre orele 9-17, \u00een Reca\u0219 se va \u00eentrerupe alimentarea cu ap\u0103 [&hellip;]<\/p>\n","protected":false},"author":1,"featured_media":0,"comment_status":"open","ping_status":"","sticky":false,"template":"","format":"standard","meta":{"footnotes":""},"categories":[89],"tags":[226,203],"class_list":["post-1785902","post","type-post","status-publish","format-standard","hentry","category-romania","tag-crawlmanager","tag-gazetadinvest-ro"],"_links":{"self":[{"href":"https:\/\/analyse.optim.biz\/index.php?rest_route=\/wp\/v2\/posts\/1785902","targetHints":{"allow":["GET"]}}],"collection":[{"href":"https:\/\/analyse.optim.biz\/index.php?rest_route=\/wp\/v2\/posts"}],"about":[{"href":"https:\/\/analyse.optim.biz\/index.php?rest_route=\/wp\/v2\/types\/post"}],"author":[{"embeddable":true,"href":"https:\/\/analyse.optim.biz\/index.php?rest_route=\/wp\/v2\/users\/1"}],"replies":[{"embeddable":true,"href":"https:\/\/analyse.optim.biz\/index.php?rest_route=%2Fwp%2Fv2%2Fcomments&post=1785902"}],"version-history":[{"count":0,"href":"https:\/\/analyse.optim.biz\/index.php?rest_route=\/wp\/v2\/posts\/1785902\/revisions"}],"wp:attachment":[{"href":"https:\/\/analyse.optim.biz\/index.php?rest_route=%2Fwp%2Fv2%2Fmedia&parent=1785902"}],"wp:term":[{"taxonomy":"category","embeddable":true,"href":"https:\/\/analyse.optim.biz\/index.php?rest_route=%2Fwp%2Fv2%2Fcategories&post=1785902"},{"taxonomy":"post_tag","embeddable":true,"href":"https:\/\/analyse.optim.biz\/index.php?rest_route=%2Fwp%2Fv2%2Ftags&post=1785902"}],"curies":[{"name":"wp","href":"https:\/\/api.w.org\/{rel}","templated":true}]}}