{"id":178587,"date":"2015-06-24T06:24:18","date_gmt":"2015-06-24T03:24:18","guid":{"rendered":"https:\/\/analyse.optim.biz\/?p=178587"},"modified":"2015-06-24T06:24:18","modified_gmt":"2015-06-24T03:24:18","slug":"gabriel-oprea-o-sa-conduc-guvernul-ca-la-armata","status":"publish","type":"post","link":"https:\/\/analyse.optim.biz\/?p=178587","title":{"rendered":"Gabriel Oprea: O s\u0103 conduc Guvernul ca la armat\u0103"},"content":{"rendered":"<div class=\"entry data-app-meta data-app-meta-article\" data-embed-base-url-canonical=\"https:\/\/www.digi24.ro\/embed\/stiri\/actualitate\/politica\/gabriel-oprea-o-sa-conduc-guvernul-ca-la-armata-407926\">\n<p data-index=\"1\">\u201e<span>Am un birou \u0219i la Palatul Victoriei, \u0219i la Interne&#8230;O s\u0103-l conduc ca un militar: mai pu\u0163in\u0103 politic\u0103, proceduri, vreau s\u0103 fie toate avizele exacte, ca la armat\u0103! \u00cen sensul c\u0103 vreau s\u0103 ne facem datoria c\u00e2t dl Ponta e plecat. \u00cel a\u015ftept s\u0103 vin\u0103 s\u0103n\u0103tos \u015fi s\u0103-\u015fi reia munca\u201d, a declarat premierul interimar la <a href=\"http:\/\/www.realitatea.net\/oprea-sunt-singurul-care-nu-a-trantit-guvernul-mru-de-i-primisem-o-oferta-de-la-victor-ponta_1728483.html?utm_source=Cub-Homepage&amp;utm_medium=Clicks&amp;utm_campaign=trkweb\" target=\"_blank\" data-skip-linkfix=\"1\" rel=\"noopener\">Realitatea TV.<\/a><\/span><\/p>\n<\/div>\n<p> Source URL: https:\/\/www.digi24.ro\/stiri\/actualitate\/politica\/gabriel-oprea-o-sa-conduc-guvernul-ca-la-armata-407926<\/p>\n","protected":false},"excerpt":{"rendered":"<p>\u201eAm un birou \u0219i la Palatul Victoriei, \u0219i la Interne&#8230;O s\u0103-l conduc ca un militar: mai pu\u0163in\u0103 politic\u0103, proceduri, vreau s\u0103 fie toate avizele exacte, ca la armat\u0103! \u00cen sensul c\u0103 vreau s\u0103 ne facem datoria c\u00e2t dl Ponta e plecat. \u00cel a\u015ftept s\u0103 vin\u0103 s\u0103n\u0103tos \u015fi s\u0103-\u015fi reia munca\u201d, a declarat premierul interimar la [&hellip;]<\/p>\n","protected":false},"author":1,"featured_media":178588,"comment_status":"open","ping_status":"","sticky":false,"template":"","format":"standard","meta":{"footnotes":""},"categories":[2],"tags":[11],"class_list":["post-178587","post","type-post","status-publish","format-standard","has-post-thumbnail","hentry","category-politics","tag-digi24"],"_links":{"self":[{"href":"https:\/\/analyse.optim.biz\/index.php?rest_route=\/wp\/v2\/posts\/178587","targetHints":{"allow":["GET"]}}],"collection":[{"href":"https:\/\/analyse.optim.biz\/index.php?rest_route=\/wp\/v2\/posts"}],"about":[{"href":"https:\/\/analyse.optim.biz\/index.php?rest_route=\/wp\/v2\/types\/post"}],"author":[{"embeddable":true,"href":"https:\/\/analyse.optim.biz\/index.php?rest_route=\/wp\/v2\/users\/1"}],"replies":[{"embeddable":true,"href":"https:\/\/analyse.optim.biz\/index.php?rest_route=%2Fwp%2Fv2%2Fcomments&post=178587"}],"version-history":[{"count":0,"href":"https:\/\/analyse.optim.biz\/index.php?rest_route=\/wp\/v2\/posts\/178587\/revisions"}],"wp:featuredmedia":[{"embeddable":true,"href":"https:\/\/analyse.optim.biz\/index.php?rest_route=\/wp\/v2\/media\/178588"}],"wp:attachment":[{"href":"https:\/\/analyse.optim.biz\/index.php?rest_route=%2Fwp%2Fv2%2Fmedia&parent=178587"}],"wp:term":[{"taxonomy":"category","embeddable":true,"href":"https:\/\/analyse.optim.biz\/index.php?rest_route=%2Fwp%2Fv2%2Fcategories&post=178587"},{"taxonomy":"post_tag","embeddable":true,"href":"https:\/\/analyse.optim.biz\/index.php?rest_route=%2Fwp%2Fv2%2Ftags&post=178587"}],"curies":[{"name":"wp","href":"https:\/\/api.w.org\/{rel}","templated":true}]}}