{"id":1785206,"date":"2026-02-19T11:00:28","date_gmt":"2026-02-19T08:00:28","guid":{"rendered":"https:\/\/analyse.optim.biz\/?p=1785206"},"modified":"2026-02-19T11:00:28","modified_gmt":"2026-02-19T08:00:28","slug":"cjt-propunere-revolutionara-in-domeniul-reformei-administrative-din-romania","status":"publish","type":"post","link":"https:\/\/analyse.optim.biz\/?p=1785206","title":{"rendered":"CJT, propunere revolu\u021bionar\u0103 \u00een domeniul reformei administrative din Rom\u00e2nia"},"content":{"rendered":"<p>[analyse_image type=&#8221;featured&#8221; src=&#8221;https:\/\/gazetadinvest.ro\/wp-content\/uploads\/2025\/10\/simonis.jpg&#8221;]<\/p>\n<div class=\"td-post-content tagdiv-type\">\n<div class=\"td-post-featured-image\"><a href=\"https:\/\/gazetadinvest.ro\/wp-content\/uploads\/2025\/10\/simonis.jpg\" data-caption><img loading=\"lazy\" decoding=\"async\" width=\"696\" height=\"464\" class=\"entry-thumb td-modal-image\" src=\"https:\/\/gazetadinvest.ro\/wp-content\/uploads\/2025\/10\/simonis-696x464.jpg\" alt title=\"simonis\"><\/a><\/div>\n<p><strong>O idee inedit\u0103, care poate prinde contur \u0219i asta pentru c\u0103 reforma \u00eencepe din Timi\u0219\u2026 Consiliul Jude\u021bean Timi\u0219 ia ini\u021biativa \u0219i propune un proiect pilot pentru reforma administrativ\u0103 \u00een Rom\u00e2nia.<\/strong><\/p>\n<p><em>\u201eVrem s\u0103 \u00eenfiin\u021b\u0103m un fond jude\u021bean care s\u0103 sus\u021bin\u0103 comunele care aleg s\u0103 se uneasc\u0103. Concret, dac\u0103 dou\u0103 sau trei comune decid, de bun\u0103voie, s\u0103 fuzioneze vor primi, printr-un parteneriat financiar, de la Consiliul Jude\u021bean Timi\u0219 \u00eentre 10 \u0219i 20 de milioane de lei, \u00een func\u021bie de num\u0103rul de locuitori.<\/em><\/p>\n<p><em>Vreau s\u0103 fiu foarte limpede: banii vor fi acorda\u021bi indiferent de culoarea politic\u0103 a primarilor. Nu este un favor politic, ci este o investi\u021bie pe termen lung. O investi\u021bie prin care comunit\u0103\u021bile pot face mai repede ceea ce oricum trebuie f\u0103cut: drumuri comunale, ap\u0103, canalizare, gaz, modernizarea \u0219colilor \u0219i alte proiecte esen\u021biale pentru dezvoltare.<\/em><\/p>\n<p><em>Ast\u0103zi, o comun\u0103 mic\u0103 are un buget redus. Multe dintre ele au deja probleme serioase financiare, iar accesul la finan\u021b\u0103ri devine din ce \u00een ce mai dificil. De aceea, noi venim cu aceast\u0103 solu\u021bie pentru a \u00eencuraja comunele s\u0103 fuzioneze. Nu oblig\u0103m pe nimeni. Nu impunem nimic. Nu venim cu termene limit\u0103. Decizia apar\u021bine exclusiv comunit\u0103\u021bilor.<\/em><\/p>\n<p><em>P\u00e2n\u0103 acum s-a tot vorbit despre reforma administrativ\u0103, despre comasare, dar totul a r\u0103mas la nivel de idee, f\u0103r\u0103 vreo ini\u021biativ\u0103 concret\u0103. Noi propunem un parteneriat financiar \u0219i o viziune clar\u0103 de dezvoltare.<\/em><\/p>\n<p><em>Mai mult, \u00eendemn\u0103m Guvernul s\u0103 instituie un fond na\u021bional care s\u0103 func\u021bioneze pe acelea\u0219i principii. Iar sumele care vor fi acordate pentru comasare se vor recupera, pe de o parte, prin reducerea cheltuielilor administrative, mai pu\u021bine func\u021bii de conducere, mai pu\u021bine structuri paralele \u0219i, pe de alt\u0103 parte, printr-o utilizare mai eficient\u0103 a banilor pentru investi\u021bii.<\/em><br \/><em>Reforma nu trebuie f\u0103cut\u0103 cu for\u021ba, dar nici nu poate fi am\u00e2nat\u0103 la nesf\u00e2r\u0219it. Iar pentru asta, noi, cei de la Consiliul Jude\u021bean Timi\u0219, venim cu o propunere real\u0103\u201d,<\/em> a declarat ast\u0103zi Alfred Simonis, pre\u0219edintele CJ Timi\u0219.<\/p>\n<p>\u00a0<\/p>\n<\/div>\n<div class=\"td-post-content tagdiv-type\">\n<div class=\"td-post-featured-image\"><a href=\"https:\/\/gazetadinvest.ro\/wp-content\/uploads\/2025\/10\/simonis.jpg\" data-caption><img loading=\"lazy\" decoding=\"async\" width=\"696\" height=\"464\" class=\"entry-thumb td-modal-image\" src=\"https:\/\/gazetadinvest.ro\/wp-content\/uploads\/2025\/10\/simonis-696x464.jpg\" alt title=\"simonis\"><\/a><\/div>\n<p><strong>O idee inedit\u0103, care poate prinde contur \u0219i asta pentru c\u0103 reforma \u00eencepe din Timi\u0219\u2026 Consiliul Jude\u021bean Timi\u0219 ia ini\u021biativa \u0219i propune un proiect pilot pentru reforma administrativ\u0103 \u00een Rom\u00e2nia.<\/strong><\/p>\n<p><em>\u201eVrem s\u0103 \u00eenfiin\u021b\u0103m un fond jude\u021bean care s\u0103 sus\u021bin\u0103 comunele care aleg s\u0103 se uneasc\u0103. Concret, dac\u0103 dou\u0103 sau trei comune decid, de bun\u0103voie, s\u0103 fuzioneze vor primi, printr-un parteneriat financiar, de la Consiliul Jude\u021bean Timi\u0219 \u00eentre 10 \u0219i 20 de milioane de lei, \u00een func\u021bie de num\u0103rul de locuitori.<\/em><\/p>\n<p><em>Vreau s\u0103 fiu foarte limpede: banii vor fi acorda\u021bi indiferent de culoarea politic\u0103 a primarilor. Nu este un favor politic, ci este o investi\u021bie pe termen lung. O investi\u021bie prin care comunit\u0103\u021bile pot face mai repede ceea ce oricum trebuie f\u0103cut: drumuri comunale, ap\u0103, canalizare, gaz, modernizarea \u0219colilor \u0219i alte proiecte esen\u021biale pentru dezvoltare.<\/em><\/p>\n<p><em>Ast\u0103zi, o comun\u0103 mic\u0103 are un buget redus. Multe dintre ele au deja probleme serioase financiare, iar accesul la finan\u021b\u0103ri devine din ce \u00een ce mai dificil. De aceea, noi venim cu aceast\u0103 solu\u021bie pentru a \u00eencuraja comunele s\u0103 fuzioneze. Nu oblig\u0103m pe nimeni. Nu impunem nimic. Nu venim cu termene limit\u0103. Decizia apar\u021bine exclusiv comunit\u0103\u021bilor.<\/em><\/p>\n<p><em>P\u00e2n\u0103 acum s-a tot vorbit despre reforma administrativ\u0103, despre comasare, dar totul a r\u0103mas la nivel de idee, f\u0103r\u0103 vreo ini\u021biativ\u0103 concret\u0103. Noi propunem un parteneriat financiar \u0219i o viziune clar\u0103 de dezvoltare.<\/em><\/p>\n<p><em>Mai mult, \u00eendemn\u0103m Guvernul s\u0103 instituie un fond na\u021bional care s\u0103 func\u021bioneze pe acelea\u0219i principii. Iar sumele care vor fi acordate pentru comasare se vor recupera, pe de o parte, prin reducerea cheltuielilor administrative, mai pu\u021bine func\u021bii de conducere, mai pu\u021bine structuri paralele \u0219i, pe de alt\u0103 parte, printr-o utilizare mai eficient\u0103 a banilor pentru investi\u021bii.<\/em><br \/><em>Reforma nu trebuie f\u0103cut\u0103 cu for\u021ba, dar nici nu poate fi am\u00e2nat\u0103 la nesf\u00e2r\u0219it. Iar pentru asta, noi, cei de la Consiliul Jude\u021bean Timi\u0219, venim cu o propunere real\u0103\u201d,<\/em> a declarat ast\u0103zi Alfred Simonis, pre\u0219edintele CJ Timi\u0219.<\/p>\n<p>\u00a0<\/p>\n<\/div>\n<p>[analyse_source url=&#8221;https:\/\/gazetadinvest.ro\/cjt-propunere-revolutionara-in-domeniul-reformei-administrative-din-romania\/&#8221;]<\/p>\n","protected":false},"excerpt":{"rendered":"<p>[analyse_image type=&#8221;featured&#8221; src=&#8221;https:\/\/gazetadinvest.ro\/wp-content\/uploads\/2025\/10\/simonis.jpg&#8221;] O idee inedit\u0103, care poate prinde contur \u0219i asta pentru c\u0103 reforma \u00eencepe din Timi\u0219\u2026 Consiliul Jude\u021bean Timi\u0219 ia ini\u021biativa \u0219i propune un proiect pilot pentru reforma administrativ\u0103 \u00een Rom\u00e2nia. \u201eVrem s\u0103 \u00eenfiin\u021b\u0103m un fond jude\u021bean care s\u0103 sus\u021bin\u0103 comunele care aleg s\u0103 se uneasc\u0103. Concret, dac\u0103 dou\u0103 sau trei comune decid, [&hellip;]<\/p>\n","protected":false},"author":1,"featured_media":0,"comment_status":"open","ping_status":"","sticky":false,"template":"","format":"standard","meta":{"footnotes":""},"categories":[89],"tags":[226,203],"class_list":["post-1785206","post","type-post","status-publish","format-standard","hentry","category-romania","tag-crawlmanager","tag-gazetadinvest-ro"],"_links":{"self":[{"href":"https:\/\/analyse.optim.biz\/index.php?rest_route=\/wp\/v2\/posts\/1785206","targetHints":{"allow":["GET"]}}],"collection":[{"href":"https:\/\/analyse.optim.biz\/index.php?rest_route=\/wp\/v2\/posts"}],"about":[{"href":"https:\/\/analyse.optim.biz\/index.php?rest_route=\/wp\/v2\/types\/post"}],"author":[{"embeddable":true,"href":"https:\/\/analyse.optim.biz\/index.php?rest_route=\/wp\/v2\/users\/1"}],"replies":[{"embeddable":true,"href":"https:\/\/analyse.optim.biz\/index.php?rest_route=%2Fwp%2Fv2%2Fcomments&post=1785206"}],"version-history":[{"count":0,"href":"https:\/\/analyse.optim.biz\/index.php?rest_route=\/wp\/v2\/posts\/1785206\/revisions"}],"wp:attachment":[{"href":"https:\/\/analyse.optim.biz\/index.php?rest_route=%2Fwp%2Fv2%2Fmedia&parent=1785206"}],"wp:term":[{"taxonomy":"category","embeddable":true,"href":"https:\/\/analyse.optim.biz\/index.php?rest_route=%2Fwp%2Fv2%2Fcategories&post=1785206"},{"taxonomy":"post_tag","embeddable":true,"href":"https:\/\/analyse.optim.biz\/index.php?rest_route=%2Fwp%2Fv2%2Ftags&post=1785206"}],"curies":[{"name":"wp","href":"https:\/\/api.w.org\/{rel}","templated":true}]}}