{"id":1785204,"date":"2026-02-21T11:10:55","date_gmt":"2026-02-21T08:10:55","guid":{"rendered":"https:\/\/analyse.optim.biz\/?p=1785204"},"modified":"2026-02-21T11:10:55","modified_gmt":"2026-02-21T08:10:55","slug":"program-prelungit-la-vama-lunga-de-vina-este-un-eveniment-din-serbia","status":"publish","type":"post","link":"https:\/\/analyse.optim.biz\/?p=1785204","title":{"rendered":"Program prelungit la vama Lunga! De \u201evin\u0103\u201d este un eveniment din Serbia"},"content":{"rendered":"<p>[analyse_image type=&#8221;featured&#8221; src=&#8221;https:\/\/gazetadinvest.ro\/wp-content\/uploads\/2021\/07\/vama.jpg&#8221;]<\/p>\n<div class=\"td-post-content tagdiv-type\">\n<div class=\"td-post-featured-image\"><a href=\"https:\/\/gazetadinvest.ro\/wp-content\/uploads\/2021\/07\/vama.jpg\" data-caption><img loading=\"lazy\" decoding=\"async\" width=\"696\" height=\"391\" class=\"entry-thumb td-modal-image\" src=\"https:\/\/gazetadinvest.ro\/wp-content\/uploads\/2021\/07\/vama-696x391.jpg\" alt title=\"vama\"><\/a><\/div>\n<p><strong>La solicitarea Institu\u021bia Prefectului \u2013 Jude\u021bul Timi\u0219, \u00een colaborare cu autorit\u0103\u021bile rom\u00e2ne \u0219i s\u00e2rbe, \u00een contextul organiz\u0103rii festivalului \u201ePrima noapte de Bazar \u2013 Fenseraj Ukusa\u201d \u00een localitatea Kikinda, programul de func\u021bionare al Punctului de Trecere a Frontierei Lunga \u2013 Nako se prelunge\u0219te dup\u0103 cum urmeaz\u0103:<\/strong><\/p>\n<p><span>\u00cen perioada 21.02 \u2013 22.02<\/span><\/p>\n<p>\u00cencep\u00e2nd de azi, 21.02, ora 20:00 (ora Rom\u00e2niei)<br \/>\nP\u00e2n\u0103 la m\u00e2ine, 22.02, ora 01:00 (ora Rom\u00e2niei)<\/p>\n<p>Inspectoratul Teritorial al Poli\u021biei de Frontier\u0103 Timi\u0219oara a luat toate m\u0103surile necesare pentru asigurarea unei desf\u0103\u0219ur\u0103ri eficiente \u0219i sigure a formalit\u0103\u021bilor de trecere a frontierei, at\u00e2t pentru participan\u021bii la evenimente, c\u00e2t \u0219i pentru turi\u0219ti.<\/p>\n<p>Persoanele care doresc s\u0103 treac\u0103 frontiera \u00een Serbia trebuie s\u0103 de\u021bin\u0103 un document de c\u0103l\u0103torie valabil \u2013 carte de identitate sau pa\u0219aport.<\/p>\n<p>\u00cen cazul minorilor este obligatorie prezentarea tuturor documentelor legale necesare pentru ie\u0219irea din \u021bar\u0103, conform legisla\u021biei \u00een vigoare.<\/p>\n<p>\u00a0<\/p>\n<\/div>\n<div class=\"td-post-content tagdiv-type\">\n<div class=\"td-post-featured-image\"><a href=\"https:\/\/gazetadinvest.ro\/wp-content\/uploads\/2021\/07\/vama.jpg\" data-caption><img loading=\"lazy\" decoding=\"async\" width=\"696\" height=\"391\" class=\"entry-thumb td-modal-image\" src=\"https:\/\/gazetadinvest.ro\/wp-content\/uploads\/2021\/07\/vama-696x391.jpg\" alt title=\"vama\"><\/a><\/div>\n<p><strong>La solicitarea Institu\u021bia Prefectului \u2013 Jude\u021bul Timi\u0219, \u00een colaborare cu autorit\u0103\u021bile rom\u00e2ne \u0219i s\u00e2rbe, \u00een contextul organiz\u0103rii festivalului \u201ePrima noapte de Bazar \u2013 Fenseraj Ukusa\u201d \u00een localitatea Kikinda, programul de func\u021bionare al Punctului de Trecere a Frontierei Lunga \u2013 Nako se prelunge\u0219te dup\u0103 cum urmeaz\u0103:<\/strong><\/p>\n<p><span>\u00cen perioada 21.02 \u2013 22.02<\/span><\/p>\n<p>\u00cencep\u00e2nd de azi, 21.02, ora 20:00 (ora Rom\u00e2niei)<br \/>\nP\u00e2n\u0103 la m\u00e2ine, 22.02, ora 01:00 (ora Rom\u00e2niei)<\/p>\n<p>Inspectoratul Teritorial al Poli\u021biei de Frontier\u0103 Timi\u0219oara a luat toate m\u0103surile necesare pentru asigurarea unei desf\u0103\u0219ur\u0103ri eficiente \u0219i sigure a formalit\u0103\u021bilor de trecere a frontierei, at\u00e2t pentru participan\u021bii la evenimente, c\u00e2t \u0219i pentru turi\u0219ti.<\/p>\n<p>Persoanele care doresc s\u0103 treac\u0103 frontiera \u00een Serbia trebuie s\u0103 de\u021bin\u0103 un document de c\u0103l\u0103torie valabil \u2013 carte de identitate sau pa\u0219aport.<\/p>\n<p>\u00cen cazul minorilor este obligatorie prezentarea tuturor documentelor legale necesare pentru ie\u0219irea din \u021bar\u0103, conform legisla\u021biei \u00een vigoare.<\/p>\n<p>\u00a0<\/p>\n<\/div>\n<p>[analyse_source url=&#8221;https:\/\/gazetadinvest.ro\/program-prelungit-la-vama-lunga-de-vina-este-un-eveniment-din-serbia\/&#8221;]<\/p>\n","protected":false},"excerpt":{"rendered":"<p>[analyse_image type=&#8221;featured&#8221; src=&#8221;https:\/\/gazetadinvest.ro\/wp-content\/uploads\/2021\/07\/vama.jpg&#8221;] La solicitarea Institu\u021bia Prefectului \u2013 Jude\u021bul Timi\u0219, \u00een colaborare cu autorit\u0103\u021bile rom\u00e2ne \u0219i s\u00e2rbe, \u00een contextul organiz\u0103rii festivalului \u201ePrima noapte de Bazar \u2013 Fenseraj Ukusa\u201d \u00een localitatea Kikinda, programul de func\u021bionare al Punctului de Trecere a Frontierei Lunga \u2013 Nako se prelunge\u0219te dup\u0103 cum urmeaz\u0103: \u00cen perioada 21.02 \u2013 22.02 \u00cencep\u00e2nd de [&hellip;]<\/p>\n","protected":false},"author":1,"featured_media":0,"comment_status":"open","ping_status":"","sticky":false,"template":"","format":"standard","meta":{"footnotes":""},"categories":[89],"tags":[226,203],"class_list":["post-1785204","post","type-post","status-publish","format-standard","hentry","category-romania","tag-crawlmanager","tag-gazetadinvest-ro"],"_links":{"self":[{"href":"https:\/\/analyse.optim.biz\/index.php?rest_route=\/wp\/v2\/posts\/1785204","targetHints":{"allow":["GET"]}}],"collection":[{"href":"https:\/\/analyse.optim.biz\/index.php?rest_route=\/wp\/v2\/posts"}],"about":[{"href":"https:\/\/analyse.optim.biz\/index.php?rest_route=\/wp\/v2\/types\/post"}],"author":[{"embeddable":true,"href":"https:\/\/analyse.optim.biz\/index.php?rest_route=\/wp\/v2\/users\/1"}],"replies":[{"embeddable":true,"href":"https:\/\/analyse.optim.biz\/index.php?rest_route=%2Fwp%2Fv2%2Fcomments&post=1785204"}],"version-history":[{"count":0,"href":"https:\/\/analyse.optim.biz\/index.php?rest_route=\/wp\/v2\/posts\/1785204\/revisions"}],"wp:attachment":[{"href":"https:\/\/analyse.optim.biz\/index.php?rest_route=%2Fwp%2Fv2%2Fmedia&parent=1785204"}],"wp:term":[{"taxonomy":"category","embeddable":true,"href":"https:\/\/analyse.optim.biz\/index.php?rest_route=%2Fwp%2Fv2%2Fcategories&post=1785204"},{"taxonomy":"post_tag","embeddable":true,"href":"https:\/\/analyse.optim.biz\/index.php?rest_route=%2Fwp%2Fv2%2Ftags&post=1785204"}],"curies":[{"name":"wp","href":"https:\/\/api.w.org\/{rel}","templated":true}]}}