{"id":1785200,"date":"2026-02-19T09:42:06","date_gmt":"2026-02-19T06:42:06","guid":{"rendered":"https:\/\/analyse.optim.biz\/?p=1785200"},"modified":"2026-02-19T09:42:06","modified_gmt":"2026-02-19T06:42:06","slug":"brancusi-150-orizonturile-esentei-in-viziunea-facultatii-de-arte-si-design-din-cadrul-uvt-2","status":"publish","type":"post","link":"https:\/\/analyse.optim.biz\/?p=1785200","title":{"rendered":"Br\u00e2ncu\u0219i 150: Orizonturile esen\u021bei, \u00een viziunea Facult\u0103\u021bii de Arte \u0219i Design din cadrul UVT"},"content":{"rendered":"<p>[analyse_image type=&#8221;featured&#8221; src=&#8221;https:\/\/gazetadinvest.ro\/wp-content\/uploads\/2019\/02\/brancusi.jpg&#8221;]<\/p>\n<div class=\"td-post-content tagdiv-type\">\n<div class=\"td-post-featured-image\"><a href=\"https:\/\/gazetadinvest.ro\/wp-content\/uploads\/2019\/02\/brancusi.jpg\" data-caption><img loading=\"lazy\" decoding=\"async\" width=\"696\" height=\"464\" class=\"entry-thumb td-modal-image\" src=\"https:\/\/gazetadinvest.ro\/wp-content\/uploads\/2019\/02\/brancusi-696x464.jpg\" alt title=\"brancusi\"><\/a><\/div>\n<p><strong>Timi\u0219oara, prin vocea comunit\u0103\u021bii academice a Facult\u0103\u021bii de Arte \u0219i Design din cadrul Universit\u0103\u021bii de Vest din Timi\u0219oara (UVT), se al\u0103tur\u0103 celebr\u0103rii mondiale dedicate celor 150 de ani de la na\u0219terea lui Constantin Br\u00e2ncu\u0219i. <\/strong><\/p>\n<p><em>\u201ePentru institu\u021bia noastr\u0103, acest jubileu nu reprezint\u0103 doar o born\u0103 cronologic\u0103, ci un prilej de a reafirma leg\u0103tura profund\u0103 pe care arta contemporan\u0103 o men\u021bine cu filosofia \u0219i rigoarea maestrului de la Hobi\u021ba, cel care a \u00eenv\u0103\u021bat lumea s\u0103 priveasc\u0103 nu doar forma, ci esen\u021ba lucrurilor. Preocuparea noastr\u0103 pentru mo\u0219tenirea br\u00e2ncu\u0219ian\u0103 se traduce, pe parcursul acestui an, printr-o suit\u0103 de ac\u021biuni menite s\u0103 provoace dialogul \u0219i s\u0103 inspire noile genera\u021bii de creatori. Seria acestor evenimente debuteaz\u0103 sub semnul dezbaterii teoretice \u0219i al experien\u021bei de atelier\u201d<\/em>, transmite UVT.<\/p>\n<p>Astfel, \u00een data de 4 martie 2026, Galeria Mansarda va g\u0103zdui o mas\u0103 rotund\u0103 ce va reuni cadrele didactice ale specializ\u0103rii Sculptur\u0103. Acest dialog \u00eentre pedagogi \u0219i arti\u0219ti activi \u00ee\u0219i propune s\u0103 exploreze modul \u00een care \u201elec\u021bia lui Br\u00e2ncu\u0219i\u201d r\u0103m\u00e2ne un fundament viu \u00een educa\u021bia artistic\u0103 actual\u0103.<\/p>\n<p>Prim\u0103vara va aduce \u00een aten\u021bia publicului o perspectiv\u0103 vizual\u0103 inedit\u0103, \u00een spa\u021biul UVT ArtCenter (Galeria cu Platani), unde va fi deschis\u0103 expozi\u021bia de fotografie \u201eBr\u00e2ncu\u0219i \u2013 subiectiv.obiectiv\u201d, un exerci\u021biu de privire care caut\u0103 s\u0103 surprind\u0103 tensiunea dintre rigoarea matematic\u0103 a operei \u0219i emo\u021bia subiectiv\u0103 pe care aceasta o genereaz\u0103. \u00cen luna mai, energia tinerilor arti\u0219ti va fi pus\u0103 \u00een lumin\u0103 \u00een Galeria Vertical\u0103, unde studen\u021bii facult\u0103\u021bii vor expune lucr\u0103ri dedicate maestrului. Aceast\u0103 ini\u021biativ\u0103 beneficiaz\u0103 de sus\u021binerea Clubului Lions Iris Timi\u0219oara, care va oferi premii celor mai inspirate viziuni, marc\u00e2nd astfel solidaritatea comunit\u0103\u021bii locale \u00een jurul valorilor de patrimoniu.<\/p>\n<p><em>\u201eEvenimentul care reprezinta punctul culminant al acestui an omagial va avea loc \u00een data de 27 octombrie la Facultatea de Arte \u0219i Design UVT, unde vom avea onoarea de a o primi ca invitat special pe doamna Doina Lemny, Doctor Honoris Causa al universit\u0103\u021bii noastre \u0219i voce de autoritate interna\u021bional\u0103 \u00een exegeza br\u00e2ncu\u0219ian\u0103. Evenimentul va fi conceput ca o sear\u0103 de sintez\u0103 cultural\u0103, \u00een care muzica, performance-ul \u0219i literatura se vor \u00eempleti \u00eentr-un omagiu In Memoriam Constantin Br\u00e2ncu\u0219i\u201d<\/em>, transmite UVT.<\/p>\n<p><em>\u201ePrin programul aniversar Br\u00e2ncu\u0219i 150, Facultatea de Arte \u0219i Design din UVT \u00ee\u0219i asum\u0103 datoria moral\u0103 de a men\u021bine spiritul lui Br\u00e2ncu\u0219i nu ca pe un artefact al trecutului, ci ca pe o prezen\u021b\u0103 constant\u0103, discret\u0103 \u0219i esen\u021bial\u0103 \u00een spa\u021biul de crea\u021bie al universit\u0103\u021bii noastre. Suntem onora\u021bi s\u0103 invit\u0103m publicul, speciali\u0219tii \u0219i iubitorii de frumos s\u0103 ni se al\u0103ture \u00een acest parcurs de celebrare a geniului care ne-a \u00eenv\u0103\u021bat c\u0103 \u201esimplitatea este, \u00een sine, o complexitate rezolvat\u0103\u201d<\/em> \u2013 transmite rectorul UVT, prof.univ.dr. Marilen Gabriel Pirtea.<\/p>\n<\/div>\n<div class=\"td-post-content tagdiv-type\">\n<div class=\"td-post-featured-image\"><a href=\"https:\/\/gazetadinvest.ro\/wp-content\/uploads\/2019\/02\/brancusi.jpg\" data-caption><img loading=\"lazy\" decoding=\"async\" width=\"696\" height=\"464\" class=\"entry-thumb td-modal-image\" src=\"https:\/\/gazetadinvest.ro\/wp-content\/uploads\/2019\/02\/brancusi-696x464.jpg\" alt title=\"brancusi\"><\/a><\/div>\n<p><strong>Timi\u0219oara, prin vocea comunit\u0103\u021bii academice a Facult\u0103\u021bii de Arte \u0219i Design din cadrul Universit\u0103\u021bii de Vest din Timi\u0219oara (UVT), se al\u0103tur\u0103 celebr\u0103rii mondiale dedicate celor 150 de ani de la na\u0219terea lui Constantin Br\u00e2ncu\u0219i. <\/strong><\/p>\n<p><em>\u201ePentru institu\u021bia noastr\u0103, acest jubileu nu reprezint\u0103 doar o born\u0103 cronologic\u0103, ci un prilej de a reafirma leg\u0103tura profund\u0103 pe care arta contemporan\u0103 o men\u021bine cu filosofia \u0219i rigoarea maestrului de la Hobi\u021ba, cel care a \u00eenv\u0103\u021bat lumea s\u0103 priveasc\u0103 nu doar forma, ci esen\u021ba lucrurilor. Preocuparea noastr\u0103 pentru mo\u0219tenirea br\u00e2ncu\u0219ian\u0103 se traduce, pe parcursul acestui an, printr-o suit\u0103 de ac\u021biuni menite s\u0103 provoace dialogul \u0219i s\u0103 inspire noile genera\u021bii de creatori. Seria acestor evenimente debuteaz\u0103 sub semnul dezbaterii teoretice \u0219i al experien\u021bei de atelier\u201d<\/em>, transmite UVT.<\/p>\n<p>Astfel, \u00een data de 4 martie 2026, Galeria Mansarda va g\u0103zdui o mas\u0103 rotund\u0103 ce va reuni cadrele didactice ale specializ\u0103rii Sculptur\u0103. Acest dialog \u00eentre pedagogi \u0219i arti\u0219ti activi \u00ee\u0219i propune s\u0103 exploreze modul \u00een care \u201elec\u021bia lui Br\u00e2ncu\u0219i\u201d r\u0103m\u00e2ne un fundament viu \u00een educa\u021bia artistic\u0103 actual\u0103.<\/p>\n<p>Prim\u0103vara va aduce \u00een aten\u021bia publicului o perspectiv\u0103 vizual\u0103 inedit\u0103, \u00een spa\u021biul UVT ArtCenter (Galeria cu Platani), unde va fi deschis\u0103 expozi\u021bia de fotografie \u201eBr\u00e2ncu\u0219i \u2013 subiectiv.obiectiv\u201d, un exerci\u021biu de privire care caut\u0103 s\u0103 surprind\u0103 tensiunea dintre rigoarea matematic\u0103 a operei \u0219i emo\u021bia subiectiv\u0103 pe care aceasta o genereaz\u0103. \u00cen luna mai, energia tinerilor arti\u0219ti va fi pus\u0103 \u00een lumin\u0103 \u00een Galeria Vertical\u0103, unde studen\u021bii facult\u0103\u021bii vor expune lucr\u0103ri dedicate maestrului. Aceast\u0103 ini\u021biativ\u0103 beneficiaz\u0103 de sus\u021binerea Clubului Lions Iris Timi\u0219oara, care va oferi premii celor mai inspirate viziuni, marc\u00e2nd astfel solidaritatea comunit\u0103\u021bii locale \u00een jurul valorilor de patrimoniu.<\/p>\n<p><em>\u201eEvenimentul care reprezinta punctul culminant al acestui an omagial va avea loc \u00een data de 27 octombrie la Facultatea de Arte \u0219i Design UVT, unde vom avea onoarea de a o primi ca invitat special pe doamna Doina Lemny, Doctor Honoris Causa al universit\u0103\u021bii noastre \u0219i voce de autoritate interna\u021bional\u0103 \u00een exegeza br\u00e2ncu\u0219ian\u0103. Evenimentul va fi conceput ca o sear\u0103 de sintez\u0103 cultural\u0103, \u00een care muzica, performance-ul \u0219i literatura se vor \u00eempleti \u00eentr-un omagiu In Memoriam Constantin Br\u00e2ncu\u0219i\u201d<\/em>, transmite UVT.<\/p>\n<p><em>\u201ePrin programul aniversar Br\u00e2ncu\u0219i 150, Facultatea de Arte \u0219i Design din UVT \u00ee\u0219i asum\u0103 datoria moral\u0103 de a men\u021bine spiritul lui Br\u00e2ncu\u0219i nu ca pe un artefact al trecutului, ci ca pe o prezen\u021b\u0103 constant\u0103, discret\u0103 \u0219i esen\u021bial\u0103 \u00een spa\u021biul de crea\u021bie al universit\u0103\u021bii noastre. Suntem onora\u021bi s\u0103 invit\u0103m publicul, speciali\u0219tii \u0219i iubitorii de frumos s\u0103 ni se al\u0103ture \u00een acest parcurs de celebrare a geniului care ne-a \u00eenv\u0103\u021bat c\u0103 \u201esimplitatea este, \u00een sine, o complexitate rezolvat\u0103\u201d<\/em> \u2013 transmite rectorul UVT, prof.univ.dr. Marilen Gabriel Pirtea.<\/p>\n<\/div>\n<p>[analyse_source url=&#8221;https:\/\/gazetadinvest.ro\/brancusi-150-orizonturile-esentei-in-viziunea-facultatii-de-arte-si-design-din-cadrul-uvt\/&#8221;]<\/p>\n","protected":false},"excerpt":{"rendered":"<p>[analyse_image type=&#8221;featured&#8221; src=&#8221;https:\/\/gazetadinvest.ro\/wp-content\/uploads\/2019\/02\/brancusi.jpg&#8221;] Timi\u0219oara, prin vocea comunit\u0103\u021bii academice a Facult\u0103\u021bii de Arte \u0219i Design din cadrul Universit\u0103\u021bii de Vest din Timi\u0219oara (UVT), se al\u0103tur\u0103 celebr\u0103rii mondiale dedicate celor 150 de ani de la na\u0219terea lui Constantin Br\u00e2ncu\u0219i. \u201ePentru institu\u021bia noastr\u0103, acest jubileu nu reprezint\u0103 doar o born\u0103 cronologic\u0103, ci un prilej de a reafirma leg\u0103tura [&hellip;]<\/p>\n","protected":false},"author":1,"featured_media":0,"comment_status":"open","ping_status":"","sticky":false,"template":"","format":"standard","meta":{"footnotes":""},"categories":[89],"tags":[226,203],"class_list":["post-1785200","post","type-post","status-publish","format-standard","hentry","category-romania","tag-crawlmanager","tag-gazetadinvest-ro"],"_links":{"self":[{"href":"https:\/\/analyse.optim.biz\/index.php?rest_route=\/wp\/v2\/posts\/1785200","targetHints":{"allow":["GET"]}}],"collection":[{"href":"https:\/\/analyse.optim.biz\/index.php?rest_route=\/wp\/v2\/posts"}],"about":[{"href":"https:\/\/analyse.optim.biz\/index.php?rest_route=\/wp\/v2\/types\/post"}],"author":[{"embeddable":true,"href":"https:\/\/analyse.optim.biz\/index.php?rest_route=\/wp\/v2\/users\/1"}],"replies":[{"embeddable":true,"href":"https:\/\/analyse.optim.biz\/index.php?rest_route=%2Fwp%2Fv2%2Fcomments&post=1785200"}],"version-history":[{"count":0,"href":"https:\/\/analyse.optim.biz\/index.php?rest_route=\/wp\/v2\/posts\/1785200\/revisions"}],"wp:attachment":[{"href":"https:\/\/analyse.optim.biz\/index.php?rest_route=%2Fwp%2Fv2%2Fmedia&parent=1785200"}],"wp:term":[{"taxonomy":"category","embeddable":true,"href":"https:\/\/analyse.optim.biz\/index.php?rest_route=%2Fwp%2Fv2%2Fcategories&post=1785200"},{"taxonomy":"post_tag","embeddable":true,"href":"https:\/\/analyse.optim.biz\/index.php?rest_route=%2Fwp%2Fv2%2Ftags&post=1785200"}],"curies":[{"name":"wp","href":"https:\/\/api.w.org\/{rel}","templated":true}]}}