{"id":1784903,"date":"2026-02-21T19:16:09","date_gmt":"2026-02-21T16:16:09","guid":{"rendered":"https:\/\/analyse.optim.biz\/?p=1784903"},"modified":"2026-02-21T19:16:09","modified_gmt":"2026-02-21T16:16:09","slug":"in-aceasta-seara-incendiu-la-o-cabana-din-comuna-slatioara-trei-persoane-gazeta-valceana","status":"publish","type":"post","link":"https:\/\/analyse.optim.biz\/?p=1784903","title":{"rendered":"\u00cen aceast\u0103 sear\u0103, INCENDIU la o caban\u0103 din comuna Sl\u0103tioara. Trei persoane&#8230; &#8211; Gazeta V\u00e2lcean\u0103"},"content":{"rendered":"<p>[analyse_image type=&#8221;featured&#8221; src=&#8221;https:\/\/www.gazeta-valceana.ro\/wp-content\/uploads\/2025\/12\/ISU-incendiu-pompieri-interior-acoperis-casa-noaptea-1.jpg&#8221;]<\/p>\n<article id=\"template-id-91645\" class=\"post-91645 tdb_templates type-tdb_templates status-publish post\">\n<div id=\"tdi_49\" class=\"tdc-zone\">\n<div class=\"tdc_zone tdi_50  wpb_row td-pb-row\">\n<div id=\"tdi_51\" class=\"tdc-row stretch_row_1200 td-stretch-content\">\n<div class=\"vc_row tdi_52  wpb_row td-pb-row\">\n<div class=\"vc_column tdi_54  wpb_column vc_column_container tdc-column td-pb-span8\">\n<div class=\"wpb_wrapper\">\n<div class=\"td_block_wrap tdb_title tdi_55 tdb-single-title td-pb-border-top td_block_template_1\" data-td-block-uid=\"tdi_55\">\n<div class=\"tdb-block-inner td-fix-index\">\n<h1 class=\"tdb-title-text\">\u00cen aceast\u0103 sear\u0103, INCENDIU la o caban\u0103 din comuna Sl\u0103tioara. Trei persoane\u2026<\/h1>\n<\/div>\n<\/div>\n<div class=\"vc_row_inner tdi_58  vc_row vc_inner wpb_row td-pb-row tdc-row-content-vert-center\">\n<div class=\"vc_column_inner tdi_60  wpb_column vc_column_container tdc-inner-column td-pb-span12\">\n<div class=\"vc_column-inner\">\n<div class=\"wpb_wrapper\">\n<div class=\"td_block_wrap tdb_single_categories tdi_61 td-pb-border-top td_block_template_1 \" data-td-block-uid=\"tdi_61\">\n<div class=\"tdb-category td-fix-index\"><a class=\"tdb-entry-category\" href=\"https:\/\/www.gazeta-valceana.ro\/category\/fapt-divers\/\">Fapt divers<\/a><a class=\"tdb-entry-category\" href=\"https:\/\/www.gazeta-valceana.ro\/category\/i\/\">I<\/a><\/div>\n<\/div>\n<div class=\"td_block_wrap tdb_single_date tdi_62 td-pb-border-top td_block_template_1 tdb-post-meta\" data-td-block-uid=\"tdi_62\">\n<div class=\"tdb-block-inner td-fix-index\"><time class=\"entry-date updated td-module-date\" datetime=\"2026-02-21T21:16:09+02:00\">21 februarie 2026<\/time><\/div>\n<\/div>\n<\/div>\n<\/div>\n<\/div>\n<\/div>\n<\/div>\n<\/div>\n<\/div>\n<\/div>\n<div id=\"tdi_65\" class=\"tdc-row stretch_row_1200 td-stretch-content\">\n<div class=\"vc_row tdi_66  wpb_row td-pb-row\">\n<div class=\"vc_column tdi_68  wpb_column vc_column_container tdc-column td-pb-span8\">\n<div class=\"wpb_wrapper\">\n<div class=\"td_block_wrap tdb_single_featured_image tdi_69 tdb-content-horiz-left td-pb-border-top td_block_template_1\" data-td-block-uid=\"tdi_69\">\n<div class=\"tdb-block-inner td-fix-index\"><img loading=\"lazy\" decoding=\"async\" width=\"696\" height=\"457\" class=\"entry-thumb\" src=\"https:\/\/www.gazeta-valceana.ro\/wp-content\/uploads\/2025\/12\/ISU-incendiu-pompieri-interior-acoperis-casa-noaptea-1-696x457.jpg\" alt title=\"ISU incendiu pompieri interior acoperis casa noaptea 1\"><\/div>\n<\/div>\n<div class=\"td_block_wrap tdb_single_post_share tdi_70  td-pb-border-top td_block_template_1\" data-td-block-uid=\"tdi_70\">\n<div id=\"tdi_70\" class=\"td-post-sharing tdb-block td-ps-border td-ps-border-grey td-ps-notext td-ps-icon-color td-ps-text-color td-post-sharing-style16 \">\n<div class=\"td-post-sharing-visible\">\n<div class=\"td-social-sharing-button td-social-sharing-button-js td-social-handler td-social-share-text\">\n<div class=\"td-social-but-text\">Ac\u021biune<\/div>\n<\/div>\n<p><a class=\"td-social-sharing-button td-social-sharing-button-js td-social-network td-social-facebook\" href=\"https:\/\/www.facebook.com\/sharer.php?u=https%3A%2F%2Fwww.gazeta-valceana.ro%2Ffapt-divers%2Fin-aceasta-seara-incendiu-la-o-cabana-din-comuna-slatioara-trei-persoane%2F\" title=\"Facebook\"><\/p>\n<div class=\"td-social-but-text\">Facebook<\/div>\n<p><\/a><a class=\"td-social-sharing-button td-social-sharing-button-js td-social-network td-social-twitter\" href=\"https:\/\/twitter.com\/intent\/tweet?text=%C3%8En+aceast%C4%83+sear%C4%83%2C+INCENDIU+la+o+caban%C4%83+din+comuna+Sl%C4%83tioara.+Trei+persoane%E2%80%A6&amp;url=https%3A%2F%2Fwww.gazeta-valceana.ro%2Ffapt-divers%2Fin-aceasta-seara-incendiu-la-o-cabana-din-comuna-slatioara-trei-persoane%2F&amp;via=Gazeta+V%C3%A2lcean%C4%83\" title=\"Twitter\"><\/p>\n<div class=\"td-social-but-text\">Twitter<\/div>\n<p><\/a><a class=\"td-social-sharing-button td-social-sharing-button-js td-social-network td-social-pinterest\" href=\"https:\/\/pinterest.com\/pin\/create\/button\/?url=https:\/\/www.gazeta-valceana.ro\/fapt-divers\/in-aceasta-seara-incendiu-la-o-cabana-din-comuna-slatioara-trei-persoane\/&amp;media=https:\/\/www.gazeta-valceana.ro\/wp-content\/uploads\/2025\/12\/ISU-incendiu-pompieri-interior-acoperis-casa-noaptea-1.jpg&amp;description=%C3%8En+aceast%C4%83+sear%C4%83%2C+INCENDIU+la+o+caban%C4%83+din+comuna+Sl%C4%83tioara.+Trei+persoane%E2%80%A6\" title=\"Pinterest\"><\/p>\n<div class=\"td-social-but-text\">Pinterest<\/div>\n<p><\/a><a class=\"td-social-sharing-button td-social-sharing-button-js td-social-network td-social-whatsapp\" href=\"https:\/\/api.whatsapp.com\/send?text=%C3%8En+aceast%C4%83+sear%C4%83%2C+INCENDIU+la+o+caban%C4%83+din+comuna+Sl%C4%83tioara.+Trei+persoane%E2%80%A6%20%0A%0A%20https:\/\/www.gazeta-valceana.ro\/fapt-divers\/in-aceasta-seara-incendiu-la-o-cabana-din-comuna-slatioara-trei-persoane\/\" title=\"WhatsApp\"><\/p>\n<div class=\"td-social-but-text\">WhatsApp<\/div>\n<p><\/a><\/div>\n<\/div>\n<\/div>\n<div class=\"td_block_wrap tdb_single_content tdi_71 td-pb-border-top td_block_template_1 td-post-content tagdiv-type\" data-td-block-uid=\"tdi_71\">\n<div class=\"tdb-block-inner td-fix-index\">\n<p>Pompierii v\u00e2lceni au fost solicita\u021bi \u00een aceast\u0103 sear\u0103 de s\u00e2mb\u0103t\u0103, 21 februarie 2026, \u00een jurul orei 20.19, pentru stingerea unui incendiu izbucnit la o caban\u0103 din lemn, \u00een localitatea Sl\u0103tioara.<\/p>\n<p>S-au deplasat de urgen\u021b\u0103 la locul evenimentului, for\u021be din cadrul Sta\u021biei de Pompieri Gr\u0103di\u0219tea \u0219i Punctului de Lucru Horezu, cu dou\u0103 autospeciale de stingere cu ap\u0103 \u0219i spum\u0103. Incendiul a fost localizat \u0219i lichidat, \u00een scurt timp de la sosirea pompierilor militari, \u00een limitele g\u0103site.<\/p>\n<p>Nu au fost victime.<\/p>\n<p>Persoanele aflate \u00een caban\u0103 (trei persoane) s-au autoevacuat p\u00e2n\u0103 la sosirea pompierilor.<\/p>\n<p>Vom reveni cu informa\u021bii.<\/p>\n<\/div>\n<\/div>\n<div class=\"tdb-author-box td_block_wrap tdb_single_author_box tdi_72 tdb-content-vert-top td-pb-border-top td_block_template_1\" data-td-block-uid=\"tdi_72\">\n<div class=\"tdb-block-inner td-fix-index\"><a href=\"https:\/\/www.gazeta-valceana.ro\/author\/redactia\/\" class=\"tdb-author-photo\" title=\"Redactia\"><img decoding=\"async\" alt=\"Redactia\" src=\"https:\/\/secure.gravatar.com\/avatar\/d9699bfd17d7f55fcf6bbdfb0214d48a942c5fd23a1db27f4a803a8d0651670f?s=500&amp;d=mm&amp;r=g\" class=\"avatar avatar-500 photo\" height=\"500\" width=\"500\" loading=\"lazy\"><\/a><\/p>\n<div class=\"tdb-author-info\"><a href=\"https:\/\/www.gazeta-valceana.ro\/author\/redactia\/\" class=\"tdb-author-name\">Redactia<\/a><\/div>\n<\/div>\n<\/div>\n<\/div>\n<\/div>\n<div class=\"vc_column tdi_76  wpb_column vc_column_container tdc-column td-pb-span4 td-is-sticky\">\n<div class=\"wpb_wrapper\" data-sticky-enabled-on=\"W3RydWUsdHJ1ZSx0cnVlLHRydWVd\" data-sticky-offset=\"20\" data-sticky-is-width-auto=\"W2ZhbHNlLGZhbHNlLGZhbHNlLGZhbHNlXQ==\">\n<div class=\"vc_row_inner tdi_81  vc_row vc_inner wpb_row td-pb-row tdc-row-content-vert-center\">\n<div class=\"vc_column_inner tdi_83  wpb_column vc_column_container tdc-inner-column td-pb-span12\">\n<div class=\"vc_column-inner\">\n<div class=\"wpb_wrapper\">\n<div class=\"tdm_block td_block_wrap tdm_block_inline_text tdi_86 tdm-inline-block td-pb-border-top td_block_template_1\" data-td-block-uid=\"tdi_86\">\n<p class=\"tdm-descr\">Ultimele articole<\/p>\n<\/div>\n<\/div>\n<\/div>\n<\/div>\n<\/div>\n<div class=\"td_block_wrap td_flex_block_1 tdi_87 td-pb-border-top td_block_template_1 td_flex_block\" data-td-block-uid=\"tdi_87\">\n<div id=\"tdi_87\" class=\"td_block_inner td-mc1-wrap\">\n<div class=\"td_module_flex td_module_flex_1 td_module_wrap td-animation-stack td-cpt-post\">\n<div class=\"td-module-container td-category-pos-\">\n<div class=\"td-module-meta-info\">\n<h3 class=\"entry-title td-module-title\"><a href=\"https:\/\/www.gazeta-valceana.ro\/fapt-divers\/accident-in-aceasta-seara-in-ostroveni-doua-victime\/\" rel=\"bookmark\" title=\"Accident \u00een aceast\u0103 sear\u0103, \u00een Ostroveni. Dou\u0103 victime\">Accident \u00een aceast\u0103 sear\u0103, \u00een Ostroveni. Dou\u0103 victime<\/a><\/h3>\n<div class=\"td-editor-date\"><span class=\"td-author-date\"><span class=\"td-post-date\"><time class=\"entry-date updated td-module-date\" datetime=\"2026-02-21T22:30:08+02:00\">21 februarie 2026<\/time><\/span><\/span><\/div>\n<\/div>\n<\/div>\n<\/div>\n<div class=\"td_module_flex td_module_flex_1 td_module_wrap td-animation-stack td-cpt-post\">\n<div class=\"td-module-container td-category-pos-\">\n<div class=\"td-module-meta-info\">\n<h3 class=\"entry-title td-module-title\"><a href=\"https:\/\/www.gazeta-valceana.ro\/fapt-divers\/politistii-spun-ca-pe-dn-64-in-judetul-valcea-se-face-taximetrie-ilegala-depistat-a-doua-oara\/\" rel=\"bookmark\" title=\"Poli\u021bi\u0219tii spun c\u0103 pe DN 64, \u00een jude\u021bul V\u00e2lcea, se face taximetrie ilegal\u0103. Depistat a doua oar\u0103\">Poli\u021bi\u0219tii spun c\u0103 pe DN 64, \u00een jude\u021bul V\u00e2lcea, se face taximetrie ilegal\u0103. Depistat a doua oar\u0103<\/a><\/h3>\n<div class=\"td-editor-date\"><span class=\"td-author-date\"><span class=\"td-post-date\"><time class=\"entry-date updated td-module-date\" datetime=\"2026-02-21T17:04:05+02:00\">21 februarie 2026<\/time><\/span><\/span><\/div>\n<\/div>\n<\/div>\n<\/div>\n<div class=\"td_module_flex td_module_flex_1 td_module_wrap td-animation-stack td-cpt-post\">\n<div class=\"td-module-container td-category-pos-\">\n<div class=\"td-module-meta-info\">\n<h3 class=\"entry-title td-module-title\"><a href=\"https:\/\/www.gazeta-valceana.ro\/administratie\/informatii-actualizate-despre-avariile-produse-la-sistemul-de-incalzire-din-ramnic-precizari-de-la-cet-govora\/\" rel=\"bookmark\" title=\"Informa\u021bii actualizate despre avariile produse la sistemul de \u00eenc\u0103lzire din R\u00e2mnic. PRECIZ\u0102RI de la CET Govora\">Informa\u021bii actualizate despre avariile produse la sistemul de \u00eenc\u0103lzire din R\u00e2mnic. PRECIZ\u0102RI de la CET Govora<\/a><\/h3>\n<div class=\"td-editor-date\"><span class=\"td-author-date\"><span class=\"td-post-date\"><time class=\"entry-date updated td-module-date\" datetime=\"2026-02-21T14:59:03+02:00\">21 februarie 2026<\/time><\/span><\/span><\/div>\n<\/div>\n<\/div>\n<\/div>\n<div class=\"td_module_flex td_module_flex_1 td_module_wrap td-animation-stack td-cpt-post\">\n<div class=\"td-module-container td-category-pos-\">\n<div class=\"td-module-meta-info\">\n<h3 class=\"entry-title td-module-title\"><a href=\"https:\/\/www.gazeta-valceana.ro\/fapt-divers\/foto-zi-teribila-pe-dn-7-ghinioanele-se-tin-lant-un-nou-accident-rutier\/\" rel=\"bookmark\" title=\"FOTO. Zi teribil\u0103 pe DN 7. Ghinioanele se \u021bin lan\u021b. Un nou accident rutier\">FOTO. Zi teribil\u0103 pe DN 7. Ghinioanele se \u021bin lan\u021b. Un nou accident rutier<\/a><\/h3>\n<div class=\"td-editor-date\"><span class=\"td-author-date\"><span class=\"td-post-date\"><time class=\"entry-date updated td-module-date\" datetime=\"2026-02-21T14:37:03+02:00\">21 februarie 2026<\/time><\/span><\/span><\/div>\n<\/div>\n<\/div>\n<\/div>\n<\/div>\n<\/div>\n<div class=\"td_block_wrap td-a-rec td-a-rec-id-custom-spot td-a-rec-img tdi_88 td_block_template_1\">\n<div><a href=\"https:\/\/www.gazeta-valceana.ro\/fapt-divers\/in-aceasta-seara-incendiu-la-o-cabana-din-comuna-slatioara-trei-persoane\/\" class=\"td_spot_img_all\"><img loading=\"lazy\" decoding=\"async\" src=\"https:\/\/www.gazeta-valceana.ro\/wp-content\/uploads\/2025\/01\/image-5.jpg\" alt=\"spot_img\" width=\"347\" height=\"277\"><\/a><a href=\"https:\/\/www.gazeta-valceana.ro\/fapt-divers\/in-aceasta-seara-incendiu-la-o-cabana-din-comuna-slatioara-trei-persoane\/\" class=\"td_spot_img_mob\"><img loading=\"lazy\" decoding=\"async\" src=\"https:\/\/www.gazeta-valceana.ro\/wp-content\/uploads\/2025\/01\/image-5.jpg\" alt=\"spot_img\" width=\"347\" height=\"247\"><\/a><\/div>\n<\/div>\n<div class=\"td_block_wrap td-a-rec td-a-rec-id-custom-spot td-a-rec-img tdi_89 td_block_template_1\">\n<div><a href=\"https:\/\/www.gazeta-valceana.ro\/fapt-divers\/in-aceasta-seara-incendiu-la-o-cabana-din-comuna-slatioara-trei-persoane\/\" class=\"td_spot_img_all\"><img loading=\"lazy\" decoding=\"async\" src=\"https:\/\/www.gazeta-valceana.ro\/wp-content\/uploads\/2025\/01\/image-3.jpeg\" alt=\"spot_img\" width=\"347\" height=\"277\"><\/a><a href=\"https:\/\/www.gazeta-valceana.ro\/fapt-divers\/in-aceasta-seara-incendiu-la-o-cabana-din-comuna-slatioara-trei-persoane\/\" class=\"td_spot_img_mob\"><img loading=\"lazy\" decoding=\"async\" src=\"https:\/\/www.gazeta-valceana.ro\/wp-content\/uploads\/2025\/01\/image-3.jpeg\" alt=\"spot_img\" width=\"347\" height=\"247\"><\/a><\/div>\n<\/div>\n<\/div>\n<\/div>\n<\/div>\n<\/div>\n<div id=\"tdi_97\" class=\"tdc-row stretch_row_1200 td-stretch-content\">\n<div class=\"vc_row tdi_98  wpb_row td-pb-row\">\n<div class=\"vc_column tdi_100  wpb_column vc_column_container tdc-column td-pb-span12\">\n<div class=\"wpb_wrapper\">\n<div class=\"td_block_wrap tdb_single_next_prev tdi_101 td-pb-border-top td_block_template_1\" data-td-block-uid=\"tdi_101\">\n<div class=\"tdb-block-inner td-fix-index\">\n<div class=\"tdb-next-post tdb-next-post-bg tdb-post-prev\"><span>Articolul precedent<\/span><\/p>\n<div class=\"td-module-container\">\n<div class=\"next-prev-title\"><a href=\"https:\/\/www.gazeta-valceana.ro\/fapt-divers\/politistii-spun-ca-pe-dn-64-in-judetul-valcea-se-face-taximetrie-ilegala-depistat-a-doua-oara\/\">Poli\u021bi\u0219tii spun c\u0103 pe DN 64, \u00een jude\u021bul V\u00e2lcea, se face taximetrie ilegal\u0103. Depistat a doua oar\u0103<\/a><\/div>\n<\/div>\n<\/div>\n<div class=\"tdb-next-post tdb-next-post-bg tdb-post-next\"><span>Articolul urm\u0103tor<\/span><\/p>\n<div class=\"td-module-container\">\n<div class=\"next-prev-title\"><a href=\"https:\/\/www.gazeta-valceana.ro\/fapt-divers\/accident-in-aceasta-seara-in-ostroveni-doua-victime\/\">Accident \u00een aceast\u0103 sear\u0103, \u00een Ostroveni. Dou\u0103 victime<\/a><\/div>\n<\/div>\n<\/div>\n<\/div>\n<\/div>\n<div class=\"vc_row_inner tdi_103  vc_row vc_inner wpb_row td-pb-row tdc-row-content-vert-center\">\n<div class=\"vc_column_inner tdi_105  wpb_column vc_column_container tdc-inner-column td-pb-span12\">\n<div class=\"vc_column-inner\">\n<div class=\"wpb_wrapper\">\n<div class=\"tdm_block td_block_wrap tdm_block_inline_text tdi_108 tdm-inline-block td-pb-border-top td_block_template_1\" data-td-block-uid=\"tdi_108\">\n<p class=\"tdm-descr\">Related articles<\/p>\n<\/div>\n<\/div>\n<\/div>\n<\/div>\n<\/div>\n<div class=\"td_block_wrap tdb_single_related tdi_109 td_with_ajax_pagination td-pb-border-top td_block_template_1 tdb-single-related-posts\" data-td-block-uid=\"tdi_109\">\n<div id=\"tdi_109\" class=\"td_block_inner tdb-block-inner td-fix-index\">\n<div class=\"tdb_module_related td_module_wrap td-animation-stack\">\n<div class=\"td-module-container td-category-pos-\">\n<div class=\"td-module-meta-info\">\n<h3 class=\"entry-title td-module-title\"><a href=\"https:\/\/www.gazeta-valceana.ro\/fapt-divers\/accident-in-aceasta-seara-in-ostroveni-doua-victime\/\" rel=\"bookmark\" title=\"Accident \u00een aceast\u0103 sear\u0103, \u00een Ostroveni. Dou\u0103 victime\">Accident \u00een aceast\u0103 sear\u0103, \u00een Ostroveni. Dou\u0103 victime<\/a><\/h3>\n<div class=\"td-editor-date\"><a href=\"https:\/\/www.gazeta-valceana.ro\/category\/fapt-divers\/\" class=\"td-post-category\">Fapt divers<\/a><span class=\"td-author-date\"><span class=\"td-post-date\"><time class=\"entry-date updated td-module-date\" datetime=\"2026-02-21T22:30:08+02:00\">21 februarie 2026<\/time><\/span><\/span><\/div>\n<\/div>\n<\/div>\n<\/div>\n<div class=\"tdb_module_related td_module_wrap td-animation-stack\">\n<div class=\"td-module-container td-category-pos-\">\n<div class=\"td-module-meta-info\">\n<h3 class=\"entry-title td-module-title\"><a href=\"https:\/\/www.gazeta-valceana.ro\/fapt-divers\/politistii-spun-ca-pe-dn-64-in-judetul-valcea-se-face-taximetrie-ilegala-depistat-a-doua-oara\/\" rel=\"bookmark\" title=\"Poli\u021bi\u0219tii spun c\u0103 pe DN 64, \u00een jude\u021bul V\u00e2lcea, se face taximetrie ilegal\u0103. Depistat a doua oar\u0103\">Poli\u021bi\u0219tii spun c\u0103 pe DN 64, \u00een jude\u021bul V\u00e2lcea, se face taximetrie ilegal\u0103. Depistat a doua oar\u0103<\/a><\/h3>\n<div class=\"td-editor-date\"><a href=\"https:\/\/www.gazeta-valceana.ro\/category\/fapt-divers\/\" class=\"td-post-category\">Fapt divers<\/a><span class=\"td-author-date\"><span class=\"td-post-date\"><time class=\"entry-date updated td-module-date\" datetime=\"2026-02-21T17:04:05+02:00\">21 februarie 2026<\/time><\/span><\/span><\/div>\n<\/div>\n<\/div>\n<\/div>\n<div class=\"tdb_module_related td_module_wrap td-animation-stack\">\n<div class=\"td-module-container td-category-pos-\">\n<div class=\"td-module-meta-info\">\n<h3 class=\"entry-title td-module-title\"><a href=\"https:\/\/www.gazeta-valceana.ro\/administratie\/informatii-actualizate-despre-avariile-produse-la-sistemul-de-incalzire-din-ramnic-precizari-de-la-cet-govora\/\" rel=\"bookmark\" title=\"Informa\u021bii actualizate despre avariile produse la sistemul de \u00eenc\u0103lzire din R\u00e2mnic. PRECIZ\u0102RI de la CET Govora\">Informa\u021bii actualizate despre avariile produse la sistemul de \u00eenc\u0103lzire din R\u00e2mnic. PRECIZ\u0102RI de la CET Govora<\/a><\/h3>\n<div class=\"td-editor-date\"><a href=\"https:\/\/www.gazeta-valceana.ro\/category\/administratie\/\" class=\"td-post-category\">Administra\u0163ie<\/a><span class=\"td-author-date\"><span class=\"td-post-date\"><time class=\"entry-date updated td-module-date\" datetime=\"2026-02-21T14:59:03+02:00\">21 februarie 2026<\/time><\/span><\/span><\/div>\n<\/div>\n<\/div>\n<\/div>\n<\/div>\n<\/div>\n<\/div>\n<\/div>\n<\/div>\n<\/div>\n<div id=\"tdi_116\" class=\"tdc-row stretch_row_1200 td-stretch-content\">\n<div class=\"vc_row tdi_117  wpb_row td-pb-row\">\n<div class=\"vc_column tdi_122  wpb_column vc_column_container tdc-column td-pb-span4 td-is-sticky\">\n<div class=\"wpb_wrapper\" data-sticky-enabled-on=\"W3RydWUsdHJ1ZSx0cnVlLHRydWVd\" data-sticky-offset=\"20\" data-sticky-is-width-auto=\"W2ZhbHNlLGZhbHNlLGZhbHNlLGZhbHNlXQ==\">\n<div class=\"td_block_wrap td-a-rec td-a-rec-id-custom-spot td-a-rec-img tdi_123 td_block_template_1\">\n<div><a href=\"https:\/\/www.gazeta-valceana.ro\/fapt-divers\/in-aceasta-seara-incendiu-la-o-cabana-din-comuna-slatioara-trei-persoane\/\" class=\"td_spot_img_all\"><img loading=\"lazy\" decoding=\"async\" src=\"https:\/\/www.gazeta-valceana.ro\/wp-content\/uploads\/2025\/01\/image-4.jpg\" alt=\"spot_img\" width=\"347\" height=\"277\"><\/a><a href=\"https:\/\/www.gazeta-valceana.ro\/fapt-divers\/in-aceasta-seara-incendiu-la-o-cabana-din-comuna-slatioara-trei-persoane\/\" class=\"td_spot_img_mob\"><img loading=\"lazy\" decoding=\"async\" src=\"https:\/\/www.gazeta-valceana.ro\/wp-content\/uploads\/2025\/01\/image-4.jpg\" alt=\"spot_img\" width=\"347\" height=\"247\"><\/a><\/div>\n<\/div>\n<div class=\"td_block_wrap td-a-rec td-a-rec-id-custom-spot td-a-rec-img tdi_124 td_block_template_1\">\n<div><a href=\"https:\/\/www.gazeta-valceana.ro\/fapt-divers\/in-aceasta-seara-incendiu-la-o-cabana-din-comuna-slatioara-trei-persoane\/\" class=\"td_spot_img_all\"><img loading=\"lazy\" decoding=\"async\" src=\"https:\/\/www.gazeta-valceana.ro\/wp-content\/uploads\/2025\/01\/image-5.jpg\" alt=\"spot_img\" width=\"347\" height=\"277\"><\/a><a href=\"https:\/\/www.gazeta-valceana.ro\/fapt-divers\/in-aceasta-seara-incendiu-la-o-cabana-din-comuna-slatioara-trei-persoane\/\" class=\"td_spot_img_mob\"><img loading=\"lazy\" decoding=\"async\" src=\"https:\/\/www.gazeta-valceana.ro\/wp-content\/uploads\/2025\/01\/image-5.jpg\" alt=\"spot_img\" width=\"347\" height=\"247\"><\/a><\/div>\n<\/div>\n<div class=\"td_block_wrap td-a-rec td-a-rec-id-custom-spot td-a-rec-img tdi_125 td_block_template_1\">\n<div><a href=\"https:\/\/www.gazeta-valceana.ro\/fapt-divers\/in-aceasta-seara-incendiu-la-o-cabana-din-comuna-slatioara-trei-persoane\/\" class=\"td_spot_img_all\"><img loading=\"lazy\" decoding=\"async\" src=\"https:\/\/www.gazeta-valceana.ro\/wp-content\/uploads\/2025\/01\/image-3.jpeg\" alt=\"spot_img\" width=\"347\" height=\"277\"><\/a><a href=\"https:\/\/www.gazeta-valceana.ro\/fapt-divers\/in-aceasta-seara-incendiu-la-o-cabana-din-comuna-slatioara-trei-persoane\/\" class=\"td_spot_img_mob\"><img loading=\"lazy\" decoding=\"async\" src=\"https:\/\/www.gazeta-valceana.ro\/wp-content\/uploads\/2025\/01\/image-3.jpeg\" alt=\"spot_img\" width=\"347\" height=\"247\"><\/a><\/div>\n<\/div>\n<\/div>\n<\/div>\n<\/div>\n<\/div>\n<\/div>\n<\/div>\n<p><span class=\"td-page-meta\"><\/span><span class=\"td-page-meta\"><span class=\"td-page-meta\"><\/span><\/span><span class=\"td-page-meta\"><\/span><\/article>\n<\/p>\n<div class=\"td_block_wrap tdb_single_content tdi_71 td-pb-border-top td_block_template_1 td-post-content tagdiv-type\" data-td-block-uid=\"tdi_71\">\n<div class=\"tdb-block-inner td-fix-index\">\n<p>Pompierii v\u00e2lceni au fost solicita\u021bi \u00een aceast\u0103 sear\u0103 de s\u00e2mb\u0103t\u0103, 21 februarie 2026, \u00een jurul orei 20.19, pentru stingerea unui incendiu izbucnit la o caban\u0103 din lemn, \u00een localitatea Sl\u0103tioara.<\/p>\n<p>S-au deplasat de urgen\u021b\u0103 la locul evenimentului, for\u021be din cadrul Sta\u021biei de Pompieri Gr\u0103di\u0219tea \u0219i Punctului de Lucru Horezu, cu dou\u0103 autospeciale de stingere cu ap\u0103 \u0219i spum\u0103. Incendiul a fost localizat \u0219i lichidat, \u00een scurt timp de la sosirea pompierilor militari, \u00een limitele g\u0103site.<\/p>\n<p>Nu au fost victime.<\/p>\n<p>Persoanele aflate \u00een caban\u0103 (trei persoane) s-au autoevacuat p\u00e2n\u0103 la sosirea pompierilor.<\/p>\n<p>Vom reveni cu informa\u021bii.<\/p>\n<\/div>\n<\/div>\n<p>Pompierii v\u00e2lceni au fost solicita\u021bi \u00een aceast\u0103 sear\u0103 de s\u00e2mb\u0103t\u0103, 21 februarie 2026, \u00een jurul orei 20.19, pentru stingerea unui incendiu izbucnit la o caban\u0103 din lemn, \u00een localitatea Sl\u0103tioara.<\/p>\n<p>S-au deplasat de urgen\u021b\u0103 la locul evenimentului, for\u021be din cadrul Sta\u021biei de Pompieri Gr\u0103di\u0219tea \u0219i Punctului de Lucru Horezu, cu dou\u0103 autospeciale de stingere cu ap\u0103 \u0219i spum\u0103. Incendiul a fost localizat \u0219i lichidat, \u00een scurt timp de la sosirea pompierilor militari, \u00een limitele g\u0103site.<\/p>\n<p>Nu au fost victime.<\/p>\n<p>Persoanele aflate \u00een caban\u0103 (trei persoane) s-au autoevacuat p\u00e2n\u0103 la sosirea pompierilor.<\/p>\n<p>Vom reveni cu informa\u021bii.<\/p>\n<p>[analyse_source url=&#8221;https:\/\/www.gazeta-valceana.ro\/fapt-divers\/in-aceasta-seara-incendiu-la-o-cabana-din-comuna-slatioara-trei-persoane\/&#8221;]<\/p>\n","protected":false},"excerpt":{"rendered":"<p>[analyse_image type=&#8221;featured&#8221; src=&#8221;https:\/\/www.gazeta-valceana.ro\/wp-content\/uploads\/2025\/12\/ISU-incendiu-pompieri-interior-acoperis-casa-noaptea-1.jpg&#8221;] \u00cen aceast\u0103 sear\u0103, INCENDIU la o caban\u0103 din comuna Sl\u0103tioara. Trei persoane\u2026 Fapt diversI 21 februarie 2026 Ac\u021biune Facebook Twitter Pinterest WhatsApp Pompierii v\u00e2lceni au fost solicita\u021bi \u00een aceast\u0103 sear\u0103 de s\u00e2mb\u0103t\u0103, 21 februarie 2026, \u00een jurul orei 20.19, pentru stingerea unui incendiu izbucnit la o caban\u0103 din lemn, \u00een localitatea Sl\u0103tioara. [&hellip;]<\/p>\n","protected":false},"author":1,"featured_media":0,"comment_status":"open","ping_status":"","sticky":false,"template":"","format":"standard","meta":{"footnotes":""},"categories":[89],"tags":[226,214],"class_list":["post-1784903","post","type-post","status-publish","format-standard","hentry","category-romania","tag-crawlmanager","tag-gazetavalceana-ro"],"_links":{"self":[{"href":"https:\/\/analyse.optim.biz\/index.php?rest_route=\/wp\/v2\/posts\/1784903","targetHints":{"allow":["GET"]}}],"collection":[{"href":"https:\/\/analyse.optim.biz\/index.php?rest_route=\/wp\/v2\/posts"}],"about":[{"href":"https:\/\/analyse.optim.biz\/index.php?rest_route=\/wp\/v2\/types\/post"}],"author":[{"embeddable":true,"href":"https:\/\/analyse.optim.biz\/index.php?rest_route=\/wp\/v2\/users\/1"}],"replies":[{"embeddable":true,"href":"https:\/\/analyse.optim.biz\/index.php?rest_route=%2Fwp%2Fv2%2Fcomments&post=1784903"}],"version-history":[{"count":0,"href":"https:\/\/analyse.optim.biz\/index.php?rest_route=\/wp\/v2\/posts\/1784903\/revisions"}],"wp:attachment":[{"href":"https:\/\/analyse.optim.biz\/index.php?rest_route=%2Fwp%2Fv2%2Fmedia&parent=1784903"}],"wp:term":[{"taxonomy":"category","embeddable":true,"href":"https:\/\/analyse.optim.biz\/index.php?rest_route=%2Fwp%2Fv2%2Fcategories&post=1784903"},{"taxonomy":"post_tag","embeddable":true,"href":"https:\/\/analyse.optim.biz\/index.php?rest_route=%2Fwp%2Fv2%2Ftags&post=1784903"}],"curies":[{"name":"wp","href":"https:\/\/api.w.org\/{rel}","templated":true}]}}