{"id":1784894,"date":"2026-02-21T08:33:17","date_gmt":"2026-02-21T05:33:17","guid":{"rendered":"https:\/\/analyse.optim.biz\/?p=1784894"},"modified":"2026-02-21T08:33:17","modified_gmt":"2026-02-21T05:33:17","slug":"primaria-timisoara-datoare-vanduta-la-plata-intretinerii-unei-cladiri-istorice-din-centrul-orasului","status":"publish","type":"post","link":"https:\/\/analyse.optim.biz\/?p=1784894","title":{"rendered":"Prim\u0103ria Timi\u0219oara, datoare v\u00e2ndut\u0103 la plata \u00eentre\u021binerii unei cl\u0103diri istorice din centrul ora\u0219ului!"},"content":{"rendered":"<p>[analyse_image type=&#8221;featured&#8221; src=&#8221;https:\/\/www.banatulazi.ro\/wp-content\/uploads\/2026\/02\/Screenshot_20260221_101903_Messenger.jpg&#8221;]<\/p>\n<div class=\"td_block_wrap tdb_single_content tdi_64 td-pb-border-top td_block_template_1 td-post-content tagdiv-type\" data-td-block-uid=\"tdi_64\">\n<div class=\"tdb-block-inner td-fix-index\">\n<p>O asocia\u021bie de proprietari din centrul Timi\u0219oarei, \u00een care statul rom\u00e2n (prin Prim\u0103ria Timi\u0219oara) este coproprietar cu 16 la sut\u0103, se chinuie de un an s\u0103 recupereze restan\u021bele la \u00eentre\u021binere ale municipalit\u0103\u021bii.<\/p>\n<p>Administratoarea cl\u0103dirii, Otilia Bacria, sus\u021bine c\u0103 Prim\u0103ria Timi\u0219oara ignor\u0103 pur \u0219i simplu cererile asocia\u021biei. \u00cen plus, sus\u021bine administratoarea, situa\u021bia este una generalizat\u0103. Reprezentan\u021bii prim\u0103riei sus\u021bin c\u0103 sunt cel mult 10 cazuri \u00een care Prim\u0103ria Timi\u0219oara are restan\u021be la \u00eentre\u021binere.<\/p>\n<p><strong>Dominic Fritz, \u00een campania electoral\u0103: \u201eVom fi proprietar exemplar\u201d<\/strong><\/p>\n<p>\u00cen campania electoral\u0103 pentru primul mandat, actualul primar al Timi\u0219oarei promitea c\u0103 dac\u0103 va fi ales, \u00een primii patru ani vor fi reabilitate 50 de cl\u0103diri istorice din ora\u0219. \u201ePlanul nostru pentru rena\u0219terea patrimoniului istoric al Timi\u0219oarei se va derula pe patru paliere de ac\u021biune\u201d, ar\u0103ta Fritz \u00een platforma program cu care a c\u00e2\u0219tigat alegerile.<\/p>\n<p>Candidatul Fritz promitea c\u0103 \u00een cl\u0103dirile \u00een care prim\u0103ria de\u021bine apartamente, municipalitatea va fi \u201eproprietar exemplar\u201d. \u201eVom contribui la timp, al\u0103turi de ceilal\u021bi proprietari din imobil, la cotele din fondurile de \u00eentre\u021binere \u0219i repara\u021bii. Mai mult, ne angaj\u0103m s\u0103 lu\u0103m ini\u021biativa demar\u0103rii lucr\u0103rilor de reabilitare, \u00een zonele prioritare, \u00een cl\u0103dirile unde avem cot\u0103 \u00een proprietate. Pentru unele proiecte, prim\u0103ria poate deveni chiar entitatea contractant\u0103\u201d, mai promitea actualul primar al Timi\u0219oarei \u00eenainte de a fi ales.<\/p>\n<p><strong>Programul de reabilitare a cl\u0103dirilor istorice, un fiasco total<\/strong><\/p>\n<p>\u00cen aceea\u0219i campanie pentru primul mandat, Dominic Fritz promitea \u00eenfiin\u021barea Trustului Timi\u0219orean pentru Patrimoniu, \u201ecare va avea din start un buget de 10 milioane de euro, din bugetul local, din care vom finan\u021ba, \u00eenc\u0103 din primul mandat, reabilitarea a cel pu\u021bin 50 de cl\u0103diri\u201d.<\/p>\n<p>\u201e\u00cen plus, vom finan\u021ba proiectele de reabilitare prin credit circular: un credit pe termen lung luat de Prim\u0103ria Timi\u0219oara, apoi acordat mai departe proprietarilor, sub form\u0103 de credite pe 10 ani\u201d, se mai arat\u0103 \u00een programul prin care Dominic Fritz promitea \u201eRevolu\u021bia bunei guvern\u0103ri\u201d.<\/p>\n<p>Documentul mai prevede \u0219i \u201escutirea de la plata taxelor aferente avizelor pentru ob\u021binerea autoriza\u021biei de construire, scutirea de la plata taxei pentru ocuparea domeniului public pe perioada execu\u021biei lucr\u0103rilor, precum \u0219i scutirea, pentru o anumit\u0103 perioad\u0103, de la plata impozitelor locale pentru proprietarii care au efectuat lucr\u0103ri de reabilitare\u201d.<\/p>\n<p>Dup\u0103 cinci ani \u0219i jum\u0103tate de mandat, prin programul de reabilitare a cl\u0103dirilor istorice private, cu sprijin financiar de la Prim\u0103ria Timi\u0219oara, nu a fost reabilitat\u0103 nici m\u0103car o cl\u0103dire.<\/p>\n<p><a href=\"https:\/\/www.banatulazi.ro\/wp-content\/uploads\/2026\/02\/Screenshot_20260221_102254_Messenger.jpg\"><img loading=\"lazy\" decoding=\"async\" class=\"size-full wp-image-407330 aligncenter\" src=\"https:\/\/www.banatulazi.ro\/wp-content\/uploads\/2026\/02\/Screenshot_20260221_102254_Messenger.jpg\" alt width=\"1080\" height=\"972\"><\/a><\/p>\n<p><strong>Reabilit\u0103ri pl\u0103tite de cet\u0103\u021beni, cu recuperarea banilor de la prim\u0103rie doar la final\u00a0<\/strong><\/p>\n<p>Supu\u0219i supraimpozit\u0103rii din cauza fa\u021badelor ne\u00eengrijite, proprietarii de cl\u0103diri istorice au \u00eenceput s\u0103 reabiliteze imobilele din fonduri proprii. Un exemplu este Asocia\u021bia de Proprietari din Pia\u021ba Victoriei num\u0103rul 6. Proprietarii au investit aproximativ 600.000 de euro pentru reabilitarea cl\u0103dirii aflate \u00een zona ultracentral\u0103. \u00cen aceast\u0103 cl\u0103dire, Prim\u0103ria Timi\u0219oara de\u021bine dou\u0103 spa\u021bii: Galeria Helios, atribuit\u0103 \u00een folosin\u021b\u0103 gratuit\u0103 Uniunii Arti\u0219tilor Plastici, \u0219i un subsol. Cota-parte a prim\u0103riei din imobil este de 16 la sut\u0103.<\/p>\n<p>Chiar dac\u0103 Legea asocia\u021biilor de locatari nu face diferen\u021b\u0103 \u00eentre proprietari (publici sau priva\u021bi) c\u00e2nd vine vorba de cheltuielile comune, invoc\u00e2nd Legea Finan\u021belor Publice, Prim\u0103ria Timi\u0219oara pl\u0103te\u0219te abia dup\u0103 recep\u021bia lucr\u0103rilor de reabilitare. Astfel, sumele sunt achitate integral de proprietari, partea prim\u0103riei fiind achitat\u0103 doar la finalizarea lucr\u0103rilor.<\/p>\n<p>\u201eEste scandalos ce face prim\u0103ria. \u00cemi pare foarte r\u0103u. Am votat cu domnul Fritz, dar l-a\u0219 invita pe domnul Fritz s\u0103 vin\u0103 s\u0103 stea de vorb\u0103 \u0219i cu noi, ace\u0219ti cet\u0103\u021beni. Prim\u0103ria \u00een casa noastr\u0103 este coproprietar. Toate repara\u021biile pe care le facem noi prim\u0103ria nu le pl\u0103te\u0219te dec\u00e2t la sf\u00e2r\u0219it. Noi pl\u0103tim pentru prim\u0103rie \u0219i \u00een final, dup\u0103 un an-doi, c\u00e2nd leul se devalorizeaz\u0103 cu X%, pl\u0103te\u0219te \u0219i prim\u0103ria\u201d, se revolt\u0103 medicul pensionar Petru Roba\u0219, proprietar \u00een cl\u0103direa din Pia\u021ba Victoriei, nr. 6.<\/p>\n<p>\u201eDe exemplu, unde noi avem sediu se reabiliteaz\u0103 cl\u0103direa. De un an \u0219i ceva se pl\u0103te\u0219te din partea proprietarilor. Prim\u0103ria nu pl\u0103te\u0219te un leu. \u0218i mai e o chestie. Legea spune c\u0103 tu, ca proprietar, indiferent c\u0103 e\u0219ti prim\u0103rie, c\u0103 e\u0219ti Ionescu sau Popescu, ai dreptul la orice document al asocia\u021biei, contra cost. Prim\u0103ria ce face? Cere un geamantan de acte ca s\u0103-\u021bi dea o m\u00e2n\u0103 de lei. Culmea, dac\u0103 trebuie s\u0103 \u00ee\u021bi dea ni\u0219te bani, prim\u0103ria cere \u0219i copie dup\u0103 autoriza\u021bia de construire, dar cu tot cu toate anexele, c\u00e2nd ei o au \u00een sistemul digitalizat. Deci p\u00e2n\u0103 acolo s-a mers \u00eenc\u00e2t \u00ee\u0219i bat joc de tine\u201d, se pl\u00e2nge \u0219i pre\u0219edintele Federa\u021biei Asocia\u021biilor de Proprietari Timi\u0219oara, Petru Olariu.<\/p>\n<p>Purt\u0103toarea de cuv\u00e2nt a Prim\u0103riei Timi\u0219oara, Silvana Andrea\u0219, a declarat c\u0103 municipalitatea poate efectua pl\u0103\u021bi doar dac\u0103 sunt constituite asocia\u021bii de proprietari. \u201e\u00cen cazul lucr\u0103rilor de reabilitare, pl\u0103\u021bile se fac pe baza situa\u021biilor de lucr\u0103ri \u0219i a facturii\u201d, a declarat Silvana Andrea\u0219.<\/p>\n<p><strong> Cea mai mare problem\u0103: restan\u021bele la \u00eentre\u021binere<\/strong><\/p>\n<p>Administratoare a Asocia\u021biei de Proprietari Victoriei, nr. 6, Otilia Bacria, confirm\u0103 c\u0103 Prim\u0103ria Timi\u0219oara pl\u0103te\u0219te cheltuielile de reabilitare doar la finalizarea lucr\u0103rilor. \u201eDat\u0103 fiind legea bugetului de stat, fiind institu\u021bie public\u0103, Prim\u0103ria Timi\u0219oara nu pl\u0103te\u0219te avansuri la aceste lucr\u0103ri de renovare \u0219i nici situa\u021biile de lucr\u0103ri. Decontarea lor se face c\u00e2nd se finalizeaz\u0103 lucrarea. Facem dovada c\u0103 noi, asocia\u021bia, am pl\u0103tit renovarea, inclusiv pentru cota prim\u0103riei, \u0219i solicit\u0103m s\u0103 ni se ramburseze \u00een contul asocia\u021biei suma ce le revine lor conform cotei care ini\u021bial a fost achitat\u0103 de proprietari\u201d, a explicat administratoarea.<\/p>\n<p>Otilia Bacria sus\u021bine c\u0103, \u00een final, aceast\u0103 problem\u0103 ajunge s\u0103 fie rezolvat\u0103. \u00cen schimb, sus\u021bine administratoarea, marea problem\u0103 a asocia\u021biei de care se ocup\u0103 este c\u0103 Prim\u0103ria Timi\u0219oara nu \u00ee\u0219i pl\u0103te\u0219te cheltuielile curente de \u00eentre\u021binere, a\u0219a cum fac to\u021bi proprietarii.<\/p>\n<p>\u201eEi au dou\u0103 spa\u021bii. Unul \u00een subsolul cl\u0103dirii \u0219i spa\u021biul (n.r. \u2013 de la parter) unde func\u021bioneaz\u0103 galeria de art\u0103 Helios. Sunt ni\u0219te cheltuieli administrative. Din luna ianuarie 2025 nu au achitat nimic pentru subsol \u0219i din iulie 2025 nu au pl\u0103tit nimic pentru cheltuielile de \u00eentre\u021binere de la Helios\u201d, a declarat Otilia Bacria, potrivit c\u0103reia Prim\u0103ria Timi\u0219oara a ajuns s\u0103 cumuleze la \u00eentre\u021binere restan\u021be de aproape 13.000 de lei.<\/p>\n<figure id=\"attachment_407332\" aria-describedby=\"caption-attachment-407332\" class=\"wp-caption aligncenter\"><a href=\"https:\/\/www.banatulazi.ro\/wp-content\/uploads\/2026\/02\/Screenshot_20260221_102657_Messenger.jpg\"><img loading=\"lazy\" decoding=\"async\" class=\"size-full wp-image-407332\" src=\"https:\/\/www.banatulazi.ro\/wp-content\/uploads\/2026\/02\/Screenshot_20260221_102657_Messenger.jpg\" alt width=\"996\" height=\"752\"><\/a><figcaption id=\"caption-attachment-407332\" class=\"wp-caption-text\">Imobilul de Pia\u021ba Victoriei, nr. 6 are restan\u021be la \u00eentre\u021binere de aproape 13.000 de lei. Foto: Daniel Dancea<\/figcaption><\/figure>\n<p><strong>\u201eNimeni nu ne mai bag\u0103 \u00een seam\u0103. Pur \u0219i simplu tac\u201d<\/strong><\/p>\n<p>Otilia Bacria sus\u021bine c\u0103 o dat\u0103 la dou\u0103 luni a trimis prim\u0103riei soma\u021bie s\u0103 \u00ee\u0219i achite cheltuielile de \u00eentre\u021binere, dar nimeni nu o bag\u0103 \u00een seam\u0103. \u201e\u00cen ultimul timp, nici consiliera de resort care primea acele documente nu mi-a mai r\u0103spuns la telefon. Din luna iulie 2025 am trimis facturi, prin e-factura, at\u00e2t pentru spa\u021biul din subsol, c\u00e2t \u0219i pentru spa\u021biul unde func\u021bioneaz\u0103 galeria de art\u0103 Helios. Nimeni nu ne d\u0103 aten\u021bie, nimeni nu ne mai bag\u0103 \u00een seam\u0103. Pur \u0219i simplu tac\u201d, a declarat administratoarea cl\u0103dirii din centrul Timi\u0219oarei, potrivit c\u0103reia proprietarii din imobil \u201esunt foarte sup\u0103ra\u021bi\u201d.<\/p>\n<p>\u201eNoi st\u0103m \u0219i ne rug\u0103m de ei \u0219i ne ignor\u0103. Colaborarea cu Prim\u0103ria Timi\u0219oara din punctul acesta de vedere nu exist\u0103. Este un abuz. Nu po\u021bi ca institu\u021bie public\u0103 s\u0103 te someze o persoan\u0103 juridic\u0103 unde de\u021bii un spa\u021biu s\u0103 ignori \u0219i s\u0103 nu dai o adres\u0103, o notificare\u201d, a mai reclamat Otilia Bacria.<\/p>\n<p><strong>\u201eAm un coleg care are un an \u0219i opt luni neachitate\u201d<\/strong><\/p>\n<p>Administratoarea cl\u0103dirii din Pia\u021ba Victoriei, nr. 6 sus\u021bine c\u0103 func\u021bionara responsabil\u0103 de pl\u0103\u021bi i-a spus s\u0103 nu cumva s\u0103 calculeze penalit\u0103\u021bi, pentru c\u0103 trebuie s\u0103 aduc\u0103 bani de acas\u0103. \u201eAm stat de vorb\u0103 cu doamnele de la Compartimentul Asocia\u021bii de Proprietari \u0219i sunt siderate c\u0103 nu \u00een\u021beleg nici ele ce se \u00eent\u00e2mpl\u0103. Am un coleg care are un an \u0219i opt luni neachitate. Mai am o coleg\u0103 care are \u0219i ea vreo \u0219apte sau opt luni de \u00eent\u00e2rzieri. Situa\u021bia e la nivel de ora\u0219. Nu \u00een\u021belegem ce se \u00eent\u00e2mpl\u0103, nimeni nu ne d\u0103 nicio explica\u021bie. Noi vom porni proces, pentru c\u0103 trebuie s\u0103 recuper\u0103m banii \u0103\u0219tia\u201d, a mai spus Otilia Bacria.<\/p>\n<p>Responsabila de imobilul de Pia\u021ba Victoriei, nr. 6 spune c\u0103 mai administreaz\u0103 o cl\u0103dire \u00een care Consiliul Jude\u021bean de\u021bine un subsol, dar nu \u00eent\u00e2mpin\u0103 problemele pe care le are cu Prim\u0103ria Timi\u0219oara.<\/p>\n<p><strong>\u201eDe ce s\u0103 m\u0103 complic eu? C\u00e2nd vine o hot\u0103r\u00e2re de instan\u021b\u0103, le dau banii\u201d<\/strong><\/p>\n<p>Pre\u0219edintele Federa\u021biei Asocia\u021biilor de Locatari Timi\u0219oara (FALT), Petru Olariu, sus\u021bine c\u0103 problema prim\u0103riilor restante la \u00eentre\u021binere este una \u00eent\u00e2lnit\u0103 \u00een toat\u0103 \u021bara, dar \u201ela Timi\u0219oara este grav\u0103\u201d. Olariu spune c\u0103 aceast\u0103 situa\u021bie este cauzat\u0103 de lipsa de asumare a func\u021bionarilor care trebuie s\u0103 \u00ee\u0219i pun\u0103 semn\u0103tura pe documentele cu \u201ebun de plat\u0103\u201d.<\/p>\n<p>\u201eA\u0219teapt\u0103 hot\u0103r\u00e2re de instan\u021b\u0103. De ce? Pentru c\u0103, zice el: \u00abCe s\u0103 m\u0103 complic eu? C\u00e2nd vine o hot\u0103r\u00e2re de instan\u021b\u0103, le dau banii \u0219i nu mai am nicio r\u0103spundere\u00bb. Ei sus\u021bin c\u0103 vor pl\u0103ti c\u00e2ndva, c\u0103 nu-s prin\u0219i bani \u00een buget. Ei pot s\u0103 prind\u0103 \u00een buget cheltuieli neprev\u0103zute pentru spa\u021biile pe care le au \u00een asocia\u021biile de proprietari. Atunci le ai \u00een buget \u0219i nu mai poate s\u0103 vin\u0103 Curtea de Conturi s\u0103 spun\u0103 c\u0103 nu le ai \u00een buget. Dac\u0103 tu nu le prinzi de la \u00eenceput \u00een buget, normal c\u0103 nu le ai\u201d, a explicat Olariu, potrivit c\u0103ruia strategia cu a\u0219teptarea unor hot\u0103r\u00e2ri judec\u0103tore\u0219ti genereaz\u0103 cheltuieli de judecat\u0103 suplimentare, care ajung s\u0103 fie pl\u0103tite tot de la bugetul local.<\/p>\n<p><strong> Prim\u0103ria Timi\u0219oara: \u201e\u00cen prezent sunt cazuri izolate, p\u00e2n\u0103 \u00een 10\u201d<\/strong><\/p>\n<p>Purt\u0103toarea de cuv\u00e2nt a Prim\u0103riei Timi\u0219oara, Silvana Andrea\u0219, a declarat c\u0103 situa\u021biile \u00een care municipalitatea este restant\u0103 la \u00eentre\u021binere sunt \u201ecazuri izolate, p\u00e2n\u0103 \u00een 10\u201d. \u201eDup\u0103 o lung\u0103 perioad\u0103 \u00een care s-au acumulat sume, prin suplimentarea bugetului \u0219i a num\u0103rului de angaja\u021bi pe astfel de spe\u021be s-a ajuns aproape la zi \u00een anul 2024. De atunci, prim\u0103ria a men\u021binut contact direct cu asocia\u021biile de proprietari astfel \u00eenc\u00e2t dosarele s\u0103 fie complete pentru a face pl\u0103\u021bile \u00een cel mai scurt timp\u201d, a declarat Silvana Andrea\u0219.<\/p>\n<p>\u00cen privin\u021ba situa\u021biei de la cl\u0103direa din Pia\u021ba Victoriei, nr. 6, reprezentanta prim\u0103riei a spus c\u0103 \u00een 2024, municipalitatea a achitat aproape 260.000 de lei pentru reabilitare. \u201eAcum sunt \u00een preg\u0103tire documentele necesare pentru plata unei sume de peste 11.000 de lei, fond de repara\u021bii pentru cele dou\u0103 spa\u021bii \u0219i cheltuieli pentru ianuarie-decembrie pentru spa\u021biul care nu este ocupat. De asemenea, urmeaz\u0103 plata \u00eentre\u021binerii pentru Galeria Helios, circa 1.000 de lei\u201d, a mai transmis purt\u0103toarea de cuv\u00e2nt a Prim\u0103riei Timi\u0219oara.<\/p>\n<p>Sursa: <a href=\"https:\/\/www.libertatea.ro\/\">https:\/\/www.libertatea.ro\/<\/a><\/p>\n<p>\u00a0<\/p>\n<p>\u00a0<\/p>\n<\/div>\n<\/div>\n<p>[analyse_source url=&#8221;https:\/\/www.banatulazi.ro\/primaria-timisoara-datoare-vanduta-la-plata-intretinerii-unei-cladiri-istorice-din-centrul-orasului\/&#8221;]<\/p>\n","protected":false},"excerpt":{"rendered":"<p>[analyse_image type=&#8221;featured&#8221; src=&#8221;https:\/\/www.banatulazi.ro\/wp-content\/uploads\/2026\/02\/Screenshot_20260221_101903_Messenger.jpg&#8221;] O asocia\u021bie de proprietari din centrul Timi\u0219oarei, \u00een care statul rom\u00e2n (prin Prim\u0103ria Timi\u0219oara) este coproprietar cu 16 la sut\u0103, se chinuie de un an s\u0103 recupereze restan\u021bele la \u00eentre\u021binere ale municipalit\u0103\u021bii. Administratoarea cl\u0103dirii, Otilia Bacria, sus\u021bine c\u0103 Prim\u0103ria Timi\u0219oara ignor\u0103 pur \u0219i simplu cererile asocia\u021biei. \u00cen plus, sus\u021bine administratoarea, situa\u021bia este [&hellip;]<\/p>\n","protected":false},"author":1,"featured_media":0,"comment_status":"open","ping_status":"","sticky":false,"template":"","format":"standard","meta":{"footnotes":""},"categories":[89],"tags":[185,226],"class_list":["post-1784894","post","type-post","status-publish","format-standard","hentry","category-romania","tag-banatulazi-ro","tag-crawlmanager"],"_links":{"self":[{"href":"https:\/\/analyse.optim.biz\/index.php?rest_route=\/wp\/v2\/posts\/1784894","targetHints":{"allow":["GET"]}}],"collection":[{"href":"https:\/\/analyse.optim.biz\/index.php?rest_route=\/wp\/v2\/posts"}],"about":[{"href":"https:\/\/analyse.optim.biz\/index.php?rest_route=\/wp\/v2\/types\/post"}],"author":[{"embeddable":true,"href":"https:\/\/analyse.optim.biz\/index.php?rest_route=\/wp\/v2\/users\/1"}],"replies":[{"embeddable":true,"href":"https:\/\/analyse.optim.biz\/index.php?rest_route=%2Fwp%2Fv2%2Fcomments&post=1784894"}],"version-history":[{"count":0,"href":"https:\/\/analyse.optim.biz\/index.php?rest_route=\/wp\/v2\/posts\/1784894\/revisions"}],"wp:attachment":[{"href":"https:\/\/analyse.optim.biz\/index.php?rest_route=%2Fwp%2Fv2%2Fmedia&parent=1784894"}],"wp:term":[{"taxonomy":"category","embeddable":true,"href":"https:\/\/analyse.optim.biz\/index.php?rest_route=%2Fwp%2Fv2%2Fcategories&post=1784894"},{"taxonomy":"post_tag","embeddable":true,"href":"https:\/\/analyse.optim.biz\/index.php?rest_route=%2Fwp%2Fv2%2Ftags&post=1784894"}],"curies":[{"name":"wp","href":"https:\/\/api.w.org\/{rel}","templated":true}]}}