{"id":1784426,"date":"2026-02-21T12:59:03","date_gmt":"2026-02-21T09:59:03","guid":{"rendered":"https:\/\/analyse.optim.biz\/?p=1784426"},"modified":"2026-02-21T12:59:03","modified_gmt":"2026-02-21T09:59:03","slug":"informatii-actualizate-despre-avariile-produse-la-sistemul-de-incalzire-din-ramnic-precizari-de-la-cet","status":"publish","type":"post","link":"https:\/\/analyse.optim.biz\/?p=1784426","title":{"rendered":"Informa\u021bii actualizate despre avariile produse la sistemul de \u00eenc\u0103lzire din R\u00e2mnic. PRECIZ\u0102RI de la CET"},"content":{"rendered":"<p>[analyse_image type=&#8221;featured&#8221; src=&#8221;https:\/\/www.gazeta-valceana.ro\/wp-content\/uploads\/2017\/01\/caloriferul-e1714033095126.jpg&#8221;]<\/p>\n<article id=\"template-id-91645\" class=\"post-91645 tdb_templates type-tdb_templates status-publish post\">\n<div id=\"tdi_49\" class=\"tdc-zone\">\n<div class=\"tdc_zone tdi_50  wpb_row td-pb-row\">\n<div id=\"tdi_51\" class=\"tdc-row stretch_row_1200 td-stretch-content\">\n<div class=\"vc_row tdi_52  wpb_row td-pb-row\">\n<div class=\"vc_column tdi_54  wpb_column vc_column_container tdc-column td-pb-span8\">\n<div class=\"wpb_wrapper\">\n<div class=\"td_block_wrap tdb_title tdi_55 tdb-single-title td-pb-border-top td_block_template_1\" data-td-block-uid=\"tdi_55\">\n<div class=\"tdb-block-inner td-fix-index\">\n<h1 class=\"tdb-title-text\">Informa\u021bii actualizate despre avariile produse la sistemul de \u00eenc\u0103lzire din R\u00e2mnic. PRECIZ\u0102RI de la CET Govora<\/h1>\n<\/div>\n<\/div>\n<div class=\"vc_row_inner tdi_58  vc_row vc_inner wpb_row td-pb-row tdc-row-content-vert-center\">\n<div class=\"vc_column_inner tdi_60  wpb_column vc_column_container tdc-inner-column td-pb-span12\">\n<div class=\"vc_column-inner\">\n<div class=\"wpb_wrapper\">\n<div class=\"td_block_wrap tdb_single_categories tdi_61 td-pb-border-top td_block_template_1 \" data-td-block-uid=\"tdi_61\">\n<div class=\"tdb-category td-fix-index\"><a class=\"tdb-entry-category\" href=\"https:\/\/www.gazeta-valceana.ro\/category\/administratie\/\">Administra\u0163ie<\/a><a class=\"tdb-entry-category\" href=\"https:\/\/www.gazeta-valceana.ro\/category\/i\/\">I<\/a><\/div>\n<\/div>\n<div class=\"td_block_wrap tdb_single_date tdi_62 td-pb-border-top td_block_template_1 tdb-post-meta\" data-td-block-uid=\"tdi_62\">\n<div class=\"tdb-block-inner td-fix-index\"><time class=\"entry-date updated td-module-date\" datetime=\"2026-02-21T14:59:03+02:00\">21 februarie 2026<\/time><\/div>\n<\/div>\n<\/div>\n<\/div>\n<\/div>\n<\/div>\n<\/div>\n<\/div>\n<\/div>\n<\/div>\n<div id=\"tdi_65\" class=\"tdc-row stretch_row_1200 td-stretch-content\">\n<div class=\"vc_row tdi_66  wpb_row td-pb-row\">\n<div class=\"vc_column tdi_68  wpb_column vc_column_container tdc-column td-pb-span8\">\n<div class=\"wpb_wrapper\">\n<div class=\"td_block_wrap tdb_single_featured_image tdi_69 tdb-content-horiz-left td-pb-border-top td_block_template_1\" data-td-block-uid=\"tdi_69\">\n<div class=\"tdb-block-inner td-fix-index\"><img loading=\"lazy\" decoding=\"async\" width=\"696\" height=\"401\" class=\"entry-thumb\" src=\"https:\/\/www.gazeta-valceana.ro\/wp-content\/uploads\/2017\/01\/caloriferul-e1714033095126.jpg\" alt title=\"caloriferul\"><\/div>\n<\/div>\n<div class=\"td_block_wrap tdb_single_post_share tdi_70  td-pb-border-top td_block_template_1\" data-td-block-uid=\"tdi_70\">\n<div id=\"tdi_70\" class=\"td-post-sharing tdb-block td-ps-border td-ps-border-grey td-ps-notext td-ps-icon-color td-ps-text-color td-post-sharing-style16 \">\n<div class=\"td-post-sharing-visible\">\n<div class=\"td-social-sharing-button td-social-sharing-button-js td-social-handler td-social-share-text\">\n<div class=\"td-social-but-text\">Ac\u021biune<\/div>\n<\/div>\n<p><a class=\"td-social-sharing-button td-social-sharing-button-js td-social-network td-social-facebook\" href=\"https:\/\/www.facebook.com\/sharer.php?u=https%3A%2F%2Fwww.gazeta-valceana.ro%2Fadministratie%2Finformatii-actualizate-despre-avariile-produse-la-sistemul-de-incalzire-din-ramnic-precizari-de-la-cet-govora%2F\" title=\"Facebook\"><\/p>\n<div class=\"td-social-but-text\">Facebook<\/div>\n<p><\/a><a class=\"td-social-sharing-button td-social-sharing-button-js td-social-network td-social-twitter\" href=\"https:\/\/twitter.com\/intent\/tweet?text=Informa%C8%9Bii+actualizate+despre+avariile+produse+la+sistemul+de+%C3%AEnc%C4%83lzire+din+R%C3%A2mnic.+PRECIZ%C4%82RI+de+la+CET+Govora&amp;url=https%3A%2F%2Fwww.gazeta-valceana.ro%2Fadministratie%2Finformatii-actualizate-despre-avariile-produse-la-sistemul-de-incalzire-din-ramnic-precizari-de-la-cet-govora%2F&amp;via=Gazeta+V%C3%A2lcean%C4%83\" title=\"Twitter\"><\/p>\n<div class=\"td-social-but-text\">Twitter<\/div>\n<p><\/a><a class=\"td-social-sharing-button td-social-sharing-button-js td-social-network td-social-pinterest\" href=\"https:\/\/pinterest.com\/pin\/create\/button\/?url=https:\/\/www.gazeta-valceana.ro\/administratie\/informatii-actualizate-despre-avariile-produse-la-sistemul-de-incalzire-din-ramnic-precizari-de-la-cet-govora\/&amp;media=https:\/\/www.gazeta-valceana.ro\/wp-content\/uploads\/2017\/01\/caloriferul-e1714033095126.jpg&amp;description=Informa%C8%9Bii+actualizate+despre+avariile+produse+la+sistemul+de+%C3%AEnc%C4%83lzire+din+R%C3%A2mnic.+PRECIZ%C4%82RI+de+la+CET+Govora\" title=\"Pinterest\"><\/p>\n<div class=\"td-social-but-text\">Pinterest<\/div>\n<p><\/a><a class=\"td-social-sharing-button td-social-sharing-button-js td-social-network td-social-whatsapp\" href=\"https:\/\/api.whatsapp.com\/send?text=Informa%C8%9Bii+actualizate+despre+avariile+produse+la+sistemul+de+%C3%AEnc%C4%83lzire+din+R%C3%A2mnic.+PRECIZ%C4%82RI+de+la+CET+Govora%20%0A%0A%20https:\/\/www.gazeta-valceana.ro\/administratie\/informatii-actualizate-despre-avariile-produse-la-sistemul-de-incalzire-din-ramnic-precizari-de-la-cet-govora\/\" title=\"WhatsApp\"><\/p>\n<div class=\"td-social-but-text\">WhatsApp<\/div>\n<p><\/a><\/div>\n<\/div>\n<\/div>\n<div class=\"td_block_wrap tdb_single_content tdi_71 td-pb-border-top td_block_template_1 td-post-content tagdiv-type\" data-td-block-uid=\"tdi_71\">\n<div class=\"tdb-block-inner td-fix-index\">\n<p>S\u00e2mb\u0103t\u0103, dup\u0103 orele pr\u00e2nzului, reprezentan\u021bii CET Govora au venit cu noi preciz\u0103ri referitoare la avariile produse vineri, 20 februarie 2026, la sistemul de \u00eenc\u0103lzire centralizat\u0103 al municipiului R\u00e2mnicu V\u00e2lcea. Vezi <span><strong><a href=\"https:\/\/www.gazeta-valceana.ro\/administratie\/grav-doua-avarii-succesive-la-cazanele-cet-govora-urmeaza-zeci-de-ore-fara-caldura-si-apa-calda-in-ramnicu-valcea\/\" target=\"_blank\" rel=\"noreferrer noopener\"><mark class=\"has-inline-color has-vivid-cyan-blue-color\">AICI<\/mark><\/a><\/strong><\/span> informa\u021bii despre situa\u021bia ini\u021bial\u0103.<\/p>\n<p><em>\u201eEchipele de speciali\u0219ti ale CET Govora sunt mobilizate la fa\u021ba locului \u0219i lucreaz\u0103 f\u0103r\u0103 \u00eentrerupere pentru remedierea defec\u021biunilor la cazanul 7. Interven\u021bia este \u00een desf\u0103\u0219urare, iar prioritatea noastr\u0103 este reluarea furniz\u0103rii apei calde \u0219i a agentului termic c\u0103tre popula\u021bie \u00een cel mai scurt timp posibil, astfel cum a fost precizat \u00een comunicatele anterioare\u201d<\/em>, au anun\u021bat reprezentan\u021bii CET Govora \u00een comunicatul transmis s\u00e2mb\u0103t\u0103, 21 februarie, la ora 14.00.<\/p>\n<p><em>\u201eReafirm\u0103m angajamentul nostru pentru transparen\u021b\u0103, comunicare corect\u0103 \u0219i furnizarea f\u0103r\u0103 \u00eentreruperi a agentului termic. Echipele tehnice lucreaz\u0103 permanent pentru remedierea problemelor existente \u0219i pentru asigurarea continuit\u0103\u021bii serviciului\u201d<\/em>, se mai arat\u0103 \u00een comunicatul semnat de Ion Roescu, directorul general al CET Govora.<\/p>\n<\/div>\n<\/div>\n<div class=\"tdb-author-box td_block_wrap tdb_single_author_box tdi_72 tdb-content-vert-top td-pb-border-top td_block_template_1\" data-td-block-uid=\"tdi_72\">\n<div class=\"tdb-block-inner td-fix-index\"><a href=\"https:\/\/www.gazeta-valceana.ro\/author\/crisu-popescu\/\" class=\"tdb-author-photo\" title=\"Crisu Popescu\"><img decoding=\"async\" alt=\"Crisu Popescu\" src=\"https:\/\/secure.gravatar.com\/avatar\/623ae2fd6009d47e21e0c86d7ec5fe74f977ec9e97f0a467ab05eddce1bd1eae?s=500&amp;d=mm&amp;r=g\" class=\"avatar avatar-500 photo\" height=\"500\" width=\"500\" loading=\"lazy\"><\/a><\/p>\n<div class=\"tdb-author-info\"><a href=\"https:\/\/www.gazeta-valceana.ro\/author\/crisu-popescu\/\" class=\"tdb-author-name\">Crisu Popescu<\/a><a href=\"https:\/\/www.gazetavalceana.ro\" class=\"tdb-author-url\">https:\/\/www.gazetavalceana.ro<\/a><\/p>\n<div class=\"tdb-author-descr\">Crisu Popescu poate fi contactat pe adresa de e-mail cry_crishu@yahoo.it<\/div>\n<\/div>\n<\/div>\n<\/div>\n<\/div>\n<\/div>\n<div class=\"vc_column tdi_76  wpb_column vc_column_container tdc-column td-pb-span4 td-is-sticky\">\n<div class=\"wpb_wrapper\" data-sticky-enabled-on=\"W3RydWUsdHJ1ZSx0cnVlLHRydWVd\" data-sticky-offset=\"20\" data-sticky-is-width-auto=\"W2ZhbHNlLGZhbHNlLGZhbHNlLGZhbHNlXQ==\">\n<div class=\"vc_row_inner tdi_81  vc_row vc_inner wpb_row td-pb-row tdc-row-content-vert-center\">\n<div class=\"vc_column_inner tdi_83  wpb_column vc_column_container tdc-inner-column td-pb-span12\">\n<div class=\"vc_column-inner\">\n<div class=\"wpb_wrapper\">\n<div class=\"tdm_block td_block_wrap tdm_block_inline_text tdi_86 tdm-inline-block td-pb-border-top td_block_template_1\" data-td-block-uid=\"tdi_86\">\n<p class=\"tdm-descr\">Ultimele articole<\/p>\n<\/div>\n<\/div>\n<\/div>\n<\/div>\n<\/div>\n<div class=\"td_block_wrap td_flex_block_1 tdi_87 td-pb-border-top td_block_template_1 td_flex_block\" data-td-block-uid=\"tdi_87\">\n<div id=\"tdi_87\" class=\"td_block_inner td-mc1-wrap\">\n<div class=\"td_module_flex td_module_flex_1 td_module_wrap td-animation-stack td-cpt-post\">\n<div class=\"td-module-container td-category-pos-\">\n<div class=\"td-module-meta-info\">\n<h3 class=\"entry-title td-module-title\"><a href=\"https:\/\/www.gazeta-valceana.ro\/fapt-divers\/foto-zi-teribila-pe-dn-7-ghinioanele-se-tin-lant-un-nou-accident-rutier\/\" rel=\"bookmark\" title=\"FOTO. Zi teribil\u0103 pe DN 7. Ghinioanele se \u021bin lan\u021b. Un nou accident rutier\">FOTO. Zi teribil\u0103 pe DN 7. Ghinioanele se \u021bin lan\u021b. Un nou accident rutier<\/a><\/h3>\n<div class=\"td-editor-date\"><span class=\"td-author-date\"><span class=\"td-post-date\"><time class=\"entry-date updated td-module-date\" datetime=\"2026-02-21T14:37:03+02:00\">21 februarie 2026<\/time><\/span><\/span><\/div>\n<\/div>\n<\/div>\n<\/div>\n<div class=\"td_module_flex td_module_flex_1 td_module_wrap td-animation-stack td-cpt-post\">\n<div class=\"td-module-container td-category-pos-\">\n<div class=\"td-module-meta-info\">\n<h3 class=\"entry-title td-module-title\"><a href=\"https:\/\/www.gazeta-valceana.ro\/fapt-divers\/foto-accident-grav-pe-dn-7-circulatie-afectata-constanta-arad-si-valcea-judetele-in-care-sunt-inmatriculate-autovehiculele\/\" rel=\"bookmark\" title=\"FOTO. ACCIDENT grav pe DN 7. Circula\u021bie afectat\u0103. Constan\u021ba, Arad \u0219i V\u00e2lcea, jude\u021bele \u00een care sunt \u00eenmatriculate autovehiculele\">FOTO. ACCIDENT grav pe DN 7. Circula\u021bie afectat\u0103. Constan\u021ba, Arad \u0219i V\u00e2lcea, jude\u021bele \u00een care sunt \u00eenmatriculate autovehiculele<\/a><\/h3>\n<div class=\"td-editor-date\"><span class=\"td-author-date\"><span class=\"td-post-date\"><time class=\"entry-date updated td-module-date\" datetime=\"2026-02-21T12:19:02+02:00\">21 februarie 2026<\/time><\/span><\/span><\/div>\n<\/div>\n<\/div>\n<\/div>\n<div class=\"td_module_flex td_module_flex_1 td_module_wrap td-animation-stack td-cpt-post\">\n<div class=\"td-module-container td-category-pos-\">\n<div class=\"td-module-meta-info\">\n<h3 class=\"entry-title td-module-title\"><a href=\"https:\/\/www.gazeta-valceana.ro\/administratie\/grav-doua-avarii-succesive-la-cazanele-cet-govora-urmeaza-zeci-de-ore-fara-caldura-si-apa-calda-in-ramnicu-valcea\/\" rel=\"bookmark\" title=\"GRAV! Dou\u0103 avarii succesive la cazanele CET Govora! Urmeaz\u0103 zeci de ore f\u0103r\u0103 c\u0103ldur\u0103 \u0219i ap\u0103 cald\u0103 \u00een R\u00e2mnicu V\u00e2lcea\">GRAV! Dou\u0103 avarii succesive la cazanele CET Govora! Urmeaz\u0103 zeci de ore f\u0103r\u0103 c\u0103ldur\u0103 \u0219i ap\u0103 cald\u0103 \u00een R\u00e2mnicu V\u00e2lcea<\/a><\/h3>\n<div class=\"td-editor-date\"><span class=\"td-author-date\"><span class=\"td-post-date\"><time class=\"entry-date updated td-module-date\" datetime=\"2026-02-20T16:34:51+02:00\">20 februarie 2026<\/time><\/span><\/span><\/div>\n<\/div>\n<\/div>\n<\/div>\n<div class=\"td_module_flex td_module_flex_1 td_module_wrap td-animation-stack td-cpt-post\">\n<div class=\"td-module-container td-category-pos-\">\n<div class=\"td-module-meta-info\">\n<h3 class=\"entry-title td-module-title\"><a href=\"https:\/\/www.gazeta-valceana.ro\/fapt-divers\/foto-accident-grav-pe-partia-de-la-voineasa-elicopterul-smurd-a-preluat-femeia-ranita-la-cap\/\" rel=\"bookmark\" title=\"FOTO. Accident grav pe p\u00e2rtia de la Voineasa. Elicopterul SMURD a preluat femeia r\u0103nit\u0103 la cap\">FOTO. Accident grav pe p\u00e2rtia de la Voineasa. Elicopterul SMURD a preluat femeia r\u0103nit\u0103 la cap<\/a><\/h3>\n<div class=\"td-editor-date\"><span class=\"td-author-date\"><span class=\"td-post-date\"><time class=\"entry-date updated td-module-date\" datetime=\"2026-02-20T13:52:25+02:00\">20 februarie 2026<\/time><\/span><\/span><\/div>\n<\/div>\n<\/div>\n<\/div>\n<\/div>\n<\/div>\n<div class=\"td_block_wrap td-a-rec td-a-rec-id-custom-spot td-a-rec-img tdi_88 td_block_template_1\">\n<div><a href=\"https:\/\/www.gazeta-valceana.ro\/administratie\/informatii-actualizate-despre-avariile-produse-la-sistemul-de-incalzire-din-ramnic-precizari-de-la-cet-govora\/\" class=\"td_spot_img_all\"><img loading=\"lazy\" decoding=\"async\" src=\"https:\/\/www.gazeta-valceana.ro\/wp-content\/uploads\/2025\/01\/image-5.jpg\" alt=\"spot_img\" width=\"347\" height=\"277\"><\/a><a href=\"https:\/\/www.gazeta-valceana.ro\/administratie\/informatii-actualizate-despre-avariile-produse-la-sistemul-de-incalzire-din-ramnic-precizari-de-la-cet-govora\/\" class=\"td_spot_img_mob\"><img loading=\"lazy\" decoding=\"async\" src=\"https:\/\/www.gazeta-valceana.ro\/wp-content\/uploads\/2025\/01\/image-5.jpg\" alt=\"spot_img\" width=\"347\" height=\"247\"><\/a><\/div>\n<\/div>\n<div class=\"td_block_wrap td-a-rec td-a-rec-id-custom-spot td-a-rec-img tdi_89 td_block_template_1\">\n<div><a href=\"https:\/\/www.gazeta-valceana.ro\/administratie\/informatii-actualizate-despre-avariile-produse-la-sistemul-de-incalzire-din-ramnic-precizari-de-la-cet-govora\/\" class=\"td_spot_img_all\"><img loading=\"lazy\" decoding=\"async\" src=\"https:\/\/www.gazeta-valceana.ro\/wp-content\/uploads\/2025\/01\/image-3.jpeg\" alt=\"spot_img\" width=\"347\" height=\"277\"><\/a><a href=\"https:\/\/www.gazeta-valceana.ro\/administratie\/informatii-actualizate-despre-avariile-produse-la-sistemul-de-incalzire-din-ramnic-precizari-de-la-cet-govora\/\" class=\"td_spot_img_mob\"><img loading=\"lazy\" decoding=\"async\" src=\"https:\/\/www.gazeta-valceana.ro\/wp-content\/uploads\/2025\/01\/image-3.jpeg\" alt=\"spot_img\" width=\"347\" height=\"247\"><\/a><\/div>\n<\/div>\n<\/div>\n<\/div>\n<\/div>\n<\/div>\n<div id=\"tdi_97\" class=\"tdc-row stretch_row_1200 td-stretch-content\">\n<div class=\"vc_row tdi_98  wpb_row td-pb-row\">\n<div class=\"vc_column tdi_100  wpb_column vc_column_container tdc-column td-pb-span12\">\n<div class=\"wpb_wrapper\">\n<div class=\"td_block_wrap tdb_single_next_prev tdi_101 td-pb-border-top td_block_template_1\" data-td-block-uid=\"tdi_101\">\n<div class=\"tdb-block-inner td-fix-index\">\n<div class=\"tdb-next-post tdb-next-post-bg tdb-post-prev\"><span>Articolul precedent<\/span><\/p>\n<div class=\"td-module-container\">\n<div class=\"next-prev-title\"><a href=\"https:\/\/www.gazeta-valceana.ro\/fapt-divers\/foto-zi-teribila-pe-dn-7-ghinioanele-se-tin-lant-un-nou-accident-rutier\/\">FOTO. Zi teribil\u0103 pe DN 7. Ghinioanele se \u021bin lan\u021b. Un nou accident rutier<\/a><\/div>\n<\/div>\n<\/div>\n<\/div>\n<\/div>\n<div class=\"vc_row_inner tdi_103  vc_row vc_inner wpb_row td-pb-row tdc-row-content-vert-center\">\n<div class=\"vc_column_inner tdi_105  wpb_column vc_column_container tdc-inner-column td-pb-span12\">\n<div class=\"vc_column-inner\">\n<div class=\"wpb_wrapper\">\n<div class=\"tdm_block td_block_wrap tdm_block_inline_text tdi_108 tdm-inline-block td-pb-border-top td_block_template_1\" data-td-block-uid=\"tdi_108\">\n<p class=\"tdm-descr\">Related articles<\/p>\n<\/div>\n<\/div>\n<\/div>\n<\/div>\n<\/div>\n<div class=\"td_block_wrap tdb_single_related tdi_109 td_with_ajax_pagination td-pb-border-top td_block_template_1 tdb-single-related-posts\" data-td-block-uid=\"tdi_109\">\n<div id=\"tdi_109\" class=\"td_block_inner tdb-block-inner td-fix-index\">\n<div class=\"tdb_module_related td_module_wrap td-animation-stack\">\n<div class=\"td-module-container td-category-pos-\">\n<div class=\"td-module-meta-info\">\n<h3 class=\"entry-title td-module-title\"><a href=\"https:\/\/www.gazeta-valceana.ro\/fapt-divers\/foto-zi-teribila-pe-dn-7-ghinioanele-se-tin-lant-un-nou-accident-rutier\/\" rel=\"bookmark\" title=\"FOTO. Zi teribil\u0103 pe DN 7. Ghinioanele se \u021bin lan\u021b. Un nou accident rutier\">FOTO. Zi teribil\u0103 pe DN 7. Ghinioanele se \u021bin lan\u021b. Un nou accident rutier<\/a><\/h3>\n<div class=\"td-editor-date\"><a href=\"https:\/\/www.gazeta-valceana.ro\/category\/fapt-divers\/\" class=\"td-post-category\">Fapt divers<\/a><span class=\"td-author-date\"><span class=\"td-post-date\"><time class=\"entry-date updated td-module-date\" datetime=\"2026-02-21T14:37:03+02:00\">21 februarie 2026<\/time><\/span><\/span><\/div>\n<\/div>\n<\/div>\n<\/div>\n<div class=\"tdb_module_related td_module_wrap td-animation-stack\">\n<div class=\"td-module-container td-category-pos-\">\n<div class=\"td-module-meta-info\">\n<h3 class=\"entry-title td-module-title\"><a href=\"https:\/\/www.gazeta-valceana.ro\/fapt-divers\/foto-accident-grav-pe-dn-7-circulatie-afectata-constanta-arad-si-valcea-judetele-in-care-sunt-inmatriculate-autovehiculele\/\" rel=\"bookmark\" title=\"FOTO. ACCIDENT grav pe DN 7. Circula\u021bie afectat\u0103. Constan\u021ba, Arad \u0219i V\u00e2lcea, jude\u021bele \u00een care sunt \u00eenmatriculate autovehiculele\">FOTO. ACCIDENT grav pe DN 7. Circula\u021bie afectat\u0103. Constan\u021ba, Arad \u0219i V\u00e2lcea, jude\u021bele \u00een care sunt \u00eenmatriculate autovehiculele<\/a><\/h3>\n<div class=\"td-editor-date\"><a href=\"https:\/\/www.gazeta-valceana.ro\/category\/fapt-divers\/\" class=\"td-post-category\">Fapt divers<\/a><span class=\"td-author-date\"><span class=\"td-post-date\"><time class=\"entry-date updated td-module-date\" datetime=\"2026-02-21T12:19:02+02:00\">21 februarie 2026<\/time><\/span><\/span><\/div>\n<\/div>\n<\/div>\n<\/div>\n<div class=\"tdb_module_related td_module_wrap td-animation-stack\">\n<div class=\"td-module-container td-category-pos-\">\n<div class=\"td-module-meta-info\">\n<h3 class=\"entry-title td-module-title\"><a href=\"https:\/\/www.gazeta-valceana.ro\/administratie\/grav-doua-avarii-succesive-la-cazanele-cet-govora-urmeaza-zeci-de-ore-fara-caldura-si-apa-calda-in-ramnicu-valcea\/\" rel=\"bookmark\" title=\"GRAV! Dou\u0103 avarii succesive la cazanele CET Govora! Urmeaz\u0103 zeci de ore f\u0103r\u0103 c\u0103ldur\u0103 \u0219i ap\u0103 cald\u0103 \u00een R\u00e2mnicu V\u00e2lcea\">GRAV! Dou\u0103 avarii succesive la cazanele CET Govora! Urmeaz\u0103 zeci de ore f\u0103r\u0103 c\u0103ldur\u0103 \u0219i ap\u0103 cald\u0103 \u00een R\u00e2mnicu V\u00e2lcea<\/a><\/h3>\n<div class=\"td-editor-date\"><a href=\"https:\/\/www.gazeta-valceana.ro\/category\/administratie\/\" class=\"td-post-category\">Administra\u0163ie<\/a><span class=\"td-author-date\"><span class=\"td-post-date\"><time class=\"entry-date updated td-module-date\" datetime=\"2026-02-20T16:34:51+02:00\">20 februarie 2026<\/time><\/span><\/span><\/div>\n<\/div>\n<\/div>\n<\/div>\n<\/div>\n<\/div>\n<\/div>\n<\/div>\n<\/div>\n<\/div>\n<div id=\"tdi_116\" class=\"tdc-row stretch_row_1200 td-stretch-content\">\n<div class=\"vc_row tdi_117  wpb_row td-pb-row\">\n<div class=\"vc_column tdi_122  wpb_column vc_column_container tdc-column td-pb-span4 td-is-sticky\">\n<div class=\"wpb_wrapper\" data-sticky-enabled-on=\"W3RydWUsdHJ1ZSx0cnVlLHRydWVd\" data-sticky-offset=\"20\" data-sticky-is-width-auto=\"W2ZhbHNlLGZhbHNlLGZhbHNlLGZhbHNlXQ==\">\n<div class=\"td_block_wrap td-a-rec td-a-rec-id-custom-spot td-a-rec-img tdi_123 td_block_template_1\">\n<div><a href=\"https:\/\/www.gazeta-valceana.ro\/administratie\/informatii-actualizate-despre-avariile-produse-la-sistemul-de-incalzire-din-ramnic-precizari-de-la-cet-govora\/\" class=\"td_spot_img_all\"><img loading=\"lazy\" decoding=\"async\" src=\"https:\/\/www.gazeta-valceana.ro\/wp-content\/uploads\/2025\/01\/image-4.jpg\" alt=\"spot_img\" width=\"347\" height=\"277\"><\/a><a href=\"https:\/\/www.gazeta-valceana.ro\/administratie\/informatii-actualizate-despre-avariile-produse-la-sistemul-de-incalzire-din-ramnic-precizari-de-la-cet-govora\/\" class=\"td_spot_img_mob\"><img loading=\"lazy\" decoding=\"async\" src=\"https:\/\/www.gazeta-valceana.ro\/wp-content\/uploads\/2025\/01\/image-4.jpg\" alt=\"spot_img\" width=\"347\" height=\"247\"><\/a><\/div>\n<\/div>\n<div class=\"td_block_wrap td-a-rec td-a-rec-id-custom-spot td-a-rec-img tdi_124 td_block_template_1\">\n<div><a href=\"https:\/\/www.gazeta-valceana.ro\/administratie\/informatii-actualizate-despre-avariile-produse-la-sistemul-de-incalzire-din-ramnic-precizari-de-la-cet-govora\/\" class=\"td_spot_img_all\"><img loading=\"lazy\" decoding=\"async\" src=\"https:\/\/www.gazeta-valceana.ro\/wp-content\/uploads\/2025\/01\/image-5.jpg\" alt=\"spot_img\" width=\"347\" height=\"277\"><\/a><a href=\"https:\/\/www.gazeta-valceana.ro\/administratie\/informatii-actualizate-despre-avariile-produse-la-sistemul-de-incalzire-din-ramnic-precizari-de-la-cet-govora\/\" class=\"td_spot_img_mob\"><img loading=\"lazy\" decoding=\"async\" src=\"https:\/\/www.gazeta-valceana.ro\/wp-content\/uploads\/2025\/01\/image-5.jpg\" alt=\"spot_img\" width=\"347\" height=\"247\"><\/a><\/div>\n<\/div>\n<div class=\"td_block_wrap td-a-rec td-a-rec-id-custom-spot td-a-rec-img tdi_125 td_block_template_1\">\n<div><a href=\"https:\/\/www.gazeta-valceana.ro\/administratie\/informatii-actualizate-despre-avariile-produse-la-sistemul-de-incalzire-din-ramnic-precizari-de-la-cet-govora\/\" class=\"td_spot_img_all\"><img loading=\"lazy\" decoding=\"async\" src=\"https:\/\/www.gazeta-valceana.ro\/wp-content\/uploads\/2025\/01\/image-3.jpeg\" alt=\"spot_img\" width=\"347\" height=\"277\"><\/a><a href=\"https:\/\/www.gazeta-valceana.ro\/administratie\/informatii-actualizate-despre-avariile-produse-la-sistemul-de-incalzire-din-ramnic-precizari-de-la-cet-govora\/\" class=\"td_spot_img_mob\"><img loading=\"lazy\" decoding=\"async\" src=\"https:\/\/www.gazeta-valceana.ro\/wp-content\/uploads\/2025\/01\/image-3.jpeg\" alt=\"spot_img\" width=\"347\" height=\"247\"><\/a><\/div>\n<\/div>\n<\/div>\n<\/div>\n<\/div>\n<\/div>\n<\/div>\n<\/div>\n<p><span class=\"td-page-meta\"><\/span><span class=\"td-page-meta\"><span class=\"td-page-meta\"><\/span><\/span><span class=\"td-page-meta\"><\/span><\/article>\n<\/p>\n<div class=\"td_block_wrap tdb_single_content tdi_71 td-pb-border-top td_block_template_1 td-post-content tagdiv-type\" data-td-block-uid=\"tdi_71\">\n<div class=\"tdb-block-inner td-fix-index\">\n<p>S\u00e2mb\u0103t\u0103, dup\u0103 orele pr\u00e2nzului, reprezentan\u021bii CET Govora au venit cu noi preciz\u0103ri referitoare la avariile produse vineri, 20 februarie 2026, la sistemul de \u00eenc\u0103lzire centralizat\u0103 al municipiului R\u00e2mnicu V\u00e2lcea. Vezi <span><strong><a href=\"https:\/\/www.gazeta-valceana.ro\/administratie\/grav-doua-avarii-succesive-la-cazanele-cet-govora-urmeaza-zeci-de-ore-fara-caldura-si-apa-calda-in-ramnicu-valcea\/\" target=\"_blank\" rel=\"noreferrer noopener\"><mark class=\"has-inline-color has-vivid-cyan-blue-color\">AICI<\/mark><\/a><\/strong><\/span> informa\u021bii despre situa\u021bia ini\u021bial\u0103.<\/p>\n<p><em>\u201eEchipele de speciali\u0219ti ale CET Govora sunt mobilizate la fa\u021ba locului \u0219i lucreaz\u0103 f\u0103r\u0103 \u00eentrerupere pentru remedierea defec\u021biunilor la cazanul 7. Interven\u021bia este \u00een desf\u0103\u0219urare, iar prioritatea noastr\u0103 este reluarea furniz\u0103rii apei calde \u0219i a agentului termic c\u0103tre popula\u021bie \u00een cel mai scurt timp posibil, astfel cum a fost precizat \u00een comunicatele anterioare\u201d<\/em>, au anun\u021bat reprezentan\u021bii CET Govora \u00een comunicatul transmis s\u00e2mb\u0103t\u0103, 21 februarie, la ora 14.00.<\/p>\n<p><em>\u201eReafirm\u0103m angajamentul nostru pentru transparen\u021b\u0103, comunicare corect\u0103 \u0219i furnizarea f\u0103r\u0103 \u00eentreruperi a agentului termic. Echipele tehnice lucreaz\u0103 permanent pentru remedierea problemelor existente \u0219i pentru asigurarea continuit\u0103\u021bii serviciului\u201d<\/em>, se mai arat\u0103 \u00een comunicatul semnat de Ion Roescu, directorul general al CET Govora.<\/p>\n<\/div>\n<\/div>\n<p>S\u00e2mb\u0103t\u0103, dup\u0103 orele pr\u00e2nzului, reprezentan\u021bii CET Govora au venit cu noi preciz\u0103ri referitoare la avariile produse vineri, 20 februarie 2026, la sistemul de \u00eenc\u0103lzire centralizat\u0103 al municipiului R\u00e2mnicu V\u00e2lcea. Vezi <span><strong><a href=\"https:\/\/www.gazeta-valceana.ro\/administratie\/grav-doua-avarii-succesive-la-cazanele-cet-govora-urmeaza-zeci-de-ore-fara-caldura-si-apa-calda-in-ramnicu-valcea\/\" target=\"_blank\" rel=\"noreferrer noopener\"><mark class=\"has-inline-color has-vivid-cyan-blue-color\">AICI<\/mark><\/a><\/strong><\/span> informa\u021bii despre situa\u021bia ini\u021bial\u0103.<\/p>\n<p><em>\u201eEchipele de speciali\u0219ti ale CET Govora sunt mobilizate la fa\u021ba locului \u0219i lucreaz\u0103 f\u0103r\u0103 \u00eentrerupere pentru remedierea defec\u021biunilor la cazanul 7. Interven\u021bia este \u00een desf\u0103\u0219urare, iar prioritatea noastr\u0103 este reluarea furniz\u0103rii apei calde \u0219i a agentului termic c\u0103tre popula\u021bie \u00een cel mai scurt timp posibil, astfel cum a fost precizat \u00een comunicatele anterioare\u201d<\/em>, au anun\u021bat reprezentan\u021bii CET Govora \u00een comunicatul transmis s\u00e2mb\u0103t\u0103, 21 februarie, la ora 14.00.<\/p>\n<p><em>\u201eReafirm\u0103m angajamentul nostru pentru transparen\u021b\u0103, comunicare corect\u0103 \u0219i furnizarea f\u0103r\u0103 \u00eentreruperi a agentului termic. Echipele tehnice lucreaz\u0103 permanent pentru remedierea problemelor existente \u0219i pentru asigurarea continuit\u0103\u021bii serviciului\u201d<\/em>, se mai arat\u0103 \u00een comunicatul semnat de Ion Roescu, directorul general al CET Govora.<\/p>\n<p>[analyse_source url=&#8221;https:\/\/www.gazeta-valceana.ro\/administratie\/informatii-actualizate-despre-avariile-produse-la-sistemul-de-incalzire-din-ramnic-precizari-de-la-cet-govora\/&#8221;]<\/p>\n","protected":false},"excerpt":{"rendered":"<p>[analyse_image type=&#8221;featured&#8221; src=&#8221;https:\/\/www.gazeta-valceana.ro\/wp-content\/uploads\/2017\/01\/caloriferul-e1714033095126.jpg&#8221;] Informa\u021bii actualizate despre avariile produse la sistemul de \u00eenc\u0103lzire din R\u00e2mnic. PRECIZ\u0102RI de la CET Govora Administra\u0163ieI 21 februarie 2026 Ac\u021biune Facebook Twitter Pinterest WhatsApp S\u00e2mb\u0103t\u0103, dup\u0103 orele pr\u00e2nzului, reprezentan\u021bii CET Govora au venit cu noi preciz\u0103ri referitoare la avariile produse vineri, 20 februarie 2026, la sistemul de \u00eenc\u0103lzire centralizat\u0103 al municipiului [&hellip;]<\/p>\n","protected":false},"author":1,"featured_media":0,"comment_status":"open","ping_status":"","sticky":false,"template":"","format":"standard","meta":{"footnotes":""},"categories":[89],"tags":[226,214],"class_list":["post-1784426","post","type-post","status-publish","format-standard","hentry","category-romania","tag-crawlmanager","tag-gazetavalceana-ro"],"_links":{"self":[{"href":"https:\/\/analyse.optim.biz\/index.php?rest_route=\/wp\/v2\/posts\/1784426","targetHints":{"allow":["GET"]}}],"collection":[{"href":"https:\/\/analyse.optim.biz\/index.php?rest_route=\/wp\/v2\/posts"}],"about":[{"href":"https:\/\/analyse.optim.biz\/index.php?rest_route=\/wp\/v2\/types\/post"}],"author":[{"embeddable":true,"href":"https:\/\/analyse.optim.biz\/index.php?rest_route=\/wp\/v2\/users\/1"}],"replies":[{"embeddable":true,"href":"https:\/\/analyse.optim.biz\/index.php?rest_route=%2Fwp%2Fv2%2Fcomments&post=1784426"}],"version-history":[{"count":0,"href":"https:\/\/analyse.optim.biz\/index.php?rest_route=\/wp\/v2\/posts\/1784426\/revisions"}],"wp:attachment":[{"href":"https:\/\/analyse.optim.biz\/index.php?rest_route=%2Fwp%2Fv2%2Fmedia&parent=1784426"}],"wp:term":[{"taxonomy":"category","embeddable":true,"href":"https:\/\/analyse.optim.biz\/index.php?rest_route=%2Fwp%2Fv2%2Fcategories&post=1784426"},{"taxonomy":"post_tag","embeddable":true,"href":"https:\/\/analyse.optim.biz\/index.php?rest_route=%2Fwp%2Fv2%2Ftags&post=1784426"}],"curies":[{"name":"wp","href":"https:\/\/api.w.org\/{rel}","templated":true}]}}