{"id":1784100,"date":"2026-02-20T00:00:00","date_gmt":"2026-02-19T21:00:00","guid":{"rendered":"https:\/\/analyse.optim.biz\/?p=1784100"},"modified":"2026-02-20T00:00:00","modified_gmt":"2026-02-19T21:00:00","slug":"tragedie-medic-mort-la-doar-57-de-ani","status":"publish","type":"post","link":"https:\/\/analyse.optim.biz\/?p=1784100","title":{"rendered":"Tragedie! Medic mort la doar 57 de ani"},"content":{"rendered":"<p>[analyse_image type=&#8221;featured&#8221; src=&#8221;&#8221;]<\/p>\n<div class=\"entry-content\">\n<p data-hveid=\"CAEIAxAA\" data-complete=\"true\" data-processed=\"true\"><a href=\"https:\/\/www.botosaninews.ro\/wp-content\/uploads\/2024\/05\/doliu.jpg\"><img decoding=\"async\" loading=\"lazy\" class=\"alignright size-medium wp-image-625344\" src=\"https:\/\/www.botosaninews.ro\/wp-content\/uploads\/2024\/05\/doliu-300x207.jpg\" alt=\"\" width=\"300\" height=\"207\"><\/a>O doctori\u021b\u0103 din Suceava s-a stins din via\u021b\u0103 vineri diminea\u021b\u0103. Vestea trecerii la cele ve\u0219nice a doctori\u021bei Anca Oic\u0103 a c\u0103zut ca un tr\u0103snet peste colegi, pacien\u021bi \u0219i to\u021bi cei care au avut privilegiul de a o cunoa\u0219te. \u00centr-o lume a medicinei adesea cople\u0219it\u0103 de cifre \u0219i protocoale, Anca Oic\u0103 a reu\u0219it s\u0103 r\u0103m\u00e2n\u0103, \u00eenainte de toate, un reper de omenie, discre\u021bie \u0219i verticalitate.<\/p>\n<p data-hveid=\"CAEIBBAA\" data-complete=\"true\" data-processed=\"true\">Absolvent\u0103 a prestigioasei Facult\u0103\u021bi de Medicin\u0103 din Cluj, dr. Anca Oic\u0103 s-a specializat \u00een expertiza capacit\u0103\u021bii de munc\u0103, o ramur\u0103 a medicinei care cere nu doar precizie clinic\u0103, ci \u0219i o mare putere de discern\u0103m\u00e2nt moral. De\u0219i \u0219i-a \u00eenceput parcursul profesional la F\u0103lticeni, numele s\u0103u a devenit sinonim cu\u00a0Policlinica Areni\u00a0din Suceava, locul unde \u0219i-a desf\u0103\u0219urat cea mai mare parte a activit\u0103\u021bii.<\/p>\n<p data-hveid=\"CAEIBRAA\" data-complete=\"true\" data-processed=\"true\">Cei care i-au trecut pragul cabinetului nu au g\u0103sit doar un medic riguros, ci un om care trata fiecare destin cu o discre\u021bie elegant\u0103. \u00centr-un sistem marcat de provoc\u0103ri, dr. Oic\u0103 a fost un model de corectitudine, aleg\u00e2nd \u00eentotdeauna calea integrit\u0103\u021bii.<\/p>\n<p data-hveid=\"CAEIBxAA\" data-complete=\"true\" data-processed=\"true\">Destinul a f\u0103cut ca firul vie\u021bii sale s\u0103 se rup\u0103 brusc, cu doar c\u00e2teva zile \u00eenainte de o zi aniversar\u0103. Pe\u00a024 februarie, dr. Anca Oic\u0103 ar fi \u00eemplinit\u00a057 de ani. \u00cen loc de buchetele de flori \u0219i ur\u0103rile de \u201eLa mul\u021bi ani\u201d pe care le merita din plin, comunitatea se preg\u0103te\u0219te acum pentru un ultim \u0219i dureros omagiu.<\/p>\n<p data-hveid=\"CAEICBAA\" data-complete=\"true\" data-processed=\"true\">Cauza decesului a fost\u00a0 un infarct. Dincolo de profesionalismul de necontestat, Anca Oic\u0103 las\u0103 \u00een urm\u0103 amintirea unei prezen\u021be luminoase. Colegii \u0219i-o vor aminti pentru elegan\u021ba sa moral\u0103, o calitate tot mai rar\u0103 \u00een zilele noastre, iar pacien\u021bii pentru echilibrul \u0219i corectitudinea cu care le-a evaluat vie\u021bile \u00een momente de vulnerabilitate.<\/p>\n<\/div>\n<div class=\"entry-content\">\n<p data-hveid=\"CAEIAxAA\" data-complete=\"true\" data-processed=\"true\"><a href=\"https:\/\/www.botosaninews.ro\/wp-content\/uploads\/2024\/05\/doliu.jpg\"><img decoding=\"async\" loading=\"lazy\" class=\"alignright size-medium wp-image-625344\" src=\"https:\/\/www.botosaninews.ro\/wp-content\/uploads\/2024\/05\/doliu-300x207.jpg\" alt=\"\" width=\"300\" height=\"207\"><\/a>O doctori\u021b\u0103 din Suceava s-a stins din via\u021b\u0103 vineri diminea\u021b\u0103. Vestea trecerii la cele ve\u0219nice a doctori\u021bei Anca Oic\u0103 a c\u0103zut ca un tr\u0103snet peste colegi, pacien\u021bi \u0219i to\u021bi cei care au avut privilegiul de a o cunoa\u0219te. \u00centr-o lume a medicinei adesea cople\u0219it\u0103 de cifre \u0219i protocoale, Anca Oic\u0103 a reu\u0219it s\u0103 r\u0103m\u00e2n\u0103, \u00eenainte de toate, un reper de omenie, discre\u021bie \u0219i verticalitate.<\/p>\n<p data-hveid=\"CAEIBBAA\" data-complete=\"true\" data-processed=\"true\">Absolvent\u0103 a prestigioasei Facult\u0103\u021bi de Medicin\u0103 din Cluj, dr. Anca Oic\u0103 s-a specializat \u00een expertiza capacit\u0103\u021bii de munc\u0103, o ramur\u0103 a medicinei care cere nu doar precizie clinic\u0103, ci \u0219i o mare putere de discern\u0103m\u00e2nt moral. De\u0219i \u0219i-a \u00eenceput parcursul profesional la F\u0103lticeni, numele s\u0103u a devenit sinonim cu\u00a0Policlinica Areni\u00a0din Suceava, locul unde \u0219i-a desf\u0103\u0219urat cea mai mare parte a activit\u0103\u021bii.<\/p>\n<p data-hveid=\"CAEIBRAA\" data-complete=\"true\" data-processed=\"true\">Cei care i-au trecut pragul cabinetului nu au g\u0103sit doar un medic riguros, ci un om care trata fiecare destin cu o discre\u021bie elegant\u0103. \u00centr-un sistem marcat de provoc\u0103ri, dr. Oic\u0103 a fost un model de corectitudine, aleg\u00e2nd \u00eentotdeauna calea integrit\u0103\u021bii.<\/p>\n<p data-hveid=\"CAEIBxAA\" data-complete=\"true\" data-processed=\"true\">Destinul a f\u0103cut ca firul vie\u021bii sale s\u0103 se rup\u0103 brusc, cu doar c\u00e2teva zile \u00eenainte de o zi aniversar\u0103. Pe\u00a024 februarie, dr. Anca Oic\u0103 ar fi \u00eemplinit\u00a057 de ani. \u00cen loc de buchetele de flori \u0219i ur\u0103rile de \u201eLa mul\u021bi ani\u201d pe care le merita din plin, comunitatea se preg\u0103te\u0219te acum pentru un ultim \u0219i dureros omagiu.<\/p>\n<p data-hveid=\"CAEICBAA\" data-complete=\"true\" data-processed=\"true\">Cauza decesului a fost\u00a0 un infarct. Dincolo de profesionalismul de necontestat, Anca Oic\u0103 las\u0103 \u00een urm\u0103 amintirea unei prezen\u021be luminoase. Colegii \u0219i-o vor aminti pentru elegan\u021ba sa moral\u0103, o calitate tot mai rar\u0103 \u00een zilele noastre, iar pacien\u021bii pentru echilibrul \u0219i corectitudinea cu care le-a evaluat vie\u021bile \u00een momente de vulnerabilitate.<\/p>\n<\/div>\n<p>[analyse_source url=&#8221;https:\/\/suceavanews.ro\/318652\/social\/tragedie-medic-mort-la-doar-57-de-ani\/&#8221;]<\/p>\n","protected":false},"excerpt":{"rendered":"<p>[analyse_image type=&#8221;featured&#8221; src=&#8221;&#8221;] O doctori\u021b\u0103 din Suceava s-a stins din via\u021b\u0103 vineri diminea\u021b\u0103. Vestea trecerii la cele ve\u0219nice a doctori\u021bei Anca Oic\u0103 a c\u0103zut ca un tr\u0103snet peste colegi, pacien\u021bi \u0219i to\u021bi cei care au avut privilegiul de a o cunoa\u0219te. \u00centr-o lume a medicinei adesea cople\u0219it\u0103 de cifre \u0219i protocoale, Anca Oic\u0103 a reu\u0219it [&hellip;]<\/p>\n","protected":false},"author":1,"featured_media":0,"comment_status":"open","ping_status":"","sticky":false,"template":"","format":"standard","meta":{"footnotes":""},"categories":[89],"tags":[226,174],"class_list":["post-1784100","post","type-post","status-publish","format-standard","hentry","category-romania","tag-crawlmanager","tag-suceavanews-ro"],"_links":{"self":[{"href":"https:\/\/analyse.optim.biz\/index.php?rest_route=\/wp\/v2\/posts\/1784100","targetHints":{"allow":["GET"]}}],"collection":[{"href":"https:\/\/analyse.optim.biz\/index.php?rest_route=\/wp\/v2\/posts"}],"about":[{"href":"https:\/\/analyse.optim.biz\/index.php?rest_route=\/wp\/v2\/types\/post"}],"author":[{"embeddable":true,"href":"https:\/\/analyse.optim.biz\/index.php?rest_route=\/wp\/v2\/users\/1"}],"replies":[{"embeddable":true,"href":"https:\/\/analyse.optim.biz\/index.php?rest_route=%2Fwp%2Fv2%2Fcomments&post=1784100"}],"version-history":[{"count":0,"href":"https:\/\/analyse.optim.biz\/index.php?rest_route=\/wp\/v2\/posts\/1784100\/revisions"}],"wp:attachment":[{"href":"https:\/\/analyse.optim.biz\/index.php?rest_route=%2Fwp%2Fv2%2Fmedia&parent=1784100"}],"wp:term":[{"taxonomy":"category","embeddable":true,"href":"https:\/\/analyse.optim.biz\/index.php?rest_route=%2Fwp%2Fv2%2Fcategories&post=1784100"},{"taxonomy":"post_tag","embeddable":true,"href":"https:\/\/analyse.optim.biz\/index.php?rest_route=%2Fwp%2Fv2%2Ftags&post=1784100"}],"curies":[{"name":"wp","href":"https:\/\/api.w.org\/{rel}","templated":true}]}}