{"id":178410,"date":"2015-06-25T10:00:37","date_gmt":"2015-06-25T07:00:37","guid":{"rendered":"https:\/\/analyse.optim.biz\/?p=178410"},"modified":"2015-06-25T10:00:37","modified_gmt":"2015-06-25T07:00:37","slug":"victor-ponta-si-sebastian-ghita-in-presa-internationala-the-new-york-times-romania-de-la-tigai-la-probleme-cu-legea","status":"publish","type":"post","link":"https:\/\/analyse.optim.biz\/?p=178410","title":{"rendered":"Victor Ponta \u0219i Sebastian Ghi\u021b\u0103, \u00een presa interna\u021bional\u0103. The New York Times: \u201eRom\u00e2nia, de la tig\u0103i la probleme cu legea\u201d"},"content":{"rendered":"<div class=\"entry data-app-meta data-app-meta-article\" data-embed-base-url-canonical=\"https:\/\/www.digi24.ro\/embed\/stiri\/actualitate\/politica\/victor-ponta-si-sebastian-ghita-in-presa-internationala-the-new-york-times-romania-de-la-tigai-la-probleme-cu-legea-408416\">\n<p data-index=\"1\">Agen\u0163ia de \u015ftiri Bloomberg a criticat decizia premierului Victor Ponta de a t\u0103ia TVA-ului, \u00eentr-un amplu articol.<\/p>\n<p data-index=\"2\">\u201e<span>Ponta a r\u0103mas sfid\u0103tor \u015fi a continuat reforma, \u00een ciuda criticilor UE \u015fi FMI, care au punctat c\u0103 t\u0103ierea drastic\u0103 a TVA-ului va afecta c\u00e2\u015ftigurile rezultate din consolidarea fiscal\u0103 \u015fi c\u0103 nu e sustenabil\u0103 pe termen lung\u201d, scriu jurnali\u015ftii, cit\u00e2nd un analist al grupului Eurasia. <\/span><\/p>\n<p data-index=\"3\">Tot cei de la Bloomberg scriu c\u0103 \u201epremierul Victor Ponta sper\u0103 c\u0103 revenirea dup\u0103 cei cinci ani de austeritate \u00eel va face mai popular \u00eenainte de alegerile din 2016, \u00een timp ce pre\u015fedintele Klaus Iohannis \u00eei cere demisia. Aceste m\u0103suri ar putea afecta stabilitatea bugetului, conform Fondului Monetar Interna\u0163ional \u015fi Uniunii Europene\u201d.<\/p>\n<p data-index=\"4\">Premierul rom\u00e2n a intrat \u00een vizorul presei \u015fi din cauza scandalului de corup\u0163ie \u00een care e implicat Sebastian Ghi\u0163\u0103. \u201eUnul dintre ajutoarele prim-ministrului rom\u00e2n a fost pus sub acuzare pentru fapte de corup\u0163ie, printre care \u015fi de complicitate la deturnare de fonduri ale Uniunii Europene \u015fi dare de mit\u0103 \u00een dou\u0103 scrutine electorale\u201d, relateaz\u0103 agen\u0163ia de \u015ftiri Associated Press. Tot aceasta precizeaz\u0103 c\u0103 \u201eGhi\u0163\u0103 nu are voie s\u0103 vorbeasc\u0103 cu prim-ministrul Victor Ponta, s\u0103 p\u0103r\u0103seasc\u0103 ora\u015ful natal sau s\u0103 \u00ee\u015fi \u00eendeplineasc\u0103 atribu\u0163iile de parlamentar\u201d. <\/p>\n<p data-index=\"5\">\u201e<span>Rom\u00e2nia, de la tig\u0103i la probleme cu legea\u201d titreaz\u0103 publica\u0163ia american\u0103 The New York Times. \u201eProcurorii l-au acuzat pe domnul Ghi\u0163\u0103 c\u0103 a pl\u0103tit 392.000 de dolari moldovenilor cu cet\u0103\u0163enie rom\u00e2n\u0103 pentru a-l vota pe domnul Ponta \u00een alegerile preziden\u0163iale din noiembrie, pe care le-a pierdut. Ei mai spun c\u0103 el a dat mit\u0103 tig\u0103i aleg\u0103torilor la scrutinul parlamentar din 2012, c\u00e2nd a c\u00e2\u015ftigat un loc (n.r. \u00een Parlament)\u201d, scrie cotidianul american.<\/span><\/p>\n<p data-index=\"6\">Un titlu asem\u0103n\u0103tor a ales \u015fi publica\u0163ia economic\u0103 \u00een limba francez\u0103 Zone Bourse, care a titrat \u201eRom\u00e2nia, tig\u0103i pentru voturi\u201d, prelu\u00e2nd un articol din Reuters.<\/p>\n<p data-index=\"7\">\u015etirea a fost relatat\u0103 \u015fi \u00een ABC News, edi\u0163ia din Australia. \u201eDNA a lansat o anchet\u0103 penal\u0103 \u00een cazul lui Sebastian Ghi\u0163\u0103 sub suspiciunea de str\u00e2ngere ilicit\u0103 de fonduri \u015fi cump\u0103rare de tig\u0103i de pe pia\u0163a neagr\u0103 cu scopul oferirii acestora unui num\u0103r mare de aleg\u0103tori \u00een 2012\u201d. <\/p>\n<p data-index=\"8\">\u015ei irlandezii au scris despre scandalul \u00een care e implicat Sebastian Ghi\u0163\u0103. \u201eMul\u0163i din fosta republic\u0103 sovietic\u0103 Moldova au ob\u0163inut cet\u0103\u0163enie rom\u00e2n\u0103 \u00een ultimele dou\u0103 decenii, c\u00e2\u015ftig\u00e2nd, astfel, dreptul de a vota la alegerile rom\u00e2ne\u015fti \u015fi de a c\u0103l\u0103tori liber \u00een Uniunea European\u0103\u201d, a amintit Irish Independent.<\/p>\n<\/div>\n<p> Source URL: https:\/\/www.digi24.ro\/stiri\/actualitate\/politica\/victor-ponta-si-sebastian-ghita-in-presa-internationala-the-new-york-times-romania-de-la-tigai-la-probleme-cu-legea-408416<\/p>\n","protected":false},"excerpt":{"rendered":"<p>Agen\u0163ia de \u015ftiri Bloomberg a criticat decizia premierului Victor Ponta de a t\u0103ia TVA-ului, \u00eentr-un amplu articol. \u201ePonta a r\u0103mas sfid\u0103tor \u015fi a continuat reforma, \u00een ciuda criticilor UE \u015fi FMI, care au punctat c\u0103 t\u0103ierea drastic\u0103 a TVA-ului va afecta c\u00e2\u015ftigurile rezultate din consolidarea fiscal\u0103 \u015fi c\u0103 nu e sustenabil\u0103 pe termen lung\u201d, scriu [&hellip;]<\/p>\n","protected":false},"author":1,"featured_media":178411,"comment_status":"open","ping_status":"","sticky":false,"template":"","format":"standard","meta":{"footnotes":""},"categories":[2],"tags":[11],"class_list":["post-178410","post","type-post","status-publish","format-standard","has-post-thumbnail","hentry","category-politics","tag-digi24"],"_links":{"self":[{"href":"https:\/\/analyse.optim.biz\/index.php?rest_route=\/wp\/v2\/posts\/178410","targetHints":{"allow":["GET"]}}],"collection":[{"href":"https:\/\/analyse.optim.biz\/index.php?rest_route=\/wp\/v2\/posts"}],"about":[{"href":"https:\/\/analyse.optim.biz\/index.php?rest_route=\/wp\/v2\/types\/post"}],"author":[{"embeddable":true,"href":"https:\/\/analyse.optim.biz\/index.php?rest_route=\/wp\/v2\/users\/1"}],"replies":[{"embeddable":true,"href":"https:\/\/analyse.optim.biz\/index.php?rest_route=%2Fwp%2Fv2%2Fcomments&post=178410"}],"version-history":[{"count":0,"href":"https:\/\/analyse.optim.biz\/index.php?rest_route=\/wp\/v2\/posts\/178410\/revisions"}],"wp:featuredmedia":[{"embeddable":true,"href":"https:\/\/analyse.optim.biz\/index.php?rest_route=\/wp\/v2\/media\/178411"}],"wp:attachment":[{"href":"https:\/\/analyse.optim.biz\/index.php?rest_route=%2Fwp%2Fv2%2Fmedia&parent=178410"}],"wp:term":[{"taxonomy":"category","embeddable":true,"href":"https:\/\/analyse.optim.biz\/index.php?rest_route=%2Fwp%2Fv2%2Fcategories&post=178410"},{"taxonomy":"post_tag","embeddable":true,"href":"https:\/\/analyse.optim.biz\/index.php?rest_route=%2Fwp%2Fv2%2Ftags&post=178410"}],"curies":[{"name":"wp","href":"https:\/\/api.w.org\/{rel}","templated":true}]}}