{"id":1784096,"date":"2026-02-19T00:00:00","date_gmt":"2026-02-18T21:00:00","guid":{"rendered":"https:\/\/analyse.optim.biz\/?p=1784096"},"modified":"2026-02-19T00:00:00","modified_gmt":"2026-02-18T21:00:00","slug":"foto-12-accidente-anul-trecut-la-trecerea-la-nivel-cu-calea-ferata-in-judetul-suceava-actiune-de-amploare-a-politistilor-pentru-a-preveni-nenorocirile","status":"publish","type":"post","link":"https:\/\/analyse.optim.biz\/?p=1784096","title":{"rendered":"FOTO 12 accidente, anul trecut, la trecerea la nivel cu calea ferat\u0103, \u00een jude\u021bul Suceava. Ac\u021biune de amploare a poli\u021bi\u0219tilor pentru a preveni nenorocirile"},"content":{"rendered":"<p>[analyse_image type=&#8221;featured&#8221; src=&#8221;&#8221;]<\/p>\n<div class=\"entry-content\">\n<p><img decoding=\"async\" loading=\"lazy\" class=\"alignright size-medium wp-image-318639\" src=\"https:\/\/suceavanews.ro\/wp-content\/uploads\/2026\/02\/politie-cale-ferata-tren-5-300x188.jpeg\" alt=\"\" width=\"300\" height=\"188\">La data de 17.02.2026, la nivelul jude\u021bului Suceava, poli\u021bi\u0219tii rutieri au organizat o ac\u021biune punctual\u0103 \u00een vederea prevenirii accidentelor rutiere \u00eenregistrate \u00een zona c\u0103ilor ferate. \u00cen cadrul activit\u0103\u021bilor au participat 59 lucr\u0103tori de poli\u021bie rutier\u0103 din cadrul I.P.J. Suceava \u00een cooperare cu poli\u021bi\u0219ti din Serviciului Jude\u021bean de Poli\u021bie Transporturi Suceava, fiind aplicate un num\u0103r total de 131 sanc\u021biuni contraven\u021bionale dintre care 19 pentru nerespectarea regulilor la trecerile la nivel cu calea ferat\u0103. De asemenea a fost re\u021binut un permis de conducere \u0219i 9 certificate de \u00eenmatriculare.<\/p>\n<p>Activitatea organizat\u0103 la nivelul jude\u021bului Suceava este parte integrant\u0103 m\u0103surilor dispuse la nivelul I.G.P.R. prin Direc\u021bia Rutier\u0103 \u0219i Direc\u021bia de Poli\u021bie Transporturi prin care se urm\u0103re\u0219te reducerea num\u0103rului de evenimente rutiere comise \u00een zona c\u0103ilor ferate precum \u0219i con\u0219tientizarea participan\u021bilor la trafic cu privire la riscurile generate de nerespectarea regulilor de circula\u021bie.<\/p>\n<p>\u00cen anul 2025, \u00een zona trecerilor la nivel cu calea ferat\u0103 au fost \u00eenregistrate 12 evenimente rutiere, acestea av\u00e2nd drept cauz\u0103 principal\u0103 nerespectarea semnifica\u021biei indicatoarelor rutiere instalate \u00een zona pasajelelor de trecere la nivel cu calea ferat\u0103. \u00cen urma accidentelor rutiere au rezultat trei victime din care o persoan\u0103 r\u0103nit\u0103 grav \u0219i dou\u0103 r\u0103nite u\u0219or.<\/p>\n<p>Ac\u021biunea poli\u021bi\u0219tilor s-a desf\u0103\u0219urat cu prec\u0103dere \u00een zonele cu risc ridicat identificate \u00een urma analiz\u0103rii datelor statistice \u00eenregistrate \u00een anul precedent. Una din zonele vizate a fost Municipiul R\u0103d\u0103u\u021bi \u0219i arealul adiacent acestuia unde, \u00een ciuda unui trafic feroviar redus, \u00een anul precedent au fost \u00eenregistrate cele mai multe evenimente rutiere \u00een zona pasajelelor de trecere la nivel cu calea ferat\u0103.<\/p>\n<p>\u00cen anul 2025, la nivelul Serviciului Jude\u021bean de Poli\u021bie Transporturi Suceava au fost organizate 20 de ac\u021biuni similare \u00een care au fost aplicate un num\u0103r de 1250 sanc\u021biuni contraven\u021bionale la regimul rutier \u00een valoare total\u0103 de 388.000 lei, fiind re\u021binute un num\u0103r de 72 permise de conducere, 180 certificate de \u00eenmatriculare \u0219i 57 seturi pl\u0103cu\u021be cu nr.de \u00eenmatriculare.<\/p>\n<div id=\"gallery-1\" class=\"gallery galleryid-318637 gallery-columns-3 gallery-size-thumbnail\">\n<dl class=\"gallery-item\">\n<dt class=\"gallery-icon landscape\"><a href=\"https:\/\/suceavanews.ro\/wp-content\/uploads\/2026\/02\/politie-cale-ferata-tren-4.jpeg\"><img decoding=\"async\" width=\"150\" height=\"150\" src=\"https:\/\/suceavanews.ro\/wp-content\/uploads\/2026\/02\/politie-cale-ferata-tren-4-150x150.jpeg\" class=\"attachment-thumbnail size-thumbnail\" alt=\"\" loading=\"lazy\"><\/a><\/dt>\n<\/dl>\n<dl class=\"gallery-item\">\n<dt class=\"gallery-icon landscape\"><a href=\"https:\/\/suceavanews.ro\/wp-content\/uploads\/2026\/02\/politie-cale-ferata-tren-5.jpeg\"><img decoding=\"async\" width=\"150\" height=\"150\" src=\"https:\/\/suceavanews.ro\/wp-content\/uploads\/2026\/02\/politie-cale-ferata-tren-5-150x150.jpeg\" class=\"attachment-thumbnail size-thumbnail\" alt=\"\" loading=\"lazy\"><\/a><\/dt>\n<\/dl>\n<dl class=\"gallery-item\">\n<dt class=\"gallery-icon landscape\"><a href=\"https:\/\/suceavanews.ro\/wp-content\/uploads\/2026\/02\/politie-cale-ferata-tren-6.jpeg\"><img decoding=\"async\" width=\"150\" height=\"150\" src=\"https:\/\/suceavanews.ro\/wp-content\/uploads\/2026\/02\/politie-cale-ferata-tren-6-150x150.jpeg\" class=\"attachment-thumbnail size-thumbnail\" alt=\"\" loading=\"lazy\"><\/a><\/dt>\n<\/dl>\n<p><\/p>\n<dl class=\"gallery-item\">\n<dt class=\"gallery-icon landscape\"><a href=\"https:\/\/suceavanews.ro\/wp-content\/uploads\/2026\/02\/politie-cale-ferata-tren-7.jpeg\"><img decoding=\"async\" width=\"150\" height=\"150\" src=\"https:\/\/suceavanews.ro\/wp-content\/uploads\/2026\/02\/politie-cale-ferata-tren-7-150x150.jpeg\" class=\"attachment-thumbnail size-thumbnail\" alt=\"\" loading=\"lazy\"><\/a><\/dt>\n<\/dl>\n<dl class=\"gallery-item\">\n<dt class=\"gallery-icon landscape\"><a href=\"https:\/\/suceavanews.ro\/wp-content\/uploads\/2026\/02\/politie-cale-ferata-tren-8.jpeg\"><img decoding=\"async\" width=\"150\" height=\"150\" src=\"https:\/\/suceavanews.ro\/wp-content\/uploads\/2026\/02\/politie-cale-ferata-tren-8-150x150.jpeg\" class=\"attachment-thumbnail size-thumbnail\" alt=\"\" loading=\"lazy\"><\/a><\/dt>\n<\/dl>\n<dl class=\"gallery-item\">\n<dt class=\"gallery-icon landscape\"><a href=\"https:\/\/suceavanews.ro\/wp-content\/uploads\/2026\/02\/politie-cale-ferata-tren-9.jpeg\"><img decoding=\"async\" width=\"150\" height=\"150\" src=\"https:\/\/suceavanews.ro\/wp-content\/uploads\/2026\/02\/politie-cale-ferata-tren-9-150x150.jpeg\" class=\"attachment-thumbnail size-thumbnail\" alt=\"\" loading=\"lazy\"><\/a><\/dt>\n<\/dl>\n<p><\/p>\n<dl class=\"gallery-item\">\n<dt class=\"gallery-icon landscape\"><a href=\"https:\/\/suceavanews.ro\/wp-content\/uploads\/2026\/02\/politie-cale-ferata-tren-10.jpeg\"><img decoding=\"async\" width=\"150\" height=\"150\" src=\"https:\/\/suceavanews.ro\/wp-content\/uploads\/2026\/02\/politie-cale-ferata-tren-10-150x150.jpeg\" class=\"attachment-thumbnail size-thumbnail\" alt=\"\" loading=\"lazy\"><\/a><\/dt>\n<\/dl>\n<dl class=\"gallery-item\">\n<dt class=\"gallery-icon landscape\"><a href=\"https:\/\/suceavanews.ro\/wp-content\/uploads\/2026\/02\/politie-cale-ferata-tren-1.jpeg\"><img decoding=\"async\" width=\"150\" height=\"150\" src=\"https:\/\/suceavanews.ro\/wp-content\/uploads\/2026\/02\/politie-cale-ferata-tren-1-150x150.jpeg\" class=\"attachment-thumbnail size-thumbnail\" alt=\"\" loading=\"lazy\"><\/a><\/dt>\n<\/dl>\n<dl class=\"gallery-item\">\n<dt class=\"gallery-icon landscape\"><a href=\"https:\/\/suceavanews.ro\/wp-content\/uploads\/2026\/02\/politie-cale-ferata-tren-2.jpeg\"><img decoding=\"async\" width=\"150\" height=\"150\" src=\"https:\/\/suceavanews.ro\/wp-content\/uploads\/2026\/02\/politie-cale-ferata-tren-2-150x150.jpeg\" class=\"attachment-thumbnail size-thumbnail\" alt=\"\" loading=\"lazy\"><\/a><\/dt>\n<\/dl>\n<p><\/p>\n<dl class=\"gallery-item\">\n<dt class=\"gallery-icon landscape\"><a href=\"https:\/\/suceavanews.ro\/wp-content\/uploads\/2026\/02\/politie-cale-ferata-tren-3.jpeg\"><img decoding=\"async\" width=\"150\" height=\"150\" src=\"https:\/\/suceavanews.ro\/wp-content\/uploads\/2026\/02\/politie-cale-ferata-tren-3-150x150.jpeg\" class=\"attachment-thumbnail size-thumbnail\" alt=\"\" loading=\"lazy\"><\/a><\/dt>\n<\/dl>\n<p><\/div>\n<\/div>\n<div class=\"entry-content\">\n<p><img decoding=\"async\" loading=\"lazy\" class=\"alignright size-medium wp-image-318639\" src=\"https:\/\/suceavanews.ro\/wp-content\/uploads\/2026\/02\/politie-cale-ferata-tren-5-300x188.jpeg\" alt=\"\" width=\"300\" height=\"188\">La data de 17.02.2026, la nivelul jude\u021bului Suceava, poli\u021bi\u0219tii rutieri au organizat o ac\u021biune punctual\u0103 \u00een vederea prevenirii accidentelor rutiere \u00eenregistrate \u00een zona c\u0103ilor ferate. \u00cen cadrul activit\u0103\u021bilor au participat 59 lucr\u0103tori de poli\u021bie rutier\u0103 din cadrul I.P.J. Suceava \u00een cooperare cu poli\u021bi\u0219ti din Serviciului Jude\u021bean de Poli\u021bie Transporturi Suceava, fiind aplicate un num\u0103r total de 131 sanc\u021biuni contraven\u021bionale dintre care 19 pentru nerespectarea regulilor la trecerile la nivel cu calea ferat\u0103. De asemenea a fost re\u021binut un permis de conducere \u0219i 9 certificate de \u00eenmatriculare.<\/p>\n<p>Activitatea organizat\u0103 la nivelul jude\u021bului Suceava este parte integrant\u0103 m\u0103surilor dispuse la nivelul I.G.P.R. prin Direc\u021bia Rutier\u0103 \u0219i Direc\u021bia de Poli\u021bie Transporturi prin care se urm\u0103re\u0219te reducerea num\u0103rului de evenimente rutiere comise \u00een zona c\u0103ilor ferate precum \u0219i con\u0219tientizarea participan\u021bilor la trafic cu privire la riscurile generate de nerespectarea regulilor de circula\u021bie.<\/p>\n<p>\u00cen anul 2025, \u00een zona trecerilor la nivel cu calea ferat\u0103 au fost \u00eenregistrate 12 evenimente rutiere, acestea av\u00e2nd drept cauz\u0103 principal\u0103 nerespectarea semnifica\u021biei indicatoarelor rutiere instalate \u00een zona pasajelelor de trecere la nivel cu calea ferat\u0103. \u00cen urma accidentelor rutiere au rezultat trei victime din care o persoan\u0103 r\u0103nit\u0103 grav \u0219i dou\u0103 r\u0103nite u\u0219or.<\/p>\n<p>Ac\u021biunea poli\u021bi\u0219tilor s-a desf\u0103\u0219urat cu prec\u0103dere \u00een zonele cu risc ridicat identificate \u00een urma analiz\u0103rii datelor statistice \u00eenregistrate \u00een anul precedent. Una din zonele vizate a fost Municipiul R\u0103d\u0103u\u021bi \u0219i arealul adiacent acestuia unde, \u00een ciuda unui trafic feroviar redus, \u00een anul precedent au fost \u00eenregistrate cele mai multe evenimente rutiere \u00een zona pasajelelor de trecere la nivel cu calea ferat\u0103.<\/p>\n<p>\u00cen anul 2025, la nivelul Serviciului Jude\u021bean de Poli\u021bie Transporturi Suceava au fost organizate 20 de ac\u021biuni similare \u00een care au fost aplicate un num\u0103r de 1250 sanc\u021biuni contraven\u021bionale la regimul rutier \u00een valoare total\u0103 de 388.000 lei, fiind re\u021binute un num\u0103r de 72 permise de conducere, 180 certificate de \u00eenmatriculare \u0219i 57 seturi pl\u0103cu\u021be cu nr.de \u00eenmatriculare.<\/p>\n<div id=\"gallery-1\" class=\"gallery galleryid-318637 gallery-columns-3 gallery-size-thumbnail\">\n<dl class=\"gallery-item\">\n<dt class=\"gallery-icon landscape\"><a href=\"https:\/\/suceavanews.ro\/wp-content\/uploads\/2026\/02\/politie-cale-ferata-tren-4.jpeg\"><img decoding=\"async\" width=\"150\" height=\"150\" src=\"https:\/\/suceavanews.ro\/wp-content\/uploads\/2026\/02\/politie-cale-ferata-tren-4-150x150.jpeg\" class=\"attachment-thumbnail size-thumbnail\" alt=\"\" loading=\"lazy\"><\/a><\/dt>\n<\/dl>\n<dl class=\"gallery-item\">\n<dt class=\"gallery-icon landscape\"><a href=\"https:\/\/suceavanews.ro\/wp-content\/uploads\/2026\/02\/politie-cale-ferata-tren-5.jpeg\"><img decoding=\"async\" width=\"150\" height=\"150\" src=\"https:\/\/suceavanews.ro\/wp-content\/uploads\/2026\/02\/politie-cale-ferata-tren-5-150x150.jpeg\" class=\"attachment-thumbnail size-thumbnail\" alt=\"\" loading=\"lazy\"><\/a><\/dt>\n<\/dl>\n<dl class=\"gallery-item\">\n<dt class=\"gallery-icon landscape\"><a href=\"https:\/\/suceavanews.ro\/wp-content\/uploads\/2026\/02\/politie-cale-ferata-tren-6.jpeg\"><img decoding=\"async\" width=\"150\" height=\"150\" src=\"https:\/\/suceavanews.ro\/wp-content\/uploads\/2026\/02\/politie-cale-ferata-tren-6-150x150.jpeg\" class=\"attachment-thumbnail size-thumbnail\" alt=\"\" loading=\"lazy\"><\/a><\/dt>\n<\/dl>\n<p><\/p>\n<dl class=\"gallery-item\">\n<dt class=\"gallery-icon landscape\"><a href=\"https:\/\/suceavanews.ro\/wp-content\/uploads\/2026\/02\/politie-cale-ferata-tren-7.jpeg\"><img decoding=\"async\" width=\"150\" height=\"150\" src=\"https:\/\/suceavanews.ro\/wp-content\/uploads\/2026\/02\/politie-cale-ferata-tren-7-150x150.jpeg\" class=\"attachment-thumbnail size-thumbnail\" alt=\"\" loading=\"lazy\"><\/a><\/dt>\n<\/dl>\n<dl class=\"gallery-item\">\n<dt class=\"gallery-icon landscape\"><a href=\"https:\/\/suceavanews.ro\/wp-content\/uploads\/2026\/02\/politie-cale-ferata-tren-8.jpeg\"><img decoding=\"async\" width=\"150\" height=\"150\" src=\"https:\/\/suceavanews.ro\/wp-content\/uploads\/2026\/02\/politie-cale-ferata-tren-8-150x150.jpeg\" class=\"attachment-thumbnail size-thumbnail\" alt=\"\" loading=\"lazy\"><\/a><\/dt>\n<\/dl>\n<dl class=\"gallery-item\">\n<dt class=\"gallery-icon landscape\"><a href=\"https:\/\/suceavanews.ro\/wp-content\/uploads\/2026\/02\/politie-cale-ferata-tren-9.jpeg\"><img decoding=\"async\" width=\"150\" height=\"150\" src=\"https:\/\/suceavanews.ro\/wp-content\/uploads\/2026\/02\/politie-cale-ferata-tren-9-150x150.jpeg\" class=\"attachment-thumbnail size-thumbnail\" alt=\"\" loading=\"lazy\"><\/a><\/dt>\n<\/dl>\n<p><\/p>\n<dl class=\"gallery-item\">\n<dt class=\"gallery-icon landscape\"><a href=\"https:\/\/suceavanews.ro\/wp-content\/uploads\/2026\/02\/politie-cale-ferata-tren-10.jpeg\"><img decoding=\"async\" width=\"150\" height=\"150\" src=\"https:\/\/suceavanews.ro\/wp-content\/uploads\/2026\/02\/politie-cale-ferata-tren-10-150x150.jpeg\" class=\"attachment-thumbnail size-thumbnail\" alt=\"\" loading=\"lazy\"><\/a><\/dt>\n<\/dl>\n<dl class=\"gallery-item\">\n<dt class=\"gallery-icon landscape\"><a href=\"https:\/\/suceavanews.ro\/wp-content\/uploads\/2026\/02\/politie-cale-ferata-tren-1.jpeg\"><img decoding=\"async\" width=\"150\" height=\"150\" src=\"https:\/\/suceavanews.ro\/wp-content\/uploads\/2026\/02\/politie-cale-ferata-tren-1-150x150.jpeg\" class=\"attachment-thumbnail size-thumbnail\" alt=\"\" loading=\"lazy\"><\/a><\/dt>\n<\/dl>\n<dl class=\"gallery-item\">\n<dt class=\"gallery-icon landscape\"><a href=\"https:\/\/suceavanews.ro\/wp-content\/uploads\/2026\/02\/politie-cale-ferata-tren-2.jpeg\"><img decoding=\"async\" width=\"150\" height=\"150\" src=\"https:\/\/suceavanews.ro\/wp-content\/uploads\/2026\/02\/politie-cale-ferata-tren-2-150x150.jpeg\" class=\"attachment-thumbnail size-thumbnail\" alt=\"\" loading=\"lazy\"><\/a><\/dt>\n<\/dl>\n<p><\/p>\n<dl class=\"gallery-item\">\n<dt class=\"gallery-icon landscape\"><a href=\"https:\/\/suceavanews.ro\/wp-content\/uploads\/2026\/02\/politie-cale-ferata-tren-3.jpeg\"><img decoding=\"async\" width=\"150\" height=\"150\" src=\"https:\/\/suceavanews.ro\/wp-content\/uploads\/2026\/02\/politie-cale-ferata-tren-3-150x150.jpeg\" class=\"attachment-thumbnail size-thumbnail\" alt=\"\" loading=\"lazy\"><\/a><\/dt>\n<\/dl>\n<p><\/div>\n<\/div>\n<p>[analyse_source url=&#8221;https:\/\/suceavanews.ro\/318637\/social\/foto-12-accidente-anul-trecut-la-trecerea-la-nivel-cu-calea-ferata-in-judetul-suceava-actiune-de-amploare-a-politistilor-pentru-a-preveni-nenorocirile\/&#8221;]<\/p>\n","protected":false},"excerpt":{"rendered":"<p>[analyse_image type=&#8221;featured&#8221; src=&#8221;&#8221;] La data de 17.02.2026, la nivelul jude\u021bului Suceava, poli\u021bi\u0219tii rutieri au organizat o ac\u021biune punctual\u0103 \u00een vederea prevenirii accidentelor rutiere \u00eenregistrate \u00een zona c\u0103ilor ferate. \u00cen cadrul activit\u0103\u021bilor au participat 59 lucr\u0103tori de poli\u021bie rutier\u0103 din cadrul I.P.J. Suceava \u00een cooperare cu poli\u021bi\u0219ti din Serviciului Jude\u021bean de Poli\u021bie Transporturi Suceava, fiind aplicate [&hellip;]<\/p>\n","protected":false},"author":1,"featured_media":0,"comment_status":"open","ping_status":"","sticky":false,"template":"","format":"standard","meta":{"footnotes":""},"categories":[89],"tags":[226,174],"class_list":["post-1784096","post","type-post","status-publish","format-standard","hentry","category-romania","tag-crawlmanager","tag-suceavanews-ro"],"_links":{"self":[{"href":"https:\/\/analyse.optim.biz\/index.php?rest_route=\/wp\/v2\/posts\/1784096","targetHints":{"allow":["GET"]}}],"collection":[{"href":"https:\/\/analyse.optim.biz\/index.php?rest_route=\/wp\/v2\/posts"}],"about":[{"href":"https:\/\/analyse.optim.biz\/index.php?rest_route=\/wp\/v2\/types\/post"}],"author":[{"embeddable":true,"href":"https:\/\/analyse.optim.biz\/index.php?rest_route=\/wp\/v2\/users\/1"}],"replies":[{"embeddable":true,"href":"https:\/\/analyse.optim.biz\/index.php?rest_route=%2Fwp%2Fv2%2Fcomments&post=1784096"}],"version-history":[{"count":0,"href":"https:\/\/analyse.optim.biz\/index.php?rest_route=\/wp\/v2\/posts\/1784096\/revisions"}],"wp:attachment":[{"href":"https:\/\/analyse.optim.biz\/index.php?rest_route=%2Fwp%2Fv2%2Fmedia&parent=1784096"}],"wp:term":[{"taxonomy":"category","embeddable":true,"href":"https:\/\/analyse.optim.biz\/index.php?rest_route=%2Fwp%2Fv2%2Fcategories&post=1784096"},{"taxonomy":"post_tag","embeddable":true,"href":"https:\/\/analyse.optim.biz\/index.php?rest_route=%2Fwp%2Fv2%2Ftags&post=1784096"}],"curies":[{"name":"wp","href":"https:\/\/api.w.org\/{rel}","templated":true}]}}