{"id":1784094,"date":"2026-02-19T00:00:00","date_gmt":"2026-02-18T21:00:00","guid":{"rendered":"https:\/\/analyse.optim.biz\/?p=1784094"},"modified":"2026-02-19T00:00:00","modified_gmt":"2026-02-18T21:00:00","slug":"foto-jandarmeria-suceava-are-un-nou-sediu-modernizat-din-bani-europeni","status":"publish","type":"post","link":"https:\/\/analyse.optim.biz\/?p=1784094","title":{"rendered":"FOTO Jandarmeria Suceava are un nou sediu, modernizat din bani europeni"},"content":{"rendered":"<p>[analyse_image type=&#8221;featured&#8221; src=&#8221;&#8221;]<\/p>\n<div class=\"entry-content\">\n<p><img decoding=\"async\" loading=\"lazy\" class=\"alignleft size-medium wp-image-318628\" src=\"https:\/\/suceavanews.ro\/wp-content\/uploads\/2026\/02\/sediu-nou-jandarmeria-suceava-8-300x225.jpeg\" alt=\"\" width=\"300\" height=\"225\">Ast\u0103zi a avut loc festivitatea de inaugurare a sediului modernizat al Inspectoratului de Jandarmi Jude\u021bean \u201eBogdan Vod\u0103\u201d Suceava, un moment important at\u00e2t pentru institu\u021bie, c\u00e2t \u0219i pentru comunitatea pe care o deserve\u0219te.<\/p>\n<p>Evenimentul marcheaz\u0103 finalizarea proiectului \u201eEficientizarea \u0219i modernizarea pavilionului comandament al I.J.J. Suceava\u201d, finan\u021bat prin Programul Na\u021bional de Redresare \u0219i Rezilien\u021b\u0103. Proiectul a fost implementat pe o perioad\u0103 de 36 de luni, \u00eentre 14 februarie 2023 \u0219i 13 februarie 2026, \u0219i s-a \u00eencheiat cu succes, conform contractului de finan\u021bare.<\/p>\n<p>La ceremonie au fost prezen\u021bi: doamna Angelica F\u0103dor, secretar de stat \u00een cadrul Ministerului Afacerilor Interne, domnul general de brigad\u0103 Lucian Tr\u0103\u0219c\u0103lie, adjunct al inspectorului general al Jandarmeriei Rom\u00e2ne, domnul Traian Andronachi, prefectul jude\u021bului Suceava, precum \u0219i un sobor de preo\u021bi \u00een frunte cu Preasfin\u021bitul P\u0103rinte Damaschin Dorneanul, Episcop-Vicar al Arhiepiscopiei Sucevei \u0219i R\u0103d\u0103u\u021bilor. Al\u0103turi de ace\u0219tia au participat \u0219efii structurilor din jude\u021b \u0219i reprezentan\u021bi ai institu\u021biilor din jude\u021bele \u00eenvecinate, cu care Inspectoratul de Jandarmi Jude\u021bean Suceava colaboreaz\u0103 permanent pentru siguran\u021ba cet\u0103\u021benilor.<\/p>\n<p>Modernizarea cl\u0103dirii a avut ca obiectiv principal cre\u0219terea eficien\u021bei energetice \u0219i reducerea impactului asupra mediului. \u00cen urma lucr\u0103rilor realizate, consumul de energie \u0219i emisiile de dioxid de carbon au fost reduse cu peste 30%. Investi\u021bia a vizat \u00eembun\u0103t\u0103\u021birea cl\u0103dirii prin solu\u021bii moderne, orientate spre eficien\u021b\u0103 energetic\u0103 \u0219i tranzi\u021bia c\u0103tre cl\u0103diri verzi \u0219i inteligente.<\/p>\n<p>Valoarea final\u0103 a proiectului este de 9.017.544,71 lei.<\/p>\n<p>Finalizarea acestui proiect reprezint\u0103 rezultatul muncii sus\u021binute a echipei de implementare din cadrul Inspectoratului de Jandarmi Jude\u021bean \u201eBogdan Vod\u0103\u201d Suceava, cu sprijinul Inspectoratului General al Jandarmeriei Rom\u00e2ne, al Ministerului Afacerilor Interne \u0219i al Ministerului Dezvolt\u0103rii, Lucr\u0103rilor Publice \u0219i Administra\u021biei.<\/p>\n<p>Noul sediu modernizat ofer\u0103 condi\u021bii mai bune pentru desf\u0103\u0219urarea activit\u0103\u021bii jandarmilor \u0219i contribuie, \u00een mod direct, la cre\u0219terea calit\u0103\u021bii serviciilor oferite cet\u0103\u021benilor jude\u021bului Suceava.<\/p>\n<div id=\"gallery-1\" class=\"gallery galleryid-318625 gallery-columns-3 gallery-size-thumbnail\">\n<dl class=\"gallery-item\">\n<dt class=\"gallery-icon landscape\"><a href=\"https:\/\/suceavanews.ro\/wp-content\/uploads\/2026\/02\/sediu-nou-jandarmeria-suceava-6.jpeg\"><img decoding=\"async\" width=\"150\" height=\"150\" src=\"https:\/\/suceavanews.ro\/wp-content\/uploads\/2026\/02\/sediu-nou-jandarmeria-suceava-6-150x150.jpeg\" class=\"attachment-thumbnail size-thumbnail\" alt=\"\" loading=\"lazy\"><\/a><\/dt>\n<\/dl>\n<dl class=\"gallery-item\">\n<dt class=\"gallery-icon landscape\"><a href=\"https:\/\/suceavanews.ro\/wp-content\/uploads\/2026\/02\/sediu-nou-jandarmeria-suceava-7-scaled.jpeg\"><img decoding=\"async\" width=\"150\" height=\"150\" src=\"https:\/\/suceavanews.ro\/wp-content\/uploads\/2026\/02\/sediu-nou-jandarmeria-suceava-7-150x150.jpeg\" class=\"attachment-thumbnail size-thumbnail\" alt=\"\" loading=\"lazy\"><\/a><\/dt>\n<\/dl>\n<dl class=\"gallery-item\">\n<dt class=\"gallery-icon landscape\"><a href=\"https:\/\/suceavanews.ro\/wp-content\/uploads\/2026\/02\/sediu-nou-jandarmeria-suceava-8.jpeg\"><img decoding=\"async\" width=\"150\" height=\"150\" src=\"https:\/\/suceavanews.ro\/wp-content\/uploads\/2026\/02\/sediu-nou-jandarmeria-suceava-8-150x150.jpeg\" class=\"attachment-thumbnail size-thumbnail\" alt=\"\" loading=\"lazy\"><\/a><\/dt>\n<\/dl>\n<p><\/p>\n<dl class=\"gallery-item\">\n<dt class=\"gallery-icon landscape\"><a href=\"https:\/\/suceavanews.ro\/wp-content\/uploads\/2026\/02\/sediu-nou-jandarmeria-suceava-9.jpeg\"><img decoding=\"async\" width=\"150\" height=\"150\" src=\"https:\/\/suceavanews.ro\/wp-content\/uploads\/2026\/02\/sediu-nou-jandarmeria-suceava-9-150x150.jpeg\" class=\"attachment-thumbnail size-thumbnail\" alt=\"\" loading=\"lazy\"><\/a><\/dt>\n<\/dl>\n<dl class=\"gallery-item\">\n<dt class=\"gallery-icon landscape\"><a href=\"https:\/\/suceavanews.ro\/wp-content\/uploads\/2026\/02\/sediu-nou-jandarmeria-suceava-10.jpeg\"><img decoding=\"async\" width=\"150\" height=\"150\" src=\"https:\/\/suceavanews.ro\/wp-content\/uploads\/2026\/02\/sediu-nou-jandarmeria-suceava-10-150x150.jpeg\" class=\"attachment-thumbnail size-thumbnail\" alt=\"\" loading=\"lazy\"><\/a><\/dt>\n<\/dl>\n<dl class=\"gallery-item\">\n<dt class=\"gallery-icon landscape\"><a href=\"https:\/\/suceavanews.ro\/wp-content\/uploads\/2026\/02\/sediu-nou-jandarmeria-suceava-1.jpeg\"><img decoding=\"async\" width=\"150\" height=\"150\" src=\"https:\/\/suceavanews.ro\/wp-content\/uploads\/2026\/02\/sediu-nou-jandarmeria-suceava-1-150x150.jpeg\" class=\"attachment-thumbnail size-thumbnail\" alt=\"\" loading=\"lazy\"><\/a><\/dt>\n<\/dl>\n<p><\/p>\n<dl class=\"gallery-item\">\n<dt class=\"gallery-icon landscape\"><a href=\"https:\/\/suceavanews.ro\/wp-content\/uploads\/2026\/02\/sediu-nou-jandarmeria-suceava-2.jpeg\"><img decoding=\"async\" width=\"150\" height=\"150\" src=\"https:\/\/suceavanews.ro\/wp-content\/uploads\/2026\/02\/sediu-nou-jandarmeria-suceava-2-150x150.jpeg\" class=\"attachment-thumbnail size-thumbnail\" alt=\"\" loading=\"lazy\"><\/a><\/dt>\n<\/dl>\n<dl class=\"gallery-item\">\n<dt class=\"gallery-icon portrait\"><a href=\"https:\/\/suceavanews.ro\/wp-content\/uploads\/2026\/02\/sediu-nou-jandarmeria-suceava-3.jpeg\"><img decoding=\"async\" width=\"150\" height=\"150\" src=\"https:\/\/suceavanews.ro\/wp-content\/uploads\/2026\/02\/sediu-nou-jandarmeria-suceava-3-150x150.jpeg\" class=\"attachment-thumbnail size-thumbnail\" alt=\"\" loading=\"lazy\"><\/a><\/dt>\n<\/dl>\n<dl class=\"gallery-item\">\n<dt class=\"gallery-icon landscape\"><a href=\"https:\/\/suceavanews.ro\/wp-content\/uploads\/2026\/02\/sediu-nou-jandarmeria-suceava-4.jpeg\"><img decoding=\"async\" width=\"150\" height=\"150\" src=\"https:\/\/suceavanews.ro\/wp-content\/uploads\/2026\/02\/sediu-nou-jandarmeria-suceava-4-150x150.jpeg\" class=\"attachment-thumbnail size-thumbnail\" alt=\"\" loading=\"lazy\"><\/a><\/dt>\n<\/dl>\n<p><\/p>\n<dl class=\"gallery-item\">\n<dt class=\"gallery-icon landscape\"><a href=\"https:\/\/suceavanews.ro\/wp-content\/uploads\/2026\/02\/sediu-nou-jandarmeria-suceava-5.jpeg\"><img decoding=\"async\" width=\"150\" height=\"150\" src=\"https:\/\/suceavanews.ro\/wp-content\/uploads\/2026\/02\/sediu-nou-jandarmeria-suceava-5-150x150.jpeg\" class=\"attachment-thumbnail size-thumbnail\" alt=\"\" loading=\"lazy\"><\/a><\/dt>\n<\/dl>\n<p><\/div>\n<\/div>\n<div class=\"entry-content\">\n<p><img decoding=\"async\" loading=\"lazy\" class=\"alignleft size-medium wp-image-318628\" src=\"https:\/\/suceavanews.ro\/wp-content\/uploads\/2026\/02\/sediu-nou-jandarmeria-suceava-8-300x225.jpeg\" alt=\"\" width=\"300\" height=\"225\">Ast\u0103zi a avut loc festivitatea de inaugurare a sediului modernizat al Inspectoratului de Jandarmi Jude\u021bean \u201eBogdan Vod\u0103\u201d Suceava, un moment important at\u00e2t pentru institu\u021bie, c\u00e2t \u0219i pentru comunitatea pe care o deserve\u0219te.<\/p>\n<p>Evenimentul marcheaz\u0103 finalizarea proiectului \u201eEficientizarea \u0219i modernizarea pavilionului comandament al I.J.J. Suceava\u201d, finan\u021bat prin Programul Na\u021bional de Redresare \u0219i Rezilien\u021b\u0103. Proiectul a fost implementat pe o perioad\u0103 de 36 de luni, \u00eentre 14 februarie 2023 \u0219i 13 februarie 2026, \u0219i s-a \u00eencheiat cu succes, conform contractului de finan\u021bare.<\/p>\n<p>La ceremonie au fost prezen\u021bi: doamna Angelica F\u0103dor, secretar de stat \u00een cadrul Ministerului Afacerilor Interne, domnul general de brigad\u0103 Lucian Tr\u0103\u0219c\u0103lie, adjunct al inspectorului general al Jandarmeriei Rom\u00e2ne, domnul Traian Andronachi, prefectul jude\u021bului Suceava, precum \u0219i un sobor de preo\u021bi \u00een frunte cu Preasfin\u021bitul P\u0103rinte Damaschin Dorneanul, Episcop-Vicar al Arhiepiscopiei Sucevei \u0219i R\u0103d\u0103u\u021bilor. Al\u0103turi de ace\u0219tia au participat \u0219efii structurilor din jude\u021b \u0219i reprezentan\u021bi ai institu\u021biilor din jude\u021bele \u00eenvecinate, cu care Inspectoratul de Jandarmi Jude\u021bean Suceava colaboreaz\u0103 permanent pentru siguran\u021ba cet\u0103\u021benilor.<\/p>\n<p>Modernizarea cl\u0103dirii a avut ca obiectiv principal cre\u0219terea eficien\u021bei energetice \u0219i reducerea impactului asupra mediului. \u00cen urma lucr\u0103rilor realizate, consumul de energie \u0219i emisiile de dioxid de carbon au fost reduse cu peste 30%. Investi\u021bia a vizat \u00eembun\u0103t\u0103\u021birea cl\u0103dirii prin solu\u021bii moderne, orientate spre eficien\u021b\u0103 energetic\u0103 \u0219i tranzi\u021bia c\u0103tre cl\u0103diri verzi \u0219i inteligente.<\/p>\n<p>Valoarea final\u0103 a proiectului este de 9.017.544,71 lei.<\/p>\n<p>Finalizarea acestui proiect reprezint\u0103 rezultatul muncii sus\u021binute a echipei de implementare din cadrul Inspectoratului de Jandarmi Jude\u021bean \u201eBogdan Vod\u0103\u201d Suceava, cu sprijinul Inspectoratului General al Jandarmeriei Rom\u00e2ne, al Ministerului Afacerilor Interne \u0219i al Ministerului Dezvolt\u0103rii, Lucr\u0103rilor Publice \u0219i Administra\u021biei.<\/p>\n<p>Noul sediu modernizat ofer\u0103 condi\u021bii mai bune pentru desf\u0103\u0219urarea activit\u0103\u021bii jandarmilor \u0219i contribuie, \u00een mod direct, la cre\u0219terea calit\u0103\u021bii serviciilor oferite cet\u0103\u021benilor jude\u021bului Suceava.<\/p>\n<div id=\"gallery-1\" class=\"gallery galleryid-318625 gallery-columns-3 gallery-size-thumbnail\">\n<dl class=\"gallery-item\">\n<dt class=\"gallery-icon landscape\"><a href=\"https:\/\/suceavanews.ro\/wp-content\/uploads\/2026\/02\/sediu-nou-jandarmeria-suceava-6.jpeg\"><img decoding=\"async\" width=\"150\" height=\"150\" src=\"https:\/\/suceavanews.ro\/wp-content\/uploads\/2026\/02\/sediu-nou-jandarmeria-suceava-6-150x150.jpeg\" class=\"attachment-thumbnail size-thumbnail\" alt=\"\" loading=\"lazy\"><\/a><\/dt>\n<\/dl>\n<dl class=\"gallery-item\">\n<dt class=\"gallery-icon landscape\"><a href=\"https:\/\/suceavanews.ro\/wp-content\/uploads\/2026\/02\/sediu-nou-jandarmeria-suceava-7-scaled.jpeg\"><img decoding=\"async\" width=\"150\" height=\"150\" src=\"https:\/\/suceavanews.ro\/wp-content\/uploads\/2026\/02\/sediu-nou-jandarmeria-suceava-7-150x150.jpeg\" class=\"attachment-thumbnail size-thumbnail\" alt=\"\" loading=\"lazy\"><\/a><\/dt>\n<\/dl>\n<dl class=\"gallery-item\">\n<dt class=\"gallery-icon landscape\"><a href=\"https:\/\/suceavanews.ro\/wp-content\/uploads\/2026\/02\/sediu-nou-jandarmeria-suceava-8.jpeg\"><img decoding=\"async\" width=\"150\" height=\"150\" src=\"https:\/\/suceavanews.ro\/wp-content\/uploads\/2026\/02\/sediu-nou-jandarmeria-suceava-8-150x150.jpeg\" class=\"attachment-thumbnail size-thumbnail\" alt=\"\" loading=\"lazy\"><\/a><\/dt>\n<\/dl>\n<p><\/p>\n<dl class=\"gallery-item\">\n<dt class=\"gallery-icon landscape\"><a href=\"https:\/\/suceavanews.ro\/wp-content\/uploads\/2026\/02\/sediu-nou-jandarmeria-suceava-9.jpeg\"><img decoding=\"async\" width=\"150\" height=\"150\" src=\"https:\/\/suceavanews.ro\/wp-content\/uploads\/2026\/02\/sediu-nou-jandarmeria-suceava-9-150x150.jpeg\" class=\"attachment-thumbnail size-thumbnail\" alt=\"\" loading=\"lazy\"><\/a><\/dt>\n<\/dl>\n<dl class=\"gallery-item\">\n<dt class=\"gallery-icon landscape\"><a href=\"https:\/\/suceavanews.ro\/wp-content\/uploads\/2026\/02\/sediu-nou-jandarmeria-suceava-10.jpeg\"><img decoding=\"async\" width=\"150\" height=\"150\" src=\"https:\/\/suceavanews.ro\/wp-content\/uploads\/2026\/02\/sediu-nou-jandarmeria-suceava-10-150x150.jpeg\" class=\"attachment-thumbnail size-thumbnail\" alt=\"\" loading=\"lazy\"><\/a><\/dt>\n<\/dl>\n<dl class=\"gallery-item\">\n<dt class=\"gallery-icon landscape\"><a href=\"https:\/\/suceavanews.ro\/wp-content\/uploads\/2026\/02\/sediu-nou-jandarmeria-suceava-1.jpeg\"><img decoding=\"async\" width=\"150\" height=\"150\" src=\"https:\/\/suceavanews.ro\/wp-content\/uploads\/2026\/02\/sediu-nou-jandarmeria-suceava-1-150x150.jpeg\" class=\"attachment-thumbnail size-thumbnail\" alt=\"\" loading=\"lazy\"><\/a><\/dt>\n<\/dl>\n<p><\/p>\n<dl class=\"gallery-item\">\n<dt class=\"gallery-icon landscape\"><a href=\"https:\/\/suceavanews.ro\/wp-content\/uploads\/2026\/02\/sediu-nou-jandarmeria-suceava-2.jpeg\"><img decoding=\"async\" width=\"150\" height=\"150\" src=\"https:\/\/suceavanews.ro\/wp-content\/uploads\/2026\/02\/sediu-nou-jandarmeria-suceava-2-150x150.jpeg\" class=\"attachment-thumbnail size-thumbnail\" alt=\"\" loading=\"lazy\"><\/a><\/dt>\n<\/dl>\n<dl class=\"gallery-item\">\n<dt class=\"gallery-icon portrait\"><a href=\"https:\/\/suceavanews.ro\/wp-content\/uploads\/2026\/02\/sediu-nou-jandarmeria-suceava-3.jpeg\"><img decoding=\"async\" width=\"150\" height=\"150\" src=\"https:\/\/suceavanews.ro\/wp-content\/uploads\/2026\/02\/sediu-nou-jandarmeria-suceava-3-150x150.jpeg\" class=\"attachment-thumbnail size-thumbnail\" alt=\"\" loading=\"lazy\"><\/a><\/dt>\n<\/dl>\n<dl class=\"gallery-item\">\n<dt class=\"gallery-icon landscape\"><a href=\"https:\/\/suceavanews.ro\/wp-content\/uploads\/2026\/02\/sediu-nou-jandarmeria-suceava-4.jpeg\"><img decoding=\"async\" width=\"150\" height=\"150\" src=\"https:\/\/suceavanews.ro\/wp-content\/uploads\/2026\/02\/sediu-nou-jandarmeria-suceava-4-150x150.jpeg\" class=\"attachment-thumbnail size-thumbnail\" alt=\"\" loading=\"lazy\"><\/a><\/dt>\n<\/dl>\n<p><\/p>\n<dl class=\"gallery-item\">\n<dt class=\"gallery-icon landscape\"><a href=\"https:\/\/suceavanews.ro\/wp-content\/uploads\/2026\/02\/sediu-nou-jandarmeria-suceava-5.jpeg\"><img decoding=\"async\" width=\"150\" height=\"150\" src=\"https:\/\/suceavanews.ro\/wp-content\/uploads\/2026\/02\/sediu-nou-jandarmeria-suceava-5-150x150.jpeg\" class=\"attachment-thumbnail size-thumbnail\" alt=\"\" loading=\"lazy\"><\/a><\/dt>\n<\/dl>\n<p><\/div>\n<\/div>\n<p>[analyse_source url=&#8221;https:\/\/suceavanews.ro\/318625\/social\/foto-jandarmeria-suceava-are-un-nou-sediu-modernizat-din-bani-europeni\/&#8221;]<\/p>\n","protected":false},"excerpt":{"rendered":"<p>[analyse_image type=&#8221;featured&#8221; src=&#8221;&#8221;] Ast\u0103zi a avut loc festivitatea de inaugurare a sediului modernizat al Inspectoratului de Jandarmi Jude\u021bean \u201eBogdan Vod\u0103\u201d Suceava, un moment important at\u00e2t pentru institu\u021bie, c\u00e2t \u0219i pentru comunitatea pe care o deserve\u0219te. Evenimentul marcheaz\u0103 finalizarea proiectului \u201eEficientizarea \u0219i modernizarea pavilionului comandament al I.J.J. Suceava\u201d, finan\u021bat prin Programul Na\u021bional de Redresare \u0219i Rezilien\u021b\u0103. [&hellip;]<\/p>\n","protected":false},"author":1,"featured_media":0,"comment_status":"open","ping_status":"","sticky":false,"template":"","format":"standard","meta":{"footnotes":""},"categories":[89],"tags":[226,174],"class_list":["post-1784094","post","type-post","status-publish","format-standard","hentry","category-romania","tag-crawlmanager","tag-suceavanews-ro"],"_links":{"self":[{"href":"https:\/\/analyse.optim.biz\/index.php?rest_route=\/wp\/v2\/posts\/1784094","targetHints":{"allow":["GET"]}}],"collection":[{"href":"https:\/\/analyse.optim.biz\/index.php?rest_route=\/wp\/v2\/posts"}],"about":[{"href":"https:\/\/analyse.optim.biz\/index.php?rest_route=\/wp\/v2\/types\/post"}],"author":[{"embeddable":true,"href":"https:\/\/analyse.optim.biz\/index.php?rest_route=\/wp\/v2\/users\/1"}],"replies":[{"embeddable":true,"href":"https:\/\/analyse.optim.biz\/index.php?rest_route=%2Fwp%2Fv2%2Fcomments&post=1784094"}],"version-history":[{"count":0,"href":"https:\/\/analyse.optim.biz\/index.php?rest_route=\/wp\/v2\/posts\/1784094\/revisions"}],"wp:attachment":[{"href":"https:\/\/analyse.optim.biz\/index.php?rest_route=%2Fwp%2Fv2%2Fmedia&parent=1784094"}],"wp:term":[{"taxonomy":"category","embeddable":true,"href":"https:\/\/analyse.optim.biz\/index.php?rest_route=%2Fwp%2Fv2%2Fcategories&post=1784094"},{"taxonomy":"post_tag","embeddable":true,"href":"https:\/\/analyse.optim.biz\/index.php?rest_route=%2Fwp%2Fv2%2Ftags&post=1784094"}],"curies":[{"name":"wp","href":"https:\/\/api.w.org\/{rel}","templated":true}]}}