{"id":1784092,"date":"2026-02-19T00:00:00","date_gmt":"2026-02-18T21:00:00","guid":{"rendered":"https:\/\/analyse.optim.biz\/?p=1784092"},"modified":"2026-02-19T00:00:00","modified_gmt":"2026-02-18T21:00:00","slug":"patru-barbati-retinuti-in-urma-unui-scandal-dupa-accident-la-veresti","status":"publish","type":"post","link":"https:\/\/analyse.optim.biz\/?p=1784092","title":{"rendered":"Patru b\u0103rba\u021bi re\u021binu\u021bi \u00een urma unui scandal dup\u0103 accident la Vere\u0219ti"},"content":{"rendered":"<p>[analyse_image type=&#8221;featured&#8221; src=&#8221;&#8221;]<\/p>\n<div class=\"entry-content\">\n<p><img decoding=\"async\" loading=\"lazy\" class=\"alignleft size-medium wp-image-300971\" src=\"https:\/\/suceavanews.ro\/wp-content\/uploads\/2019\/12\/retinuti-furt-300x136.jpg\" alt=\"\" width=\"300\" height=\"136\">Poli\u0163i\u015ftii au atras \u00een nenum\u0103rate r\u00e2nduri aten\u0163ia c\u0103 nu tolereaz\u0103 comportamente de tip antisocial cu component\u0103 violent\u0103 de natur\u0103 a induce sentimentul de insecuritate civic\u0103 \u015fi vor da dovad\u0103 de fermitate maxim\u0103 \u00een aplicarea legii, astfel \u00eenc\u00e2t cet\u0103\u0163enii s\u0103 perceap\u0103 comunitatea sucevean\u0103 ca fiind una sigur\u0103 \u015fi civilizat\u0103.<\/p>\n<p>La data de 16.02.2026, ora 09:30, poli\u021bi\u0219tii din cadrul Sec\u021biei de Poli\u021bie Rural\u0103\u00a0 2 Ipote\u0219ti s-au deplasat la un eveniment semnalat prin SNUAU 112, fiind sesizat faptul c\u0103 \u00een localitatea Hancea, comuna Vere\u0219ti s-a produs un accident rutier.<\/p>\n<p>Din primele verific\u0103ri s-a constatat c\u0103 evenimentul rutier s-a soldat doar cu pagube materiale, \u00eens\u0103 \u00eentre \u0219oferi \u0219i pasageri a izbucnit un conflict, persoanele implicate agres\u00e2ndu-se \u0219i provoc\u00e2nd distrugeri autoturismelor implicate.<\/p>\n<p>Conflictul a fost aplanat, iar victimelor li s-a adus la cuno\u0219tiin\u021b\u0103 dreptul de a solicita un ordin de protec\u021bie provizoriu fa\u021b\u0103 de agresori, \u00eens\u0103 ace\u0219tia au refuzat.<\/p>\n<p>La data de 18.02.2026, \u00een continuarea cercet\u0103rilor efectuate de poli\u021bi\u0219tii SPR 2 Ipote\u0219ti referitor la evenimentul din data de 16.02.2026, c\u00e2nd la ora 09:30, lucr\u0103torii din cadrul S.P.R. 2 Ipote\u0219ti au completat materialul probator \u00een dosarul penal sub aspectul s\u0103v\u00e2r\u0219irii infrac\u021biunilor de \u201elovirea sau alte violen\u021be\u201d (trei acte materiale), fapte prev. \u015fi ped. de art. art. 193 alin.1 \u0219i alin. 21, lit. c din Codul penal \u0219i \u201edistrugere\u201d (dou\u0103 acte materiale), fapte prev. \u015fi ped. de art. art. 253 alin.1 din Codul penal, fiind dispus\u0103 extinderea urm\u0103ririi penale pentru s\u0103v\u00e2r\u0219irea a dou\u0103 infrac\u021biuni de \u201dtulburarea ordinii \u0219i lini\u0219tii publice\u201d, fapte prev. \u0219i ped. de art. 371 alin. 2 \u0219i 3 din Codul penal \u015fi de art. 371 alin. 2 din Codul penal.<\/p>\n<p>La aceea\u0219i dat\u0103, prin ordonan\u021ba organelor de cercetare penal\u0103, poli\u021bi\u0219tii au dispus m\u0103sura re\u021binerii pentru 24 de ore fa\u021b\u0103 de 4 b\u0103rba\u021bi \u00eemplica\u021bi, ace\u0219tia fiind \u00eencarcera\u021bi \u00een Centrul de Re\u021binere \u0219i Arestare Preventiv\u0103.<\/p>\n<p>Cercet\u0103rile sunt continuate de c\u0103tre poli\u021bi\u0219ti sub supravegherea \u0219i coordonarea unit\u0103\u021bii de parchet competente pentru stabilirea activit\u0103\u021bii infrac\u021bionale, a gradului de participa\u021bie \u0219i pentru dispunerea m\u0103surilor procesuale conforme.<\/p>\n<p>\u00a0<\/p>\n<\/div>\n<div class=\"entry-content\">\n<p><img decoding=\"async\" loading=\"lazy\" class=\"alignleft size-medium wp-image-300971\" src=\"https:\/\/suceavanews.ro\/wp-content\/uploads\/2019\/12\/retinuti-furt-300x136.jpg\" alt=\"\" width=\"300\" height=\"136\">Poli\u0163i\u015ftii au atras \u00een nenum\u0103rate r\u00e2nduri aten\u0163ia c\u0103 nu tolereaz\u0103 comportamente de tip antisocial cu component\u0103 violent\u0103 de natur\u0103 a induce sentimentul de insecuritate civic\u0103 \u015fi vor da dovad\u0103 de fermitate maxim\u0103 \u00een aplicarea legii, astfel \u00eenc\u00e2t cet\u0103\u0163enii s\u0103 perceap\u0103 comunitatea sucevean\u0103 ca fiind una sigur\u0103 \u015fi civilizat\u0103.<\/p>\n<p>La data de 16.02.2026, ora 09:30, poli\u021bi\u0219tii din cadrul Sec\u021biei de Poli\u021bie Rural\u0103\u00a0 2 Ipote\u0219ti s-au deplasat la un eveniment semnalat prin SNUAU 112, fiind sesizat faptul c\u0103 \u00een localitatea Hancea, comuna Vere\u0219ti s-a produs un accident rutier.<\/p>\n<p>Din primele verific\u0103ri s-a constatat c\u0103 evenimentul rutier s-a soldat doar cu pagube materiale, \u00eens\u0103 \u00eentre \u0219oferi \u0219i pasageri a izbucnit un conflict, persoanele implicate agres\u00e2ndu-se \u0219i provoc\u00e2nd distrugeri autoturismelor implicate.<\/p>\n<p>Conflictul a fost aplanat, iar victimelor li s-a adus la cuno\u0219tiin\u021b\u0103 dreptul de a solicita un ordin de protec\u021bie provizoriu fa\u021b\u0103 de agresori, \u00eens\u0103 ace\u0219tia au refuzat.<\/p>\n<p>La data de 18.02.2026, \u00een continuarea cercet\u0103rilor efectuate de poli\u021bi\u0219tii SPR 2 Ipote\u0219ti referitor la evenimentul din data de 16.02.2026, c\u00e2nd la ora 09:30, lucr\u0103torii din cadrul S.P.R. 2 Ipote\u0219ti au completat materialul probator \u00een dosarul penal sub aspectul s\u0103v\u00e2r\u0219irii infrac\u021biunilor de \u201elovirea sau alte violen\u021be\u201d (trei acte materiale), fapte prev. \u015fi ped. de art. art. 193 alin.1 \u0219i alin. 21, lit. c din Codul penal \u0219i \u201edistrugere\u201d (dou\u0103 acte materiale), fapte prev. \u015fi ped. de art. art. 253 alin.1 din Codul penal, fiind dispus\u0103 extinderea urm\u0103ririi penale pentru s\u0103v\u00e2r\u0219irea a dou\u0103 infrac\u021biuni de \u201dtulburarea ordinii \u0219i lini\u0219tii publice\u201d, fapte prev. \u0219i ped. de art. 371 alin. 2 \u0219i 3 din Codul penal \u015fi de art. 371 alin. 2 din Codul penal.<\/p>\n<p>La aceea\u0219i dat\u0103, prin ordonan\u021ba organelor de cercetare penal\u0103, poli\u021bi\u0219tii au dispus m\u0103sura re\u021binerii pentru 24 de ore fa\u021b\u0103 de 4 b\u0103rba\u021bi \u00eemplica\u021bi, ace\u0219tia fiind \u00eencarcera\u021bi \u00een Centrul de Re\u021binere \u0219i Arestare Preventiv\u0103.<\/p>\n<p>Cercet\u0103rile sunt continuate de c\u0103tre poli\u021bi\u0219ti sub supravegherea \u0219i coordonarea unit\u0103\u021bii de parchet competente pentru stabilirea activit\u0103\u021bii infrac\u021bionale, a gradului de participa\u021bie \u0219i pentru dispunerea m\u0103surilor procesuale conforme.<\/p>\n<p>\u00a0<\/p>\n<\/div>\n<p>[analyse_source url=&#8221;https:\/\/suceavanews.ro\/318623\/general\/stirea-zilei\/patru-barbati-retinuti-in-urma-unui-scandal-dupa-accident-la-veresti\/&#8221;]<\/p>\n","protected":false},"excerpt":{"rendered":"<p>[analyse_image type=&#8221;featured&#8221; src=&#8221;&#8221;] Poli\u0163i\u015ftii au atras \u00een nenum\u0103rate r\u00e2nduri aten\u0163ia c\u0103 nu tolereaz\u0103 comportamente de tip antisocial cu component\u0103 violent\u0103 de natur\u0103 a induce sentimentul de insecuritate civic\u0103 \u015fi vor da dovad\u0103 de fermitate maxim\u0103 \u00een aplicarea legii, astfel \u00eenc\u00e2t cet\u0103\u0163enii s\u0103 perceap\u0103 comunitatea sucevean\u0103 ca fiind una sigur\u0103 \u015fi civilizat\u0103. La data de 16.02.2026, [&hellip;]<\/p>\n","protected":false},"author":1,"featured_media":0,"comment_status":"open","ping_status":"","sticky":false,"template":"","format":"standard","meta":{"footnotes":""},"categories":[89],"tags":[226,174],"class_list":["post-1784092","post","type-post","status-publish","format-standard","hentry","category-romania","tag-crawlmanager","tag-suceavanews-ro"],"_links":{"self":[{"href":"https:\/\/analyse.optim.biz\/index.php?rest_route=\/wp\/v2\/posts\/1784092","targetHints":{"allow":["GET"]}}],"collection":[{"href":"https:\/\/analyse.optim.biz\/index.php?rest_route=\/wp\/v2\/posts"}],"about":[{"href":"https:\/\/analyse.optim.biz\/index.php?rest_route=\/wp\/v2\/types\/post"}],"author":[{"embeddable":true,"href":"https:\/\/analyse.optim.biz\/index.php?rest_route=\/wp\/v2\/users\/1"}],"replies":[{"embeddable":true,"href":"https:\/\/analyse.optim.biz\/index.php?rest_route=%2Fwp%2Fv2%2Fcomments&post=1784092"}],"version-history":[{"count":0,"href":"https:\/\/analyse.optim.biz\/index.php?rest_route=\/wp\/v2\/posts\/1784092\/revisions"}],"wp:attachment":[{"href":"https:\/\/analyse.optim.biz\/index.php?rest_route=%2Fwp%2Fv2%2Fmedia&parent=1784092"}],"wp:term":[{"taxonomy":"category","embeddable":true,"href":"https:\/\/analyse.optim.biz\/index.php?rest_route=%2Fwp%2Fv2%2Fcategories&post=1784092"},{"taxonomy":"post_tag","embeddable":true,"href":"https:\/\/analyse.optim.biz\/index.php?rest_route=%2Fwp%2Fv2%2Ftags&post=1784092"}],"curies":[{"name":"wp","href":"https:\/\/api.w.org\/{rel}","templated":true}]}}