{"id":178407,"date":"2015-06-25T11:12:21","date_gmt":"2015-06-25T08:12:21","guid":{"rendered":"https:\/\/analyse.optim.biz\/?p=178407"},"modified":"2015-06-25T11:12:21","modified_gmt":"2015-06-25T08:12:21","slug":"victor-ponta-daca-nu-apare-nimic-neprevazut-voi-veni-mult-mai-repede-acasa","status":"publish","type":"post","link":"https:\/\/analyse.optim.biz\/?p=178407","title":{"rendered":"Victor Ponta: Dac\u0103 nu apare nimic neprev\u0103zut, voi veni mult mai repede acas\u0103"},"content":{"rendered":"<div class=\"entry data-app-meta data-app-meta-article\" data-embed-base-url-canonical=\"https:\/\/www.digi24.ro\/embed\/stiri\/actualitate\/politica\/victor-ponta-daca-nu-apare-nimic-neprevazut-voi-veni-mult-mai-repede-acasa-408466\">\n<p data-index=\"1\">\u00a0<img decoding=\"async\" src=\"https:\/\/analyse.optim.biz\/wp-content\/uploads\/2024\/09\/jmhhc2g9zti4zti3otg3otiznmfmztjhmznjmzawzta2ogexoge-thumb_.jpg\" data-skip-htmlfix=\"1\" title=\"jmhhc2g9zti4zti3otg3otiznmfmztjhmznjmzawzta2ogexoge-thumb_\"><\/p>\n<p data-index=\"2\"><span><em>FOTO Mediafax<\/em><\/span><\/p>\n<p data-index=\"3\">&#8220;Delegarea din punct de vedere al Constitu\u0163iei pentru Oprea (Gabriel Oprea, prim-ministru interimar-n.r.) este de maximum 45 de zile. La ceea ce mi-au spus doctorii, urma s\u0103 r\u0103m\u00e2n cam 28 de zile, dar probabil &#8211; nu probabil, dac\u0103 nu apare nimic neprev\u0103zut la evolu\u0163ia mea &#8211; voi veni mult mai repede. S\u0103pt\u0103m\u00e2na viitoare, am o perioad\u0103 de fizioterapie \u015fi de recuperare intensiv\u0103 \u015fi, dup\u0103 aceea, cred c\u0103 pot s\u0103 vin acas\u0103, v\u0103 da\u0163i seama c\u0103 \u00eemi doresc acest lucru&#8221;, a spus Ponta la un post de televiziune.<\/p>\n<p data-index=\"4\">Premierul a spus c\u0103 vorbe\u015fte permanent cu membrii Guvernului, c\u0103 a fost vizitat de c\u0103tre mini\u015ftri \u015fi c\u0103 prime\u015fte informa\u0163ii zilnic at\u00e2t despre activitatea Executivului, c\u00e2t \u015fi despre aspecte politice.<\/p>\n<p data-index=\"5\">&#8220;Am vorbit cu Oprea pu\u0163in mai devreme, de altfel am vorbit \u00een fiecare zi cu el, am vorbit cu ceilal\u0163i colegi ai mei, m-au vizitat mini\u015ftri. Nu sunt chiar rupt a\u015fa de realitate, doar c\u0103&#8230;ce s\u0103 fac ? Stau cu piciorul \u00een sus \u015fi nu pot s\u0103 m\u0103 mi\u015fc, dar pot s\u0103 vorbesc&#8221;, a mai spus Ponta.<\/p>\n<p data-index=\"6\">Premierul Victor Ponta a fost internat \u00een 14 iunie la Spitalul Universitar Medipol din Istanbul, unde o zi mai t\u00e2rziu a fost operat la genunchiul st\u00e2ng. \u00a0<\/p>\n<\/div>\n<p> Source URL: https:\/\/www.digi24.ro\/stiri\/actualitate\/politica\/victor-ponta-daca-nu-apare-nimic-neprevazut-voi-veni-mult-mai-repede-acasa-408466<\/p>\n","protected":false},"excerpt":{"rendered":"<p>\u00a0 FOTO Mediafax &#8220;Delegarea din punct de vedere al Constitu\u0163iei pentru Oprea (Gabriel Oprea, prim-ministru interimar-n.r.) este de maximum 45 de zile. La ceea ce mi-au spus doctorii, urma s\u0103 r\u0103m\u00e2n cam 28 de zile, dar probabil &#8211; nu probabil, dac\u0103 nu apare nimic neprev\u0103zut la evolu\u0163ia mea &#8211; voi veni mult mai repede. S\u0103pt\u0103m\u00e2na [&hellip;]<\/p>\n","protected":false},"author":1,"featured_media":178408,"comment_status":"open","ping_status":"","sticky":false,"template":"","format":"standard","meta":{"footnotes":""},"categories":[2],"tags":[11],"class_list":["post-178407","post","type-post","status-publish","format-standard","has-post-thumbnail","hentry","category-politics","tag-digi24"],"_links":{"self":[{"href":"https:\/\/analyse.optim.biz\/index.php?rest_route=\/wp\/v2\/posts\/178407","targetHints":{"allow":["GET"]}}],"collection":[{"href":"https:\/\/analyse.optim.biz\/index.php?rest_route=\/wp\/v2\/posts"}],"about":[{"href":"https:\/\/analyse.optim.biz\/index.php?rest_route=\/wp\/v2\/types\/post"}],"author":[{"embeddable":true,"href":"https:\/\/analyse.optim.biz\/index.php?rest_route=\/wp\/v2\/users\/1"}],"replies":[{"embeddable":true,"href":"https:\/\/analyse.optim.biz\/index.php?rest_route=%2Fwp%2Fv2%2Fcomments&post=178407"}],"version-history":[{"count":0,"href":"https:\/\/analyse.optim.biz\/index.php?rest_route=\/wp\/v2\/posts\/178407\/revisions"}],"wp:featuredmedia":[{"embeddable":true,"href":"https:\/\/analyse.optim.biz\/index.php?rest_route=\/wp\/v2\/media\/178408"}],"wp:attachment":[{"href":"https:\/\/analyse.optim.biz\/index.php?rest_route=%2Fwp%2Fv2%2Fmedia&parent=178407"}],"wp:term":[{"taxonomy":"category","embeddable":true,"href":"https:\/\/analyse.optim.biz\/index.php?rest_route=%2Fwp%2Fv2%2Fcategories&post=178407"},{"taxonomy":"post_tag","embeddable":true,"href":"https:\/\/analyse.optim.biz\/index.php?rest_route=%2Fwp%2Fv2%2Ftags&post=178407"}],"curies":[{"name":"wp","href":"https:\/\/api.w.org\/{rel}","templated":true}]}}