{"id":178396,"date":"2015-06-25T11:35:28","date_gmt":"2015-06-25T08:35:28","guid":{"rendered":"https:\/\/analyse.optim.biz\/?p=178396"},"modified":"2015-06-25T11:35:28","modified_gmt":"2015-06-25T08:35:28","slug":"plenul-pentru-sefia-sie-stabilit-luni","status":"publish","type":"post","link":"https:\/\/analyse.optim.biz\/?p=178396","title":{"rendered":"Plenul pentru \u0219efia SIE, stabilit luni"},"content":{"rendered":"<div class=\"entry data-app-meta data-app-meta-article\" data-embed-base-url-canonical=\"https:\/\/www.digi24.ro\/embed\/stiri\/actualitate\/politica\/plenul-pentru-sefia-sie-stabilit-luni-408472\">\n<p data-index=\"1\">Conducerea Parlamentului s-ar putea reuni luni la ora 13.00, pentru a da un vot \u00een cazul lui Mihai R\u0103zvan Ungureanu, propus de pre\u0219edintele Klaus Iohannis la \u0219efia SIE.\u00a0<\/p>\n<p data-index=\"2\"><a href=\"https:\/\/www.digi24.ro\/Stiri\/Digi24\/Actualitate\/Stiri\/Propunerea+lui+Mihai+Razvan+Ungureanu+la+sefia+SIE+clatina+Puter\" target=\"_blank\" data-skip-linkfix=\"1\" rel=\"noopener\"><span>Propunerea lui Mihai R\u0103zvan Ungureanu la \u0219efia SIE clatin\u0103 Puterea<\/span><\/a><\/p>\n<p data-index=\"3\">Reamintim c\u0103 senatorul liberal Mihai R\u0103zvan Ungureanu a fost nominalizat de pre\u0219edintele Klaus Iohannis pentru func\u021bia de director al Serviciului de Informa\u021bii Externe.\u00a0<\/p>\n<p data-index=\"4\"><span>\u201e<strong><em>Pre\u0219edintele Rom\u00e2niei, domnul Klaus Iohannis, l-a nominalizat pentru func\u021bia de director al Serviciului de Informa\u021bii Externe pe domnul Mihai-R\u0103zvan Ungureanu.<\/em><\/strong> Conform prevederilor constitu\u021bionale, domnul Pre\u0219edinte Klaus Iohannis i-a \u00een\u0219tiin\u021bat, printr-o scrisoare oficial\u0103, pe pre\u0219edin\u021bii celor dou\u0103 Camere ale Parlamentului despre aceast\u0103 nominalizare, urm\u00e2nd ca Parlamentul s\u0103 adopte o hot\u0103r\u00e2re \u00een acest sens\u201d, se arat\u0103<\/span><strong><a href=\"http:\/\/presidency.ro\/?_RID=det&amp;tb=date&amp;id=15828&amp;_PRID=\" target=\"_blank\" data-skip-linkfix=\"1\" rel=\"noopener\">\u00a0\u00eentr-un comunicat al Administra\u021biei Preziden\u021biale.<\/a><\/strong><\/p>\n<p data-index=\"5\">\u201eEste o onoare pentru mine aceast\u0103 nominalizare. Sper c\u0103 a fost f\u0103cut\u0103 \u00een cuno\u0219tin\u021b\u0103 de cauz\u0103.<em>\u00a0\u00cemi doresc ca Parlamentul s\u0103 \u00eemi acord\u0103 \u00eencrederea prin vot<\/em>. Credem &#8211; domnul pre\u0219edinte, \u00eenainte de toate \u2013 c\u0103 este nevoie de un Serviciu de Informa\u021bii Externe puternic \u0219i cu adev\u0103rat implicat \u00een ceea ce \u00eenseamn\u0103 asigurarea securit\u0103\u021bii na\u021bionale \u00eentr-un context regional at\u00e2t de tulbure\u201d,\u00a0<strong>a declarat Mihai <strong>R\u0103zvan <\/strong>Ungureanu<\/strong>. \u00a0<\/p>\n<p data-index=\"6\">Mihai R\u0103zvan Ungureanu<strong>\u00a0a mai fost director al SIE \u00een perioada noiembrie 2007 &#8211; februarie 2012.<\/strong><\/p>\n<\/div>\n<p> Source URL: https:\/\/www.digi24.ro\/stiri\/actualitate\/politica\/plenul-pentru-sefia-sie-stabilit-luni-408472<\/p>\n","protected":false},"excerpt":{"rendered":"<p>Conducerea Parlamentului s-ar putea reuni luni la ora 13.00, pentru a da un vot \u00een cazul lui Mihai R\u0103zvan Ungureanu, propus de pre\u0219edintele Klaus Iohannis la \u0219efia SIE.\u00a0 Propunerea lui Mihai R\u0103zvan Ungureanu la \u0219efia SIE clatin\u0103 Puterea Reamintim c\u0103 senatorul liberal Mihai R\u0103zvan Ungureanu a fost nominalizat de pre\u0219edintele Klaus Iohannis pentru func\u021bia de [&hellip;]<\/p>\n","protected":false},"author":1,"featured_media":178397,"comment_status":"open","ping_status":"","sticky":false,"template":"","format":"standard","meta":{"footnotes":""},"categories":[2],"tags":[11],"class_list":["post-178396","post","type-post","status-publish","format-standard","has-post-thumbnail","hentry","category-politics","tag-digi24"],"_links":{"self":[{"href":"https:\/\/analyse.optim.biz\/index.php?rest_route=\/wp\/v2\/posts\/178396","targetHints":{"allow":["GET"]}}],"collection":[{"href":"https:\/\/analyse.optim.biz\/index.php?rest_route=\/wp\/v2\/posts"}],"about":[{"href":"https:\/\/analyse.optim.biz\/index.php?rest_route=\/wp\/v2\/types\/post"}],"author":[{"embeddable":true,"href":"https:\/\/analyse.optim.biz\/index.php?rest_route=\/wp\/v2\/users\/1"}],"replies":[{"embeddable":true,"href":"https:\/\/analyse.optim.biz\/index.php?rest_route=%2Fwp%2Fv2%2Fcomments&post=178396"}],"version-history":[{"count":0,"href":"https:\/\/analyse.optim.biz\/index.php?rest_route=\/wp\/v2\/posts\/178396\/revisions"}],"wp:featuredmedia":[{"embeddable":true,"href":"https:\/\/analyse.optim.biz\/index.php?rest_route=\/wp\/v2\/media\/178397"}],"wp:attachment":[{"href":"https:\/\/analyse.optim.biz\/index.php?rest_route=%2Fwp%2Fv2%2Fmedia&parent=178396"}],"wp:term":[{"taxonomy":"category","embeddable":true,"href":"https:\/\/analyse.optim.biz\/index.php?rest_route=%2Fwp%2Fv2%2Fcategories&post=178396"},{"taxonomy":"post_tag","embeddable":true,"href":"https:\/\/analyse.optim.biz\/index.php?rest_route=%2Fwp%2Fv2%2Ftags&post=178396"}],"curies":[{"name":"wp","href":"https:\/\/api.w.org\/{rel}","templated":true}]}}