{"id":178393,"date":"2015-06-25T16:15:33","date_gmt":"2015-06-25T13:15:33","guid":{"rendered":"https:\/\/analyse.optim.biz\/?p=178393"},"modified":"2015-06-25T16:15:33","modified_gmt":"2015-06-25T13:15:33","slug":"adrian-cioroianu-este-o-instabilitate-in-politica-romaneasca","status":"publish","type":"post","link":"https:\/\/analyse.optim.biz\/?p=178393","title":{"rendered":"Adrian Cioroianu: \u201eEste o instabilitate \u00een politica rom\u00e2neasc\u0103\u201d"},"content":{"rendered":"<div class=\"entry data-app-meta data-app-meta-article\" data-embed-base-url-canonical=\"https:\/\/www.digi24.ro\/embed\/stiri\/actualitate\/politica\/adrian-cioroianu-este-o-instabilitate-in-politica-romaneasca-408664\">\n<p data-index=\"1\">\u00a0<img decoding=\"async\" src=\"https:\/\/analyse.optim.biz\/wp-content\/uploads\/2024\/09\/ptgwmczoyxnopwnly2u0zge1ywezzgzjmtewogqynzlmzti5njuzmmqw-thumb_.jpg\" data-skip-htmlfix=\"1\" title=\"ptgwmczoyxnopwnly2u0zge1ywezzgzjmtewogqynzlmzti5njuzmmqw-thumb_\"><\/p>\n<p data-index=\"2\">\u201e<span>Este o situa\u021bie confuz\u0103 (\u00een apropierea grani\u021belor Rom\u00e2niei, n.r.) \u0219i tocmai pentru c\u0103 vorbim despre aceast\u0103 situa\u021bie neclar\u0103 din vecini, din estul Ucrainei, ar fi bine ca \u0219i la nivelul politicii rom\u00e2ne\u0219ti s\u0103 fie ceva mai mult\u0103 lini\u0219te, dar se pare c\u0103 este imposibil. <strong>La noi, de c\u00e2nd se face politic\u0103, de dup\u0103 Constitu\u021bia de la 1866 p\u00e2n\u0103 ast\u0103zi, istoria ne arat\u0103 c\u0103 totdeauna via\u021ba politic\u0103 a fost agitat\u0103<\/strong>. Indiferent de pericolele care au fost \u00een jur, la noi, via\u021ba politic\u0103 a fost \u00eentotdeauna una cronofag\u0103 \u0219i am cheltuit \u00eentotdeauna energiile lupt\u00e2ndu-ne \u00eentre noi. Este o instabilitate \u00een politica rom\u00e2neasc\u0103, o schimbare a genera\u021biilor care poate este fireasc\u0103. Tot ce \u00eemi doresc este ca aceast\u0103 nelini\u0219te din plan intern s\u0103 nu influen\u021beze presta\u021bia noastr\u0103 \u00een afar\u0103\u201d, a afirmat Adrian Cioroianu, noteaz\u0103<a href=\"http:\/\/www.agerpres.ro\/politica\/2015\/06\/25\/adrian-cioroianu-ar-fi-bine-ca-la-nivelul-politicii-romanesti-sa-fie-ceva-mai-multa-liniste-15-53-57\" target=\"_blank\" data-skip-linkfix=\"1\" rel=\"noopener\"> Agerpres.<\/a><\/span><\/p>\n<p data-index=\"3\"><strong>Pe de alt\u0103 parte, fostul ministru de Externe \u0219i-a exprimat speran\u021ba c\u0103 evolu\u021bia situa\u021biei din vecin\u0103tatea nord-estic\u0103 a \u021b\u0103rii noastre nu va degenera \u00eentr-un conflict militar deschis.<\/strong><\/p>\n<p data-index=\"4\">\u201e\u00cenc\u0103 p\u0103strez speran\u021ba c\u0103 nu se va ajunge la un conflict deschis sau care s\u0103 implice toate \u021b\u0103rile din zon\u0103. Conflictul este deschis \u00een momentul de fa\u021b\u0103, din p\u0103cate, pe grani\u021ba de est a Ucrainei, dar sper\u0103m c\u0103 nu va conduce la un r\u0103zboi care s\u0103 implice \u021b\u0103rile NATO \u0219i \u00eentr-o perioad\u0103 de timp ne dorim s\u0103 se g\u0103seasc\u0103 o solu\u021bie rezonabil\u0103 \u0219i inclusiv administra\u021bia Putin s\u0103-\u0219i dea seama c\u0103 escaladarea aceasta \u0219i men\u021binerea conflictului din estul Ucrainei nu ajut\u0103 pe nimeni, nici m\u0103car pe Rusia\u201d, a spus Adrian Cioroianu.<\/p>\n<\/div>\n<p> Source URL: https:\/\/www.digi24.ro\/stiri\/actualitate\/politica\/adrian-cioroianu-este-o-instabilitate-in-politica-romaneasca-408664<\/p>\n","protected":false},"excerpt":{"rendered":"<p>\u00a0 \u201eEste o situa\u021bie confuz\u0103 (\u00een apropierea grani\u021belor Rom\u00e2niei, n.r.) \u0219i tocmai pentru c\u0103 vorbim despre aceast\u0103 situa\u021bie neclar\u0103 din vecini, din estul Ucrainei, ar fi bine ca \u0219i la nivelul politicii rom\u00e2ne\u0219ti s\u0103 fie ceva mai mult\u0103 lini\u0219te, dar se pare c\u0103 este imposibil. La noi, de c\u00e2nd se face politic\u0103, de dup\u0103 Constitu\u021bia [&hellip;]<\/p>\n","protected":false},"author":1,"featured_media":178394,"comment_status":"open","ping_status":"","sticky":false,"template":"","format":"standard","meta":{"footnotes":""},"categories":[2],"tags":[11],"class_list":["post-178393","post","type-post","status-publish","format-standard","has-post-thumbnail","hentry","category-politics","tag-digi24"],"_links":{"self":[{"href":"https:\/\/analyse.optim.biz\/index.php?rest_route=\/wp\/v2\/posts\/178393","targetHints":{"allow":["GET"]}}],"collection":[{"href":"https:\/\/analyse.optim.biz\/index.php?rest_route=\/wp\/v2\/posts"}],"about":[{"href":"https:\/\/analyse.optim.biz\/index.php?rest_route=\/wp\/v2\/types\/post"}],"author":[{"embeddable":true,"href":"https:\/\/analyse.optim.biz\/index.php?rest_route=\/wp\/v2\/users\/1"}],"replies":[{"embeddable":true,"href":"https:\/\/analyse.optim.biz\/index.php?rest_route=%2Fwp%2Fv2%2Fcomments&post=178393"}],"version-history":[{"count":0,"href":"https:\/\/analyse.optim.biz\/index.php?rest_route=\/wp\/v2\/posts\/178393\/revisions"}],"wp:featuredmedia":[{"embeddable":true,"href":"https:\/\/analyse.optim.biz\/index.php?rest_route=\/wp\/v2\/media\/178394"}],"wp:attachment":[{"href":"https:\/\/analyse.optim.biz\/index.php?rest_route=%2Fwp%2Fv2%2Fmedia&parent=178393"}],"wp:term":[{"taxonomy":"category","embeddable":true,"href":"https:\/\/analyse.optim.biz\/index.php?rest_route=%2Fwp%2Fv2%2Fcategories&post=178393"},{"taxonomy":"post_tag","embeddable":true,"href":"https:\/\/analyse.optim.biz\/index.php?rest_route=%2Fwp%2Fv2%2Ftags&post=178393"}],"curies":[{"name":"wp","href":"https:\/\/api.w.org\/{rel}","templated":true}]}}