{"id":178382,"date":"2015-06-25T16:40:13","date_gmt":"2015-06-25T13:40:13","guid":{"rendered":"https:\/\/analyse.optim.biz\/?p=178382"},"modified":"2015-06-25T16:40:13","modified_gmt":"2015-06-25T13:40:13","slug":"cazul-victor-ponta-dezbatut-in-parlamentul-european","status":"publish","type":"post","link":"https:\/\/analyse.optim.biz\/?p=178382","title":{"rendered":"Cazul Victor Ponta, dezb\u0103tut \u00een Parlamentul European"},"content":{"rendered":"<div class=\"entry data-app-meta data-app-meta-article\" data-embed-base-url-canonical=\"https:\/\/www.digi24.ro\/embed\/stiri\/actualitate\/politica\/cazul-victor-ponta-dezbatut-in-parlamentul-european-408681\">\n<p data-index=\"1\">\u201eRom\u00e2nia \u015fi rom\u00e2nii nu au nicio vin\u0103 c\u0103 au un premier care dispre\u0163uie\u015fte justi\u0163ia \u015fi se ascunde \u00een spatele imunit\u0103\u0163ii parlamentare. Am ajuns s\u0103 discut\u0103m despre Rom\u00e2nia \u00een comisia LIBE pentru c\u0103 Victor Ponta \u0219i majoritatea sa parlamentar\u0103 atac\u0103 justi\u021bia, atac\u0103 institu\u021biile statului \u0219i vor s\u0103 schimbe Codul penal \u0219i Codul de procedur\u0103 penal\u0103 a\u0219a, dintr-o dat\u0103\u201d, a spus <strong>Monica Macovei.<\/strong><\/p>\n<p data-index=\"2\">Monica Macovei a amintit c\u0103, \u00een Mecanismul de Cooperare \u0219i Verificare, Comisia European\u0103 precizeaz\u0103 c\u0103 \u201edin Guvern trebuie s\u0103 fac\u0103 parte oamenii cei mai integri\u201d.<\/p>\n<p data-index=\"3\">\u201eDin acest punct de vedere avem o problem\u0103 cu faptul c\u0103 nu se ridic\u0103 imunitatea\u201d, a spus ea.<\/p>\n<p data-index=\"4\">Cu privire la cele 23 de proiecte de lege care vizeaz\u0103 modificarea celor dou\u0103 coduri, Monica Macovei spune: \u201eSunt ini\u021biative parlamentare, toate venite din partea puterii, toate \u00eencearc\u0103 s\u0103 opreasc\u0103 investiga\u021biile\u201d.<\/p>\n<p data-index=\"5\">\u201eCazul premierului se refer\u0103 la un dosar din 2006, 2007, care a fost \u00eenchis \u00een 2012 \u00een glorioasa guvernare Traian B\u0103sescu \u0219i pentru aceste argumente, plus asocierea cu ziua mo\u021biunii de \u00eenvestitur\u0103 (se referea la mo\u021biunea ce cenzur\u0103, n.r), probabil Parlamentul rom\u00e2n a decis s\u0103 nu ridice imunitatea\u201d, a fost r\u0103spunsul socialistului<strong> Victor Bo\u0219tinaru.<\/strong><\/p>\n<p data-index=\"6\">\u201eRegret c\u0103 \u00eenc\u0103 un r\u0103zboi politic se desf\u0103\u0219oar\u0103 cu aceia\u0219i ini\u021biatori. Ini\u021biatorul acestei noi discu\u021bii are o credibilitate politica discutabil\u0103. \u00cen octombrie 2012 vorbea de un milion \u0219i jum\u0103tate de voturi fraudate, DNA confirm\u0103 70 de persoane implicate \u00een dosarul de la referendum\u201d, a mai spus europarlamentarul.<\/p>\n<p data-index=\"7\">Un alt eurodeputat rom\u00e2n, <strong>Cristian Bu\u0219oi,<\/strong> din partea PPE, acela\u0219i grup de care apar\u021bine Monica Macovei, a spus: \u201e\u00cen mod normal, Parlamentul nu ar trebui s\u0103 blocheze cercetarea \u00een cazul unui \u00eenalt demnitar. Sunt m\u00e2hnit de situa\u0163ia dificil\u0103 a Rom\u00e2niei, pentru c\u0103 majoritatea a refuzat s\u0103 permit\u0103 justi\u0163iei s\u0103-\u0219i continue investiga\u0163iile, de refuzul premierului de a demisiona\u201d.<\/p>\n<p data-index=\"8\">\u201e<span>S-au f\u0103cut progrese importante, mai ales \u00een ultimii doi ani, dar nu am ajuns \u00een punctul din care lucrurile sunt ireversibile. Ceea ce nu apreciez deloc este faptul c\u0103 \u00een acest moment asist\u0103m la o confruntare deschis\u0103 \u00eentre dou\u0103 dintre puterile statului, Parlamentul \u015fi sistemul judiciar. \u00cen special faptul c\u0103 se critic\u0103 reciproc \u00een pres\u0103 &#8211; \u015fi asta nu este bine pentru niciuna dintre puterile statului. \u015ei sper c\u0103 acest lucru va fi \u00een\u0163eles de toat\u0103 lumea din Rom\u00e2nia. \u00cen acela\u015fi timp, este de domeniul eviden\u0163ei c\u0103 sistemul judiciar este perfect capabil s\u0103 func\u0163ioneze la toate nivelurile \u015fi nu exist\u0103 niciun motiv de a se ab\u0163ine de la acest lucru\u201d, a spus <strong>Frans Timmermans<\/strong>, vicepre\u015fedintele Comisiei Europene. <\/span><\/p>\n<p data-index=\"9\">\u201e<span>Dac\u0103 se ia o decizie cu privire la ridicarea imunit\u0103\u0163ii, acea decizie trebuie s\u0103 se bazeze pe acelea\u015fi criterii pe care \u015fi ceilal\u0163i cet\u0103\u0163eni sunt judeca\u0163i \u00een momentul \u00een care sunt adu\u015fi \u00een fa\u0163a justi\u0163iei. Nu ar trebui s\u0103 existe nicio diferen\u0163\u0103 la nivelul aplic\u0103rii legii \u00een cazul \u00een care un cet\u0103\u0163ean este membru al Parlamentului\u201d, a ad\u0103ugat el.<\/span><\/p>\n<hr>\n<p data-index=\"10\">\u00cen comisia pentru libert\u0103\u021bi civile, justi\u021bie \u0219i afaceri interne a legislativului european a avut loc o disput\u0103 \u00eentre europarlamentarii Monica Macovei, din grupul Popularilor Europeni \u0219i Victor Bo\u0219tinaru, din grupul social-democra\u021bilor.<\/p>\n<p data-index=\"11\">Liderul Grupului PPE, Manfred Weber, a cerut, la \u00eenceputul acestei luni, ca situa\u0163ia premierului Victor Ponta, fa\u0163\u0103 de care s-a cerut \u00eenceperea urm\u0103ririi penale, s\u0103 fie discutat\u0103 \u00een Parlamentul European.<\/p>\n<p data-index=\"12\">\u201eSitua\u0163ia din Rom\u00e2nia este \u00eengrijor\u0103toare. Este inacceptabil c\u0103 PSD vrea s\u0103 blocheze cercet\u0103rile. Direc\u0163ia Na\u0163ional\u0103 Anticorup\u0163ie trebuie l\u0103sat\u0103 s\u0103 investigheze spre a aduce lumin\u0103 \u00een cazul acuza\u0163iilor grave aduse lui Ponta\u201d, a declarat atunci Manfred Weber.<\/p>\n<p data-index=\"13\">Potrivit Mediafax, pre\u015fedintele Parlamentului European, Martin Schulz, a propus ca subiectul s\u0103 fie discutat \u00een comisia de specialitate (Comisia pentru libert\u0103\u0163i civile, justi\u0163ie \u015fi afaceri interne), precum \u015fi \u00een Conferin\u0163a liderilor grupurilor parlamentare, \u00eenainte de a fi discutat \u00een plen.<\/p>\n<\/div>\n<p> Source URL: https:\/\/www.digi24.ro\/stiri\/actualitate\/politica\/cazul-victor-ponta-dezbatut-in-parlamentul-european-408681<\/p>\n","protected":false},"excerpt":{"rendered":"<p>\u201eRom\u00e2nia \u015fi rom\u00e2nii nu au nicio vin\u0103 c\u0103 au un premier care dispre\u0163uie\u015fte justi\u0163ia \u015fi se ascunde \u00een spatele imunit\u0103\u0163ii parlamentare. Am ajuns s\u0103 discut\u0103m despre Rom\u00e2nia \u00een comisia LIBE pentru c\u0103 Victor Ponta \u0219i majoritatea sa parlamentar\u0103 atac\u0103 justi\u021bia, atac\u0103 institu\u021biile statului \u0219i vor s\u0103 schimbe Codul penal \u0219i Codul de procedur\u0103 penal\u0103 a\u0219a, [&hellip;]<\/p>\n","protected":false},"author":1,"featured_media":178383,"comment_status":"open","ping_status":"","sticky":false,"template":"","format":"standard","meta":{"footnotes":""},"categories":[2],"tags":[11],"class_list":["post-178382","post","type-post","status-publish","format-standard","has-post-thumbnail","hentry","category-politics","tag-digi24"],"_links":{"self":[{"href":"https:\/\/analyse.optim.biz\/index.php?rest_route=\/wp\/v2\/posts\/178382","targetHints":{"allow":["GET"]}}],"collection":[{"href":"https:\/\/analyse.optim.biz\/index.php?rest_route=\/wp\/v2\/posts"}],"about":[{"href":"https:\/\/analyse.optim.biz\/index.php?rest_route=\/wp\/v2\/types\/post"}],"author":[{"embeddable":true,"href":"https:\/\/analyse.optim.biz\/index.php?rest_route=\/wp\/v2\/users\/1"}],"replies":[{"embeddable":true,"href":"https:\/\/analyse.optim.biz\/index.php?rest_route=%2Fwp%2Fv2%2Fcomments&post=178382"}],"version-history":[{"count":0,"href":"https:\/\/analyse.optim.biz\/index.php?rest_route=\/wp\/v2\/posts\/178382\/revisions"}],"wp:featuredmedia":[{"embeddable":true,"href":"https:\/\/analyse.optim.biz\/index.php?rest_route=\/wp\/v2\/media\/178383"}],"wp:attachment":[{"href":"https:\/\/analyse.optim.biz\/index.php?rest_route=%2Fwp%2Fv2%2Fmedia&parent=178382"}],"wp:term":[{"taxonomy":"category","embeddable":true,"href":"https:\/\/analyse.optim.biz\/index.php?rest_route=%2Fwp%2Fv2%2Fcategories&post=178382"},{"taxonomy":"post_tag","embeddable":true,"href":"https:\/\/analyse.optim.biz\/index.php?rest_route=%2Fwp%2Fv2%2Ftags&post=178382"}],"curies":[{"name":"wp","href":"https:\/\/api.w.org\/{rel}","templated":true}]}}