{"id":178379,"date":"2015-06-25T18:06:54","date_gmt":"2015-06-25T15:06:54","guid":{"rendered":"https:\/\/analyse.optim.biz\/?p=178379"},"modified":"2015-06-25T18:06:54","modified_gmt":"2015-06-25T15:06:54","slug":"andrei-chiliman-s-a-autosuspendat-din-postul-de-prim-vicepresedinte-pnl-si-copresedinte-al-filialei","status":"publish","type":"post","link":"https:\/\/analyse.optim.biz\/?p=178379","title":{"rendered":"Andrei Chiliman s-a autosuspendat din postul de prim-vicepre\u015fedinte PNL \u015fi copre\u015fedinte al filialei"},"content":{"rendered":"<div class=\"entry data-app-meta data-app-meta-article\" data-embed-base-url-canonical=\"https:\/\/www.digi24.ro\/embed\/stiri\/actualitate\/politica\/andrei-chiliman-s-a-autosuspendat-din-postul-de-prim-vicepresedinte-pnl-si-copresedinte-al-filialei-408713\">\n<p data-index=\"1\"><img decoding=\"async\" src=\"https:\/\/analyse.optim.biz\/wp-content\/uploads\/2024\/09\/zmmzmzmyyje2ymfmntq1m2u0mdllzwfknw-thumb_.jpg\" data-skip-htmlfix=\"1\" title=\"zmmzmzmyyje2ymfmntq1m2u0mdllzwfknw-thumb_\"><\/p>\n<p data-index=\"2\">\u201eM-am autosuspendat at\u00e2t din func\u0163ia de prim-vicepre\u015fedinte al Partidului Na\u0163ional Liberal, c\u00e2t \u015fi din func\u0163ia de copre\u015fedinte al filialei PNL Sectorul 1. Decizia mea este dictat\u0103 de dorin\u0163a ca implicarea mea \u00eentr-un dosar penal s\u0103 nu afecteze imaginea Partidului Na\u0163ional Liberal, dar \u015fi de convingerea c\u0103 decen\u0163a \u015fi bunul-sim\u0163 trebuie s\u0103 guverneze via\u0163a public\u0103 \u015fi comportamentul politicienilor. Am \u00eencredere \u00een Justi\u0163ie, am convingerea c\u0103 voi beneficia de un proces echitabil \u015fi \u00eemi voi sus\u0163ine dreptatea \u00een fa\u0163a procurorilor \u015fi a judec\u0103torilor. Dreptatea se dezbate \u00een fa\u0163a magistra\u0163ilor, \u015fi nu pe ecranul televizorului\u201d, spune Andrei Chiliman, citat de Mediafax.<\/p>\n<div class=\"fb-post\">\n<div class=\"fb-xfbml-parse-ignore\">\n<blockquote cite=\"https:\/\/www.facebook.com\/A.Chiliman\/posts\/705222202937556\">\n<p data-index=\"4\">M-am autosuspendat at\u00e2t din func\u021bia de prim-vicepre\u015fedinte al Partidului Na\u0163ional Liberal, c\u00e2t \u0219i din func\u021bia de copre\u015f&#8230;<\/p>\n<p>Posted by <a href=\"https:\/\/www.facebook.com\/A.Chiliman\" data-skip-linkfix=\"1\">Andrei Chiliman<\/a> on\u00a0<a href=\"https:\/\/www.facebook.com\/A.Chiliman\/posts\/705222202937556\" data-skip-linkfix=\"1\">Thursday, June 25, 2015<\/a><\/p><\/blockquote>\n<\/div>\n<\/div>\n<p data-index=\"5\">Andrei Chiliman este suspendat \u015fi din func\u0163ia de primar al Sectorului 1 al Capitalei. El este <a href=\"https:\/\/www.digi24.ro\/Stiri\/Digi24\/Actualitate\/Justitie\/ICCJ+Andrei+Chiliman+cercetat+sub+control+judiciar\" target=\"_blank\" data-skip-linkfix=\"1\" rel=\"noopener\">cercetat sub control judiciar<\/a> pentru constituire a unui grup infrac\u0163ional organizat \u015fi complicitate la trafic de influen\u0163\u0103.<\/p>\n<\/div>\n<p> Source URL: https:\/\/www.digi24.ro\/stiri\/actualitate\/politica\/andrei-chiliman-s-a-autosuspendat-din-postul-de-prim-vicepresedinte-pnl-si-copresedinte-al-filialei-408713<\/p>\n","protected":false},"excerpt":{"rendered":"<p>\u201eM-am autosuspendat at\u00e2t din func\u0163ia de prim-vicepre\u015fedinte al Partidului Na\u0163ional Liberal, c\u00e2t \u015fi din func\u0163ia de copre\u015fedinte al filialei PNL Sectorul 1. Decizia mea este dictat\u0103 de dorin\u0163a ca implicarea mea \u00eentr-un dosar penal s\u0103 nu afecteze imaginea Partidului Na\u0163ional Liberal, dar \u015fi de convingerea c\u0103 decen\u0163a \u015fi bunul-sim\u0163 trebuie s\u0103 guverneze via\u0163a public\u0103 \u015fi [&hellip;]<\/p>\n","protected":false},"author":1,"featured_media":178380,"comment_status":"open","ping_status":"","sticky":false,"template":"","format":"standard","meta":{"footnotes":""},"categories":[2],"tags":[11],"class_list":["post-178379","post","type-post","status-publish","format-standard","has-post-thumbnail","hentry","category-politics","tag-digi24"],"_links":{"self":[{"href":"https:\/\/analyse.optim.biz\/index.php?rest_route=\/wp\/v2\/posts\/178379","targetHints":{"allow":["GET"]}}],"collection":[{"href":"https:\/\/analyse.optim.biz\/index.php?rest_route=\/wp\/v2\/posts"}],"about":[{"href":"https:\/\/analyse.optim.biz\/index.php?rest_route=\/wp\/v2\/types\/post"}],"author":[{"embeddable":true,"href":"https:\/\/analyse.optim.biz\/index.php?rest_route=\/wp\/v2\/users\/1"}],"replies":[{"embeddable":true,"href":"https:\/\/analyse.optim.biz\/index.php?rest_route=%2Fwp%2Fv2%2Fcomments&post=178379"}],"version-history":[{"count":0,"href":"https:\/\/analyse.optim.biz\/index.php?rest_route=\/wp\/v2\/posts\/178379\/revisions"}],"wp:featuredmedia":[{"embeddable":true,"href":"https:\/\/analyse.optim.biz\/index.php?rest_route=\/wp\/v2\/media\/178380"}],"wp:attachment":[{"href":"https:\/\/analyse.optim.biz\/index.php?rest_route=%2Fwp%2Fv2%2Fmedia&parent=178379"}],"wp:term":[{"taxonomy":"category","embeddable":true,"href":"https:\/\/analyse.optim.biz\/index.php?rest_route=%2Fwp%2Fv2%2Fcategories&post=178379"},{"taxonomy":"post_tag","embeddable":true,"href":"https:\/\/analyse.optim.biz\/index.php?rest_route=%2Fwp%2Fv2%2Ftags&post=178379"}],"curies":[{"name":"wp","href":"https:\/\/api.w.org\/{rel}","templated":true}]}}