{"id":1783317,"date":"2026-02-19T07:00:51","date_gmt":"2026-02-19T04:00:51","guid":{"rendered":"https:\/\/analyse.optim.biz\/?p=1783317"},"modified":"2026-02-19T07:00:51","modified_gmt":"2026-02-19T04:00:51","slug":"si-mama-baietelului-de-3-ani-omorat-in-bataie-a-fost-arestata-preventiv-pentru-30-zile-ziarul-delta-tulcea","status":"publish","type":"post","link":"https:\/\/analyse.optim.biz\/?p=1783317","title":{"rendered":"\u015ei mama b\u0103ie\u0163elului de 3 ani omor\u00e2t \u00een b\u0103taie a fost arestat\u0103 preventiv pentru 30 zile &#8211; Ziarul Delta Tulcea"},"content":{"rendered":"<p>[analyse_image type=&#8221;featured&#8221; src=&#8221;https:\/\/ziaruldelta.ro\/wp-content\/uploads\/2026\/02\/Si-mama.jpg&#8221;]<\/p>\n<article id=\"post-35433\" class=\"module single-post-module post-35433 post type-post status-publish format-standard has-post-thumbnail hentry category-social et-has-post-format-content et_post_format-et-post-format-standard\">\n<div class=\"post-header\">\n<h1 class=\"entry-title\">\u015ei mama b\u0103ie\u0163elului de 3 ani omor\u00e2t \u00een b\u0103taie a fost arestat\u0103 preventiv pentru 30 zile<\/h1>\n<div class=\"post-meta vcard\">\n<p>Posted by <a href=\"https:\/\/ziaruldelta.ro\/author\/nicoleta-urmuz\/\" class=\"url fn\" title=\"Posts by Nicoleta URMUZ\" rel=\"author\">Nicoleta URMUZ<\/a> | <span class=\"updated\">Feb 19, 2026<\/span> | <a href=\"https:\/\/ziaruldelta.ro\/category\/social\/\" rel=\"tag\">Social<\/a> | <\/p>\n<\/div>\n<\/div>\n<div class=\"post-thumbnail header\"><img decoding=\"async\" src=\"https:\/\/ziaruldelta.ro\/wp-content\/uploads\/2026\/02\/Si-mama.jpg\" alt=\"\u015ei mama b\u0103ie\u0163elului de 3 ani omor\u00e2t \u00een b\u0103taie a fost arestat\u0103 preventiv pentru 30 zile\"><\/div>\n<div class=\"post-wrap\">\n<div class=\"post-content entry-content\">\n<p>Ancheta \u00een cazul cutremur\u0103tor petrecut \u00een localitatea Turda, comuna Mihai Bravu, a luat o turnur\u0103 nea\u015fteptat\u0103. Dup\u0103 arestarea principalului suspect, procurorii au decis schimbarea \u00eencadr\u0103rii juridice \u015fi pentru mama victimei, Cristina-Izabela Mitru, care a fost arestat\u0103 preventiv pentru o perioad\u0103 de 30 de zile. Ini\u0163ial cercetat\u0103 pentru infrac\u0163iunea de l\u0103sare f\u0103r\u0103 ajutor, femeia este acum acuzat\u0103 de infrac\u0163iunea de violen\u0163\u0103 \u00een familie cu agravante corespunz\u0103toare omorului calificat, \u00een urma noilor probe administrate \u00een dosar. Decizia a fost luat\u0103 mar\u0163i, 17 februarie, de Tribunalul Tulcea, care a admis propunerea formulat\u0103 de procurorii Parchetului de pe l\u00e2ng\u0103 Tribunalul Tulcea. Astfel, mama b\u0103ie\u0163elului omor\u00e2t \u00een b\u0103taie se al\u0103tur\u0103 \u00een arest preventiv celuilalt inculpat, Florin Strejoiu, re\u0163inut cu o zi \u00eenainte.<\/p>\n<blockquote>\n<p>\u201eReferitor la cazul copilului de 3 ani, g\u0103sit decedat la data de 14.02.2026, \u00eentr-o locuin\u0163\u0103 din sat Turda, com. Mihai Bravu, jud.Tulcea, dup\u0103 arestarea preventiv\u0103 la data de 16.02.2025 a inculpatului S.F., cercetat\u00a0 sub aspectul s\u0103v\u00e2r\u015firii infrac\u0163iunii de violen\u0163\u0103 \u00een familie prev. de art. 199 alin.1 C.pen. \u00een ref. la art.188 alin.1 C.pen. comb. cu art.189 alin.1 lit.h \u015fi i C.pen., procurorul de caz din cadrul Parchetului de pe l\u00e2ng\u0103 Tribunalul Tulcea a solicitat Tribunalului Tulcea, arestarea preventiv\u0103 pe o durat\u0103 de 30 zile, \u00eencep\u00e2nd cu data de 17.02.2025 \u015fi a inculpatei M.C.I., mama copilului decedat.\u00a0 Fa\u0163\u0103 de aceasta, \u00een urma reaudierii inculpa\u0163ilor \u015fi a complet\u0103rii probatoriului administrat, prin ordonan\u0163a din data de 17.02.2025 a fost dispus\u0103 schimbarea \u00eencadr\u0103rii juridice a faptei re\u0163inute din infrac\u0163iunea de l\u0103sare f\u0103r\u0103 ajutor a unei persoane aflate \u00een dificultate, prev. de art.203 C.pen. \u00een infrac\u0163iunea de violen\u0163\u0103 \u00een familie, prev. de art.199 alin.1 C.pen. \u00een ref. la art.188 alin.1 C.pen. comb. cu art.189 alin.1 lit.h \u015fi i C.pen. (modalitate agravant\u0103 a infrac\u0163iunii de omor calificat, s\u0103v\u00e2r\u015fit prin cruzimi \u015fi profit\u00e2nd de starea de v\u0103dit\u0103 vulnerabilitate a persoanei v\u0103t\u0103mate, datorat\u0103 v\u00e2rstei). Propunerea de luare a m\u0103surii preventive a fost admis\u0103 de judec\u0103torul de drepturi \u015fi libert\u0103\u0163i, pe numele inculpatei M.C.I., fiind emis mandat de arestare preventiv\u0103, pe o durat\u0103 de 30 zile, \u00eencep\u00e2nd cu data de 17.02.2026\u2033, a transmis Parchetul de pe l\u00e2ng\u0103 Tribunalul Tulcea.<\/p>\n<\/blockquote>\n<p>Reamintim c\u0103 un copil de trei ani a fost omor\u00e2t \u00een b\u0103taie de concubinul mamei sale, \u00een satul Turda, comuna Mihai Bravu, \u00een seara zilei de joi, 12 februarie, \u00eens\u0103 trupul copilului a fost descoperit abia s\u00e2mb\u0103t\u0103, deoarece nici mama micu\u0163ului \u015fi nici b\u0103rbatul nu au alertat autorit\u0103\u0163ile.<\/p>\n<p>Citi\u0163i continuarea \u00een edi\u0163ia tip\u0103rit\u0103 a ziarului Delta.<\/p>\n<\/div>\n<\/div>\n<div class=\"post-footer\">\n<div class=\"social-icons ed-social-share-icons\">\n<p class=\"share-title\">Share:<\/p>\n<\/div>\n<div class=\"rating-stars\">\n<p id=\"rate-title\" class=\"rate-title\">Rate:<\/p>\n<\/div>\n<\/div>\n<\/article>\n<div class=\"post-content entry-content\">\n<p>Ancheta \u00een cazul cutremur\u0103tor petrecut \u00een localitatea Turda, comuna Mihai Bravu, a luat o turnur\u0103 nea\u015fteptat\u0103. Dup\u0103 arestarea principalului suspect, procurorii au decis schimbarea \u00eencadr\u0103rii juridice \u015fi pentru mama victimei, Cristina-Izabela Mitru, care a fost arestat\u0103 preventiv pentru o perioad\u0103 de 30 de zile. Ini\u0163ial cercetat\u0103 pentru infrac\u0163iunea de l\u0103sare f\u0103r\u0103 ajutor, femeia este acum acuzat\u0103 de infrac\u0163iunea de violen\u0163\u0103 \u00een familie cu agravante corespunz\u0103toare omorului calificat, \u00een urma noilor probe administrate \u00een dosar. Decizia a fost luat\u0103 mar\u0163i, 17 februarie, de Tribunalul Tulcea, care a admis propunerea formulat\u0103 de procurorii Parchetului de pe l\u00e2ng\u0103 Tribunalul Tulcea. Astfel, mama b\u0103ie\u0163elului omor\u00e2t \u00een b\u0103taie se al\u0103tur\u0103 \u00een arest preventiv celuilalt inculpat, Florin Strejoiu, re\u0163inut cu o zi \u00eenainte.<\/p>\n<blockquote>\n<p>\u201eReferitor la cazul copilului de 3 ani, g\u0103sit decedat la data de 14.02.2026, \u00eentr-o locuin\u0163\u0103 din sat Turda, com. Mihai Bravu, jud.Tulcea, dup\u0103 arestarea preventiv\u0103 la data de 16.02.2025 a inculpatului S.F., cercetat\u00a0 sub aspectul s\u0103v\u00e2r\u015firii infrac\u0163iunii de violen\u0163\u0103 \u00een familie prev. de art. 199 alin.1 C.pen. \u00een ref. la art.188 alin.1 C.pen. comb. cu art.189 alin.1 lit.h \u015fi i C.pen., procurorul de caz din cadrul Parchetului de pe l\u00e2ng\u0103 Tribunalul Tulcea a solicitat Tribunalului Tulcea, arestarea preventiv\u0103 pe o durat\u0103 de 30 zile, \u00eencep\u00e2nd cu data de 17.02.2025 \u015fi a inculpatei M.C.I., mama copilului decedat.\u00a0 Fa\u0163\u0103 de aceasta, \u00een urma reaudierii inculpa\u0163ilor \u015fi a complet\u0103rii probatoriului administrat, prin ordonan\u0163a din data de 17.02.2025 a fost dispus\u0103 schimbarea \u00eencadr\u0103rii juridice a faptei re\u0163inute din infrac\u0163iunea de l\u0103sare f\u0103r\u0103 ajutor a unei persoane aflate \u00een dificultate, prev. de art.203 C.pen. \u00een infrac\u0163iunea de violen\u0163\u0103 \u00een familie, prev. de art.199 alin.1 C.pen. \u00een ref. la art.188 alin.1 C.pen. comb. cu art.189 alin.1 lit.h \u015fi i C.pen. (modalitate agravant\u0103 a infrac\u0163iunii de omor calificat, s\u0103v\u00e2r\u015fit prin cruzimi \u015fi profit\u00e2nd de starea de v\u0103dit\u0103 vulnerabilitate a persoanei v\u0103t\u0103mate, datorat\u0103 v\u00e2rstei). Propunerea de luare a m\u0103surii preventive a fost admis\u0103 de judec\u0103torul de drepturi \u015fi libert\u0103\u0163i, pe numele inculpatei M.C.I., fiind emis mandat de arestare preventiv\u0103, pe o durat\u0103 de 30 zile, \u00eencep\u00e2nd cu data de 17.02.2026\u2033, a transmis Parchetul de pe l\u00e2ng\u0103 Tribunalul Tulcea.<\/p>\n<\/blockquote>\n<p>Reamintim c\u0103 un copil de trei ani a fost omor\u00e2t \u00een b\u0103taie de concubinul mamei sale, \u00een satul Turda, comuna Mihai Bravu, \u00een seara zilei de joi, 12 februarie, \u00eens\u0103 trupul copilului a fost descoperit abia s\u00e2mb\u0103t\u0103, deoarece nici mama micu\u0163ului \u015fi nici b\u0103rbatul nu au alertat autorit\u0103\u0163ile.<\/p>\n<p>Citi\u0163i continuarea \u00een edi\u0163ia tip\u0103rit\u0103 a ziarului Delta.<\/p>\n<\/div>\n<div class=\"post-content entry-content\">\n<p>Ancheta \u00een cazul cutremur\u0103tor petrecut \u00een localitatea Turda, comuna Mihai Bravu, a luat o turnur\u0103 nea\u015fteptat\u0103. Dup\u0103 arestarea principalului suspect, procurorii au decis schimbarea \u00eencadr\u0103rii juridice \u015fi pentru mama victimei, Cristina-Izabela Mitru, care a fost arestat\u0103 preventiv pentru o perioad\u0103 de 30 de zile. Ini\u0163ial cercetat\u0103 pentru infrac\u0163iunea de l\u0103sare f\u0103r\u0103 ajutor, femeia este acum acuzat\u0103 de infrac\u0163iunea de violen\u0163\u0103 \u00een familie cu agravante corespunz\u0103toare omorului calificat, \u00een urma noilor probe administrate \u00een dosar. Decizia a fost luat\u0103 mar\u0163i, 17 februarie, de Tribunalul Tulcea, care a admis propunerea formulat\u0103 de procurorii Parchetului de pe l\u00e2ng\u0103 Tribunalul Tulcea. Astfel, mama b\u0103ie\u0163elului omor\u00e2t \u00een b\u0103taie se al\u0103tur\u0103 \u00een arest preventiv celuilalt inculpat, Florin Strejoiu, re\u0163inut cu o zi \u00eenainte.<\/p>\n<blockquote>\n<p>\u201eReferitor la cazul copilului de 3 ani, g\u0103sit decedat la data de 14.02.2026, \u00eentr-o locuin\u0163\u0103 din sat Turda, com. Mihai Bravu, jud.Tulcea, dup\u0103 arestarea preventiv\u0103 la data de 16.02.2025 a inculpatului S.F., cercetat\u00a0 sub aspectul s\u0103v\u00e2r\u015firii infrac\u0163iunii de violen\u0163\u0103 \u00een familie prev. de art. 199 alin.1 C.pen. \u00een ref. la art.188 alin.1 C.pen. comb. cu art.189 alin.1 lit.h \u015fi i C.pen., procurorul de caz din cadrul Parchetului de pe l\u00e2ng\u0103 Tribunalul Tulcea a solicitat Tribunalului Tulcea, arestarea preventiv\u0103 pe o durat\u0103 de 30 zile, \u00eencep\u00e2nd cu data de 17.02.2025 \u015fi a inculpatei M.C.I., mama copilului decedat.\u00a0 Fa\u0163\u0103 de aceasta, \u00een urma reaudierii inculpa\u0163ilor \u015fi a complet\u0103rii probatoriului administrat, prin ordonan\u0163a din data de 17.02.2025 a fost dispus\u0103 schimbarea \u00eencadr\u0103rii juridice a faptei re\u0163inute din infrac\u0163iunea de l\u0103sare f\u0103r\u0103 ajutor a unei persoane aflate \u00een dificultate, prev. de art.203 C.pen. \u00een infrac\u0163iunea de violen\u0163\u0103 \u00een familie, prev. de art.199 alin.1 C.pen. \u00een ref. la art.188 alin.1 C.pen. comb. cu art.189 alin.1 lit.h \u015fi i C.pen. (modalitate agravant\u0103 a infrac\u0163iunii de omor calificat, s\u0103v\u00e2r\u015fit prin cruzimi \u015fi profit\u00e2nd de starea de v\u0103dit\u0103 vulnerabilitate a persoanei v\u0103t\u0103mate, datorat\u0103 v\u00e2rstei). Propunerea de luare a m\u0103surii preventive a fost admis\u0103 de judec\u0103torul de drepturi \u015fi libert\u0103\u0163i, pe numele inculpatei M.C.I., fiind emis mandat de arestare preventiv\u0103, pe o durat\u0103 de 30 zile, \u00eencep\u00e2nd cu data de 17.02.2026\u2033, a transmis Parchetul de pe l\u00e2ng\u0103 Tribunalul Tulcea.<\/p>\n<\/blockquote>\n<p>Reamintim c\u0103 un copil de trei ani a fost omor\u00e2t \u00een b\u0103taie de concubinul mamei sale, \u00een satul Turda, comuna Mihai Bravu, \u00een seara zilei de joi, 12 februarie, \u00eens\u0103 trupul copilului a fost descoperit abia s\u00e2mb\u0103t\u0103, deoarece nici mama micu\u0163ului \u015fi nici b\u0103rbatul nu au alertat autorit\u0103\u0163ile.<\/p>\n<p>Citi\u0163i continuarea \u00een edi\u0163ia tip\u0103rit\u0103 a ziarului Delta.<\/p>\n<\/div>\n<p>[analyse_source url=&#8221;https:\/\/ziaruldelta.ro\/2026\/02\/19\/si-mama-baietelului-de-3-ani-omorat-in-bataie-a-fost-arestata-preventiv-pentru-30-zile\/&#8221;]<\/p>\n","protected":false},"excerpt":{"rendered":"<p>[analyse_image type=&#8221;featured&#8221; src=&#8221;https:\/\/ziaruldelta.ro\/wp-content\/uploads\/2026\/02\/Si-mama.jpg&#8221;] \u015ei mama b\u0103ie\u0163elului de 3 ani omor\u00e2t \u00een b\u0103taie a fost arestat\u0103 preventiv pentru 30 zile Posted by Nicoleta URMUZ | Feb 19, 2026 | Social | Ancheta \u00een cazul cutremur\u0103tor petrecut \u00een localitatea Turda, comuna Mihai Bravu, a luat o turnur\u0103 nea\u015fteptat\u0103. Dup\u0103 arestarea principalului suspect, procurorii au decis schimbarea \u00eencadr\u0103rii [&hellip;]<\/p>\n","protected":false},"author":1,"featured_media":0,"comment_status":"open","ping_status":"","sticky":false,"template":"","format":"standard","meta":{"footnotes":""},"categories":[89],"tags":[226,206],"class_list":["post-1783317","post","type-post","status-publish","format-standard","hentry","category-romania","tag-crawlmanager","tag-ziaruldelta-ro"],"_links":{"self":[{"href":"https:\/\/analyse.optim.biz\/index.php?rest_route=\/wp\/v2\/posts\/1783317","targetHints":{"allow":["GET"]}}],"collection":[{"href":"https:\/\/analyse.optim.biz\/index.php?rest_route=\/wp\/v2\/posts"}],"about":[{"href":"https:\/\/analyse.optim.biz\/index.php?rest_route=\/wp\/v2\/types\/post"}],"author":[{"embeddable":true,"href":"https:\/\/analyse.optim.biz\/index.php?rest_route=\/wp\/v2\/users\/1"}],"replies":[{"embeddable":true,"href":"https:\/\/analyse.optim.biz\/index.php?rest_route=%2Fwp%2Fv2%2Fcomments&post=1783317"}],"version-history":[{"count":0,"href":"https:\/\/analyse.optim.biz\/index.php?rest_route=\/wp\/v2\/posts\/1783317\/revisions"}],"wp:attachment":[{"href":"https:\/\/analyse.optim.biz\/index.php?rest_route=%2Fwp%2Fv2%2Fmedia&parent=1783317"}],"wp:term":[{"taxonomy":"category","embeddable":true,"href":"https:\/\/analyse.optim.biz\/index.php?rest_route=%2Fwp%2Fv2%2Fcategories&post=1783317"},{"taxonomy":"post_tag","embeddable":true,"href":"https:\/\/analyse.optim.biz\/index.php?rest_route=%2Fwp%2Fv2%2Ftags&post=1783317"}],"curies":[{"name":"wp","href":"https:\/\/api.w.org\/{rel}","templated":true}]}}