{"id":1782806,"date":"2026-02-18T13:59:11","date_gmt":"2026-02-18T10:59:11","guid":{"rendered":"https:\/\/analyse.optim.biz\/?p=1782806"},"modified":"2026-02-18T13:59:11","modified_gmt":"2026-02-18T10:59:11","slug":"seful-ip-teleorman-are-un-nou-adjunct-ziarul-liber-in-teleorman","status":"publish","type":"post","link":"https:\/\/analyse.optim.biz\/?p=1782806","title":{"rendered":"\u0218eful IP Teleorman are un nou adjunct &#8211; Ziarul Liber in Teleorman"},"content":{"rendered":"<p>[analyse_image type=&#8221;featured&#8221; src=&#8221;https:\/\/liberinteleorman.ro\/wp-content\/uploads\/2026\/02\/d040e337-f4e5-4697-9b36-8e720c0f467f.jpeg&#8221;]<\/p>\n<div class=\"entry-content single56__content single56__post_content single56__body_area\">\n<p>IPJ Teleorman a anun\u021bat c\u0103 \u00eencep\u00e2nd cu data de 17 februarie a.c., prin Dispozi\u021bia Inspectorului General al Poli\u021biei Rom\u00e2ne, comisar de poli\u021bie Boj\u0103 Florin \u2013 Cristian, \u0218eful Poli\u021biei Municipiului Ro\u0219iori de Vede, a fost \u00eemputernicit s\u0103 ocupe func\u021bia de Adjunct al \u0218efului Inspectoratului de Poli\u021bie Jude\u021bean Teleorman, pentru o perioad\u0103 de trei luni.<\/p>\n<\/div>\n<p>[analyse_source url=&#8221;https:\/\/liberinteleorman.ro\/seful-ip-teleorman-are-un-nou-adjunct\/&#8221;]<\/p>\n","protected":false},"excerpt":{"rendered":"<p>[analyse_image type=&#8221;featured&#8221; src=&#8221;https:\/\/liberinteleorman.ro\/wp-content\/uploads\/2026\/02\/d040e337-f4e5-4697-9b36-8e720c0f467f.jpeg&#8221;] IPJ Teleorman a anun\u021bat c\u0103 \u00eencep\u00e2nd cu data de 17 februarie a.c., prin Dispozi\u021bia Inspectorului General al Poli\u021biei Rom\u00e2ne, comisar de poli\u021bie Boj\u0103 Florin \u2013 Cristian, \u0218eful Poli\u021biei Municipiului Ro\u0219iori de Vede, a fost \u00eemputernicit s\u0103 ocupe func\u021bia de Adjunct al \u0218efului Inspectoratului de Poli\u021bie Jude\u021bean Teleorman, pentru o perioad\u0103 de trei [&hellip;]<\/p>\n","protected":false},"author":1,"featured_media":0,"comment_status":"open","ping_status":"","sticky":false,"template":"","format":"standard","meta":{"footnotes":""},"categories":[89],"tags":[226,181],"class_list":["post-1782806","post","type-post","status-publish","format-standard","hentry","category-romania","tag-crawlmanager","tag-liberinteleorman-ro"],"_links":{"self":[{"href":"https:\/\/analyse.optim.biz\/index.php?rest_route=\/wp\/v2\/posts\/1782806","targetHints":{"allow":["GET"]}}],"collection":[{"href":"https:\/\/analyse.optim.biz\/index.php?rest_route=\/wp\/v2\/posts"}],"about":[{"href":"https:\/\/analyse.optim.biz\/index.php?rest_route=\/wp\/v2\/types\/post"}],"author":[{"embeddable":true,"href":"https:\/\/analyse.optim.biz\/index.php?rest_route=\/wp\/v2\/users\/1"}],"replies":[{"embeddable":true,"href":"https:\/\/analyse.optim.biz\/index.php?rest_route=%2Fwp%2Fv2%2Fcomments&post=1782806"}],"version-history":[{"count":0,"href":"https:\/\/analyse.optim.biz\/index.php?rest_route=\/wp\/v2\/posts\/1782806\/revisions"}],"wp:attachment":[{"href":"https:\/\/analyse.optim.biz\/index.php?rest_route=%2Fwp%2Fv2%2Fmedia&parent=1782806"}],"wp:term":[{"taxonomy":"category","embeddable":true,"href":"https:\/\/analyse.optim.biz\/index.php?rest_route=%2Fwp%2Fv2%2Fcategories&post=1782806"},{"taxonomy":"post_tag","embeddable":true,"href":"https:\/\/analyse.optim.biz\/index.php?rest_route=%2Fwp%2Fv2%2Ftags&post=1782806"}],"curies":[{"name":"wp","href":"https:\/\/api.w.org\/{rel}","templated":true}]}}