{"id":178254,"date":"2015-06-28T13:55:24","date_gmt":"2015-06-28T10:55:24","guid":{"rendered":"https:\/\/analyse.optim.biz\/?p=178254"},"modified":"2015-06-28T13:55:24","modified_gmt":"2015-06-28T10:55:24","slug":"agentia-bunurilor-sechestrate-franata-de-senat","status":"publish","type":"post","link":"https:\/\/analyse.optim.biz\/?p=178254","title":{"rendered":"Agen\u0163ia Bunurilor Sechestrate, fr\u00e2nat\u0103 de Senat"},"content":{"rendered":"<div class=\"entry data-app-meta data-app-meta-article\" data-embed-base-url-canonical=\"https:\/\/www.digi24.ro\/embed\/stiri\/actualitate\/politica\/agentia-bunurilor-sechestrate-franata-de-senat-409457\">\n<p data-index=\"1\">\u00cen prima \u015fedin\u0163\u0103 de plen din aceast\u0103 s\u0103pt\u0103m\u00e2n\u0103, senatorii ar fi trebuit s\u0103 voteze proiectul de lege pentru \u00eenfiin\u0163area Agen\u0163iei de Administrare a Bunurilor Sechestrate. Proiect cerut de directivele Uniunii Europene \u015fi lansat \u00een dezbatere chiar de premier \u00een prim\u0103var\u0103.<\/p>\n<p data-index=\"2\">Agen\u0163ia avea rolul de a valorifica bunurile mobile sechestrate \u00een timpul anchetei \u015fi de a centraliza sumele ob\u0163inute.<\/p>\n<p data-index=\"3\">Numai c\u0103 parlamentarii au considerat c\u0103 exist\u0103 riscul ca legea s\u0103 nu treac\u0103 de Curtea Constitu\u0163ional\u0103. \u00cen ciuda faptului c\u0103 reprezentantul Ministerului Justi\u0163iei care a participat la \u015fedin\u0163a plenului i-a aten\u0163ionat c\u0103 CCR a stabilit, prin decizii anterioare, c\u0103 m\u0103sura este conform\u0103 Constitu\u0163iei.<\/p>\n<p data-index=\"4\">&#8220;\u015eerban Nicolae: Nu am cum s\u0103 fiu satisf\u0103cut de o asemenea explica\u0163ie, chiar dac\u0103 ea respect\u0103 rigorile de prezentare (&#8230;) Din punctul meu de vedere, \u015fi \u00eemi asum ceea ce spun, relativizarea caracterului licit al averii de c\u0103tre Curtea Constitu\u0163ional\u0103, printr-o decizie, a fost o prostie. O prostie anticonstitu\u0163ional\u0103&#8221;, potrivit stenogramei \u015fedin\u0163ei din 23 iunie.<\/p>\n<p data-index=\"5\">Parlamentarul social-democrat, care a cerut reanalizarea proiectului, a fost sus\u0163inut de colegii din celelalte grupuri.<\/p>\n<p data-index=\"6\">&#8220;Mariana C\u00e2mpeanu: G\u00e2ndi\u0163i-v\u0103 ce se \u00eent\u00e2mpl\u0103 dac\u0103 este vorba de a pune sechestru pe o cas\u0103 sau, s\u0103 zicem, o bijuterie veche de familie \u015fi pre\u0163ioas\u0103 \u015fi din punct de vedere sentimental&#8230;\u015fi aceast\u0103 teribil\u0103 agen\u0163ie le vinde, \u015fi totu\u015fi persoana respectiv\u0103 c\u00e2\u015ftig\u0103 procesul \u015fi nu-\u015fi mai poate rec\u0103p\u0103ta bunurile niciodat\u0103 \u00eenapoi\u201d, potrivit stenogramei aceleia\u015fi \u015fedin\u0163e.<\/p>\n<p data-index=\"7\">A\u015fa c\u0103 senatorii au votat retrimiterea proiectului la Comisia Juridic\u0103, pentru preciz\u0103ri. Comisia trebuie s\u0103 r\u0103spund\u0103 nel\u0103muririlor \u00een prima s\u0103pt\u0103m\u00e2n\u0103 a lunii septembrie.<\/p>\n<\/div>\n<p> Source URL: https:\/\/www.digi24.ro\/stiri\/actualitate\/politica\/agentia-bunurilor-sechestrate-franata-de-senat-409457<\/p>\n","protected":false},"excerpt":{"rendered":"<p>\u00cen prima \u015fedin\u0163\u0103 de plen din aceast\u0103 s\u0103pt\u0103m\u00e2n\u0103, senatorii ar fi trebuit s\u0103 voteze proiectul de lege pentru \u00eenfiin\u0163area Agen\u0163iei de Administrare a Bunurilor Sechestrate. Proiect cerut de directivele Uniunii Europene \u015fi lansat \u00een dezbatere chiar de premier \u00een prim\u0103var\u0103. Agen\u0163ia avea rolul de a valorifica bunurile mobile sechestrate \u00een timpul anchetei \u015fi de a [&hellip;]<\/p>\n","protected":false},"author":1,"featured_media":178255,"comment_status":"open","ping_status":"","sticky":false,"template":"","format":"standard","meta":{"footnotes":""},"categories":[2],"tags":[11],"class_list":["post-178254","post","type-post","status-publish","format-standard","has-post-thumbnail","hentry","category-politics","tag-digi24"],"_links":{"self":[{"href":"https:\/\/analyse.optim.biz\/index.php?rest_route=\/wp\/v2\/posts\/178254","targetHints":{"allow":["GET"]}}],"collection":[{"href":"https:\/\/analyse.optim.biz\/index.php?rest_route=\/wp\/v2\/posts"}],"about":[{"href":"https:\/\/analyse.optim.biz\/index.php?rest_route=\/wp\/v2\/types\/post"}],"author":[{"embeddable":true,"href":"https:\/\/analyse.optim.biz\/index.php?rest_route=\/wp\/v2\/users\/1"}],"replies":[{"embeddable":true,"href":"https:\/\/analyse.optim.biz\/index.php?rest_route=%2Fwp%2Fv2%2Fcomments&post=178254"}],"version-history":[{"count":0,"href":"https:\/\/analyse.optim.biz\/index.php?rest_route=\/wp\/v2\/posts\/178254\/revisions"}],"wp:featuredmedia":[{"embeddable":true,"href":"https:\/\/analyse.optim.biz\/index.php?rest_route=\/wp\/v2\/media\/178255"}],"wp:attachment":[{"href":"https:\/\/analyse.optim.biz\/index.php?rest_route=%2Fwp%2Fv2%2Fmedia&parent=178254"}],"wp:term":[{"taxonomy":"category","embeddable":true,"href":"https:\/\/analyse.optim.biz\/index.php?rest_route=%2Fwp%2Fv2%2Fcategories&post=178254"},{"taxonomy":"post_tag","embeddable":true,"href":"https:\/\/analyse.optim.biz\/index.php?rest_route=%2Fwp%2Fv2%2Ftags&post=178254"}],"curies":[{"name":"wp","href":"https:\/\/api.w.org\/{rel}","templated":true}]}}