{"id":178243,"date":"2015-06-28T15:18:03","date_gmt":"2015-06-28T12:18:03","guid":{"rendered":"https:\/\/analyse.optim.biz\/?p=178243"},"modified":"2015-06-28T15:18:03","modified_gmt":"2015-06-28T12:18:03","slug":"o-noua-formatiune-politica-parlamentara-ii-cere-premierului-victor-ponta-sa-demisioneze","status":"publish","type":"post","link":"https:\/\/analyse.optim.biz\/?p=178243","title":{"rendered":"O nou\u0103 forma\u0163iune politic\u0103 parlamentar\u0103 \u00eei cere premierului Victor Ponta s\u0103 demisioneze"},"content":{"rendered":"<div class=\"entry data-app-meta data-app-meta-article\" data-embed-base-url-canonical=\"https:\/\/www.digi24.ro\/embed\/stiri\/actualitate\/politica\/o-noua-formatiune-politica-parlamentara-ii-cere-premierului-victor-ponta-sa-demisioneze-409468\">\n<p data-index=\"1\">Ei invoc\u0103 necesitatea asigur\u0103rii unei stabilit\u0103\u0163i politice \u00een Rom\u00e2nia. Liderii noii forma\u0163iuni politice au \u015fi o variant\u0103 pentru conducerea Executivului: vicepremierul Gabriel Oprea.<\/p>\n<p data-index=\"2\">\u201ePremierul Victor Ponta ar trebui s\u0103-\u015fi dea demisia. Exist\u0103, \u00een momentul acesta, un vicepremier care poate s\u0103 asigure stabilitatea, mai ales c\u0103 este vicepremier pe stabilitate na\u0163ional\u0103, \u015fi cred c\u0103 poate s\u0103 asigure majoritatea f\u0103r\u0103 niciun fel de problem\u0103 \u00een Camera Deputa\u0163ilor, poate s\u0103 mearg\u0103 p\u00e2n\u0103 \u00een alegerile din 2016, la alegerile locale, parlamentare, f\u0103r\u0103 s\u0103 destabiliz\u0103m Rom\u00e2nia\u201d, a declarat Liliana Minc\u0103, deputat PND.\u00a0<\/p>\n<\/div>\n<p> Source URL: https:\/\/www.digi24.ro\/stiri\/actualitate\/politica\/o-noua-formatiune-politica-parlamentara-ii-cere-premierului-victor-ponta-sa-demisioneze-409468<\/p>\n","protected":false},"excerpt":{"rendered":"<p>Ei invoc\u0103 necesitatea asigur\u0103rii unei stabilit\u0103\u0163i politice \u00een Rom\u00e2nia. Liderii noii forma\u0163iuni politice au \u015fi o variant\u0103 pentru conducerea Executivului: vicepremierul Gabriel Oprea. \u201ePremierul Victor Ponta ar trebui s\u0103-\u015fi dea demisia. Exist\u0103, \u00een momentul acesta, un vicepremier care poate s\u0103 asigure stabilitatea, mai ales c\u0103 este vicepremier pe stabilitate na\u0163ional\u0103, \u015fi cred c\u0103 poate s\u0103 [&hellip;]<\/p>\n","protected":false},"author":1,"featured_media":178244,"comment_status":"open","ping_status":"","sticky":false,"template":"","format":"standard","meta":{"footnotes":""},"categories":[2],"tags":[11],"class_list":["post-178243","post","type-post","status-publish","format-standard","has-post-thumbnail","hentry","category-politics","tag-digi24"],"_links":{"self":[{"href":"https:\/\/analyse.optim.biz\/index.php?rest_route=\/wp\/v2\/posts\/178243","targetHints":{"allow":["GET"]}}],"collection":[{"href":"https:\/\/analyse.optim.biz\/index.php?rest_route=\/wp\/v2\/posts"}],"about":[{"href":"https:\/\/analyse.optim.biz\/index.php?rest_route=\/wp\/v2\/types\/post"}],"author":[{"embeddable":true,"href":"https:\/\/analyse.optim.biz\/index.php?rest_route=\/wp\/v2\/users\/1"}],"replies":[{"embeddable":true,"href":"https:\/\/analyse.optim.biz\/index.php?rest_route=%2Fwp%2Fv2%2Fcomments&post=178243"}],"version-history":[{"count":0,"href":"https:\/\/analyse.optim.biz\/index.php?rest_route=\/wp\/v2\/posts\/178243\/revisions"}],"wp:featuredmedia":[{"embeddable":true,"href":"https:\/\/analyse.optim.biz\/index.php?rest_route=\/wp\/v2\/media\/178244"}],"wp:attachment":[{"href":"https:\/\/analyse.optim.biz\/index.php?rest_route=%2Fwp%2Fv2%2Fmedia&parent=178243"}],"wp:term":[{"taxonomy":"category","embeddable":true,"href":"https:\/\/analyse.optim.biz\/index.php?rest_route=%2Fwp%2Fv2%2Fcategories&post=178243"},{"taxonomy":"post_tag","embeddable":true,"href":"https:\/\/analyse.optim.biz\/index.php?rest_route=%2Fwp%2Fv2%2Ftags&post=178243"}],"curies":[{"name":"wp","href":"https:\/\/api.w.org\/{rel}","templated":true}]}}