{"id":178232,"date":"2015-06-28T18:00:15","date_gmt":"2015-06-28T15:00:15","guid":{"rendered":"https:\/\/analyse.optim.biz\/?p=178232"},"modified":"2015-06-28T18:00:15","modified_gmt":"2015-06-28T15:00:15","slug":"sedinta-cu-scantei-la-psd","status":"publish","type":"post","link":"https:\/\/analyse.optim.biz\/?p=178232","title":{"rendered":"\u0218edin\u021b\u0103 cu sc\u00e2ntei la PSD"},"content":{"rendered":"<div class=\"entry data-app-meta data-app-meta-article\" data-embed-base-url-canonical=\"https:\/\/www.digi24.ro\/embed\/stiri\/actualitate\/politica\/sedinta-cu-scantei-la-psd-409479\">\n<p data-index=\"1\">Cu Victor Ponta plecat \u00een Turcia de dou\u0103 s\u0103pt\u0103m\u00e2ni \u015fi un UNPR care merge pe cont propriu \u00een privin\u0163a numirii lui Mihai R\u0103zvan Ungureanu la \u015fefia SIE, \u00een PSD sunt tensiuni legate de strategia pe care s\u0103 o urmeze.<\/p>\n<p data-index=\"2\">P\u0103rerile \u00een PSD sunt \u00eemp\u0103r\u0163ite. Daniel Savu sus\u0163ine c\u0103 Victor Ponta nu trebuie s\u0103 demisioneze, altfel PSD \u00eel va \u00eenlocui imediat \u015fi va r\u0103m\u00e2ne la guvernare.<\/p>\n<p data-index=\"3\">\u00cen acela\u015fi timp, Marian Opri\u015fan sus\u0163ine c\u0103 Victor Ponta trebuia s\u0103 demisioneze de mult \u015fi PSD s\u0103 intre \u00een Opozi\u0163ie.<\/p>\n<p data-index=\"4\">\u201eTrebuia s\u0103-i pred\u0103m guvernarea lui Klaus Iohannis de la 1 iunie. Iohannis nu a f\u0103cut altceva dec\u00e2t ce a f\u0103cut \u0219i Traian B\u0103sescu. PSD \u0219i Victor Ponta trebuie s\u0103 fac\u0103 o analiz\u0103 \u0219i s\u0103 vad\u0103 dac\u0103 mai r\u0103m\u00e2ne la guvernare. Comitetul Executiv al PSD poate lua decizia de a ie\u0219i de la guvernare\u201d, a declarat <strong>Marian Opri\u0219an<\/strong>.<\/p>\n<p data-index=\"5\">Opinia liderului din Vrancea nu este, \u00eens\u0103, \u00eemp\u0103rt\u0103\u015fit\u0103 de prea mul\u0163i colegi.<\/p>\n<p data-index=\"6\">\u201eDar de ce s\u0103 demisioneze? Nici nu se pune problema. Eu cred c\u0103 aceasta este o fals\u0103 problem\u0103, exagerat\u0103 \u00een anumite medii, \u015fi preluat\u0103 de Opozi\u0163ie\u201d, spune vicepre\u0219edintele PSD <strong>Ioan Chelaru<\/strong>.<\/p>\n<p data-index=\"7\">Social-democra\u0163ii au p\u0103reri \u00eemp\u0103r\u0163ite \u015fi c\u00e2nd vine vorba de \u00eentoarcerea lui Victor Ponta \u00een \u0163ar\u0103.<\/p>\n<p data-index=\"8\">Potrivit unor surse, premierul \u00ee\u015fi va prelungi cu o s\u0103pt\u0103m\u00e2n\u0103 \u015federea \u00een Turcia, la recomandarea medicilor care l-au operat la menisc.\u00a0<\/p>\n<\/div>\n<p> Source URL: https:\/\/www.digi24.ro\/stiri\/actualitate\/politica\/sedinta-cu-scantei-la-psd-409479<\/p>\n","protected":false},"excerpt":{"rendered":"<p>Cu Victor Ponta plecat \u00een Turcia de dou\u0103 s\u0103pt\u0103m\u00e2ni \u015fi un UNPR care merge pe cont propriu \u00een privin\u0163a numirii lui Mihai R\u0103zvan Ungureanu la \u015fefia SIE, \u00een PSD sunt tensiuni legate de strategia pe care s\u0103 o urmeze. P\u0103rerile \u00een PSD sunt \u00eemp\u0103r\u0163ite. Daniel Savu sus\u0163ine c\u0103 Victor Ponta nu trebuie s\u0103 demisioneze, altfel [&hellip;]<\/p>\n","protected":false},"author":1,"featured_media":178233,"comment_status":"open","ping_status":"","sticky":false,"template":"","format":"standard","meta":{"footnotes":""},"categories":[2],"tags":[11],"class_list":["post-178232","post","type-post","status-publish","format-standard","has-post-thumbnail","hentry","category-politics","tag-digi24"],"_links":{"self":[{"href":"https:\/\/analyse.optim.biz\/index.php?rest_route=\/wp\/v2\/posts\/178232","targetHints":{"allow":["GET"]}}],"collection":[{"href":"https:\/\/analyse.optim.biz\/index.php?rest_route=\/wp\/v2\/posts"}],"about":[{"href":"https:\/\/analyse.optim.biz\/index.php?rest_route=\/wp\/v2\/types\/post"}],"author":[{"embeddable":true,"href":"https:\/\/analyse.optim.biz\/index.php?rest_route=\/wp\/v2\/users\/1"}],"replies":[{"embeddable":true,"href":"https:\/\/analyse.optim.biz\/index.php?rest_route=%2Fwp%2Fv2%2Fcomments&post=178232"}],"version-history":[{"count":0,"href":"https:\/\/analyse.optim.biz\/index.php?rest_route=\/wp\/v2\/posts\/178232\/revisions"}],"wp:featuredmedia":[{"embeddable":true,"href":"https:\/\/analyse.optim.biz\/index.php?rest_route=\/wp\/v2\/media\/178233"}],"wp:attachment":[{"href":"https:\/\/analyse.optim.biz\/index.php?rest_route=%2Fwp%2Fv2%2Fmedia&parent=178232"}],"wp:term":[{"taxonomy":"category","embeddable":true,"href":"https:\/\/analyse.optim.biz\/index.php?rest_route=%2Fwp%2Fv2%2Fcategories&post=178232"},{"taxonomy":"post_tag","embeddable":true,"href":"https:\/\/analyse.optim.biz\/index.php?rest_route=%2Fwp%2Fv2%2Ftags&post=178232"}],"curies":[{"name":"wp","href":"https:\/\/api.w.org\/{rel}","templated":true}]}}