{"id":178221,"date":"2015-06-29T02:23:48","date_gmt":"2015-06-28T23:23:48","guid":{"rendered":"https:\/\/analyse.optim.biz\/?p=178221"},"modified":"2015-06-29T02:23:48","modified_gmt":"2015-06-28T23:23:48","slug":"victor-ponta-revin-in-tara-in-maximum-doua-saptamani-pe-picioarele-mele","status":"publish","type":"post","link":"https:\/\/analyse.optim.biz\/?p=178221","title":{"rendered":"Victor Ponta: Revin \u00een \u021bar\u0103 \u00een maximum dou\u0103 s\u0103pt\u0103m\u00e2ni, pe picioarele mele"},"content":{"rendered":"<div class=\"entry data-app-meta data-app-meta-article\" data-embed-base-url-canonical=\"https:\/\/www.digi24.ro\/embed\/stiri\/actualitate\/politica\/victor-ponta-revin-in-tara-in-maximum-doua-saptamani-pe-picioarele-mele-409517\">\n<p data-index=\"1\">\u201e<span>Ieri (s\u00e2mb\u0103t\u0103 \u2013 n.r.) am fost \u00eenc\u0103 o dat\u0103 la doctor \u015fi am maxim dou\u0103 s\u0103pt\u0103m\u00e2ni \u00een care nu pot pune piciorul jos. \u00cen maxim cele dou\u0103 s\u0103pt\u0103m\u00e2ni voi veni acas\u0103 pe picioarele mele, nu cu scaun cu rotile, c\u00e2rje sau alte lucruri. \u00cen maxim dou\u0103 s\u0103pt\u0103m\u00e2ni&#8221;, a spus Victor Ponta \u00eentr-o interven\u021bie telefonic\u0103<a href=\"http:\/\/www.b1.ro\/\" target=\"_blank\" data-skip-linkfix=\"1\" rel=\"noopener\"> la un post de televiziune<\/a>. \u201e\u015ei \u00eentre timp, cu Gabi Oprea la Guvern, cu Rovana Plumb la PSD, eu nu cred c\u0103 se d\u0103r\u00e2m\u0103 nimic \u00een perioada asta\u201d, a ad\u0103ugat premierul.<\/span><\/p>\n<p data-index=\"2\">Miercuri, Victor Ponta afirma c\u0103 este posibil s\u0103 revin\u0103 \u00een \u0163ar\u0103 s\u0103pt\u0103m\u00e2na viitoare, respectiv \u00eencep\u00e2nd cu 6 iulie, s\u0103pt\u0103m\u00e2n\u0103 \u00een care trebuie s\u0103 parcurg\u0103 exerci\u0163ii de fizioterapie \u015fi recuperare intensiv\u0103, mai devreme totu\u015fi de termenul de 28 de zile avansat ini\u0163ial de medici.<\/p>\n<p data-index=\"3\">Premierul\u00a0Victor Ponta\u00a0a fost internat la 14 iunie la Spitalul Universitar Medipol din Istanbul, unde o zi mai t\u00e2rziu a fost operat la genunchiul st\u00e2ng.<\/p>\n<p data-index=\"4\">\u00cen urm\u0103 cu o s\u0103pt\u0103m\u00e2n\u0103, premierul a anun\u0163at c\u0103 medicii turci care l-au operat au decis c\u0103 poate fi externat, dar \u00ee\u015fi va relua activitatea normal\u0103 \u00eentr-o perioad\u0103 de p\u00e2n\u0103 la 28 de zile, astfel c\u0103 i-a cerut pre\u015fedintelui Klaus Iohannis\u00a0s\u0103 \u00eei \u00eencredin\u0163eze vicepremierului\u00a0Gabriel Oprea\u00a0atribu\u0163iile de prim-ministru \u00een acest interval.<\/p>\n<p data-index=\"5\">\u00centre timp, tot mai multe voci din PSD i-au cerut liderului s\u0103 se \u00eentoarc\u0103 mai repede, acuz\u00e2nd \u201edebusolarea\u201d de la guvernare \u0219i din partid. S\u00e2mb\u0103t\u0103, au ap\u0103rut <a href=\"https:\/\/www.digi24.ro\/Stiri\/Digi24\/Actualitate\/Politica\/Victor+Ponta+mai+ramane+o+saptamana+in+Turcia\" target=\"_blank\" data-skip-linkfix=\"1\" rel=\"noopener\">informa\u021bii \u201epe surse\u201d<\/a> potrivit c\u0103rora premierul urma s\u0103 se \u00eentoarc\u0103 \u00een \u021bar\u0103 \u00eentr-o s\u0103pt\u0103m\u00e2n\u0103.<\/p>\n<p data-index=\"6\">Liviu Dragnea, unul dintre cei care <a href=\"https:\/\/www.digi24.ro\/Stiri\/Digi24\/Actualitate\/Politica\/DRAGNEA+AVERTISMENT+UNPR+GUVERNARE\" target=\"_blank\" data-skip-linkfix=\"1\" rel=\"noopener\">au cerut ca Victor Ponta s\u0103 revin\u0103 c\u00e2t mai repede \u00een \u0163ar\u0103<\/a>, a anun\u0163at, totu\u0219i, c\u0103 premierul mai r\u0103m\u00e2ne \u00een Turcia. \u201eFace toate eforturile \u0219i caut\u0103 toate variantele prin care s\u0103 fie \u0219i transportat. Convingerea mea este c\u0103 \u00ee\u0219i dore\u0219te s\u0103 revin\u0103 \u00een \u021bar\u0103, c\u0103 \u00een\u021belege c\u0103 <strong>a ap\u0103rut o incoeren\u021b\u0103 \u00een coali\u021bie \u0219i \u00een actul guvernamental. \u00cen partid, lucrurile au \u00eenceput s\u0103 se stabilizeze dup\u0103 ce am plecat prin \u021bar\u0103<\/strong>\u201d, a declarat Liviu Dragnea.<\/p>\n<p data-index=\"7\">S\u0103pt\u0103m\u00e2na viitoare,<a href=\"https:\/\/www.digi24.ro\/Stiri\/Digi24\/Actualitate\/Politica\/Sedinta+cu+scantei+la+PSD\" target=\"_blank\" data-skip-linkfix=\"1\" rel=\"noopener\"> coali\u0163ia de guvernare<\/a> are de dat primul test \u00een Parlament, dup\u0103 plecarea lui Victor Ponta \u00een Turcia, la votul pentru numirea lui Mihai R\u0103zvan Ungureanu \u00een fruntea Serviciului de Informa\u0163ii Externe. Gabriel Oprea, premierul interimar, a anun\u0163at c\u0103 UNPR va vota numirea lui Mihai R\u0103zvan Ungureanu \u00een fruntea SIE, \u00een timp ce PSD nu este de acord.<\/p>\n<\/div>\n<p> Source URL: https:\/\/www.digi24.ro\/stiri\/actualitate\/politica\/victor-ponta-revin-in-tara-in-maximum-doua-saptamani-pe-picioarele-mele-409517<\/p>\n","protected":false},"excerpt":{"rendered":"<p>\u201eIeri (s\u00e2mb\u0103t\u0103 \u2013 n.r.) am fost \u00eenc\u0103 o dat\u0103 la doctor \u015fi am maxim dou\u0103 s\u0103pt\u0103m\u00e2ni \u00een care nu pot pune piciorul jos. \u00cen maxim cele dou\u0103 s\u0103pt\u0103m\u00e2ni voi veni acas\u0103 pe picioarele mele, nu cu scaun cu rotile, c\u00e2rje sau alte lucruri. \u00cen maxim dou\u0103 s\u0103pt\u0103m\u00e2ni&#8221;, a spus Victor Ponta \u00eentr-o interven\u021bie telefonic\u0103 la [&hellip;]<\/p>\n","protected":false},"author":1,"featured_media":178222,"comment_status":"open","ping_status":"","sticky":false,"template":"","format":"standard","meta":{"footnotes":""},"categories":[2],"tags":[11],"class_list":["post-178221","post","type-post","status-publish","format-standard","has-post-thumbnail","hentry","category-politics","tag-digi24"],"_links":{"self":[{"href":"https:\/\/analyse.optim.biz\/index.php?rest_route=\/wp\/v2\/posts\/178221","targetHints":{"allow":["GET"]}}],"collection":[{"href":"https:\/\/analyse.optim.biz\/index.php?rest_route=\/wp\/v2\/posts"}],"about":[{"href":"https:\/\/analyse.optim.biz\/index.php?rest_route=\/wp\/v2\/types\/post"}],"author":[{"embeddable":true,"href":"https:\/\/analyse.optim.biz\/index.php?rest_route=\/wp\/v2\/users\/1"}],"replies":[{"embeddable":true,"href":"https:\/\/analyse.optim.biz\/index.php?rest_route=%2Fwp%2Fv2%2Fcomments&post=178221"}],"version-history":[{"count":0,"href":"https:\/\/analyse.optim.biz\/index.php?rest_route=\/wp\/v2\/posts\/178221\/revisions"}],"wp:featuredmedia":[{"embeddable":true,"href":"https:\/\/analyse.optim.biz\/index.php?rest_route=\/wp\/v2\/media\/178222"}],"wp:attachment":[{"href":"https:\/\/analyse.optim.biz\/index.php?rest_route=%2Fwp%2Fv2%2Fmedia&parent=178221"}],"wp:term":[{"taxonomy":"category","embeddable":true,"href":"https:\/\/analyse.optim.biz\/index.php?rest_route=%2Fwp%2Fv2%2Fcategories&post=178221"},{"taxonomy":"post_tag","embeddable":true,"href":"https:\/\/analyse.optim.biz\/index.php?rest_route=%2Fwp%2Fv2%2Ftags&post=178221"}],"curies":[{"name":"wp","href":"https:\/\/api.w.org\/{rel}","templated":true}]}}