{"id":178208,"date":"2015-06-29T02:56:57","date_gmt":"2015-06-28T23:56:57","guid":{"rendered":"https:\/\/analyse.optim.biz\/?p=178208"},"modified":"2015-06-29T02:56:57","modified_gmt":"2015-06-28T23:56:57","slug":"victor-ponta-klaus-iohannis-ii-considera-pe-toti-romanii-niste-iobagi","status":"publish","type":"post","link":"https:\/\/analyse.optim.biz\/?p=178208","title":{"rendered":"Victor Ponta: Klaus Iohannis \u00eei consider\u0103 pe to\u021bi rom\u00e2nii \u201eni\u0219te iobagi\u201d"},"content":{"rendered":"<div class=\"entry data-app-meta data-app-meta-article\" data-embed-base-url-canonical=\"https:\/\/www.digi24.ro\/embed\/stiri\/actualitate\/politica\/victor-ponta-klaus-iohannis-ii-considera-pe-toti-romanii-niste-iobagi-409520\">\n<p data-index=\"1\">\u201eDomnul Iohannis ne consider\u0103 ni\u015fte iobagi pe mo\u015fia domniei sale \u015fi trebuie s\u0103 \u00eendeplinim ni\u015fte ordine, or PSD-ul nu \u00eendepline\u015fte ordinele domnului Iohannis, mai ales c\u00e2nd sunt gre\u015fite. Are o mentalitate a\u015fa de st\u0103p\u00e2n de iobagi cu rom\u00e2nii, \u00een general\u201d, a acuzat Victor Ponta, duminic\u0103 seara, \u00eentr-o interven\u021bie telefonic\u0103 la <a href=\"http:\/\/www.b1.ro\/\" target=\"_blank\" data-skip-linkfix=\"1\" rel=\"noopener\">B1 TV<\/a>.<\/p>\n<p data-index=\"2\">Solicitat s\u0103 spun\u0103 trei motive pentru care PSD nu accept\u0103 numirea lui\u00a0Mihai R\u0103zvan Ungureanu\u00a0la conducerea Serviciului de Informa\u0163ii Externe (SIE), Victor Ponta a r\u0103spuns: \u201eVi le dau foarte u\u015for \u015fi cred c\u0103-s mai mult de trei. \u00cen primul r\u00e2nd, <strong>lipsa de respect \u015fi dispre\u0163ul domnului Iohannis fa\u0163\u0103 de tot ce \u00eenseamn\u0103 lucruri importante.<\/strong> Eu am aflat din pres\u0103 despre nominalizare, nu \u015ftiu de unde a aflat domnul Oprea, o s\u0103 v\u0103 spun\u0103 d\u00e2nsul. <strong>Eu am spus anul trecut \u015fi \u00eemi pare r\u0103u c\u0103 am dreptate: domnul Iohannis ne consider\u0103 pe to\u0163i ni\u015fte iobagi, a\u015fa, pe mo\u015fia domniei-sale, care trebuie s\u0103 \u00eendeplinim ni\u015fte ordine<\/strong>, or PSD-ul nu \u00eendepline\u015fte ordinele domnului Iohannis, mai ales c\u00e2nd sunt gre\u015fite (&#8230;) <strong>Am spus \u00een campanie acest lucru<\/strong>, \u00een primele luni am avut poate impresia, dar dup\u0103 aceea mi se verific\u0103. <strong>Domnul Iohannis are o mentalitate de&#8230; a\u015fa, cu rom\u00e2nii \u00een general, \u015fi noi trebuie s\u0103 \u00eendeplinim dorin\u0163ele sale, ori noi nu le \u00eendeplinim. Asta e, se sup\u0103r\u0103, mai ne face un dosar, mai ne face ceva, nu \u015ftiu, dar nu le \u00eendeplinim&#8221;<\/strong>.<\/p>\n<p data-index=\"3\">Victor Ponta a mai spus c\u0103 sus\u021bine principiul potrivit c\u0103ruia <strong>puterea nu trebuie s\u0103 apar\u0163in\u0103 unui singur partid<\/strong>, \u00een condi\u0163iile \u00een care directorul Serviciului Rom\u00e2n de Informa\u0163ii a fost selectat recent de pre\u015fedinte tot din r\u00e2ndul PNL. \u00cen plus, a ar\u0103tat premierul, activitatea lui Ungureanu a fost criticat\u0103 inclusiv de liberali \u00een 2012, la c\u0103derea guvernului condus de acesta.<\/p>\n<p data-index=\"4\">Miercuri, Victor Ponta a afirmat c\u0103 PSD nu poate vota \u00een favoarea numirii lui Mihai R\u0103zvan Ungureanu la conducerea SIE \u00een condi\u0163iile \u00een care pre\u015fedintele\u00a0Klaus Iohannis\u00a0nu a consultat pe nimeni din partea acestui partid, \u00eenc\u0103lc\u00e2ndu-\u015fi, necinstit, cuv\u00e2ntul dat \u00een acest sens.<\/p>\n<p data-index=\"5\">Pre\u015fedintele Klaus Iohannis l-a nominalizat, miercuri, pentru func\u0163ia de director al Serviciului de Informa\u0163ii Externe pe Mihai-R\u0103zvan Ungureanu, inform\u00e2nd cele dou\u0103\u00a0Camere\u00a0ale Parlamentului despre aceast\u0103 nominalizare.<\/p>\n<p data-index=\"6\">Ulterior, liderul senatorilor PSD,\u00a0Ilie S\u00e2rbu, a declarat c\u0103 propunerea f\u0103cut\u0103 de pre\u015fedintele Klaus Iohannis, care l-a nominalizat pe Mihai R\u0103zvan Ungureanu la \u015fefia SIE, este ilegal\u0103 din punct de vedere procedural, el sus\u0163in\u00e2nd \u015fi c\u0103 premierul Ponta \u201enu \u015ftie nimic \u015fi nu a fost consultat\u201d, reaminte\u0219te Mediafax.<\/p>\n<p data-index=\"7\">Citi\u021bi \u0219i:<\/p>\n<h5><a href=\"https:\/\/www.digi24.ro\/Stiri\/Digi24\/Actualitate\/Politica\/Gheorghe+Iancu+constitutionalist+Presedintele+nu+prea+are+sfatui\" target=\"_blank\" data-skip-linkfix=\"1\" rel=\"noopener\"><span>Gheorghe Iancu, constitu\u021bionalist: Pre\u0219edintele nu prea are sf\u0103tuitori buni. \u0218eful SIE trebuie numit de CSAT<\/span><\/a><\/h5>\n<\/div>\n<p> Source URL: https:\/\/www.digi24.ro\/stiri\/actualitate\/politica\/victor-ponta-klaus-iohannis-ii-considera-pe-toti-romanii-niste-iobagi-409520<\/p>\n","protected":false},"excerpt":{"rendered":"<p>\u201eDomnul Iohannis ne consider\u0103 ni\u015fte iobagi pe mo\u015fia domniei sale \u015fi trebuie s\u0103 \u00eendeplinim ni\u015fte ordine, or PSD-ul nu \u00eendepline\u015fte ordinele domnului Iohannis, mai ales c\u00e2nd sunt gre\u015fite. Are o mentalitate a\u015fa de st\u0103p\u00e2n de iobagi cu rom\u00e2nii, \u00een general\u201d, a acuzat Victor Ponta, duminic\u0103 seara, \u00eentr-o interven\u021bie telefonic\u0103 la B1 TV. Solicitat s\u0103 spun\u0103 [&hellip;]<\/p>\n","protected":false},"author":1,"featured_media":178209,"comment_status":"open","ping_status":"","sticky":false,"template":"","format":"standard","meta":{"footnotes":""},"categories":[2],"tags":[11],"class_list":["post-178208","post","type-post","status-publish","format-standard","has-post-thumbnail","hentry","category-politics","tag-digi24"],"_links":{"self":[{"href":"https:\/\/analyse.optim.biz\/index.php?rest_route=\/wp\/v2\/posts\/178208","targetHints":{"allow":["GET"]}}],"collection":[{"href":"https:\/\/analyse.optim.biz\/index.php?rest_route=\/wp\/v2\/posts"}],"about":[{"href":"https:\/\/analyse.optim.biz\/index.php?rest_route=\/wp\/v2\/types\/post"}],"author":[{"embeddable":true,"href":"https:\/\/analyse.optim.biz\/index.php?rest_route=\/wp\/v2\/users\/1"}],"replies":[{"embeddable":true,"href":"https:\/\/analyse.optim.biz\/index.php?rest_route=%2Fwp%2Fv2%2Fcomments&post=178208"}],"version-history":[{"count":0,"href":"https:\/\/analyse.optim.biz\/index.php?rest_route=\/wp\/v2\/posts\/178208\/revisions"}],"wp:featuredmedia":[{"embeddable":true,"href":"https:\/\/analyse.optim.biz\/index.php?rest_route=\/wp\/v2\/media\/178209"}],"wp:attachment":[{"href":"https:\/\/analyse.optim.biz\/index.php?rest_route=%2Fwp%2Fv2%2Fmedia&parent=178208"}],"wp:term":[{"taxonomy":"category","embeddable":true,"href":"https:\/\/analyse.optim.biz\/index.php?rest_route=%2Fwp%2Fv2%2Fcategories&post=178208"},{"taxonomy":"post_tag","embeddable":true,"href":"https:\/\/analyse.optim.biz\/index.php?rest_route=%2Fwp%2Fv2%2Ftags&post=178208"}],"curies":[{"name":"wp","href":"https:\/\/api.w.org\/{rel}","templated":true}]}}