{"id":178197,"date":"2015-06-29T05:58:51","date_gmt":"2015-06-29T02:58:51","guid":{"rendered":"https:\/\/analyse.optim.biz\/?p=178197"},"modified":"2015-06-29T05:58:51","modified_gmt":"2015-06-29T02:58:51","slug":"horia-roman-patapievici-faceti-va-autocritica-oameni-de-stanga-nu-sunteti-imaculati","status":"publish","type":"post","link":"https:\/\/analyse.optim.biz\/?p=178197","title":{"rendered":"Horia-Roman Patapievici: Face\u021bi-v\u0103 autocritica, oameni de st\u00e2nga, nu sunte\u021bi imacula\u021bi!"},"content":{"rendered":"<div class=\"entry data-app-meta data-app-meta-article\" data-embed-base-url-canonical=\"https:\/\/www.digi24.ro\/embed\/stiri\/actualitate\/politica\/horia-roman-patapievici-faceti-va-autocritica-oameni-de-stanga-nu-sunteti-imaculati-409530\">\n<p data-index=\"1\">Declara\u021bia a fost f\u0103cut\u0103 \u00een contextul unei discu\u021bii despre imaturitatea sistemului democratic din Rom\u00e2nia, ceea ce ar putea constitui o vulnerabilitate periculoas\u0103. \u201eClasa politic\u0103 de acum este chitit\u0103 s\u0103 controleze sistemul juridic din Rom\u00e2nia. Or, teama mea, groaza mea, \u00eengrijorarea mea este c\u0103 societatea rom\u00e2neasc\u0103 n-are suficiente resurse s\u0103 r\u0103m\u00e2n\u0103 o societate democratic\u0103\u201d, a declarat, la <strong>Digi24, Horia-Roman Patapievici<\/strong>.<\/p>\n<p data-index=\"2\">\u201eEu sunt terifiat de vecin\u0103tatea cu Rusia agresiv\u0103, care \u0219i-adjudec\u0103 teritorii provoc\u00e2nd acest r\u0103zboi hibrid, (de) o Uniune European\u0103 slab\u0103, \u00een care la conducerea Ministerului de Externe al Uniunii Europene, s\u0103 spunem, comisar pentru politica extern\u0103, este un om care \u00een 1988 era membru al Partidului Comunist, care vrea s\u0103 se \u00een\u021beleag\u0103 cu Rusia, care nu vede r\u0103ul rusesc, o Germanie care se \u00een\u021belege cu Rusia&#8230;\u201d, a explicat Horia-Roman Patapievici.<\/p>\n<p data-index=\"3\">Realizatorul emisiunii \u201eImpar\u021bial\u201d, Luca Niculescu, remarc\u0103 faptul c\u0103 \u00een Uniunea European\u0103 exist\u0103 o singur\u0103 \u021bar\u0103 mare care nu vrea s\u0103 se \u00een\u021beleag\u0103 cu Rusia \u00een orice condi\u021bii, iar aceea este Polonia. \u0218i poate Rom\u00e2nia, de\u0219i are o pozi\u021bie foarte discret\u0103.<\/p>\n<p data-index=\"4\">\u201eDar totu\u0219i, pozi\u021bia rom\u00e2neasc\u0103 e mai apropiat\u0103 de pozi\u021bia polonez\u0103 dec\u00e2t de pozi\u021bia, din p\u0103cate, a Germaniei, care va dicta p\u00e2n\u0103 la urm\u0103 orientarea general\u0103, plus prezen\u021ba, foarte nefericit\u0103, dup\u0103 p\u0103rerea mea, a unui comisar pentru politica extern\u0103 care vine din Partidul Comunist. Eu nu pot s\u0103 \u00een\u021beleg de ce un pedigree comunist te recomand\u0103. Asta nu \u00eenseamn\u0103 pentru mine c\u0103 un pedigree de extrem\u0103-dreapta ar trebui trecut sub t\u0103cere. Nu! Dar suntem din zona unei ideologii (comuniste \u2013 n.r.) care a produs zeci de milioane de victime: v\u0103 rog, face\u021bi-v\u0103 autocritica, nu sunte\u021bi imacula\u021bi, oameni de st\u00e2nga! N-a\u021bi f\u0103cut ceea ce dreapta a f\u0103cut. Comunismul este \u00een continuare o ipotez\u0103 plauzibil\u0103, problema suntem noi, societ\u0103\u021bile care au suferit de pe urma comunismului, c\u0103 nu l-am aplicat cum trebuia\u201d, este de p\u0103rere filosoful.<\/p>\n<p data-index=\"5\">Urm\u0103ri\u021bi interviul integral\u00a0<a href=\"https:\/\/www.digi24.ro\/Emisiuni\/Digi24\/Impartial\/Arhiva+inregistrari\/Impartial+28+iunie+2015+20+10\" target=\"_blank\" data-skip-linkfix=\"1\" rel=\"noopener\"><strong>aici<\/strong><\/a>.<\/p>\n<\/div>\n<p> Source URL: https:\/\/www.digi24.ro\/stiri\/actualitate\/politica\/horia-roman-patapievici-faceti-va-autocritica-oameni-de-stanga-nu-sunteti-imaculati-409530<\/p>\n","protected":false},"excerpt":{"rendered":"<p>Declara\u021bia a fost f\u0103cut\u0103 \u00een contextul unei discu\u021bii despre imaturitatea sistemului democratic din Rom\u00e2nia, ceea ce ar putea constitui o vulnerabilitate periculoas\u0103. \u201eClasa politic\u0103 de acum este chitit\u0103 s\u0103 controleze sistemul juridic din Rom\u00e2nia. Or, teama mea, groaza mea, \u00eengrijorarea mea este c\u0103 societatea rom\u00e2neasc\u0103 n-are suficiente resurse s\u0103 r\u0103m\u00e2n\u0103 o societate democratic\u0103\u201d, a declarat, [&hellip;]<\/p>\n","protected":false},"author":1,"featured_media":178198,"comment_status":"open","ping_status":"","sticky":false,"template":"","format":"standard","meta":{"footnotes":""},"categories":[2],"tags":[11],"class_list":["post-178197","post","type-post","status-publish","format-standard","has-post-thumbnail","hentry","category-politics","tag-digi24"],"_links":{"self":[{"href":"https:\/\/analyse.optim.biz\/index.php?rest_route=\/wp\/v2\/posts\/178197","targetHints":{"allow":["GET"]}}],"collection":[{"href":"https:\/\/analyse.optim.biz\/index.php?rest_route=\/wp\/v2\/posts"}],"about":[{"href":"https:\/\/analyse.optim.biz\/index.php?rest_route=\/wp\/v2\/types\/post"}],"author":[{"embeddable":true,"href":"https:\/\/analyse.optim.biz\/index.php?rest_route=\/wp\/v2\/users\/1"}],"replies":[{"embeddable":true,"href":"https:\/\/analyse.optim.biz\/index.php?rest_route=%2Fwp%2Fv2%2Fcomments&post=178197"}],"version-history":[{"count":0,"href":"https:\/\/analyse.optim.biz\/index.php?rest_route=\/wp\/v2\/posts\/178197\/revisions"}],"wp:featuredmedia":[{"embeddable":true,"href":"https:\/\/analyse.optim.biz\/index.php?rest_route=\/wp\/v2\/media\/178198"}],"wp:attachment":[{"href":"https:\/\/analyse.optim.biz\/index.php?rest_route=%2Fwp%2Fv2%2Fmedia&parent=178197"}],"wp:term":[{"taxonomy":"category","embeddable":true,"href":"https:\/\/analyse.optim.biz\/index.php?rest_route=%2Fwp%2Fv2%2Fcategories&post=178197"},{"taxonomy":"post_tag","embeddable":true,"href":"https:\/\/analyse.optim.biz\/index.php?rest_route=%2Fwp%2Fv2%2Ftags&post=178197"}],"curies":[{"name":"wp","href":"https:\/\/api.w.org\/{rel}","templated":true}]}}