{"id":178194,"date":"2015-06-29T07:57:00","date_gmt":"2015-06-29T04:57:00","guid":{"rendered":"https:\/\/analyse.optim.biz\/?p=178194"},"modified":"2015-06-29T07:57:00","modified_gmt":"2015-06-29T04:57:00","slug":"scrisoarea-lui-sebastian-ghita-ajunge-azi-la-comisia-juridica","status":"publish","type":"post","link":"https:\/\/analyse.optim.biz\/?p=178194","title":{"rendered":"Scrisoarea lui Sebastian Ghi\u0163\u0103 ajunge azi la Comisia Juridic\u0103"},"content":{"rendered":"<div class=\"entry data-app-meta data-app-meta-article\" data-embed-base-url-canonical=\"https:\/\/www.digi24.ro\/embed\/stiri\/actualitate\/politica\/scrisoarea-lui-sebastian-ghita-ajunge-azi-la-comisia-juridica-409541\">\n<p data-index=\"1\">\u00a0<img decoding=\"async\" src=\"https:\/\/analyse.optim.biz\/wp-content\/uploads\/2024\/09\/zdbmotvmztq0zjm3mda2mdjjztk2zmm4ztfiogzlotc-thumb_.jpg\" data-skip-htmlfix=\"1\" title=\"zdbmotvmztq0zjm3mda2mdjjztk2zmm4ztfiogzlotc-thumb_\"><\/p>\n<p data-index=\"2\"><span><em>FOTO Mediafax<\/em><\/span><\/p>\n<p data-index=\"3\">De altfel, deputatul de Prahova a cerut s\u0103 fie sesizat\u0103 Curtea Constitu\u0163ional\u0103.<\/p>\n<p data-index=\"4\">Sebastian Ghi\u0163\u0103 le-a atras aten\u0163ia colegilor s\u0103i parlamentari c\u0103 deciziile luate de procurori pot &#8220;s\u0103 schimbe configura\u0163ii politice&#8221;.\u00a0<\/p>\n<p data-index=\"5\">\u201eDecizia mi se pare extrem de grav\u0103, neconstitu\u0163ional\u0103 \u015fi cu poten\u0163iale repercusiuni asupra democra\u0163iei \u00een Rom\u00e2nia. Consider c\u0103 Parlamentul Rom\u00e2niei \u015fi Comisia Juridic\u0103 trebuie s\u0103 reac\u0163ioneze de urgen\u0163\u0103 \u00een vederea limit\u0103rii unui astfel de abuz. Totodat\u0103, solicit declararea unui conflict \u00eentre puterile statului, care s\u0103 fie solu\u0163ionat de c\u0103tre Curtea Constitu\u0163ional\u0103. Lipsa unei reac\u0163ii acum va permite unui reprezentant al Parchetului s\u0103 dispun\u0103 \u00eentr-o zi m\u0103suri asupra unui num\u0103r at\u00e2t de mare de parlamentari \u00eenc\u00e2t s\u0103 modifice majorit\u0103\u0163i \u015fi s\u0103 schimbe configura\u0163ii politice. Men\u0163ionez c\u0103 \u00eenaintez sesizarea Procurorului General al Rom\u00e2niei \u015fi ministrului Justi\u0163iei precum \u015fi procurorului ierarhic superior&#8221;, a transmis Ghi\u0163\u0103.<\/p>\n<p data-index=\"6\">Urm\u0103rirea penal\u0103 \u00een cazul lui Sebastian Ghi\u0163\u0103 a fost extins\u0103 pentru trafic de influen\u0163\u0103, evaziune fiscal\u0103, sp\u0103lare de bani, complicitate la schimbarea destina\u0163iei fondurilor UE \u015fi coruperea aleg\u0103torilor la scrutinul parlamentar din 2012 \u015fi la cel preziden\u0163ial din 2014.<\/p>\n<hr>\n<p data-index=\"7\"><a href=\"https:\/\/www.digi24.ro\/Stiri\/Digi24\/Actualitate\/Justitie\/Sebastian+Ghita+nu+poate+contesta+controlul+judiciar+prin+care+i\" target=\"_blank\" data-skip-linkfix=\"1\" rel=\"noopener\"><strong>Sebastian Ghi\u0163\u0103 nu mai poate contesta m\u0103sura controlului judiciar<\/strong><\/a> prin care i s-a interzis s\u0103 \u00ee\u015fi exercite func\u0163ia de deputat.<\/p>\n<p data-index=\"8\">Potrivit Codului penal, controlul judiciar poate fi contestat o singur\u0103 dat\u0103, iar Ghi\u0163\u0103 a apelat la aceast\u0103 contesta\u0163ie deja.<\/p>\n<p data-index=\"9\">Procurorii DNA, atunci c\u00e2nd i-au interzis accesul \u00een Parlament, nu au instituit un nou control judiciar, ci au extins vechea m\u0103sur\u0103. Astfel, Sebastian Ghi\u0163\u0103 nu mai poate ataca aceast\u0103 m\u0103sur\u0103.<\/p>\n<p data-index=\"10\">Potrivit unor surse judiciare, parlamentarul a f\u0103cut pl\u00e2ngere fa\u0163\u0103 de m\u0103sura luat\u0103 contra sa la \u015feful DNA, care \u00eens\u0103 i-a respins cererea, pe motiv c\u0103 procurorii anticorup\u0163ie nu au f\u0103cut un abuz.<\/p>\n<p data-index=\"11\">Astfel, p\u00e2n\u0103 \u00een 16 august, Sebastian Ghi\u0163\u0103 nu mai poate contesta controlul judiciar.<\/p>\n<\/div>\n<p> Source URL: https:\/\/www.digi24.ro\/stiri\/actualitate\/politica\/scrisoarea-lui-sebastian-ghita-ajunge-azi-la-comisia-juridica-409541<\/p>\n","protected":false},"excerpt":{"rendered":"<p>\u00a0 FOTO Mediafax De altfel, deputatul de Prahova a cerut s\u0103 fie sesizat\u0103 Curtea Constitu\u0163ional\u0103. Sebastian Ghi\u0163\u0103 le-a atras aten\u0163ia colegilor s\u0103i parlamentari c\u0103 deciziile luate de procurori pot &#8220;s\u0103 schimbe configura\u0163ii politice&#8221;.\u00a0 \u201eDecizia mi se pare extrem de grav\u0103, neconstitu\u0163ional\u0103 \u015fi cu poten\u0163iale repercusiuni asupra democra\u0163iei \u00een Rom\u00e2nia. Consider c\u0103 Parlamentul Rom\u00e2niei \u015fi Comisia [&hellip;]<\/p>\n","protected":false},"author":1,"featured_media":178195,"comment_status":"open","ping_status":"","sticky":false,"template":"","format":"standard","meta":{"footnotes":""},"categories":[2],"tags":[11],"class_list":["post-178194","post","type-post","status-publish","format-standard","has-post-thumbnail","hentry","category-politics","tag-digi24"],"_links":{"self":[{"href":"https:\/\/analyse.optim.biz\/index.php?rest_route=\/wp\/v2\/posts\/178194","targetHints":{"allow":["GET"]}}],"collection":[{"href":"https:\/\/analyse.optim.biz\/index.php?rest_route=\/wp\/v2\/posts"}],"about":[{"href":"https:\/\/analyse.optim.biz\/index.php?rest_route=\/wp\/v2\/types\/post"}],"author":[{"embeddable":true,"href":"https:\/\/analyse.optim.biz\/index.php?rest_route=\/wp\/v2\/users\/1"}],"replies":[{"embeddable":true,"href":"https:\/\/analyse.optim.biz\/index.php?rest_route=%2Fwp%2Fv2%2Fcomments&post=178194"}],"version-history":[{"count":0,"href":"https:\/\/analyse.optim.biz\/index.php?rest_route=\/wp\/v2\/posts\/178194\/revisions"}],"wp:featuredmedia":[{"embeddable":true,"href":"https:\/\/analyse.optim.biz\/index.php?rest_route=\/wp\/v2\/media\/178195"}],"wp:attachment":[{"href":"https:\/\/analyse.optim.biz\/index.php?rest_route=%2Fwp%2Fv2%2Fmedia&parent=178194"}],"wp:term":[{"taxonomy":"category","embeddable":true,"href":"https:\/\/analyse.optim.biz\/index.php?rest_route=%2Fwp%2Fv2%2Fcategories&post=178194"},{"taxonomy":"post_tag","embeddable":true,"href":"https:\/\/analyse.optim.biz\/index.php?rest_route=%2Fwp%2Fv2%2Ftags&post=178194"}],"curies":[{"name":"wp","href":"https:\/\/api.w.org\/{rel}","templated":true}]}}