{"id":1781792,"date":"2026-02-20T12:57:21","date_gmt":"2026-02-20T09:57:21","guid":{"rendered":"https:\/\/analyse.optim.biz\/?p=1781792"},"modified":"2026-02-20T12:57:21","modified_gmt":"2026-02-20T09:57:21","slug":"finantare-europeana-pentru-reabilitarea-cladirii-c1-a-scolii-gimnaziale-nr-16","status":"publish","type":"post","link":"https:\/\/analyse.optim.biz\/?p=1781792","title":{"rendered":"Finan\u021bare european\u0103 pentru reabilitarea cl\u0103dirii C1 a \u0218colii Gimnaziale nr. 16"},"content":{"rendered":"<p>[analyse_image type=&#8221;featured&#8221; src=&#8221;https:\/\/www.banatulazi.ro\/wp-content\/uploads\/2026\/02\/sc-gen-gimnaziala-16.jpg&#8221;]<\/p>\n<div class=\"td_block_wrap tdb_single_content tdi_64 td-pb-border-top td_block_template_1 td-post-content tagdiv-type\" data-td-block-uid=\"tdi_64\">\n<div class=\"tdb-block-inner td-fix-index\">\n<p><strong>Prim\u0103ria Municipiului Timi\u0219oara va depune o cerere de finan\u021bare european\u0103 pentru reabilitarea termic\u0103 a corpului C1 al \u0218colii Gimnaziale nr. 16, de pe strada Bucure\u0219ti nr. 11. Valoarea total\u0103 a proiectului este de 17 milioane lei, iar municipalitatea propune asigurarea unei co-finan\u021b\u0103ri din bugetul local de 7,2 milioane de lei. Diferen\u021ba va fi acoperit\u0103 prin Programul Regional Vest 2021-2027 \u00een urma \u00eencheierii contractului cu Agen\u021bia pentru Dezvoltare Regional\u0103 Vest. Decizia de alocare a co-finan\u021b\u0103rii va fi supus\u0103 votului Consiliului Local.<\/strong><\/p>\n<p>Proiectul municipalit\u0103\u021bii, \u00een valoare total\u0103 de 16.961.884,25 lei, inclusiv TVA, vizeaz\u0103 modernizarea complet\u0103 a cl\u0103dirii \u0219i cre\u0219terea eficien\u021bei energetice, pentru a asigura condi\u021bii optime de studiu pentru elevi \u0219i cadrele didactice.<br \/>\nPrintre interven\u021biile prev\u0103zute \u00een proiectul Prim\u0103riei Timi\u0219oara se num\u0103r\u0103 reabilitarea termic\u0103 a cl\u0103dirii, \u00eenlocuirea t\u00e2mpl\u0103riei, refacerea acoperi\u0219ului \u0219i a \u0219arpantei, instalarea unor sisteme eficiente de \u00eenc\u0103lzire, r\u0103cire \u0219i ventilare, montarea de corpuri de iluminat LED, reabilitarea sistemului de ap\u0103 cald\u0103 \u0219i montarea de panouri fotovoltaice.<\/p>\n<p>\u00cen paralel, municipalitatea are \u00een derulare mai multe proiecte de modernizare a unit\u0103\u021bilor de \u00eenv\u0103\u021b\u0103m\u00e2nt din ora\u0219. Printre acestea se num\u0103r\u0103 reabilitarea termic\u0103 a Colegiului Tehnic \u201eHenri Coand\u0103\u201d \u0219i a cl\u0103dirii gimnaziale a Liceului Teoretic \u201eJean Louis Calderon\u201d, precum \u0219i modernizarea integral\u0103 a cl\u0103dirii Colegiului Na\u021bional \u201eAna Aslan\u201d.<\/p>\n<p>Proiectul privind alocarea co-finan\u021b\u0103rii din bugetul local este disponibil aici:<br \/><a href=\"https:\/\/www.primariatm.ro\/proiecte-hcl\/771c0ce0-1cc5-4839-938b-b4e0d034ab85\">https:\/\/www.primariatm.ro\/proiecte-hcl\/771c0ce0-1cc5-4839-938b-b4e0d034ab85<\/a><br \/>\nProiectul privind aprobarea indicatorilor, faza PT, este disponibil aici:<br \/><a href=\"https:\/\/www.primariatm.ro\/proiecte-hcl\/adbd5487-dd26-443c-bb08-c3c6932cfc67\">https:\/\/www.primariatm.ro\/proiecte-hcl\/adbd5487-dd26-443c-bb08-c3c6932cfc67<\/a><\/p>\n<\/div>\n<\/div>\n<p>[analyse_source url=&#8221;https:\/\/www.banatulazi.ro\/finantare-europeana-pentru-reabilitarea-cladirii-c1-a-scolii-gimnaziale-nr-16\/&#8221;]<\/p>\n","protected":false},"excerpt":{"rendered":"<p>[analyse_image type=&#8221;featured&#8221; src=&#8221;https:\/\/www.banatulazi.ro\/wp-content\/uploads\/2026\/02\/sc-gen-gimnaziala-16.jpg&#8221;] Prim\u0103ria Municipiului Timi\u0219oara va depune o cerere de finan\u021bare european\u0103 pentru reabilitarea termic\u0103 a corpului C1 al \u0218colii Gimnaziale nr. 16, de pe strada Bucure\u0219ti nr. 11. Valoarea total\u0103 a proiectului este de 17 milioane lei, iar municipalitatea propune asigurarea unei co-finan\u021b\u0103ri din bugetul local de 7,2 milioane de lei. Diferen\u021ba va [&hellip;]<\/p>\n","protected":false},"author":1,"featured_media":0,"comment_status":"open","ping_status":"","sticky":false,"template":"","format":"standard","meta":{"footnotes":""},"categories":[89],"tags":[185,226],"class_list":["post-1781792","post","type-post","status-publish","format-standard","hentry","category-romania","tag-banatulazi-ro","tag-crawlmanager"],"_links":{"self":[{"href":"https:\/\/analyse.optim.biz\/index.php?rest_route=\/wp\/v2\/posts\/1781792","targetHints":{"allow":["GET"]}}],"collection":[{"href":"https:\/\/analyse.optim.biz\/index.php?rest_route=\/wp\/v2\/posts"}],"about":[{"href":"https:\/\/analyse.optim.biz\/index.php?rest_route=\/wp\/v2\/types\/post"}],"author":[{"embeddable":true,"href":"https:\/\/analyse.optim.biz\/index.php?rest_route=\/wp\/v2\/users\/1"}],"replies":[{"embeddable":true,"href":"https:\/\/analyse.optim.biz\/index.php?rest_route=%2Fwp%2Fv2%2Fcomments&post=1781792"}],"version-history":[{"count":0,"href":"https:\/\/analyse.optim.biz\/index.php?rest_route=\/wp\/v2\/posts\/1781792\/revisions"}],"wp:attachment":[{"href":"https:\/\/analyse.optim.biz\/index.php?rest_route=%2Fwp%2Fv2%2Fmedia&parent=1781792"}],"wp:term":[{"taxonomy":"category","embeddable":true,"href":"https:\/\/analyse.optim.biz\/index.php?rest_route=%2Fwp%2Fv2%2Fcategories&post=1781792"},{"taxonomy":"post_tag","embeddable":true,"href":"https:\/\/analyse.optim.biz\/index.php?rest_route=%2Fwp%2Fv2%2Ftags&post=1781792"}],"curies":[{"name":"wp","href":"https:\/\/api.w.org\/{rel}","templated":true}]}}