{"id":1781341,"date":"2026-02-19T11:50:33","date_gmt":"2026-02-19T08:50:33","guid":{"rendered":"https:\/\/analyse.optim.biz\/?p=1781341"},"modified":"2026-02-19T11:50:33","modified_gmt":"2026-02-19T08:50:33","slug":"senatorul-ionel-carp-solicita-clarificari-privind-formarea-profesionala-a-persoanelor-provenind-din-grupuri","status":"publish","type":"post","link":"https:\/\/analyse.optim.biz\/?p=1781341","title":{"rendered":"Senatorul Ionel Carp solicit\u0103 clarific\u0103ri privind formarea profesional\u0103 a persoanelor provenind din grupuri"},"content":{"rendered":"<p>[analyse_image type=&#8221;featured&#8221; src=&#8221;https:\/\/ziaruldelta.ro\/wp-content\/uploads\/2025\/12\/Ionel-carp.jpg&#8221;]<\/p>\n<article id=\"post-35442\" class=\"module single-post-module post-35442 post type-post status-publish format-standard has-post-thumbnail hentry category-politica-administratie et-has-post-format-content et_post_format-et-post-format-standard\">\n<div class=\"post-header\">\n<h1 class=\"entry-title\">Senatorul Ionel Carp solicit\u0103 clarific\u0103ri privind formarea profesional\u0103 a persoanelor provenind din grupuri vulnerabile \u00een jude\u0163ul Tulcea<\/h1>\n<div class=\"post-meta vcard\">\n<p>Posted by <a href=\"https:\/\/ziaruldelta.ro\/author\/ziarul-delta\/\" class=\"url fn\" title=\"Posts by Ziarul Delta\" rel=\"author\">Ziarul Delta<\/a> | <span class=\"updated\">Feb 19, 2026<\/span> | <a href=\"https:\/\/ziaruldelta.ro\/category\/politica-administratie\/\" rel=\"tag\">Politica &#8211; Administratie<\/a> | <\/p>\n<\/div>\n<\/div>\n<div class=\"post-thumbnail header\"><img decoding=\"async\" src=\"https:\/\/ziaruldelta.ro\/wp-content\/uploads\/2025\/12\/Ionel-carp.jpg\" alt=\"Senatorul Ionel Carp solicit\u0103 clarific\u0103ri privind formarea profesional\u0103 a persoanelor provenind din grupuri vulnerabile \u00een jude\u0163ul Tulcea\"><\/div>\n<div class=\"post-wrap\">\n<div class=\"post-content entry-content\">\n<p>Senatorul de Tulcea Ionel Carp a adresat o \u00eentrebare oficial\u0103 ministrului Muncii, Familiei, Tineretului \u015fi Solidarit\u0103\u0163ii Sociale, Petre-Florin Manole, \u00een \u015fedin\u0163a Senatului din 18 februarie 2025, privind formarea profesional\u0103 a persoanelor provenind din grupuri vulnerabile \u00een jude\u0163ul Tulcea.<\/p>\n<p>Demersul vine \u00een contextul \u00een care jude\u0163ul Tulcea se confrunt\u0103 cu provoc\u0103ri structurale semnificative \u00een ceea ce prive\u015fte integrarea pe pia\u0163a muncii a persoanelor provenind din grupuri vulnerabile, inclusiv \u015fomeri de lung\u0103 durat\u0103, persoane cu dizabilit\u0103\u0163i, tineri NEET, persoane din comunit\u0103\u0163i rurale izolate sau din comunit\u0103\u0163i marginalizate<\/p>\n<p>Parlamentarul ridic\u0103 astfel \u00eentrebarea dac\u0103 ministerul are \u00een vedere m\u0103suri concrete pentru extinderea accesului la formare profesional\u0103 \u00een zonele rurale \u015fi izolate din jude\u0163ul Tulcea, inclusiv prin digitalizare, parteneriate locale sau centre mobile de formare.<\/p>\n<blockquote>\n<p>\u201eSpecificul geografic al jude\u0163ului, caracterizat prin zone greu accesibile \u015fi un nivel redus de diversificare economic\u0103 \u00een anumite localit\u0103\u0163i, amplific\u0103 riscul excluziunii sociale \u015fi limiteaz\u0103 accesul la programe de formare profesional\u0103 adaptate cerin\u0163elor actuale ale pie\u0163ei muncii. \u00cen contextul strategiilor na\u0163ionale privind ocuparea for\u0163ei de munc\u0103 \u015fi incluziunea social\u0103, precum \u015fi al utiliz\u0103rii fondurilor europene destinate cre\u015fterii gradului de ocupare \u00een r\u00e2ndul persoanelor vulnerabile, consider necesar\u0103 o evaluare clar\u0103 a m\u0103surilor implementate la nivelul jude\u0163ului Tulcea. Este esen\u0163ial s\u0103 existe date concrete privind eficien\u0163a programelor de calificare, recalificare \u015fi reconversie profesional\u0103, precum \u015fi privind gradul real de inser\u0163ie pe pia\u0163a muncii al beneficiarilor acestor interven\u0163ii\u201d, precizeaz\u0103 senatorul de Tulcea Ionel Carp\u00a0 \u00een documentul transmis ministrului.<\/p>\n<\/blockquote>\n<p>\u00cen solicitarea adresat\u0103 ministrului, senatorul Ionel Carp cere clarific\u0103ri privind num\u0103rul persoanelor din grupuri vulnerabile din jude\u0163ul Tulcea care au beneficiat, \u00een ultimii trei ani, de programe de formare profesional\u0103 finan\u0163ate din fonduri na\u0163ionale \u015fi\/sau europene \u015fi care este rata de inser\u0163ie pe pia\u0163a muncii a acestora. De asemenea, senatorul \u00eentreab\u0103 ce tipuri de cursuri de calificare sau reconversie profesional\u0103 au fost organizate \u00een jude\u0163ul Tulcea pentru aceste categorii \u015fi \u00een ce m\u0103sur\u0103 acestea sunt corelate cu nevoile reale ale angajatorilor locali.<\/p>\n<p>Senatorul de Tulcea a solicitat un r\u0103spuns \u00een scris din partea Ministerului Muncii.<\/p>\n<p><strong>Comunicat de pres\u0103<\/strong><\/p>\n<\/div>\n<\/div>\n<div class=\"post-footer\">\n<div class=\"social-icons ed-social-share-icons\">\n<p class=\"share-title\">Share:<\/p>\n<\/div>\n<div class=\"rating-stars\">\n<p id=\"rate-title\" class=\"rate-title\">Rate:<\/p>\n<\/div>\n<\/div>\n<\/article>\n<div class=\"post-content entry-content\">\n<p>Senatorul de Tulcea Ionel Carp a adresat o \u00eentrebare oficial\u0103 ministrului Muncii, Familiei, Tineretului \u015fi Solidarit\u0103\u0163ii Sociale, Petre-Florin Manole, \u00een \u015fedin\u0163a Senatului din 18 februarie 2025, privind formarea profesional\u0103 a persoanelor provenind din grupuri vulnerabile \u00een jude\u0163ul Tulcea.<\/p>\n<p>Demersul vine \u00een contextul \u00een care jude\u0163ul Tulcea se confrunt\u0103 cu provoc\u0103ri structurale semnificative \u00een ceea ce prive\u015fte integrarea pe pia\u0163a muncii a persoanelor provenind din grupuri vulnerabile, inclusiv \u015fomeri de lung\u0103 durat\u0103, persoane cu dizabilit\u0103\u0163i, tineri NEET, persoane din comunit\u0103\u0163i rurale izolate sau din comunit\u0103\u0163i marginalizate<\/p>\n<p>Parlamentarul ridic\u0103 astfel \u00eentrebarea dac\u0103 ministerul are \u00een vedere m\u0103suri concrete pentru extinderea accesului la formare profesional\u0103 \u00een zonele rurale \u015fi izolate din jude\u0163ul Tulcea, inclusiv prin digitalizare, parteneriate locale sau centre mobile de formare.<\/p>\n<blockquote>\n<p>\u201eSpecificul geografic al jude\u0163ului, caracterizat prin zone greu accesibile \u015fi un nivel redus de diversificare economic\u0103 \u00een anumite localit\u0103\u0163i, amplific\u0103 riscul excluziunii sociale \u015fi limiteaz\u0103 accesul la programe de formare profesional\u0103 adaptate cerin\u0163elor actuale ale pie\u0163ei muncii. \u00cen contextul strategiilor na\u0163ionale privind ocuparea for\u0163ei de munc\u0103 \u015fi incluziunea social\u0103, precum \u015fi al utiliz\u0103rii fondurilor europene destinate cre\u015fterii gradului de ocupare \u00een r\u00e2ndul persoanelor vulnerabile, consider necesar\u0103 o evaluare clar\u0103 a m\u0103surilor implementate la nivelul jude\u0163ului Tulcea. Este esen\u0163ial s\u0103 existe date concrete privind eficien\u0163a programelor de calificare, recalificare \u015fi reconversie profesional\u0103, precum \u015fi privind gradul real de inser\u0163ie pe pia\u0163a muncii al beneficiarilor acestor interven\u0163ii\u201d, precizeaz\u0103 senatorul de Tulcea Ionel Carp\u00a0 \u00een documentul transmis ministrului.<\/p>\n<\/blockquote>\n<p>\u00cen solicitarea adresat\u0103 ministrului, senatorul Ionel Carp cere clarific\u0103ri privind num\u0103rul persoanelor din grupuri vulnerabile din jude\u0163ul Tulcea care au beneficiat, \u00een ultimii trei ani, de programe de formare profesional\u0103 finan\u0163ate din fonduri na\u0163ionale \u015fi\/sau europene \u015fi care este rata de inser\u0163ie pe pia\u0163a muncii a acestora. De asemenea, senatorul \u00eentreab\u0103 ce tipuri de cursuri de calificare sau reconversie profesional\u0103 au fost organizate \u00een jude\u0163ul Tulcea pentru aceste categorii \u015fi \u00een ce m\u0103sur\u0103 acestea sunt corelate cu nevoile reale ale angajatorilor locali.<\/p>\n<p>Senatorul de Tulcea a solicitat un r\u0103spuns \u00een scris din partea Ministerului Muncii.<\/p>\n<p><strong>Comunicat de pres\u0103<\/strong><\/p>\n<\/div>\n<div class=\"post-content entry-content\">\n<p>Senatorul de Tulcea Ionel Carp a adresat o \u00eentrebare oficial\u0103 ministrului Muncii, Familiei, Tineretului \u015fi Solidarit\u0103\u0163ii Sociale, Petre-Florin Manole, \u00een \u015fedin\u0163a Senatului din 18 februarie 2025, privind formarea profesional\u0103 a persoanelor provenind din grupuri vulnerabile \u00een jude\u0163ul Tulcea.<\/p>\n<p>Demersul vine \u00een contextul \u00een care jude\u0163ul Tulcea se confrunt\u0103 cu provoc\u0103ri structurale semnificative \u00een ceea ce prive\u015fte integrarea pe pia\u0163a muncii a persoanelor provenind din grupuri vulnerabile, inclusiv \u015fomeri de lung\u0103 durat\u0103, persoane cu dizabilit\u0103\u0163i, tineri NEET, persoane din comunit\u0103\u0163i rurale izolate sau din comunit\u0103\u0163i marginalizate<\/p>\n<p>Parlamentarul ridic\u0103 astfel \u00eentrebarea dac\u0103 ministerul are \u00een vedere m\u0103suri concrete pentru extinderea accesului la formare profesional\u0103 \u00een zonele rurale \u015fi izolate din jude\u0163ul Tulcea, inclusiv prin digitalizare, parteneriate locale sau centre mobile de formare.<\/p>\n<blockquote>\n<p>\u201eSpecificul geografic al jude\u0163ului, caracterizat prin zone greu accesibile \u015fi un nivel redus de diversificare economic\u0103 \u00een anumite localit\u0103\u0163i, amplific\u0103 riscul excluziunii sociale \u015fi limiteaz\u0103 accesul la programe de formare profesional\u0103 adaptate cerin\u0163elor actuale ale pie\u0163ei muncii. \u00cen contextul strategiilor na\u0163ionale privind ocuparea for\u0163ei de munc\u0103 \u015fi incluziunea social\u0103, precum \u015fi al utiliz\u0103rii fondurilor europene destinate cre\u015fterii gradului de ocupare \u00een r\u00e2ndul persoanelor vulnerabile, consider necesar\u0103 o evaluare clar\u0103 a m\u0103surilor implementate la nivelul jude\u0163ului Tulcea. Este esen\u0163ial s\u0103 existe date concrete privind eficien\u0163a programelor de calificare, recalificare \u015fi reconversie profesional\u0103, precum \u015fi privind gradul real de inser\u0163ie pe pia\u0163a muncii al beneficiarilor acestor interven\u0163ii\u201d, precizeaz\u0103 senatorul de Tulcea Ionel Carp\u00a0 \u00een documentul transmis ministrului.<\/p>\n<\/blockquote>\n<p>\u00cen solicitarea adresat\u0103 ministrului, senatorul Ionel Carp cere clarific\u0103ri privind num\u0103rul persoanelor din grupuri vulnerabile din jude\u0163ul Tulcea care au beneficiat, \u00een ultimii trei ani, de programe de formare profesional\u0103 finan\u0163ate din fonduri na\u0163ionale \u015fi\/sau europene \u015fi care este rata de inser\u0163ie pe pia\u0163a muncii a acestora. De asemenea, senatorul \u00eentreab\u0103 ce tipuri de cursuri de calificare sau reconversie profesional\u0103 au fost organizate \u00een jude\u0163ul Tulcea pentru aceste categorii \u015fi \u00een ce m\u0103sur\u0103 acestea sunt corelate cu nevoile reale ale angajatorilor locali.<\/p>\n<p>Senatorul de Tulcea a solicitat un r\u0103spuns \u00een scris din partea Ministerului Muncii.<\/p>\n<p><strong>Comunicat de pres\u0103<\/strong><\/p>\n<\/div>\n<p>[analyse_source url=&#8221;https:\/\/ziaruldelta.ro\/2026\/02\/19\/senatorul-ionel-carp-solicita-clarificari-privind-formarea-profesionala-a-persoanelor-provenind-din-grupuri-vulnerabile-in-judetul-tulcea\/&#8221;]<\/p>\n","protected":false},"excerpt":{"rendered":"<p>[analyse_image type=&#8221;featured&#8221; src=&#8221;https:\/\/ziaruldelta.ro\/wp-content\/uploads\/2025\/12\/Ionel-carp.jpg&#8221;] Senatorul Ionel Carp solicit\u0103 clarific\u0103ri privind formarea profesional\u0103 a persoanelor provenind din grupuri vulnerabile \u00een jude\u0163ul Tulcea Posted by Ziarul Delta | Feb 19, 2026 | Politica &#8211; Administratie | Senatorul de Tulcea Ionel Carp a adresat o \u00eentrebare oficial\u0103 ministrului Muncii, Familiei, Tineretului \u015fi Solidarit\u0103\u0163ii Sociale, Petre-Florin Manole, \u00een \u015fedin\u0163a Senatului [&hellip;]<\/p>\n","protected":false},"author":1,"featured_media":0,"comment_status":"open","ping_status":"","sticky":false,"template":"","format":"standard","meta":{"footnotes":""},"categories":[89],"tags":[226,206],"class_list":["post-1781341","post","type-post","status-publish","format-standard","hentry","category-romania","tag-crawlmanager","tag-ziaruldelta-ro"],"_links":{"self":[{"href":"https:\/\/analyse.optim.biz\/index.php?rest_route=\/wp\/v2\/posts\/1781341","targetHints":{"allow":["GET"]}}],"collection":[{"href":"https:\/\/analyse.optim.biz\/index.php?rest_route=\/wp\/v2\/posts"}],"about":[{"href":"https:\/\/analyse.optim.biz\/index.php?rest_route=\/wp\/v2\/types\/post"}],"author":[{"embeddable":true,"href":"https:\/\/analyse.optim.biz\/index.php?rest_route=\/wp\/v2\/users\/1"}],"replies":[{"embeddable":true,"href":"https:\/\/analyse.optim.biz\/index.php?rest_route=%2Fwp%2Fv2%2Fcomments&post=1781341"}],"version-history":[{"count":0,"href":"https:\/\/analyse.optim.biz\/index.php?rest_route=\/wp\/v2\/posts\/1781341\/revisions"}],"wp:attachment":[{"href":"https:\/\/analyse.optim.biz\/index.php?rest_route=%2Fwp%2Fv2%2Fmedia&parent=1781341"}],"wp:term":[{"taxonomy":"category","embeddable":true,"href":"https:\/\/analyse.optim.biz\/index.php?rest_route=%2Fwp%2Fv2%2Fcategories&post=1781341"},{"taxonomy":"post_tag","embeddable":true,"href":"https:\/\/analyse.optim.biz\/index.php?rest_route=%2Fwp%2Fv2%2Ftags&post=1781341"}],"curies":[{"name":"wp","href":"https:\/\/api.w.org\/{rel}","templated":true}]}}