{"id":1781325,"date":"2026-02-18T14:27:21","date_gmt":"2026-02-18T11:27:21","guid":{"rendered":"https:\/\/analyse.optim.biz\/?p=1781325"},"modified":"2026-02-18T14:27:21","modified_gmt":"2026-02-18T11:27:21","slug":"inca-se-poarta-furturile-din-masina-tanar-de-20-de-ani-prins-cu-mata-n-sac","status":"publish","type":"post","link":"https:\/\/analyse.optim.biz\/?p=1781325","title":{"rendered":"\u00cenc\u0103 se \u201epoart\u0103\u201d furturile din ma\u0219in\u0103! T\u00e2n\u0103r de 20 de ani prins cu \u201em\u00e2\u021ba-n\u201d sac"},"content":{"rendered":"<p>[analyse_image type=&#8221;featured&#8221; src=&#8221;https:\/\/gazetadinvest.ro\/wp-content\/uploads\/2015\/03\/arestat.jpg&#8221;]<\/p>\n<div class=\"td-post-content tagdiv-type\">\n<div class=\"td-post-featured-image\"><a href=\"https:\/\/gazetadinvest.ro\/wp-content\/uploads\/2015\/03\/arestat.jpg\" data-caption><img loading=\"lazy\" decoding=\"async\" width=\"604\" height=\"454\" class=\"entry-thumb td-modal-image\" src=\"https:\/\/gazetadinvest.ro\/wp-content\/uploads\/2015\/03\/arestat.jpg\" alt title=\"arestat\"><\/a><\/div>\n<p><strong>La data de 17 februarie, poli\u021bi\u0219tii ora\u0219ului Sec\u021biei 4 Urbane Timi\u0219oara, au re\u021binut un t\u00e2n\u0103r de 20 de ani, b\u0103nuit de s\u0103v\u00e2r\u0219irea infrac\u021biunii de furt.<\/strong><\/p>\n<p>\u00cen fapt, la data de 6 februarie 2026, poli\u021bi\u0219tii Sec\u021biei 4 Poli\u021bie Urban\u0103 Timi\u0219oara, au fost sesiza\u021bi de c\u0103tre o t\u00e2n\u0103r\u0103 de 25 de ani, cu privire la faptul c\u0103, \u00een intervalul orar 12:00 \u2013 16:00, persoane necunoscute i-au sustras din autoturismul ce se afla parcat pe strada C\u0103lan din municipiul Timi\u0219oara, o geant\u0103 sport ce con\u021binea elemente sportive, o pereche de c\u0103\u0219ti, documente personale, precum \u0219i o po\u0219et\u0103 \u00een care se afla suma de 600 de lei, cauz\u00e2nd un prejudiciu de aproximativ 7.500 de lei.<\/p>\n<p>\u00cen urma investiga\u021biilor efectuate de c\u0103tre poli\u021bi\u0219ti, a fost identificat un t\u00e2n\u0103r, de 20 de ani, b\u0103nuit de comiterea faptei.<\/p>\n<p>Totodat\u0103, \u00een urma probatoriului administrat, la data de 17 februarie 2026, acesta a fost re\u021binut pentru 24 de ore, fiind introdus \u00een arestul poli\u021biei, sub aspectul s\u0103v\u00e2r\u0219irii infrac\u021biunii de furt.<\/p>\n<p>Prejudiciul a fost recuperat par\u021bial.<\/p>\n<p>Poli\u021bi\u0219tii continu\u0103 cercet\u0103rile, \u00een vederea document\u0103rii \u00eentregii activit\u0103\u021bi infrac\u021bionale a b\u0103rbatului, precum \u0219i pentru recuperarea \u00eentregului prejudiciu.<\/p>\n<\/div>\n<div class=\"td-post-content tagdiv-type\">\n<div class=\"td-post-featured-image\"><a href=\"https:\/\/gazetadinvest.ro\/wp-content\/uploads\/2015\/03\/arestat.jpg\" data-caption><img loading=\"lazy\" decoding=\"async\" width=\"604\" height=\"454\" class=\"entry-thumb td-modal-image\" src=\"https:\/\/gazetadinvest.ro\/wp-content\/uploads\/2015\/03\/arestat.jpg\" alt title=\"arestat\"><\/a><\/div>\n<p><strong>La data de 17 februarie, poli\u021bi\u0219tii ora\u0219ului Sec\u021biei 4 Urbane Timi\u0219oara, au re\u021binut un t\u00e2n\u0103r de 20 de ani, b\u0103nuit de s\u0103v\u00e2r\u0219irea infrac\u021biunii de furt.<\/strong><\/p>\n<p>\u00cen fapt, la data de 6 februarie 2026, poli\u021bi\u0219tii Sec\u021biei 4 Poli\u021bie Urban\u0103 Timi\u0219oara, au fost sesiza\u021bi de c\u0103tre o t\u00e2n\u0103r\u0103 de 25 de ani, cu privire la faptul c\u0103, \u00een intervalul orar 12:00 \u2013 16:00, persoane necunoscute i-au sustras din autoturismul ce se afla parcat pe strada C\u0103lan din municipiul Timi\u0219oara, o geant\u0103 sport ce con\u021binea elemente sportive, o pereche de c\u0103\u0219ti, documente personale, precum \u0219i o po\u0219et\u0103 \u00een care se afla suma de 600 de lei, cauz\u00e2nd un prejudiciu de aproximativ 7.500 de lei.<\/p>\n<p>\u00cen urma investiga\u021biilor efectuate de c\u0103tre poli\u021bi\u0219ti, a fost identificat un t\u00e2n\u0103r, de 20 de ani, b\u0103nuit de comiterea faptei.<\/p>\n<p>Totodat\u0103, \u00een urma probatoriului administrat, la data de 17 februarie 2026, acesta a fost re\u021binut pentru 24 de ore, fiind introdus \u00een arestul poli\u021biei, sub aspectul s\u0103v\u00e2r\u0219irii infrac\u021biunii de furt.<\/p>\n<p>Prejudiciul a fost recuperat par\u021bial.<\/p>\n<p>Poli\u021bi\u0219tii continu\u0103 cercet\u0103rile, \u00een vederea document\u0103rii \u00eentregii activit\u0103\u021bi infrac\u021bionale a b\u0103rbatului, precum \u0219i pentru recuperarea \u00eentregului prejudiciu.<\/p>\n<\/div>\n<p>[analyse_source url=&#8221;https:\/\/gazetadinvest.ro\/inca-se-poarta-furturile-din-masina-tanar-de-20-de-ani-prins-cu-mata-n-sac\/&#8221;]<\/p>\n","protected":false},"excerpt":{"rendered":"<p>[analyse_image type=&#8221;featured&#8221; src=&#8221;https:\/\/gazetadinvest.ro\/wp-content\/uploads\/2015\/03\/arestat.jpg&#8221;] La data de 17 februarie, poli\u021bi\u0219tii ora\u0219ului Sec\u021biei 4 Urbane Timi\u0219oara, au re\u021binut un t\u00e2n\u0103r de 20 de ani, b\u0103nuit de s\u0103v\u00e2r\u0219irea infrac\u021biunii de furt. \u00cen fapt, la data de 6 februarie 2026, poli\u021bi\u0219tii Sec\u021biei 4 Poli\u021bie Urban\u0103 Timi\u0219oara, au fost sesiza\u021bi de c\u0103tre o t\u00e2n\u0103r\u0103 de 25 de ani, cu privire [&hellip;]<\/p>\n","protected":false},"author":1,"featured_media":0,"comment_status":"open","ping_status":"","sticky":false,"template":"","format":"standard","meta":{"footnotes":""},"categories":[89],"tags":[226,203],"class_list":["post-1781325","post","type-post","status-publish","format-standard","hentry","category-romania","tag-crawlmanager","tag-gazetadinvest-ro"],"_links":{"self":[{"href":"https:\/\/analyse.optim.biz\/index.php?rest_route=\/wp\/v2\/posts\/1781325","targetHints":{"allow":["GET"]}}],"collection":[{"href":"https:\/\/analyse.optim.biz\/index.php?rest_route=\/wp\/v2\/posts"}],"about":[{"href":"https:\/\/analyse.optim.biz\/index.php?rest_route=\/wp\/v2\/types\/post"}],"author":[{"embeddable":true,"href":"https:\/\/analyse.optim.biz\/index.php?rest_route=\/wp\/v2\/users\/1"}],"replies":[{"embeddable":true,"href":"https:\/\/analyse.optim.biz\/index.php?rest_route=%2Fwp%2Fv2%2Fcomments&post=1781325"}],"version-history":[{"count":0,"href":"https:\/\/analyse.optim.biz\/index.php?rest_route=\/wp\/v2\/posts\/1781325\/revisions"}],"wp:attachment":[{"href":"https:\/\/analyse.optim.biz\/index.php?rest_route=%2Fwp%2Fv2%2Fmedia&parent=1781325"}],"wp:term":[{"taxonomy":"category","embeddable":true,"href":"https:\/\/analyse.optim.biz\/index.php?rest_route=%2Fwp%2Fv2%2Fcategories&post=1781325"},{"taxonomy":"post_tag","embeddable":true,"href":"https:\/\/analyse.optim.biz\/index.php?rest_route=%2Fwp%2Fv2%2Ftags&post=1781325"}],"curies":[{"name":"wp","href":"https:\/\/api.w.org\/{rel}","templated":true}]}}