{"id":178117,"date":"2015-06-30T15:28:48","date_gmt":"2015-06-30T12:28:48","guid":{"rendered":"https:\/\/analyse.optim.biz\/?p=178117"},"modified":"2015-06-30T15:28:48","modified_gmt":"2015-06-30T12:28:48","slug":"robert-cazanciuc-despre-negocierile-cu-seful-unpr","status":"publish","type":"post","link":"https:\/\/analyse.optim.biz\/?p=178117","title":{"rendered":"Robert Cazanciuc, despre negocierile cu \u015feful UNPR"},"content":{"rendered":"<div class=\"entry data-app-meta data-app-meta-article\" data-embed-base-url-canonical=\"https:\/\/www.digi24.ro\/embed\/stiri\/actualitate\/politica\/robert-cazanciuc-despre-negocierile-cu-seful-unpr-410238\">\n<p data-index=\"1\">\u00a0<img decoding=\"async\" src=\"https:\/\/analyse.optim.biz\/wp-content\/uploads\/2024\/09\/mwm0mmnkythmytq0mtyyn2myztjmngq3zmjmzgrinq-thumb_.jpg\" data-skip-htmlfix=\"1\" title=\"mwm0mmnkythmytq0mtyyn2myztjmngq3zmjmzgrinq-thumb_\"><\/p>\n<p data-index=\"2\">La \u00eenceputul acestei luni, \u00een mediile politice au ap\u0103rut mai multe informa\u0163ii, potrivit c\u0103rora Robert Cazanciuc urma s\u0103 fie schimbat din func\u0163ie la cererea mai multor lideri social-democra\u0163i, enerva\u0163i c\u0103 procurorii le fac dosare \u015fi ministrul blocheaz\u0103 modific\u0103rile la Codul Penal \u015fi de Procedur\u0103 Penal\u0103.<\/p>\n<p data-index=\"3\">Singura schimbare a fost trecerea ministerului Justi\u0163iei sub coordonarea vicepremierului Gabriel Oprea.<\/p>\n<p data-index=\"4\">\u201eAm avut discu\u0163ii cu domnul vicepremier Oprea, dar ele sunt \u00eenc\u0103 \u00eentr-o faz\u0103 incipient\u0103\u201d, a declarat Robert Cazanciuc.<\/p>\n<\/div>\n<p> Source URL: https:\/\/www.digi24.ro\/stiri\/actualitate\/politica\/robert-cazanciuc-despre-negocierile-cu-seful-unpr-410238<\/p>\n","protected":false},"excerpt":{"rendered":"<p>\u00a0 La \u00eenceputul acestei luni, \u00een mediile politice au ap\u0103rut mai multe informa\u0163ii, potrivit c\u0103rora Robert Cazanciuc urma s\u0103 fie schimbat din func\u0163ie la cererea mai multor lideri social-democra\u0163i, enerva\u0163i c\u0103 procurorii le fac dosare \u015fi ministrul blocheaz\u0103 modific\u0103rile la Codul Penal \u015fi de Procedur\u0103 Penal\u0103. Singura schimbare a fost trecerea ministerului Justi\u0163iei sub coordonarea [&hellip;]<\/p>\n","protected":false},"author":1,"featured_media":178118,"comment_status":"open","ping_status":"","sticky":false,"template":"","format":"standard","meta":{"footnotes":""},"categories":[2],"tags":[11],"class_list":["post-178117","post","type-post","status-publish","format-standard","has-post-thumbnail","hentry","category-politics","tag-digi24"],"_links":{"self":[{"href":"https:\/\/analyse.optim.biz\/index.php?rest_route=\/wp\/v2\/posts\/178117","targetHints":{"allow":["GET"]}}],"collection":[{"href":"https:\/\/analyse.optim.biz\/index.php?rest_route=\/wp\/v2\/posts"}],"about":[{"href":"https:\/\/analyse.optim.biz\/index.php?rest_route=\/wp\/v2\/types\/post"}],"author":[{"embeddable":true,"href":"https:\/\/analyse.optim.biz\/index.php?rest_route=\/wp\/v2\/users\/1"}],"replies":[{"embeddable":true,"href":"https:\/\/analyse.optim.biz\/index.php?rest_route=%2Fwp%2Fv2%2Fcomments&post=178117"}],"version-history":[{"count":0,"href":"https:\/\/analyse.optim.biz\/index.php?rest_route=\/wp\/v2\/posts\/178117\/revisions"}],"wp:featuredmedia":[{"embeddable":true,"href":"https:\/\/analyse.optim.biz\/index.php?rest_route=\/wp\/v2\/media\/178118"}],"wp:attachment":[{"href":"https:\/\/analyse.optim.biz\/index.php?rest_route=%2Fwp%2Fv2%2Fmedia&parent=178117"}],"wp:term":[{"taxonomy":"category","embeddable":true,"href":"https:\/\/analyse.optim.biz\/index.php?rest_route=%2Fwp%2Fv2%2Fcategories&post=178117"},{"taxonomy":"post_tag","embeddable":true,"href":"https:\/\/analyse.optim.biz\/index.php?rest_route=%2Fwp%2Fv2%2Ftags&post=178117"}],"curies":[{"name":"wp","href":"https:\/\/api.w.org\/{rel}","templated":true}]}}