{"id":1777512,"date":"2026-02-18T09:59:37","date_gmt":"2026-02-18T06:59:37","guid":{"rendered":"https:\/\/analyse.optim.biz\/?p=1777512"},"modified":"2026-02-18T09:59:37","modified_gmt":"2026-02-18T06:59:37","slug":"marilen-pirtea-subliniaza-importanta-noilor-date-ale-eurobarometrului-cazul-romaniei-costul-vietii-ramane-principala-sursa-de-ingrijorare","status":"publish","type":"post","link":"https:\/\/analyse.optim.biz\/?p=1777512","title":{"rendered":"Marilen Pirtea, subliniaz\u0103 importan\u021ba noilor date ale Eurobarometrului. Cazul Rom\u00e2niei: costul vie\u021bii r\u0103m\u00e2ne principala surs\u0103 de \u00eengrijorare"},"content":{"rendered":"<p>[analyse_image type=&#8221;featured&#8221; src=&#8221;https:\/\/gazetadinvest.ro\/wp-content\/uploads\/2025\/12\/pirtea.jpg&#8221;]<\/p>\n<div class=\"td-post-content tagdiv-type\">\n<div class=\"td-post-featured-image\"><a href=\"https:\/\/gazetadinvest.ro\/wp-content\/uploads\/2025\/12\/pirtea.jpg\" data-caption><img loading=\"lazy\" decoding=\"async\" width=\"696\" height=\"464\" class=\"entry-thumb td-modal-image\" src=\"https:\/\/gazetadinvest.ro\/wp-content\/uploads\/2025\/12\/pirtea-696x464.jpg\" alt title=\"pirtea\"><\/a><\/div>\n<p><em>\u201eCea mai recent\u0103 edi\u021bie a Eurobarometrului, un sondaj realizat sub patronajul Parlamentului European \u00een toamna anului 2025, contureaz\u0103 imaginea unei societ\u0103\u021bi europene marcate de nelini\u0219te fa\u021b\u0103 de evolu\u021biile globale, dar care continu\u0103 s\u0103 vad\u0103 \u00een Uniunea European\u0103 un reper de stabilitate \u0219i protec\u021bie. Datele arat\u0103 c\u0103 majoritatea cet\u0103\u021benilor privesc viitorul lumii cu pesimism, pe fondul conflictelor armate din vecin\u0103tatea UE, al amenin\u021b\u0103rilor teroriste \u0219i al insecurit\u0103\u021bii generate de atacuri cibernetice, dezinformare \u0219i utilizarea inteligen\u021bei artificiale. Aceast\u0103 anxietate global\u0103 contrasteaz\u0103 \u00eens\u0103 cu percep\u021bia cet\u0103\u021benilor asupra propriei vie\u021bi \u0219i a spa\u021biului european, unde optimismul r\u0103m\u00e2ne semnificativ mai ridicat, \u00een special atunci c\u00e2nd responden\u021bii se raporteaz\u0103 la situa\u021bia familiei lor sau la viitorul Uniunii\u201d<\/em>, subliniaz\u0103 rectorul Universit\u0103\u021bii de Vest din Timi\u0219oara (UVT), prof.univ.dr. Marilen Gabriel Pirtea, apel\u00e2nd la concluziile Eurobarometrului, publicate \u00een februarie 2026.<\/p>\n<p>Rectorul UVT afirm\u0103: \u201eDincolo de cifre, sondajul descrie o Europ\u0103 aflat\u0103 \u00eentr-un moment de tranzi\u021bie psihologic\u0103 \u00een sensul c\u0103 teama fa\u021b\u0103 de exterior \u2013 r\u0103zboaie, instabilitate geopolitic\u0103, atacuri hibride \u2013 func\u021bioneaz\u0103, paradoxal, ca un factor de coeziune intern\u0103. Astfel, cu c\u00e2t lumea este perceput\u0103 ca mai periculoas\u0103, cu at\u00e2t Uniunea European\u0103 este privit\u0103 mai clar ca un \u201ead\u0103post\u201d necesar. \u00cen contextul actual geopolitic, este necesar un sprijin pragmatic, iar UE este v\u0103zut\u0103 ca instrumentul cel mai eficient pe care cet\u0103\u021benii \u00eel au la dispozi\u021bie pentru a face fa\u021b\u0103 unor riscuri care dep\u0103\u0219esc capacitatea statelor na\u021bionale.\u201d<\/p>\n<p>\u201e\u00cen Rom\u00e2nia, ca \u0219i \u00een restul Uniunii Europene, securitatea domin\u0103 agenda preocup\u0103rilor publice. R\u0103zboaiele din apropierea grani\u021belor UE, terorismul \u0219i atacurile cibernetice sunt resim\u021bite ca riscuri majore, la care se adaug\u0103 \u00eengrijor\u0103ri legate de migra\u021bia necontrolat\u0103, dezastrele naturale \u0219i schimb\u0103rile climatice. \u00cen paralel, se contureaz\u0103 o team\u0103 accentuat\u0103 fa\u021b\u0103 de degradarea spa\u021biului informa\u021bional: dezinformarea, discursul instigator la ur\u0103, con\u021binutul fals generat de inteligen\u021ba artificial\u0103 \u0219i lipsa de transparen\u021b\u0103 a algoritmilor sunt percepute ca amenin\u021b\u0103ri directe la adresa coeziunii sociale \u0219i a democra\u021biei. Astfel, \u00een cazul Rom\u00e2niei, datele confirm\u0103 o maturizare a raport\u0103rii cet\u0103\u021benilor fa\u021b\u0103 de proiectul european. Acum sprijinul necesar de la UE nu mai este dominant emo\u021bional sau aspira\u021bional, ci este legat de securitate, stabilitate economic\u0103 \u0219i protec\u021bie social\u0103. Faptul c\u0103 rom\u00e2nii sus\u021bin un rol mai puternic al Parlamentului European indic\u0103 o acceptare tot mai clar\u0103 a ideii c\u0103 deciziile relevante se mut\u0103 la nivel suprana\u021bional, mai ales \u00een domenii precum ap\u0103rarea, energia sau combaterea dezinform\u0103rii\u201d, observ\u0103 rectorul UVT.<\/p>\n<p>\u201e\u00cen acest context, a\u0219tept\u0103rile fa\u021b\u0103 de Uniunea European\u0103 ale cet\u0103\u021benilor ei cresc, pentru c\u0103 o majoritate clar\u0103 a acestora consider\u0103 c\u0103 rolul UE \u00een protejarea popula\u021biei \u00eempotriva crizelor globale \u0219i a riscurilor de securitate ar trebui s\u0103 devin\u0103 mai important. Ideea unei Europe mai unite \u0219i mai influente pe scena interna\u021bional\u0103 este larg sus\u021binut\u0103, inclusiv \u00een Rom\u00e2nia, unde sprijinul pentru o voce european\u0103 mai puternic\u0103 \u00een lume r\u0103m\u00e2ne solid. Ap\u0103rarea \u0219i securitatea, competitivitatea economic\u0103, industria \u0219i independen\u021ba energetic\u0103 sunt v\u0103zute drept direc\u021bii strategice esen\u021biale pentru consolidarea pozi\u021biei UE \u00een anii urm\u0103tori\u201d, completeaz\u0103 profesorul universitar Marilen Gabriel Pirtea.<\/p>\n<p>\u201eUn alt element notabil semnalat \u00een Eurobarometru (2025) este mutarea anxiet\u0103\u021bii de la economia clasic\u0103 spre spa\u021biul informa\u021bional. Dac\u0103 \u00een anii anteriori crizele financiare \u0219i pandemia dominau agenda public\u0103, acum dezinformarea, inteligen\u021ba artificial\u0103 \u0219i controlul platformelor digitale sunt percepute ca amenin\u021b\u0103ri directe la adresa democra\u021biei \u0219i a coeziunii sociale. Acest lucru sugereaz\u0103 c\u0103 cet\u0103\u021benii nu mai separ\u0103 clar securitatea \u201ehard\u201d de cea \u201esoft\u201d, ci le v\u0103d ca p\u0103r\u021bi ale aceluia\u0219i risc sistemic. Pe plan socio-economic, costul vie\u021bii r\u0103m\u00e2ne principala surs\u0103 de \u00eengrijorare. Infla\u021bia \u0219i cre\u0219terea pre\u021burilor sunt percepute ca probleme presante, urmate de economia \u0219i pia\u021ba muncii, s\u0103n\u0103tatea public\u0103 \u0219i s\u0103r\u0103cia. De\u0219i majoritatea responden\u021bilor se a\u0219teapt\u0103 ca nivelul lor de trai s\u0103 r\u0103m\u00e2n\u0103 stabil, un segment semnificativ al popula\u021biei anticipeaz\u0103 o sc\u0103dere \u00een urm\u0103torii cinci ani, semn al unei fragilit\u0103\u021bi persistente \u00een percep\u021bia bun\u0103st\u0103rii personale\u201d, conchide rectorul Universit\u0103\u021bii de Vest din Timi\u0219oara, Marilen Gabriel Pirtea.<\/p>\n<p>La nivelul generic, rectorul UVT subliniaz\u0103 o concluzie de fond: \u201e\u00cen ansamblu, datele Eurobarometrului din toamna anului 2025 arat\u0103 o Europ\u0103 mai con\u0219tient\u0103 de sine, \u00een sensul c\u0103 frica nu ne mai paralizeaz\u0103, ci reordoneaz\u0103 a\u0219tept\u0103rile, iar cet\u0103\u021benii cer protec\u021bie, coeren\u021b\u0103 \u0219i capacitate de ac\u021biune, nu doar promisiuni abstracte. Pentru Rom\u00e2nia, ata\u0219amentul fa\u021b\u0103 de UE exist\u0103, dar devine exigent iar sprijinul nu mai este necondi\u021bionat, ci legat de rezultate palpabile. Adic\u0103, rom\u00e2nii \u00ee\u0219i doresc stabilitate economic\u0103, protec\u021bie \u00een fa\u021ba amenin\u021b\u0103rilor externe \u0219i ap\u0103rarea valorilor democratice \u00eentr-o lume tot mai volatil\u0103. \u00centr-un context global dominat de crize suprapuse, Uniunea European\u0103 poate demonstra c\u0103 putere real\u0103, transform\u00e2nd \u00eengrijorarea colectiv\u0103 \u00eentr-un proiect comun credibil.\u201d<\/p>\n<\/div>\n<div class=\"td-post-content tagdiv-type\">\n<div class=\"td-post-featured-image\"><a href=\"https:\/\/gazetadinvest.ro\/wp-content\/uploads\/2025\/12\/pirtea.jpg\" data-caption><img loading=\"lazy\" decoding=\"async\" width=\"696\" height=\"464\" class=\"entry-thumb td-modal-image\" src=\"https:\/\/gazetadinvest.ro\/wp-content\/uploads\/2025\/12\/pirtea-696x464.jpg\" alt title=\"pirtea\"><\/a><\/div>\n<p><em>\u201eCea mai recent\u0103 edi\u021bie a Eurobarometrului, un sondaj realizat sub patronajul Parlamentului European \u00een toamna anului 2025, contureaz\u0103 imaginea unei societ\u0103\u021bi europene marcate de nelini\u0219te fa\u021b\u0103 de evolu\u021biile globale, dar care continu\u0103 s\u0103 vad\u0103 \u00een Uniunea European\u0103 un reper de stabilitate \u0219i protec\u021bie. Datele arat\u0103 c\u0103 majoritatea cet\u0103\u021benilor privesc viitorul lumii cu pesimism, pe fondul conflictelor armate din vecin\u0103tatea UE, al amenin\u021b\u0103rilor teroriste \u0219i al insecurit\u0103\u021bii generate de atacuri cibernetice, dezinformare \u0219i utilizarea inteligen\u021bei artificiale. Aceast\u0103 anxietate global\u0103 contrasteaz\u0103 \u00eens\u0103 cu percep\u021bia cet\u0103\u021benilor asupra propriei vie\u021bi \u0219i a spa\u021biului european, unde optimismul r\u0103m\u00e2ne semnificativ mai ridicat, \u00een special atunci c\u00e2nd responden\u021bii se raporteaz\u0103 la situa\u021bia familiei lor sau la viitorul Uniunii\u201d<\/em>, subliniaz\u0103 rectorul Universit\u0103\u021bii de Vest din Timi\u0219oara (UVT), prof.univ.dr. Marilen Gabriel Pirtea, apel\u00e2nd la concluziile Eurobarometrului, publicate \u00een februarie 2026.<\/p>\n<p>Rectorul UVT afirm\u0103: \u201eDincolo de cifre, sondajul descrie o Europ\u0103 aflat\u0103 \u00eentr-un moment de tranzi\u021bie psihologic\u0103 \u00een sensul c\u0103 teama fa\u021b\u0103 de exterior \u2013 r\u0103zboaie, instabilitate geopolitic\u0103, atacuri hibride \u2013 func\u021bioneaz\u0103, paradoxal, ca un factor de coeziune intern\u0103. Astfel, cu c\u00e2t lumea este perceput\u0103 ca mai periculoas\u0103, cu at\u00e2t Uniunea European\u0103 este privit\u0103 mai clar ca un \u201ead\u0103post\u201d necesar. \u00cen contextul actual geopolitic, este necesar un sprijin pragmatic, iar UE este v\u0103zut\u0103 ca instrumentul cel mai eficient pe care cet\u0103\u021benii \u00eel au la dispozi\u021bie pentru a face fa\u021b\u0103 unor riscuri care dep\u0103\u0219esc capacitatea statelor na\u021bionale.\u201d<\/p>\n<p>\u201e\u00cen Rom\u00e2nia, ca \u0219i \u00een restul Uniunii Europene, securitatea domin\u0103 agenda preocup\u0103rilor publice. R\u0103zboaiele din apropierea grani\u021belor UE, terorismul \u0219i atacurile cibernetice sunt resim\u021bite ca riscuri majore, la care se adaug\u0103 \u00eengrijor\u0103ri legate de migra\u021bia necontrolat\u0103, dezastrele naturale \u0219i schimb\u0103rile climatice. \u00cen paralel, se contureaz\u0103 o team\u0103 accentuat\u0103 fa\u021b\u0103 de degradarea spa\u021biului informa\u021bional: dezinformarea, discursul instigator la ur\u0103, con\u021binutul fals generat de inteligen\u021ba artificial\u0103 \u0219i lipsa de transparen\u021b\u0103 a algoritmilor sunt percepute ca amenin\u021b\u0103ri directe la adresa coeziunii sociale \u0219i a democra\u021biei. Astfel, \u00een cazul Rom\u00e2niei, datele confirm\u0103 o maturizare a raport\u0103rii cet\u0103\u021benilor fa\u021b\u0103 de proiectul european. Acum sprijinul necesar de la UE nu mai este dominant emo\u021bional sau aspira\u021bional, ci este legat de securitate, stabilitate economic\u0103 \u0219i protec\u021bie social\u0103. Faptul c\u0103 rom\u00e2nii sus\u021bin un rol mai puternic al Parlamentului European indic\u0103 o acceptare tot mai clar\u0103 a ideii c\u0103 deciziile relevante se mut\u0103 la nivel suprana\u021bional, mai ales \u00een domenii precum ap\u0103rarea, energia sau combaterea dezinform\u0103rii\u201d, observ\u0103 rectorul UVT.<\/p>\n<p>\u201e\u00cen acest context, a\u0219tept\u0103rile fa\u021b\u0103 de Uniunea European\u0103 ale cet\u0103\u021benilor ei cresc, pentru c\u0103 o majoritate clar\u0103 a acestora consider\u0103 c\u0103 rolul UE \u00een protejarea popula\u021biei \u00eempotriva crizelor globale \u0219i a riscurilor de securitate ar trebui s\u0103 devin\u0103 mai important. Ideea unei Europe mai unite \u0219i mai influente pe scena interna\u021bional\u0103 este larg sus\u021binut\u0103, inclusiv \u00een Rom\u00e2nia, unde sprijinul pentru o voce european\u0103 mai puternic\u0103 \u00een lume r\u0103m\u00e2ne solid. Ap\u0103rarea \u0219i securitatea, competitivitatea economic\u0103, industria \u0219i independen\u021ba energetic\u0103 sunt v\u0103zute drept direc\u021bii strategice esen\u021biale pentru consolidarea pozi\u021biei UE \u00een anii urm\u0103tori\u201d, completeaz\u0103 profesorul universitar Marilen Gabriel Pirtea.<\/p>\n<p>\u201eUn alt element notabil semnalat \u00een Eurobarometru (2025) este mutarea anxiet\u0103\u021bii de la economia clasic\u0103 spre spa\u021biul informa\u021bional. Dac\u0103 \u00een anii anteriori crizele financiare \u0219i pandemia dominau agenda public\u0103, acum dezinformarea, inteligen\u021ba artificial\u0103 \u0219i controlul platformelor digitale sunt percepute ca amenin\u021b\u0103ri directe la adresa democra\u021biei \u0219i a coeziunii sociale. Acest lucru sugereaz\u0103 c\u0103 cet\u0103\u021benii nu mai separ\u0103 clar securitatea \u201ehard\u201d de cea \u201esoft\u201d, ci le v\u0103d ca p\u0103r\u021bi ale aceluia\u0219i risc sistemic. Pe plan socio-economic, costul vie\u021bii r\u0103m\u00e2ne principala surs\u0103 de \u00eengrijorare. Infla\u021bia \u0219i cre\u0219terea pre\u021burilor sunt percepute ca probleme presante, urmate de economia \u0219i pia\u021ba muncii, s\u0103n\u0103tatea public\u0103 \u0219i s\u0103r\u0103cia. De\u0219i majoritatea responden\u021bilor se a\u0219teapt\u0103 ca nivelul lor de trai s\u0103 r\u0103m\u00e2n\u0103 stabil, un segment semnificativ al popula\u021biei anticipeaz\u0103 o sc\u0103dere \u00een urm\u0103torii cinci ani, semn al unei fragilit\u0103\u021bi persistente \u00een percep\u021bia bun\u0103st\u0103rii personale\u201d, conchide rectorul Universit\u0103\u021bii de Vest din Timi\u0219oara, Marilen Gabriel Pirtea.<\/p>\n<p>La nivelul generic, rectorul UVT subliniaz\u0103 o concluzie de fond: \u201e\u00cen ansamblu, datele Eurobarometrului din toamna anului 2025 arat\u0103 o Europ\u0103 mai con\u0219tient\u0103 de sine, \u00een sensul c\u0103 frica nu ne mai paralizeaz\u0103, ci reordoneaz\u0103 a\u0219tept\u0103rile, iar cet\u0103\u021benii cer protec\u021bie, coeren\u021b\u0103 \u0219i capacitate de ac\u021biune, nu doar promisiuni abstracte. Pentru Rom\u00e2nia, ata\u0219amentul fa\u021b\u0103 de UE exist\u0103, dar devine exigent iar sprijinul nu mai este necondi\u021bionat, ci legat de rezultate palpabile. Adic\u0103, rom\u00e2nii \u00ee\u0219i doresc stabilitate economic\u0103, protec\u021bie \u00een fa\u021ba amenin\u021b\u0103rilor externe \u0219i ap\u0103rarea valorilor democratice \u00eentr-o lume tot mai volatil\u0103. \u00centr-un context global dominat de crize suprapuse, Uniunea European\u0103 poate demonstra c\u0103 putere real\u0103, transform\u00e2nd \u00eengrijorarea colectiv\u0103 \u00eentr-un proiect comun credibil.\u201d<\/p>\n<\/div>\n<p>[analyse_source url=&#8221;https:\/\/gazetadinvest.ro\/marilen-pirtea-subliniaza-importanta-noilor-date-ale-eurobarometrului-cazul-romaniei-costul-vietii-ramane-principala-sursa-de-ingrijorare\/&#8221;]<\/p>\n","protected":false},"excerpt":{"rendered":"<p>[analyse_image type=&#8221;featured&#8221; src=&#8221;https:\/\/gazetadinvest.ro\/wp-content\/uploads\/2025\/12\/pirtea.jpg&#8221;] \u201eCea mai recent\u0103 edi\u021bie a Eurobarometrului, un sondaj realizat sub patronajul Parlamentului European \u00een toamna anului 2025, contureaz\u0103 imaginea unei societ\u0103\u021bi europene marcate de nelini\u0219te fa\u021b\u0103 de evolu\u021biile globale, dar care continu\u0103 s\u0103 vad\u0103 \u00een Uniunea European\u0103 un reper de stabilitate \u0219i protec\u021bie. Datele arat\u0103 c\u0103 majoritatea cet\u0103\u021benilor privesc viitorul lumii cu [&hellip;]<\/p>\n","protected":false},"author":1,"featured_media":0,"comment_status":"open","ping_status":"","sticky":false,"template":"","format":"standard","meta":{"footnotes":""},"categories":[89],"tags":[226,203],"class_list":["post-1777512","post","type-post","status-publish","format-standard","hentry","category-romania","tag-crawlmanager","tag-gazetadinvest-ro"],"_links":{"self":[{"href":"https:\/\/analyse.optim.biz\/index.php?rest_route=\/wp\/v2\/posts\/1777512","targetHints":{"allow":["GET"]}}],"collection":[{"href":"https:\/\/analyse.optim.biz\/index.php?rest_route=\/wp\/v2\/posts"}],"about":[{"href":"https:\/\/analyse.optim.biz\/index.php?rest_route=\/wp\/v2\/types\/post"}],"author":[{"embeddable":true,"href":"https:\/\/analyse.optim.biz\/index.php?rest_route=\/wp\/v2\/users\/1"}],"replies":[{"embeddable":true,"href":"https:\/\/analyse.optim.biz\/index.php?rest_route=%2Fwp%2Fv2%2Fcomments&post=1777512"}],"version-history":[{"count":0,"href":"https:\/\/analyse.optim.biz\/index.php?rest_route=\/wp\/v2\/posts\/1777512\/revisions"}],"wp:attachment":[{"href":"https:\/\/analyse.optim.biz\/index.php?rest_route=%2Fwp%2Fv2%2Fmedia&parent=1777512"}],"wp:term":[{"taxonomy":"category","embeddable":true,"href":"https:\/\/analyse.optim.biz\/index.php?rest_route=%2Fwp%2Fv2%2Fcategories&post=1777512"},{"taxonomy":"post_tag","embeddable":true,"href":"https:\/\/analyse.optim.biz\/index.php?rest_route=%2Fwp%2Fv2%2Ftags&post=1777512"}],"curies":[{"name":"wp","href":"https:\/\/api.w.org\/{rel}","templated":true}]}}